{"id":8268,"date":"2025-11-05T15:45:36","date_gmt":"2025-11-05T18:45:36","guid":{"rendered":"https:\/\/infopba247.com.ar\/?p=8268"},"modified":"2025-11-05T15:45:38","modified_gmt":"2025-11-05T18:45:38","slug":"acto-de-entrega-de-diplomas-de-las-diplomaturas-sobre-abordaje-estatal-integral-y-en-prevencion-comunitaria-de-las-violencias-por-razones-de-genero","status":"publish","type":"post","link":"https:\/\/infopba247.com.ar\/index.php\/2025\/11\/05\/acto-de-entrega-de-diplomas-de-las-diplomaturas-sobre-abordaje-estatal-integral-y-en-prevencion-comunitaria-de-las-violencias-por-razones-de-genero\/","title":{"rendered":"Acto de entrega de diplomas de las Diplomaturas sobre Abordaje Estatal Integral y en Prevenci\u00f3n Comunitaria de las Violencias por Razones de G\u00e9nero"},"content":{"rendered":"\n<p>La ministra de Mujeres y Diversidad de la provincia de Buenos Aires, Estela D\u00edaz, junto al rector de la UNAJ, Arnaldo Medina, encabezar\u00e1n el acto de entrega de diplomas a las y los estudiantes que finalizaron las Diplomaturas sobre prevenci\u00f3n comunitaria y abordaje estatal integral de las violencias por razones de g\u00e9nero. Tambi\u00e9n estar\u00e1n presentes autoridades del gabinete provincial y de la universidad, docentes, tutoras y tutores, integrantes de organizaciones, equipos de trabajo, las y los egresados y sus familiares.<\/p>\n\n\n\n<p>La actividad se realizar\u00e1 el viernes 7 de noviembre, a las 11.30 hs. en la sede de la UNAJ, ubicada en Av. Calchaqu\u00ed N\u00b0 6200 de Florencia Varela.<\/p>\n\n\n\n<p>Las diplomaturas se crearon e implementaron por la articulaci\u00f3n interinstitucional entre el Ministerio de Mujeres y Diversidad y la Universidad Nacional Arturo Jauretche (UNAJ); los ministerios de Salud, Seguridad y Justicia y Derechos Humanos de la provincia y organizaciones sociales y comunitarias de todo el territorio bonaerense.<\/p>\n\n\n\n<p>Las Diplomaturas sobre Abordaje Estatal de las Violencias por Razones de G\u00e9nero y la Diplomatura en Prevenci\u00f3n Comunitaria de las Violencias por Razones de G\u00e9nero son impulsadas por la Escuela de G\u00e9nero, Gobierno y Comunidad, una herramienta pedag\u00f3gica, pol\u00edtica y cultural que busca transversalizar la perspectiva de g\u00e9nero en el Estado, en las organizaciones sociales y comunitarias y en otros \u00e1mbitos que componen el tejido social de la provincia de Buenos Aires.<\/p>\n\n\n\n<p>Durante el 2025 se desarrollaron las primeras cohortes de estos trayectos formativos que reunieron a m\u00e1s de 1150 trabajadoras y trabajadores de diferentes ministerios y organismos provinciales y municipales e integrantes de organizaciones sociales, sindicales, feministas, comunitarias, entre otras, que recibir\u00e1n su diploma de finalizaci\u00f3n. Asimismo, entre las y los cursantes se encuentran representados 121 municipios bonaerenses y 8 provincias del pa\u00eds.<\/p>\n\n\n\n<p>Estas iniciativas contaron con el apoyo del Consejo Federal de Inversiones (CFI) y del Instituto Provincial de la Administraci\u00f3n P\u00fablica (IPAP).<\/p>\n","protected":false},"excerpt":{"rendered":"<p>La ministra de Mujeres y Diversidad de la provincia de Buenos Aires, Estela D\u00edaz, junto al rector de la UNAJ,<\/p>\n","protected":false},"author":3,"featured_media":8272,"comment_status":"open","ping_status":"open","sticky":false,"template":"","format":"standard","meta":{"colormag_page_container_layout":"default_layout","colormag_page_sidebar_layout":"default_layout","footnotes":""},"categories":[1,14],"tags":[],"class_list":["post-8268","post","type-post","status-publish","format-standard","has-post-thumbnail","hentry","category-destacadas","category-politica"],"yoast_head":"<!-- This site is optimized with the Yoast SEO plugin v27.4 - https:\/\/yoast.com\/product\/yoast-seo-wordpress\/ -->\n<title>Acto de entrega de diplomas de las Diplomaturas sobre Abordaje Estatal Integral y en Prevenci\u00f3n Comunitaria de las Violencias por Razones de G\u00e9nero - InfoPBA247<\/title>\n<meta name=\"robots\" content=\"index, follow, max-snippet:-1, max-image-preview:large, max-video-preview:-1\" \/>\n<link rel=\"canonical\" href=\"https:\/\/infopba247.com.ar\/index.php\/2025\/11\/05\/acto-de-entrega-de-diplomas-de-las-diplomaturas-sobre-abordaje-estatal-integral-y-en-prevencion-comunitaria-de-las-violencias-por-razones-de-genero\/\" \/>\n<meta property=\"og:locale\" content=\"es_ES\" \/>\n<meta property=\"og:type\" content=\"article\" \/>\n<meta property=\"og:title\" content=\"Acto de entrega de diplomas de las Diplomaturas sobre Abordaje Estatal Integral y en Prevenci\u00f3n Comunitaria de las Violencias por Razones de G\u00e9nero - InfoPBA247\" \/>\n<meta property=\"og:description\" content=\"La ministra de Mujeres y Diversidad de la provincia de Buenos Aires, Estela D\u00edaz, junto al rector de la UNAJ,\" \/>\n<meta property=\"og:url\" content=\"https:\/\/infopba247.com.ar\/index.php\/2025\/11\/05\/acto-de-entrega-de-diplomas-de-las-diplomaturas-sobre-abordaje-estatal-integral-y-en-prevencion-comunitaria-de-las-violencias-por-razones-de-genero\/\" \/>\n<meta property=\"og:site_name\" content=\"InfoPBA247\" \/>\n<meta property=\"article:publisher\" content=\"https:\/\/www.facebook.com\/InfoPBA\" \/>\n<meta property=\"article:published_time\" content=\"2025-11-05T18:45:36+00:00\" \/>\n<meta property=\"article:modified_time\" content=\"2025-11-05T18:45:38+00:00\" \/>\n<meta property=\"og:image\" content=\"https:\/\/infopba247.com.ar\/wp-content\/uploads\/2025\/11\/unnamed-2025-11-05T152417.532.jpg\" \/>\n\t<meta property=\"og:image:width\" content=\"1125\" \/>\n\t<meta property=\"og:image:height\" content=\"1500\" \/>\n\t<meta property=\"og:image:type\" content=\"image\/jpeg\" \/>\n<meta name=\"author\" content=\"Editor\" \/>\n<meta name=\"twitter:card\" content=\"summary_large_image\" \/>\n<meta name=\"twitter:label1\" content=\"Escrito por\" \/>\n\t<meta name=\"twitter:data1\" content=\"Editor\" \/>\n\t<meta name=\"twitter:label2\" content=\"Tiempo de lectura\" \/>\n\t<meta name=\"twitter:data2\" content=\"2 minutos\" \/>\n<script type=\"application\/ld+json\" class=\"yoast-schema-graph\">{\"@context\":\"https:\\\/\\\/schema.org\",\"@graph\":[{\"@type\":\"Article\",\"@id\":\"https:\\\/\\\/infopba247.com.ar\\\/index.php\\\/2025\\\/11\\\/05\\\/acto-de-entrega-de-diplomas-de-las-diplomaturas-sobre-abordaje-estatal-integral-y-en-prevencion-comunitaria-de-las-violencias-por-razones-de-genero\\\/#article\",\"isPartOf\":{\"@id\":\"https:\\\/\\\/infopba247.com.ar\\\/index.php\\\/2025\\\/11\\\/05\\\/acto-de-entrega-de-diplomas-de-las-diplomaturas-sobre-abordaje-estatal-integral-y-en-prevencion-comunitaria-de-las-violencias-por-razones-de-genero\\\/\"},\"author\":{\"name\":\"Editor\",\"@id\":\"https:\\\/\\\/infopba247.com.ar\\\/#\\\/schema\\\/person\\\/4975f1343a413e57bf839b3eed0099f2\"},\"headline\":\"Acto de entrega de diplomas de las Diplomaturas sobre Abordaje Estatal Integral y en Prevenci\u00f3n Comunitaria de las Violencias por Razones de G\u00e9nero\",\"datePublished\":\"2025-11-05T18:45:36+00:00\",\"dateModified\":\"2025-11-05T18:45:38+00:00\",\"mainEntityOfPage\":{\"@id\":\"https:\\\/\\\/infopba247.com.ar\\\/index.php\\\/2025\\\/11\\\/05\\\/acto-de-entrega-de-diplomas-de-las-diplomaturas-sobre-abordaje-estatal-integral-y-en-prevencion-comunitaria-de-las-violencias-por-razones-de-genero\\\/\"},\"wordCount\":348,\"commentCount\":0,\"publisher\":{\"@id\":\"https:\\\/\\\/infopba247.com.ar\\\/#organization\"},\"image\":{\"@id\":\"https:\\\/\\\/infopba247.com.ar\\\/index.php\\\/2025\\\/11\\\/05\\\/acto-de-entrega-de-diplomas-de-las-diplomaturas-sobre-abordaje-estatal-integral-y-en-prevencion-comunitaria-de-las-violencias-por-razones-de-genero\\\/#primaryimage\"},\"thumbnailUrl\":\"https:\\\/\\\/infopba247.com.ar\\\/wp-content\\\/uploads\\\/2025\\\/11\\\/unnamed-2025-11-05T152417.532.jpg\",\"articleSection\":[\"Destacadas\",\"Pol\u00edtica\"],\"inLanguage\":\"es\",\"potentialAction\":[{\"@type\":\"CommentAction\",\"name\":\"Comment\",\"target\":[\"https:\\\/\\\/infopba247.com.ar\\\/index.php\\\/2025\\\/11\\\/05\\\/acto-de-entrega-de-diplomas-de-las-diplomaturas-sobre-abordaje-estatal-integral-y-en-prevencion-comunitaria-de-las-violencias-por-razones-de-genero\\\/#respond\"]}]},{\"@type\":\"WebPage\",\"@id\":\"https:\\\/\\\/infopba247.com.ar\\\/index.php\\\/2025\\\/11\\\/05\\\/acto-de-entrega-de-diplomas-de-las-diplomaturas-sobre-abordaje-estatal-integral-y-en-prevencion-comunitaria-de-las-violencias-por-razones-de-genero\\\/\",\"url\":\"https:\\\/\\\/infopba247.com.ar\\\/index.php\\\/2025\\\/11\\\/05\\\/acto-de-entrega-de-diplomas-de-las-diplomaturas-sobre-abordaje-estatal-integral-y-en-prevencion-comunitaria-de-las-violencias-por-razones-de-genero\\\/\",\"name\":\"Acto de entrega de diplomas de las Diplomaturas sobre Abordaje Estatal Integral y en Prevenci\u00f3n Comunitaria de las Violencias por Razones de G\u00e9nero - InfoPBA247\",\"isPartOf\":{\"@id\":\"https:\\\/\\\/infopba247.com.ar\\\/#website\"},\"primaryImageOfPage\":{\"@id\":\"https:\\\/\\\/infopba247.com.ar\\\/index.php\\\/2025\\\/11\\\/05\\\/acto-de-entrega-de-diplomas-de-las-diplomaturas-sobre-abordaje-estatal-integral-y-en-prevencion-comunitaria-de-las-violencias-por-razones-de-genero\\\/#primaryimage\"},\"image\":{\"@id\":\"https:\\\/\\\/infopba247.com.ar\\\/index.php\\\/2025\\\/11\\\/05\\\/acto-de-entrega-de-diplomas-de-las-diplomaturas-sobre-abordaje-estatal-integral-y-en-prevencion-comunitaria-de-las-violencias-por-razones-de-genero\\\/#primaryimage\"},\"thumbnailUrl\":\"https:\\\/\\\/infopba247.com.ar\\\/wp-content\\\/uploads\\\/2025\\\/11\\\/unnamed-2025-11-05T152417.532.jpg\",\"datePublished\":\"2025-11-05T18:45:36+00:00\",\"dateModified\":\"2025-11-05T18:45:38+00:00\",\"breadcrumb\":{\"@id\":\"https:\\\/\\\/infopba247.com.ar\\\/index.php\\\/2025\\\/11\\\/05\\\/acto-de-entrega-de-diplomas-de-las-diplomaturas-sobre-abordaje-estatal-integral-y-en-prevencion-comunitaria-de-las-violencias-por-razones-de-genero\\\/#breadcrumb\"},\"inLanguage\":\"es\",\"potentialAction\":[{\"@type\":\"ReadAction\",\"target\":[\"https:\\\/\\\/infopba247.com.ar\\\/index.php\\\/2025\\\/11\\\/05\\\/acto-de-entrega-de-diplomas-de-las-diplomaturas-sobre-abordaje-estatal-integral-y-en-prevencion-comunitaria-de-las-violencias-por-razones-de-genero\\\/\"]}]},{\"@type\":\"ImageObject\",\"inLanguage\":\"es\",\"@id\":\"https:\\\/\\\/infopba247.com.ar\\\/index.php\\\/2025\\\/11\\\/05\\\/acto-de-entrega-de-diplomas-de-las-diplomaturas-sobre-abordaje-estatal-integral-y-en-prevencion-comunitaria-de-las-violencias-por-razones-de-genero\\\/#primaryimage\",\"url\":\"https:\\\/\\\/infopba247.com.ar\\\/wp-content\\\/uploads\\\/2025\\\/11\\\/unnamed-2025-11-05T152417.532.jpg\",\"contentUrl\":\"https:\\\/\\\/infopba247.com.ar\\\/wp-content\\\/uploads\\\/2025\\\/11\\\/unnamed-2025-11-05T152417.532.jpg\",\"width\":1125,\"height\":1500},{\"@type\":\"BreadcrumbList\",\"@id\":\"https:\\\/\\\/infopba247.com.ar\\\/index.php\\\/2025\\\/11\\\/05\\\/acto-de-entrega-de-diplomas-de-las-diplomaturas-sobre-abordaje-estatal-integral-y-en-prevencion-comunitaria-de-las-violencias-por-razones-de-genero\\\/#breadcrumb\",\"itemListElement\":[{\"@type\":\"ListItem\",\"position\":1,\"name\":\"Portada\",\"item\":\"https:\\\/\\\/infopba247.com.ar\\\/\"},{\"@type\":\"ListItem\",\"position\":2,\"name\":\"Acto de entrega de diplomas de las Diplomaturas sobre Abordaje Estatal Integral y en Prevenci\u00f3n Comunitaria de las Violencias por Razones de G\u00e9nero\"}]},{\"@type\":\"WebSite\",\"@id\":\"https:\\\/\\\/infopba247.com.ar\\\/#website\",\"url\":\"https:\\\/\\\/infopba247.com.ar\\\/\",\"name\":\"InfoPBA247\",\"description\":\"Toda la actualidad bonaerense\",\"publisher\":{\"@id\":\"https:\\\/\\\/infopba247.com.ar\\\/#organization\"},\"potentialAction\":[{\"@type\":\"SearchAction\",\"target\":{\"@type\":\"EntryPoint\",\"urlTemplate\":\"https:\\\/\\\/infopba247.com.ar\\\/?s={search_term_string}\"},\"query-input\":{\"@type\":\"PropertyValueSpecification\",\"valueRequired\":true,\"valueName\":\"search_term_string\"}}],\"inLanguage\":\"es\"},{\"@type\":\"Organization\",\"@id\":\"https:\\\/\\\/infopba247.com.ar\\\/#organization\",\"name\":\"InfoPBA247\",\"url\":\"https:\\\/\\\/infopba247.com.ar\\\/\",\"logo\":{\"@type\":\"ImageObject\",\"inLanguage\":\"es\",\"@id\":\"https:\\\/\\\/infopba247.com.ar\\\/#\\\/schema\\\/logo\\\/image\\\/\",\"url\":\"https:\\\/\\\/infopba247.com.ar\\\/wp-content\\\/uploads\\\/2022\\\/03\\\/cropped-InfoPBA247-1.png\",\"contentUrl\":\"https:\\\/\\\/infopba247.com.ar\\\/wp-content\\\/uploads\\\/2022\\\/03\\\/cropped-InfoPBA247-1.png\",\"width\":500,\"height\":122,\"caption\":\"InfoPBA247\"},\"image\":{\"@id\":\"https:\\\/\\\/infopba247.com.ar\\\/#\\\/schema\\\/logo\\\/image\\\/\"},\"sameAs\":[\"https:\\\/\\\/www.facebook.com\\\/InfoPBA\"]},{\"@type\":\"Person\",\"@id\":\"https:\\\/\\\/infopba247.com.ar\\\/#\\\/schema\\\/person\\\/4975f1343a413e57bf839b3eed0099f2\",\"name\":\"Editor\",\"image\":{\"@type\":\"ImageObject\",\"inLanguage\":\"es\",\"@id\":\"https:\\\/\\\/secure.gravatar.com\\\/avatar\\\/d27fe9520667ca53441d36627a1d6b0fa4a813571ec4803687a7a3a7744685ac?s=96&d=mm&r=g\",\"url\":\"https:\\\/\\\/secure.gravatar.com\\\/avatar\\\/d27fe9520667ca53441d36627a1d6b0fa4a813571ec4803687a7a3a7744685ac?s=96&d=mm&r=g\",\"contentUrl\":\"https:\\\/\\\/secure.gravatar.com\\\/avatar\\\/d27fe9520667ca53441d36627a1d6b0fa4a813571ec4803687a7a3a7744685ac?s=96&d=mm&r=g\",\"caption\":\"Editor\"},\"url\":\"https:\\\/\\\/infopba247.com.ar\\\/index.php\\\/author\\\/editor\\\/\"}]}<\/script>\n<!-- \/ Yoast SEO plugin. -->","yoast_head_json":{"title":"Acto de entrega de diplomas de las Diplomaturas sobre Abordaje Estatal Integral y en Prevenci\u00f3n Comunitaria de las Violencias por Razones de G\u00e9nero - InfoPBA247","robots":{"index":"index","follow":"follow","max-snippet":"max-snippet:-1","max-image-preview":"max-image-preview:large","max-video-preview":"max-video-preview:-1"},"canonical":"https:\/\/infopba247.com.ar\/index.php\/2025\/11\/05\/acto-de-entrega-de-diplomas-de-las-diplomaturas-sobre-abordaje-estatal-integral-y-en-prevencion-comunitaria-de-las-violencias-por-razones-de-genero\/","og_locale":"es_ES","og_type":"article","og_title":"Acto de entrega de diplomas de las Diplomaturas sobre Abordaje Estatal Integral y en Prevenci\u00f3n Comunitaria de las Violencias por Razones de G\u00e9nero - InfoPBA247","og_description":"La ministra de Mujeres y Diversidad de la provincia de Buenos Aires, Estela D\u00edaz, junto al rector de la UNAJ,","og_url":"https:\/\/infopba247.com.ar\/index.php\/2025\/11\/05\/acto-de-entrega-de-diplomas-de-las-diplomaturas-sobre-abordaje-estatal-integral-y-en-prevencion-comunitaria-de-las-violencias-por-razones-de-genero\/","og_site_name":"InfoPBA247","article_publisher":"https:\/\/www.facebook.com\/InfoPBA","article_published_time":"2025-11-05T18:45:36+00:00","article_modified_time":"2025-11-05T18:45:38+00:00","og_image":[{"width":1125,"height":1500,"url":"https:\/\/infopba247.com.ar\/wp-content\/uploads\/2025\/11\/unnamed-2025-11-05T152417.532.jpg","type":"image\/jpeg"}],"author":"Editor","twitter_card":"summary_large_image","twitter_misc":{"Escrito por":"Editor","Tiempo de lectura":"2 minutos"},"schema":{"@context":"https:\/\/schema.org","@graph":[{"@type":"Article","@id":"https:\/\/infopba247.com.ar\/index.php\/2025\/11\/05\/acto-de-entrega-de-diplomas-de-las-diplomaturas-sobre-abordaje-estatal-integral-y-en-prevencion-comunitaria-de-las-violencias-por-razones-de-genero\/#article","isPartOf":{"@id":"https:\/\/infopba247.com.ar\/index.php\/2025\/11\/05\/acto-de-entrega-de-diplomas-de-las-diplomaturas-sobre-abordaje-estatal-integral-y-en-prevencion-comunitaria-de-las-violencias-por-razones-de-genero\/"},"author":{"name":"Editor","@id":"https:\/\/infopba247.com.ar\/#\/schema\/person\/4975f1343a413e57bf839b3eed0099f2"},"headline":"Acto de entrega de diplomas de las Diplomaturas sobre Abordaje Estatal Integral y en Prevenci\u00f3n Comunitaria de las Violencias por Razones de G\u00e9nero","datePublished":"2025-11-05T18:45:36+00:00","dateModified":"2025-11-05T18:45:38+00:00","mainEntityOfPage":{"@id":"https:\/\/infopba247.com.ar\/index.php\/2025\/11\/05\/acto-de-entrega-de-diplomas-de-las-diplomaturas-sobre-abordaje-estatal-integral-y-en-prevencion-comunitaria-de-las-violencias-por-razones-de-genero\/"},"wordCount":348,"commentCount":0,"publisher":{"@id":"https:\/\/infopba247.com.ar\/#organization"},"image":{"@id":"https:\/\/infopba247.com.ar\/index.php\/2025\/11\/05\/acto-de-entrega-de-diplomas-de-las-diplomaturas-sobre-abordaje-estatal-integral-y-en-prevencion-comunitaria-de-las-violencias-por-razones-de-genero\/#primaryimage"},"thumbnailUrl":"https:\/\/infopba247.com.ar\/wp-content\/uploads\/2025\/11\/unnamed-2025-11-05T152417.532.jpg","articleSection":["Destacadas","Pol\u00edtica"],"inLanguage":"es","potentialAction":[{"@type":"CommentAction","name":"Comment","target":["https:\/\/infopba247.com.ar\/index.php\/2025\/11\/05\/acto-de-entrega-de-diplomas-de-las-diplomaturas-sobre-abordaje-estatal-integral-y-en-prevencion-comunitaria-de-las-violencias-por-razones-de-genero\/#respond"]}]},{"@type":"WebPage","@id":"https:\/\/infopba247.com.ar\/index.php\/2025\/11\/05\/acto-de-entrega-de-diplomas-de-las-diplomaturas-sobre-abordaje-estatal-integral-y-en-prevencion-comunitaria-de-las-violencias-por-razones-de-genero\/","url":"https:\/\/infopba247.com.ar\/index.php\/2025\/11\/05\/acto-de-entrega-de-diplomas-de-las-diplomaturas-sobre-abordaje-estatal-integral-y-en-prevencion-comunitaria-de-las-violencias-por-razones-de-genero\/","name":"Acto de entrega de diplomas de las Diplomaturas sobre Abordaje Estatal Integral y en Prevenci\u00f3n Comunitaria de las Violencias por Razones de G\u00e9nero - InfoPBA247","isPartOf":{"@id":"https:\/\/infopba247.com.ar\/#website"},"primaryImageOfPage":{"@id":"https:\/\/infopba247.com.ar\/index.php\/2025\/11\/05\/acto-de-entrega-de-diplomas-de-las-diplomaturas-sobre-abordaje-estatal-integral-y-en-prevencion-comunitaria-de-las-violencias-por-razones-de-genero\/#primaryimage"},"image":{"@id":"https:\/\/infopba247.com.ar\/index.php\/2025\/11\/05\/acto-de-entrega-de-diplomas-de-las-diplomaturas-sobre-abordaje-estatal-integral-y-en-prevencion-comunitaria-de-las-violencias-por-razones-de-genero\/#primaryimage"},"thumbnailUrl":"https:\/\/infopba247.com.ar\/wp-content\/uploads\/2025\/11\/unnamed-2025-11-05T152417.532.jpg","datePublished":"2025-11-05T18:45:36+00:00","dateModified":"2025-11-05T18:45:38+00:00","breadcrumb":{"@id":"https:\/\/infopba247.com.ar\/index.php\/2025\/11\/05\/acto-de-entrega-de-diplomas-de-las-diplomaturas-sobre-abordaje-estatal-integral-y-en-prevencion-comunitaria-de-las-violencias-por-razones-de-genero\/#breadcrumb"},"inLanguage":"es","potentialAction":[{"@type":"ReadAction","target":["https:\/\/infopba247.com.ar\/index.php\/2025\/11\/05\/acto-de-entrega-de-diplomas-de-las-diplomaturas-sobre-abordaje-estatal-integral-y-en-prevencion-comunitaria-de-las-violencias-por-razones-de-genero\/"]}]},{"@type":"ImageObject","inLanguage":"es","@id":"https:\/\/infopba247.com.ar\/index.php\/2025\/11\/05\/acto-de-entrega-de-diplomas-de-las-diplomaturas-sobre-abordaje-estatal-integral-y-en-prevencion-comunitaria-de-las-violencias-por-razones-de-genero\/#primaryimage","url":"https:\/\/infopba247.com.ar\/wp-content\/uploads\/2025\/11\/unnamed-2025-11-05T152417.532.jpg","contentUrl":"https:\/\/infopba247.com.ar\/wp-content\/uploads\/2025\/11\/unnamed-2025-11-05T152417.532.jpg","width":1125,"height":1500},{"@type":"BreadcrumbList","@id":"https:\/\/infopba247.com.ar\/index.php\/2025\/11\/05\/acto-de-entrega-de-diplomas-de-las-diplomaturas-sobre-abordaje-estatal-integral-y-en-prevencion-comunitaria-de-las-violencias-por-razones-de-genero\/#breadcrumb","itemListElement":[{"@type":"ListItem","position":1,"name":"Portada","item":"https:\/\/infopba247.com.ar\/"},{"@type":"ListItem","position":2,"name":"Acto de entrega de diplomas de las Diplomaturas sobre Abordaje Estatal Integral y en Prevenci\u00f3n Comunitaria de las Violencias por Razones de G\u00e9nero"}]},{"@type":"WebSite","@id":"https:\/\/infopba247.com.ar\/#website","url":"https:\/\/infopba247.com.ar\/","name":"InfoPBA247","description":"Toda la actualidad bonaerense","publisher":{"@id":"https:\/\/infopba247.com.ar\/#organization"},"potentialAction":[{"@type":"SearchAction","target":{"@type":"EntryPoint","urlTemplate":"https:\/\/infopba247.com.ar\/?s={search_term_string}"},"query-input":{"@type":"PropertyValueSpecification","valueRequired":true,"valueName":"search_term_string"}}],"inLanguage":"es"},{"@type":"Organization","@id":"https:\/\/infopba247.com.ar\/#organization","name":"InfoPBA247","url":"https:\/\/infopba247.com.ar\/","logo":{"@type":"ImageObject","inLanguage":"es","@id":"https:\/\/infopba247.com.ar\/#\/schema\/logo\/image\/","url":"https:\/\/infopba247.com.ar\/wp-content\/uploads\/2022\/03\/cropped-InfoPBA247-1.png","contentUrl":"https:\/\/infopba247.com.ar\/wp-content\/uploads\/2022\/03\/cropped-InfoPBA247-1.png","width":500,"height":122,"caption":"InfoPBA247"},"image":{"@id":"https:\/\/infopba247.com.ar\/#\/schema\/logo\/image\/"},"sameAs":["https:\/\/www.facebook.com\/InfoPBA"]},{"@type":"Person","@id":"https:\/\/infopba247.com.ar\/#\/schema\/person\/4975f1343a413e57bf839b3eed0099f2","name":"Editor","image":{"@type":"ImageObject","inLanguage":"es","@id":"https:\/\/secure.gravatar.com\/avatar\/d27fe9520667ca53441d36627a1d6b0fa4a813571ec4803687a7a3a7744685ac?s=96&d=mm&r=g","url":"https:\/\/secure.gravatar.com\/avatar\/d27fe9520667ca53441d36627a1d6b0fa4a813571ec4803687a7a3a7744685ac?s=96&d=mm&r=g","contentUrl":"https:\/\/secure.gravatar.com\/avatar\/d27fe9520667ca53441d36627a1d6b0fa4a813571ec4803687a7a3a7744685ac?s=96&d=mm&r=g","caption":"Editor"},"url":"https:\/\/infopba247.com.ar\/index.php\/author\/editor\/"}]}},"_links":{"self":[{"href":"https:\/\/infopba247.com.ar\/index.php\/wp-json\/wp\/v2\/posts\/8268","targetHints":{"allow":["GET"]}}],"collection":[{"href":"https:\/\/infopba247.com.ar\/index.php\/wp-json\/wp\/v2\/posts"}],"about":[{"href":"https:\/\/infopba247.com.ar\/index.php\/wp-json\/wp\/v2\/types\/post"}],"author":[{"embeddable":true,"href":"https:\/\/infopba247.com.ar\/index.php\/wp-json\/wp\/v2\/users\/3"}],"replies":[{"embeddable":true,"href":"https:\/\/infopba247.com.ar\/index.php\/wp-json\/wp\/v2\/comments?post=8268"}],"version-history":[{"count":1,"href":"https:\/\/infopba247.com.ar\/index.php\/wp-json\/wp\/v2\/posts\/8268\/revisions"}],"predecessor-version":[{"id":8273,"href":"https:\/\/infopba247.com.ar\/index.php\/wp-json\/wp\/v2\/posts\/8268\/revisions\/8273"}],"wp:featuredmedia":[{"embeddable":true,"href":"https:\/\/infopba247.com.ar\/index.php\/wp-json\/wp\/v2\/media\/8272"}],"wp:attachment":[{"href":"https:\/\/infopba247.com.ar\/index.php\/wp-json\/wp\/v2\/media?parent=8268"}],"wp:term":[{"taxonomy":"category","embeddable":true,"href":"https:\/\/infopba247.com.ar\/index.php\/wp-json\/wp\/v2\/categories?post=8268"},{"taxonomy":"post_tag","embeddable":true,"href":"https:\/\/infopba247.com.ar\/index.php\/wp-json\/wp\/v2\/tags?post=8268"}],"curies":[{"name":"wp","href":"https:\/\/api.w.org\/{rel}","templated":true}]}}