{"id":8255,"date":"2025-11-03T15:20:43","date_gmt":"2025-11-03T18:20:43","guid":{"rendered":"https:\/\/infopba247.com.ar\/?p=8255"},"modified":"2025-11-03T15:20:46","modified_gmt":"2025-11-03T18:20:46","slug":"nuevos-egresados-y-egresadas-de-la-universidad-provincial-del-sudoeste-en-monte-hermoso","status":"publish","type":"post","link":"https:\/\/infopba247.com.ar\/index.php\/2025\/11\/03\/nuevos-egresados-y-egresadas-de-la-universidad-provincial-del-sudoeste-en-monte-hermoso\/","title":{"rendered":"Nuevos egresados y egresadas de la Universidad Provincial del Sudoeste en Monte Hermoso"},"content":{"rendered":"\n<p>El pasado viernes 31\/11 en un Centro de Convenciones colmado de familiares y autoridades tuvo lugar el acto de colaci\u00f3n de la Universidad Provincial del Sudoeste en el que recibieron sus diplomas trece nuevos profesionales en Tecnicatura Universitaria en Tecnolog\u00edas de Programaci\u00f3n, Tecnicatura en Marketing Digital y Comercio Electr\u00f3nico, Martillero y Corredor P\u00fablico y Tecnicatura en Seguridad Vial.<\/p>\n\n\n\n<p>El jefe comunal, Hern\u00e1n Arr\u00e1nz presidi\u00f3 la ceremonia y expres\u00f3 su emoci\u00f3n en la que manifest\u00f3 \u201ces un gusto para nosotros poder acompa\u00f1ar en este acto de colaci\u00f3n y que gracias a la UPSO que desde el 2007 est\u00e1 ac\u00e1, nos dan la posibilidad de acercar la universidad a ciudades como la nuestra. Hist\u00f3ricamente tuvimos que viajar para formarnos, para prepararnos, y ahora con esto tenemos la oportunidad de tenerlo en Monte Hermoso.<\/p>\n\n\n\n<p>Agreg\u00f3 que \u201ctratamos de igual condiciones de generar desde lo deportivo, lo cultural, en este caso lo acad\u00e9mico, porque entendemos que solo as\u00ed podemos garantizar la igualdad y brindar las mismas oportunidades para todos\u201d.<\/p>\n\n\n\n<p>\u201cDespu\u00e9s del verano vamos a estar inaugurando nuestra sede, totalmente nueva por intermedio del gobierno provincial a trav\u00e9s del programa Puentes; ya se acreditaron los \u00faltimos 90 millones para todo el equipamiento y finalmente los pr\u00f3ximos alumnos van a poder estar en una universidad absolutamente nueva\u201d, concluy\u00f3 Arr\u00e1nz<\/p>\n\n\n\n<p>Por su parte la rectora de la UPSO, Dra. Andrea Savoretti, expres\u00f3 \u201cquiero felicitarlos por su enorme esfuerzo de llegar a una meta en la que hicieron un sacrificio y esfuerzo enorme.<\/p>\n\n\n\n<p>Decirles que nosotros no podr\u00edamos hacer esto solos, es decir, aqu\u00ed hoy me acompa\u00f1an un grupo de funcionarios de la universidad, pero tambi\u00e9n un grupo de funcionarios del municipio\u201d.<\/p>\n\n\n\n<p>Adem\u00e1s, destac\u00f3 \u201cLa Universidad Provincial del Sudoeste est\u00e1 en el territorio gracias a una decisi\u00f3n pol\u00edtica de hace much\u00edsimos a\u00f1os y a la sostenibilidad de una pol\u00edtica p\u00fablica que define que la educaci\u00f3n es importante para el desarrollo del territorio\u201d.<\/p>\n\n\n\n<p>\u201cPara nosotros, hace 25 a\u00f1os se hizo un sue\u00f1o, no imagin\u00e1bamos poder estar en cada localidad de la provincia de Buenos Aires de la sexta secci\u00f3n de nuestra regi\u00f3n, haciendo esto que estamos haciendo hoy, llevando carreras, actividades de extensi\u00f3n y aplicando actividades de investigaci\u00f3n\u201d, cerr\u00f3 la Rectora Universitaria.<\/p>\n\n\n\n<p>Desde el 2007 hasta la fecha, la UPSO dict\u00f3 doce carreras y con esta nueva camada de egresados ya cuenta con un total de 102 egresados. Adem\u00e1s, ya se anunci\u00f3 la nueva oferta acad\u00e9mica 2026 en la que se dictar\u00e1n el Trayecto de Formaci\u00f3n Profesional \u201cEconom\u00eda Circular para la Sostenibilidad Ambiental\u201d y la Tecnicatura en Enfermer\u00eda.<\/p>\n","protected":false},"excerpt":{"rendered":"<p>El pasado viernes 31\/11 en un Centro de Convenciones colmado de familiares y autoridades tuvo lugar el acto de colaci\u00f3n<\/p>\n","protected":false},"author":3,"featured_media":8249,"comment_status":"open","ping_status":"open","sticky":false,"template":"","format":"standard","meta":{"colormag_page_container_layout":"default_layout","colormag_page_sidebar_layout":"default_layout","footnotes":""},"categories":[10,1,16],"tags":[],"class_list":["post-8255","post","type-post","status-publish","format-standard","has-post-thumbnail","hentry","category-6ta-seccion","category-destacadas","category-interes-general"],"yoast_head":"<!-- This site is optimized with the Yoast SEO plugin v27.5 - https:\/\/yoast.com\/product\/yoast-seo-wordpress\/ -->\n<title>Nuevos egresados y egresadas de la Universidad Provincial del Sudoeste en Monte Hermoso - InfoPBA247<\/title>\n<meta name=\"robots\" content=\"index, follow, max-snippet:-1, max-image-preview:large, max-video-preview:-1\" \/>\n<link rel=\"canonical\" href=\"https:\/\/infopba247.com.ar\/index.php\/2025\/11\/03\/nuevos-egresados-y-egresadas-de-la-universidad-provincial-del-sudoeste-en-monte-hermoso\/\" \/>\n<meta property=\"og:locale\" content=\"es_ES\" \/>\n<meta property=\"og:type\" content=\"article\" \/>\n<meta property=\"og:title\" content=\"Nuevos egresados y egresadas de la Universidad Provincial del Sudoeste en Monte Hermoso - InfoPBA247\" \/>\n<meta property=\"og:description\" content=\"El pasado viernes 31\/11 en un Centro de Convenciones colmado de familiares y autoridades tuvo lugar el acto de colaci\u00f3n\" \/>\n<meta property=\"og:url\" content=\"https:\/\/infopba247.com.ar\/index.php\/2025\/11\/03\/nuevos-egresados-y-egresadas-de-la-universidad-provincial-del-sudoeste-en-monte-hermoso\/\" \/>\n<meta property=\"og:site_name\" content=\"InfoPBA247\" \/>\n<meta property=\"article:publisher\" content=\"https:\/\/www.facebook.com\/InfoPBA\" \/>\n<meta property=\"article:published_time\" content=\"2025-11-03T18:20:43+00:00\" \/>\n<meta property=\"article:modified_time\" content=\"2025-11-03T18:20:46+00:00\" \/>\n<meta property=\"og:image\" content=\"https:\/\/infopba247.com.ar\/wp-content\/uploads\/2025\/11\/574336451_1324306726403676_470737904198053489_n.jpg\" \/>\n\t<meta property=\"og:image:width\" content=\"1600\" \/>\n\t<meta property=\"og:image:height\" content=\"1066\" \/>\n\t<meta property=\"og:image:type\" content=\"image\/jpeg\" \/>\n<meta name=\"author\" content=\"Editor\" \/>\n<meta name=\"twitter:card\" content=\"summary_large_image\" \/>\n<meta name=\"twitter:label1\" content=\"Escrito por\" \/>\n\t<meta name=\"twitter:data1\" content=\"Editor\" \/>\n\t<meta name=\"twitter:label2\" content=\"Tiempo de lectura\" \/>\n\t<meta name=\"twitter:data2\" content=\"3 minutos\" \/>\n<script type=\"application\/ld+json\" class=\"yoast-schema-graph\">{\"@context\":\"https:\\\/\\\/schema.org\",\"@graph\":[{\"@type\":\"Article\",\"@id\":\"https:\\\/\\\/infopba247.com.ar\\\/index.php\\\/2025\\\/11\\\/03\\\/nuevos-egresados-y-egresadas-de-la-universidad-provincial-del-sudoeste-en-monte-hermoso\\\/#article\",\"isPartOf\":{\"@id\":\"https:\\\/\\\/infopba247.com.ar\\\/index.php\\\/2025\\\/11\\\/03\\\/nuevos-egresados-y-egresadas-de-la-universidad-provincial-del-sudoeste-en-monte-hermoso\\\/\"},\"author\":{\"name\":\"Editor\",\"@id\":\"https:\\\/\\\/infopba247.com.ar\\\/#\\\/schema\\\/person\\\/4975f1343a413e57bf839b3eed0099f2\"},\"headline\":\"Nuevos egresados y egresadas de la Universidad Provincial del Sudoeste en Monte Hermoso\",\"datePublished\":\"2025-11-03T18:20:43+00:00\",\"dateModified\":\"2025-11-03T18:20:46+00:00\",\"mainEntityOfPage\":{\"@id\":\"https:\\\/\\\/infopba247.com.ar\\\/index.php\\\/2025\\\/11\\\/03\\\/nuevos-egresados-y-egresadas-de-la-universidad-provincial-del-sudoeste-en-monte-hermoso\\\/\"},\"wordCount\":465,\"commentCount\":0,\"publisher\":{\"@id\":\"https:\\\/\\\/infopba247.com.ar\\\/#organization\"},\"image\":{\"@id\":\"https:\\\/\\\/infopba247.com.ar\\\/index.php\\\/2025\\\/11\\\/03\\\/nuevos-egresados-y-egresadas-de-la-universidad-provincial-del-sudoeste-en-monte-hermoso\\\/#primaryimage\"},\"thumbnailUrl\":\"https:\\\/\\\/infopba247.com.ar\\\/wp-content\\\/uploads\\\/2025\\\/11\\\/574336451_1324306726403676_470737904198053489_n.jpg\",\"articleSection\":[\"6ta Secci\u00f3n\",\"Destacadas\",\"Inter\u00e9s General\"],\"inLanguage\":\"es\",\"potentialAction\":[{\"@type\":\"CommentAction\",\"name\":\"Comment\",\"target\":[\"https:\\\/\\\/infopba247.com.ar\\\/index.php\\\/2025\\\/11\\\/03\\\/nuevos-egresados-y-egresadas-de-la-universidad-provincial-del-sudoeste-en-monte-hermoso\\\/#respond\"]}]},{\"@type\":\"WebPage\",\"@id\":\"https:\\\/\\\/infopba247.com.ar\\\/index.php\\\/2025\\\/11\\\/03\\\/nuevos-egresados-y-egresadas-de-la-universidad-provincial-del-sudoeste-en-monte-hermoso\\\/\",\"url\":\"https:\\\/\\\/infopba247.com.ar\\\/index.php\\\/2025\\\/11\\\/03\\\/nuevos-egresados-y-egresadas-de-la-universidad-provincial-del-sudoeste-en-monte-hermoso\\\/\",\"name\":\"Nuevos egresados y egresadas de la Universidad Provincial del Sudoeste en Monte Hermoso - InfoPBA247\",\"isPartOf\":{\"@id\":\"https:\\\/\\\/infopba247.com.ar\\\/#website\"},\"primaryImageOfPage\":{\"@id\":\"https:\\\/\\\/infopba247.com.ar\\\/index.php\\\/2025\\\/11\\\/03\\\/nuevos-egresados-y-egresadas-de-la-universidad-provincial-del-sudoeste-en-monte-hermoso\\\/#primaryimage\"},\"image\":{\"@id\":\"https:\\\/\\\/infopba247.com.ar\\\/index.php\\\/2025\\\/11\\\/03\\\/nuevos-egresados-y-egresadas-de-la-universidad-provincial-del-sudoeste-en-monte-hermoso\\\/#primaryimage\"},\"thumbnailUrl\":\"https:\\\/\\\/infopba247.com.ar\\\/wp-content\\\/uploads\\\/2025\\\/11\\\/574336451_1324306726403676_470737904198053489_n.jpg\",\"datePublished\":\"2025-11-03T18:20:43+00:00\",\"dateModified\":\"2025-11-03T18:20:46+00:00\",\"breadcrumb\":{\"@id\":\"https:\\\/\\\/infopba247.com.ar\\\/index.php\\\/2025\\\/11\\\/03\\\/nuevos-egresados-y-egresadas-de-la-universidad-provincial-del-sudoeste-en-monte-hermoso\\\/#breadcrumb\"},\"inLanguage\":\"es\",\"potentialAction\":[{\"@type\":\"ReadAction\",\"target\":[\"https:\\\/\\\/infopba247.com.ar\\\/index.php\\\/2025\\\/11\\\/03\\\/nuevos-egresados-y-egresadas-de-la-universidad-provincial-del-sudoeste-en-monte-hermoso\\\/\"]}]},{\"@type\":\"ImageObject\",\"inLanguage\":\"es\",\"@id\":\"https:\\\/\\\/infopba247.com.ar\\\/index.php\\\/2025\\\/11\\\/03\\\/nuevos-egresados-y-egresadas-de-la-universidad-provincial-del-sudoeste-en-monte-hermoso\\\/#primaryimage\",\"url\":\"https:\\\/\\\/infopba247.com.ar\\\/wp-content\\\/uploads\\\/2025\\\/11\\\/574336451_1324306726403676_470737904198053489_n.jpg\",\"contentUrl\":\"https:\\\/\\\/infopba247.com.ar\\\/wp-content\\\/uploads\\\/2025\\\/11\\\/574336451_1324306726403676_470737904198053489_n.jpg\",\"width\":1600,\"height\":1066},{\"@type\":\"BreadcrumbList\",\"@id\":\"https:\\\/\\\/infopba247.com.ar\\\/index.php\\\/2025\\\/11\\\/03\\\/nuevos-egresados-y-egresadas-de-la-universidad-provincial-del-sudoeste-en-monte-hermoso\\\/#breadcrumb\",\"itemListElement\":[{\"@type\":\"ListItem\",\"position\":1,\"name\":\"Portada\",\"item\":\"https:\\\/\\\/infopba247.com.ar\\\/\"},{\"@type\":\"ListItem\",\"position\":2,\"name\":\"Nuevos egresados y egresadas de la Universidad Provincial del Sudoeste en Monte Hermoso\"}]},{\"@type\":\"WebSite\",\"@id\":\"https:\\\/\\\/infopba247.com.ar\\\/#website\",\"url\":\"https:\\\/\\\/infopba247.com.ar\\\/\",\"name\":\"InfoPBA247\",\"description\":\"Toda la actualidad bonaerense\",\"publisher\":{\"@id\":\"https:\\\/\\\/infopba247.com.ar\\\/#organization\"},\"potentialAction\":[{\"@type\":\"SearchAction\",\"target\":{\"@type\":\"EntryPoint\",\"urlTemplate\":\"https:\\\/\\\/infopba247.com.ar\\\/?s={search_term_string}\"},\"query-input\":{\"@type\":\"PropertyValueSpecification\",\"valueRequired\":true,\"valueName\":\"search_term_string\"}}],\"inLanguage\":\"es\"},{\"@type\":\"Organization\",\"@id\":\"https:\\\/\\\/infopba247.com.ar\\\/#organization\",\"name\":\"InfoPBA247\",\"url\":\"https:\\\/\\\/infopba247.com.ar\\\/\",\"logo\":{\"@type\":\"ImageObject\",\"inLanguage\":\"es\",\"@id\":\"https:\\\/\\\/infopba247.com.ar\\\/#\\\/schema\\\/logo\\\/image\\\/\",\"url\":\"https:\\\/\\\/infopba247.com.ar\\\/wp-content\\\/uploads\\\/2022\\\/03\\\/cropped-InfoPBA247-1.png\",\"contentUrl\":\"https:\\\/\\\/infopba247.com.ar\\\/wp-content\\\/uploads\\\/2022\\\/03\\\/cropped-InfoPBA247-1.png\",\"width\":500,\"height\":122,\"caption\":\"InfoPBA247\"},\"image\":{\"@id\":\"https:\\\/\\\/infopba247.com.ar\\\/#\\\/schema\\\/logo\\\/image\\\/\"},\"sameAs\":[\"https:\\\/\\\/www.facebook.com\\\/InfoPBA\"]},{\"@type\":\"Person\",\"@id\":\"https:\\\/\\\/infopba247.com.ar\\\/#\\\/schema\\\/person\\\/4975f1343a413e57bf839b3eed0099f2\",\"name\":\"Editor\",\"image\":{\"@type\":\"ImageObject\",\"inLanguage\":\"es\",\"@id\":\"https:\\\/\\\/secure.gravatar.com\\\/avatar\\\/d27fe9520667ca53441d36627a1d6b0fa4a813571ec4803687a7a3a7744685ac?s=96&d=mm&r=g\",\"url\":\"https:\\\/\\\/secure.gravatar.com\\\/avatar\\\/d27fe9520667ca53441d36627a1d6b0fa4a813571ec4803687a7a3a7744685ac?s=96&d=mm&r=g\",\"contentUrl\":\"https:\\\/\\\/secure.gravatar.com\\\/avatar\\\/d27fe9520667ca53441d36627a1d6b0fa4a813571ec4803687a7a3a7744685ac?s=96&d=mm&r=g\",\"caption\":\"Editor\"},\"url\":\"https:\\\/\\\/infopba247.com.ar\\\/index.php\\\/author\\\/editor\\\/\"}]}<\/script>\n<!-- \/ Yoast SEO plugin. -->","yoast_head_json":{"title":"Nuevos egresados y egresadas de la Universidad Provincial del Sudoeste en Monte Hermoso - InfoPBA247","robots":{"index":"index","follow":"follow","max-snippet":"max-snippet:-1","max-image-preview":"max-image-preview:large","max-video-preview":"max-video-preview:-1"},"canonical":"https:\/\/infopba247.com.ar\/index.php\/2025\/11\/03\/nuevos-egresados-y-egresadas-de-la-universidad-provincial-del-sudoeste-en-monte-hermoso\/","og_locale":"es_ES","og_type":"article","og_title":"Nuevos egresados y egresadas de la Universidad Provincial del Sudoeste en Monte Hermoso - InfoPBA247","og_description":"El pasado viernes 31\/11 en un Centro de Convenciones colmado de familiares y autoridades tuvo lugar el acto de colaci\u00f3n","og_url":"https:\/\/infopba247.com.ar\/index.php\/2025\/11\/03\/nuevos-egresados-y-egresadas-de-la-universidad-provincial-del-sudoeste-en-monte-hermoso\/","og_site_name":"InfoPBA247","article_publisher":"https:\/\/www.facebook.com\/InfoPBA","article_published_time":"2025-11-03T18:20:43+00:00","article_modified_time":"2025-11-03T18:20:46+00:00","og_image":[{"width":1600,"height":1066,"url":"https:\/\/infopba247.com.ar\/wp-content\/uploads\/2025\/11\/574336451_1324306726403676_470737904198053489_n.jpg","type":"image\/jpeg"}],"author":"Editor","twitter_card":"summary_large_image","twitter_misc":{"Escrito por":"Editor","Tiempo de lectura":"3 minutos"},"schema":{"@context":"https:\/\/schema.org","@graph":[{"@type":"Article","@id":"https:\/\/infopba247.com.ar\/index.php\/2025\/11\/03\/nuevos-egresados-y-egresadas-de-la-universidad-provincial-del-sudoeste-en-monte-hermoso\/#article","isPartOf":{"@id":"https:\/\/infopba247.com.ar\/index.php\/2025\/11\/03\/nuevos-egresados-y-egresadas-de-la-universidad-provincial-del-sudoeste-en-monte-hermoso\/"},"author":{"name":"Editor","@id":"https:\/\/infopba247.com.ar\/#\/schema\/person\/4975f1343a413e57bf839b3eed0099f2"},"headline":"Nuevos egresados y egresadas de la Universidad Provincial del Sudoeste en Monte Hermoso","datePublished":"2025-11-03T18:20:43+00:00","dateModified":"2025-11-03T18:20:46+00:00","mainEntityOfPage":{"@id":"https:\/\/infopba247.com.ar\/index.php\/2025\/11\/03\/nuevos-egresados-y-egresadas-de-la-universidad-provincial-del-sudoeste-en-monte-hermoso\/"},"wordCount":465,"commentCount":0,"publisher":{"@id":"https:\/\/infopba247.com.ar\/#organization"},"image":{"@id":"https:\/\/infopba247.com.ar\/index.php\/2025\/11\/03\/nuevos-egresados-y-egresadas-de-la-universidad-provincial-del-sudoeste-en-monte-hermoso\/#primaryimage"},"thumbnailUrl":"https:\/\/infopba247.com.ar\/wp-content\/uploads\/2025\/11\/574336451_1324306726403676_470737904198053489_n.jpg","articleSection":["6ta Secci\u00f3n","Destacadas","Inter\u00e9s General"],"inLanguage":"es","potentialAction":[{"@type":"CommentAction","name":"Comment","target":["https:\/\/infopba247.com.ar\/index.php\/2025\/11\/03\/nuevos-egresados-y-egresadas-de-la-universidad-provincial-del-sudoeste-en-monte-hermoso\/#respond"]}]},{"@type":"WebPage","@id":"https:\/\/infopba247.com.ar\/index.php\/2025\/11\/03\/nuevos-egresados-y-egresadas-de-la-universidad-provincial-del-sudoeste-en-monte-hermoso\/","url":"https:\/\/infopba247.com.ar\/index.php\/2025\/11\/03\/nuevos-egresados-y-egresadas-de-la-universidad-provincial-del-sudoeste-en-monte-hermoso\/","name":"Nuevos egresados y egresadas de la Universidad Provincial del Sudoeste en Monte Hermoso - InfoPBA247","isPartOf":{"@id":"https:\/\/infopba247.com.ar\/#website"},"primaryImageOfPage":{"@id":"https:\/\/infopba247.com.ar\/index.php\/2025\/11\/03\/nuevos-egresados-y-egresadas-de-la-universidad-provincial-del-sudoeste-en-monte-hermoso\/#primaryimage"},"image":{"@id":"https:\/\/infopba247.com.ar\/index.php\/2025\/11\/03\/nuevos-egresados-y-egresadas-de-la-universidad-provincial-del-sudoeste-en-monte-hermoso\/#primaryimage"},"thumbnailUrl":"https:\/\/infopba247.com.ar\/wp-content\/uploads\/2025\/11\/574336451_1324306726403676_470737904198053489_n.jpg","datePublished":"2025-11-03T18:20:43+00:00","dateModified":"2025-11-03T18:20:46+00:00","breadcrumb":{"@id":"https:\/\/infopba247.com.ar\/index.php\/2025\/11\/03\/nuevos-egresados-y-egresadas-de-la-universidad-provincial-del-sudoeste-en-monte-hermoso\/#breadcrumb"},"inLanguage":"es","potentialAction":[{"@type":"ReadAction","target":["https:\/\/infopba247.com.ar\/index.php\/2025\/11\/03\/nuevos-egresados-y-egresadas-de-la-universidad-provincial-del-sudoeste-en-monte-hermoso\/"]}]},{"@type":"ImageObject","inLanguage":"es","@id":"https:\/\/infopba247.com.ar\/index.php\/2025\/11\/03\/nuevos-egresados-y-egresadas-de-la-universidad-provincial-del-sudoeste-en-monte-hermoso\/#primaryimage","url":"https:\/\/infopba247.com.ar\/wp-content\/uploads\/2025\/11\/574336451_1324306726403676_470737904198053489_n.jpg","contentUrl":"https:\/\/infopba247.com.ar\/wp-content\/uploads\/2025\/11\/574336451_1324306726403676_470737904198053489_n.jpg","width":1600,"height":1066},{"@type":"BreadcrumbList","@id":"https:\/\/infopba247.com.ar\/index.php\/2025\/11\/03\/nuevos-egresados-y-egresadas-de-la-universidad-provincial-del-sudoeste-en-monte-hermoso\/#breadcrumb","itemListElement":[{"@type":"ListItem","position":1,"name":"Portada","item":"https:\/\/infopba247.com.ar\/"},{"@type":"ListItem","position":2,"name":"Nuevos egresados y egresadas de la Universidad Provincial del Sudoeste en Monte Hermoso"}]},{"@type":"WebSite","@id":"https:\/\/infopba247.com.ar\/#website","url":"https:\/\/infopba247.com.ar\/","name":"InfoPBA247","description":"Toda la actualidad bonaerense","publisher":{"@id":"https:\/\/infopba247.com.ar\/#organization"},"potentialAction":[{"@type":"SearchAction","target":{"@type":"EntryPoint","urlTemplate":"https:\/\/infopba247.com.ar\/?s={search_term_string}"},"query-input":{"@type":"PropertyValueSpecification","valueRequired":true,"valueName":"search_term_string"}}],"inLanguage":"es"},{"@type":"Organization","@id":"https:\/\/infopba247.com.ar\/#organization","name":"InfoPBA247","url":"https:\/\/infopba247.com.ar\/","logo":{"@type":"ImageObject","inLanguage":"es","@id":"https:\/\/infopba247.com.ar\/#\/schema\/logo\/image\/","url":"https:\/\/infopba247.com.ar\/wp-content\/uploads\/2022\/03\/cropped-InfoPBA247-1.png","contentUrl":"https:\/\/infopba247.com.ar\/wp-content\/uploads\/2022\/03\/cropped-InfoPBA247-1.png","width":500,"height":122,"caption":"InfoPBA247"},"image":{"@id":"https:\/\/infopba247.com.ar\/#\/schema\/logo\/image\/"},"sameAs":["https:\/\/www.facebook.com\/InfoPBA"]},{"@type":"Person","@id":"https:\/\/infopba247.com.ar\/#\/schema\/person\/4975f1343a413e57bf839b3eed0099f2","name":"Editor","image":{"@type":"ImageObject","inLanguage":"es","@id":"https:\/\/secure.gravatar.com\/avatar\/d27fe9520667ca53441d36627a1d6b0fa4a813571ec4803687a7a3a7744685ac?s=96&d=mm&r=g","url":"https:\/\/secure.gravatar.com\/avatar\/d27fe9520667ca53441d36627a1d6b0fa4a813571ec4803687a7a3a7744685ac?s=96&d=mm&r=g","contentUrl":"https:\/\/secure.gravatar.com\/avatar\/d27fe9520667ca53441d36627a1d6b0fa4a813571ec4803687a7a3a7744685ac?s=96&d=mm&r=g","caption":"Editor"},"url":"https:\/\/infopba247.com.ar\/index.php\/author\/editor\/"}]}},"_links":{"self":[{"href":"https:\/\/infopba247.com.ar\/index.php\/wp-json\/wp\/v2\/posts\/8255","targetHints":{"allow":["GET"]}}],"collection":[{"href":"https:\/\/infopba247.com.ar\/index.php\/wp-json\/wp\/v2\/posts"}],"about":[{"href":"https:\/\/infopba247.com.ar\/index.php\/wp-json\/wp\/v2\/types\/post"}],"author":[{"embeddable":true,"href":"https:\/\/infopba247.com.ar\/index.php\/wp-json\/wp\/v2\/users\/3"}],"replies":[{"embeddable":true,"href":"https:\/\/infopba247.com.ar\/index.php\/wp-json\/wp\/v2\/comments?post=8255"}],"version-history":[{"count":1,"href":"https:\/\/infopba247.com.ar\/index.php\/wp-json\/wp\/v2\/posts\/8255\/revisions"}],"predecessor-version":[{"id":8256,"href":"https:\/\/infopba247.com.ar\/index.php\/wp-json\/wp\/v2\/posts\/8255\/revisions\/8256"}],"wp:featuredmedia":[{"embeddable":true,"href":"https:\/\/infopba247.com.ar\/index.php\/wp-json\/wp\/v2\/media\/8249"}],"wp:attachment":[{"href":"https:\/\/infopba247.com.ar\/index.php\/wp-json\/wp\/v2\/media?parent=8255"}],"wp:term":[{"taxonomy":"category","embeddable":true,"href":"https:\/\/infopba247.com.ar\/index.php\/wp-json\/wp\/v2\/categories?post=8255"},{"taxonomy":"post_tag","embeddable":true,"href":"https:\/\/infopba247.com.ar\/index.php\/wp-json\/wp\/v2\/tags?post=8255"}],"curies":[{"name":"wp","href":"https:\/\/api.w.org\/{rel}","templated":true}]}}