{"id":8236,"date":"2025-10-31T14:48:29","date_gmt":"2025-10-31T17:48:29","guid":{"rendered":"https:\/\/infopba247.com.ar\/?p=8236"},"modified":"2025-10-31T14:48:31","modified_gmt":"2025-10-31T17:48:31","slug":"se-viene-la-tercera-edicion-de-la-carrera-amo-mis-mamas","status":"publish","type":"post","link":"https:\/\/infopba247.com.ar\/index.php\/2025\/10\/31\/se-viene-la-tercera-edicion-de-la-carrera-amo-mis-mamas\/","title":{"rendered":"Se viene la tercera edici\u00f3n de la carrera \u201cAmo Mis Mamas\u201d"},"content":{"rendered":"\n<p>Con el objetivo de concientizar a la comunidad sobre la importancia de realizar controles anuales para prevenir y tratar a tiempo el c\u00e1ncer de mama, el&nbsp;domingo 9 de noviembre, a partir de las 10 hs., se realizar\u00e1 la tercera edici\u00f3n de la&nbsp;carrera \u201cAmo Mis Mamas\u201d&nbsp;en&nbsp;Punta Lara, partido de Ensenada.&nbsp;<\/p>\n\n\n\n<p>Este gran evento deportivo es organizado por el Ministerio de Mujeres y Diversidad de la provincia de Buenos Aires, el Municipio de Ensenada, el Ministerio de Salud, el Instituto Provincial de Prevenci\u00f3n, Diagn\u00f3stico y Tratamiento del C\u00e1ncer y la Sociedad de Cancerolog\u00eda de La Plata.&nbsp;<\/p>\n\n\n\n<p>En esta oportunidad, se proponen dos modalidades:&nbsp;2 km participativos y 8 km competitivos, ambas&nbsp;gratuitas y abiertas&nbsp;a toda la comunidad. El horario de largada ser\u00e1 a las 17 hs., pero habr\u00e1 actividades desde las 10 hs. en el Mirador N\u00e9stor Kirchner, ubicado en Camino Almirante Brown y Diagonal 74, Punta Lara.&nbsp;<\/p>\n\n\n\n<p>Para participar, es necesario anotarse a trav\u00e9s de este&nbsp;<a href=\"https:\/\/www.eventbrite.com.ar\/e\/amo-mis-mamas-2025-registration-1834199593359?aff=oddtdtcreator&amp;fbclid=PAZXh0bgNhZW0CMTEAAafR6JoU3GmSk8ZoGS70GNhva1id_4fjHuzNTV9ugmsUPVl3RzmqzuSxa0OFGQ_aem_NgroanSBzvXRVVxMcHJVnQ\" target=\"_blank\" rel=\"noreferrer noopener\">enlace<\/a><\/p>\n\n\n\n<p>La entrega de kits se realizar\u00e1 desde las 10 hs. hasta las 15 hs. Ser\u00e1 necesario contar con DNI y la constancia de inscripci\u00f3n firmada. Tambi\u00e9n se brindar\u00e1 una charla t\u00e9cnica y se desarrollar\u00e1n ferias de artesanas y artesanos, emprendedoras, de salud, stands institucionales y m\u00fasica en vivo.&nbsp;<\/p>\n\n\n\n<p>#AmoMisMamas busca promover la&nbsp;prevenci\u00f3n y la detecci\u00f3n temprana del c\u00e1ncer de mama&nbsp;en forma masiva. La jornada se realizar\u00e1 en el marco de las acciones de concientizaci\u00f3n desarrolladas durante el mes de octubre con motivo del \u201cD\u00eda Internacional de la Lucha contra el C\u00e1ncer de Mama\u201d.&nbsp;<\/p>\n\n\n\n<p>La edici\u00f3n 2025 tambi\u00e9n contar\u00e1 con la participaci\u00f3n del equipo de remeras de la&nbsp;Asociaci\u00f3n Civil Dragones Rosas La Plata, integrada por mujeres con historias de c\u00e1ncer de mama de la ciudad y la regi\u00f3n capital. Ellas se re\u00fanen semanalmente en el Club N\u00e1utico de Ensenada para practicar este deporte que contribuye a minimizar los efectos secundarios del tratamiento.<\/p>\n\n\n\n<p>El c\u00e1ncer de mama es el carcinoma m\u00e1s frecuente y la primera causa de muerte por c\u00e1ncer en mujeres en todo el mundo. En la provincia de Buenos Aires, es la causa de muerte de alrededor de 2.300 mujeres por a\u00f1o. El diagn\u00f3stico en etapas iniciales se traduce en la reducci\u00f3n de la mortalidad, la disminuci\u00f3n en la agresividad de los tratamientos y una mejora en la calidad de vida de las personas afectadas.<\/p>\n","protected":false},"excerpt":{"rendered":"<p>Con el objetivo de concientizar a la comunidad sobre la importancia de realizar controles anuales para prevenir y tratar a<\/p>\n","protected":false},"author":3,"featured_media":8239,"comment_status":"open","ping_status":"open","sticky":false,"template":"","format":"standard","meta":{"colormag_page_container_layout":"default_layout","colormag_page_sidebar_layout":"default_layout","footnotes":""},"categories":[7,1,14],"tags":[],"class_list":["post-8236","post","type-post","status-publish","format-standard","has-post-thumbnail","hentry","category-3ra-seccion","category-destacadas","category-politica"],"yoast_head":"<!-- This site is optimized with the Yoast SEO plugin v27.5 - https:\/\/yoast.com\/product\/yoast-seo-wordpress\/ -->\n<title>Se viene la tercera edici\u00f3n de la carrera \u201cAmo Mis Mamas\u201d - InfoPBA247<\/title>\n<meta name=\"robots\" content=\"index, follow, max-snippet:-1, max-image-preview:large, max-video-preview:-1\" \/>\n<link rel=\"canonical\" href=\"https:\/\/infopba247.com.ar\/index.php\/2025\/10\/31\/se-viene-la-tercera-edicion-de-la-carrera-amo-mis-mamas\/\" \/>\n<meta property=\"og:locale\" content=\"es_ES\" \/>\n<meta property=\"og:type\" content=\"article\" \/>\n<meta property=\"og:title\" content=\"Se viene la tercera edici\u00f3n de la carrera \u201cAmo Mis Mamas\u201d - InfoPBA247\" \/>\n<meta property=\"og:description\" content=\"Con el objetivo de concientizar a la comunidad sobre la importancia de realizar controles anuales para prevenir y tratar a\" \/>\n<meta property=\"og:url\" content=\"https:\/\/infopba247.com.ar\/index.php\/2025\/10\/31\/se-viene-la-tercera-edicion-de-la-carrera-amo-mis-mamas\/\" \/>\n<meta property=\"og:site_name\" content=\"InfoPBA247\" \/>\n<meta property=\"article:publisher\" content=\"https:\/\/www.facebook.com\/InfoPBA\" \/>\n<meta property=\"article:published_time\" content=\"2025-10-31T17:48:29+00:00\" \/>\n<meta property=\"article:modified_time\" content=\"2025-10-31T17:48:31+00:00\" \/>\n<meta property=\"og:image\" content=\"https:\/\/infopba247.com.ar\/wp-content\/uploads\/2025\/10\/unnamed-10.png\" \/>\n\t<meta property=\"og:image:width\" content=\"1080\" \/>\n\t<meta property=\"og:image:height\" content=\"1440\" \/>\n\t<meta property=\"og:image:type\" content=\"image\/png\" \/>\n<meta name=\"author\" content=\"Editor\" \/>\n<meta name=\"twitter:card\" content=\"summary_large_image\" \/>\n<meta name=\"twitter:label1\" content=\"Escrito por\" \/>\n\t<meta name=\"twitter:data1\" content=\"Editor\" \/>\n\t<meta name=\"twitter:label2\" content=\"Tiempo de lectura\" \/>\n\t<meta name=\"twitter:data2\" content=\"2 minutos\" \/>\n<script type=\"application\/ld+json\" class=\"yoast-schema-graph\">{\"@context\":\"https:\\\/\\\/schema.org\",\"@graph\":[{\"@type\":\"Article\",\"@id\":\"https:\\\/\\\/infopba247.com.ar\\\/index.php\\\/2025\\\/10\\\/31\\\/se-viene-la-tercera-edicion-de-la-carrera-amo-mis-mamas\\\/#article\",\"isPartOf\":{\"@id\":\"https:\\\/\\\/infopba247.com.ar\\\/index.php\\\/2025\\\/10\\\/31\\\/se-viene-la-tercera-edicion-de-la-carrera-amo-mis-mamas\\\/\"},\"author\":{\"name\":\"Editor\",\"@id\":\"https:\\\/\\\/infopba247.com.ar\\\/#\\\/schema\\\/person\\\/4975f1343a413e57bf839b3eed0099f2\"},\"headline\":\"Se viene la tercera edici\u00f3n de la carrera \u201cAmo Mis Mamas\u201d\",\"datePublished\":\"2025-10-31T17:48:29+00:00\",\"dateModified\":\"2025-10-31T17:48:31+00:00\",\"mainEntityOfPage\":{\"@id\":\"https:\\\/\\\/infopba247.com.ar\\\/index.php\\\/2025\\\/10\\\/31\\\/se-viene-la-tercera-edicion-de-la-carrera-amo-mis-mamas\\\/\"},\"wordCount\":440,\"commentCount\":0,\"publisher\":{\"@id\":\"https:\\\/\\\/infopba247.com.ar\\\/#organization\"},\"image\":{\"@id\":\"https:\\\/\\\/infopba247.com.ar\\\/index.php\\\/2025\\\/10\\\/31\\\/se-viene-la-tercera-edicion-de-la-carrera-amo-mis-mamas\\\/#primaryimage\"},\"thumbnailUrl\":\"https:\\\/\\\/infopba247.com.ar\\\/wp-content\\\/uploads\\\/2025\\\/10\\\/unnamed-10.png\",\"articleSection\":[\"3ra Secci\u00f3n\",\"Destacadas\",\"Pol\u00edtica\"],\"inLanguage\":\"es\",\"potentialAction\":[{\"@type\":\"CommentAction\",\"name\":\"Comment\",\"target\":[\"https:\\\/\\\/infopba247.com.ar\\\/index.php\\\/2025\\\/10\\\/31\\\/se-viene-la-tercera-edicion-de-la-carrera-amo-mis-mamas\\\/#respond\"]}]},{\"@type\":\"WebPage\",\"@id\":\"https:\\\/\\\/infopba247.com.ar\\\/index.php\\\/2025\\\/10\\\/31\\\/se-viene-la-tercera-edicion-de-la-carrera-amo-mis-mamas\\\/\",\"url\":\"https:\\\/\\\/infopba247.com.ar\\\/index.php\\\/2025\\\/10\\\/31\\\/se-viene-la-tercera-edicion-de-la-carrera-amo-mis-mamas\\\/\",\"name\":\"Se viene la tercera edici\u00f3n de la carrera \u201cAmo Mis Mamas\u201d - InfoPBA247\",\"isPartOf\":{\"@id\":\"https:\\\/\\\/infopba247.com.ar\\\/#website\"},\"primaryImageOfPage\":{\"@id\":\"https:\\\/\\\/infopba247.com.ar\\\/index.php\\\/2025\\\/10\\\/31\\\/se-viene-la-tercera-edicion-de-la-carrera-amo-mis-mamas\\\/#primaryimage\"},\"image\":{\"@id\":\"https:\\\/\\\/infopba247.com.ar\\\/index.php\\\/2025\\\/10\\\/31\\\/se-viene-la-tercera-edicion-de-la-carrera-amo-mis-mamas\\\/#primaryimage\"},\"thumbnailUrl\":\"https:\\\/\\\/infopba247.com.ar\\\/wp-content\\\/uploads\\\/2025\\\/10\\\/unnamed-10.png\",\"datePublished\":\"2025-10-31T17:48:29+00:00\",\"dateModified\":\"2025-10-31T17:48:31+00:00\",\"breadcrumb\":{\"@id\":\"https:\\\/\\\/infopba247.com.ar\\\/index.php\\\/2025\\\/10\\\/31\\\/se-viene-la-tercera-edicion-de-la-carrera-amo-mis-mamas\\\/#breadcrumb\"},\"inLanguage\":\"es\",\"potentialAction\":[{\"@type\":\"ReadAction\",\"target\":[\"https:\\\/\\\/infopba247.com.ar\\\/index.php\\\/2025\\\/10\\\/31\\\/se-viene-la-tercera-edicion-de-la-carrera-amo-mis-mamas\\\/\"]}]},{\"@type\":\"ImageObject\",\"inLanguage\":\"es\",\"@id\":\"https:\\\/\\\/infopba247.com.ar\\\/index.php\\\/2025\\\/10\\\/31\\\/se-viene-la-tercera-edicion-de-la-carrera-amo-mis-mamas\\\/#primaryimage\",\"url\":\"https:\\\/\\\/infopba247.com.ar\\\/wp-content\\\/uploads\\\/2025\\\/10\\\/unnamed-10.png\",\"contentUrl\":\"https:\\\/\\\/infopba247.com.ar\\\/wp-content\\\/uploads\\\/2025\\\/10\\\/unnamed-10.png\",\"width\":1080,\"height\":1440},{\"@type\":\"BreadcrumbList\",\"@id\":\"https:\\\/\\\/infopba247.com.ar\\\/index.php\\\/2025\\\/10\\\/31\\\/se-viene-la-tercera-edicion-de-la-carrera-amo-mis-mamas\\\/#breadcrumb\",\"itemListElement\":[{\"@type\":\"ListItem\",\"position\":1,\"name\":\"Portada\",\"item\":\"https:\\\/\\\/infopba247.com.ar\\\/\"},{\"@type\":\"ListItem\",\"position\":2,\"name\":\"Se viene la tercera edici\u00f3n de la carrera \u201cAmo Mis Mamas\u201d\"}]},{\"@type\":\"WebSite\",\"@id\":\"https:\\\/\\\/infopba247.com.ar\\\/#website\",\"url\":\"https:\\\/\\\/infopba247.com.ar\\\/\",\"name\":\"InfoPBA247\",\"description\":\"Toda la actualidad bonaerense\",\"publisher\":{\"@id\":\"https:\\\/\\\/infopba247.com.ar\\\/#organization\"},\"potentialAction\":[{\"@type\":\"SearchAction\",\"target\":{\"@type\":\"EntryPoint\",\"urlTemplate\":\"https:\\\/\\\/infopba247.com.ar\\\/?s={search_term_string}\"},\"query-input\":{\"@type\":\"PropertyValueSpecification\",\"valueRequired\":true,\"valueName\":\"search_term_string\"}}],\"inLanguage\":\"es\"},{\"@type\":\"Organization\",\"@id\":\"https:\\\/\\\/infopba247.com.ar\\\/#organization\",\"name\":\"InfoPBA247\",\"url\":\"https:\\\/\\\/infopba247.com.ar\\\/\",\"logo\":{\"@type\":\"ImageObject\",\"inLanguage\":\"es\",\"@id\":\"https:\\\/\\\/infopba247.com.ar\\\/#\\\/schema\\\/logo\\\/image\\\/\",\"url\":\"https:\\\/\\\/infopba247.com.ar\\\/wp-content\\\/uploads\\\/2022\\\/03\\\/cropped-InfoPBA247-1.png\",\"contentUrl\":\"https:\\\/\\\/infopba247.com.ar\\\/wp-content\\\/uploads\\\/2022\\\/03\\\/cropped-InfoPBA247-1.png\",\"width\":500,\"height\":122,\"caption\":\"InfoPBA247\"},\"image\":{\"@id\":\"https:\\\/\\\/infopba247.com.ar\\\/#\\\/schema\\\/logo\\\/image\\\/\"},\"sameAs\":[\"https:\\\/\\\/www.facebook.com\\\/InfoPBA\"]},{\"@type\":\"Person\",\"@id\":\"https:\\\/\\\/infopba247.com.ar\\\/#\\\/schema\\\/person\\\/4975f1343a413e57bf839b3eed0099f2\",\"name\":\"Editor\",\"image\":{\"@type\":\"ImageObject\",\"inLanguage\":\"es\",\"@id\":\"https:\\\/\\\/secure.gravatar.com\\\/avatar\\\/d27fe9520667ca53441d36627a1d6b0fa4a813571ec4803687a7a3a7744685ac?s=96&d=mm&r=g\",\"url\":\"https:\\\/\\\/secure.gravatar.com\\\/avatar\\\/d27fe9520667ca53441d36627a1d6b0fa4a813571ec4803687a7a3a7744685ac?s=96&d=mm&r=g\",\"contentUrl\":\"https:\\\/\\\/secure.gravatar.com\\\/avatar\\\/d27fe9520667ca53441d36627a1d6b0fa4a813571ec4803687a7a3a7744685ac?s=96&d=mm&r=g\",\"caption\":\"Editor\"},\"url\":\"https:\\\/\\\/infopba247.com.ar\\\/index.php\\\/author\\\/editor\\\/\"}]}<\/script>\n<!-- \/ Yoast SEO plugin. -->","yoast_head_json":{"title":"Se viene la tercera edici\u00f3n de la carrera \u201cAmo Mis Mamas\u201d - InfoPBA247","robots":{"index":"index","follow":"follow","max-snippet":"max-snippet:-1","max-image-preview":"max-image-preview:large","max-video-preview":"max-video-preview:-1"},"canonical":"https:\/\/infopba247.com.ar\/index.php\/2025\/10\/31\/se-viene-la-tercera-edicion-de-la-carrera-amo-mis-mamas\/","og_locale":"es_ES","og_type":"article","og_title":"Se viene la tercera edici\u00f3n de la carrera \u201cAmo Mis Mamas\u201d - InfoPBA247","og_description":"Con el objetivo de concientizar a la comunidad sobre la importancia de realizar controles anuales para prevenir y tratar a","og_url":"https:\/\/infopba247.com.ar\/index.php\/2025\/10\/31\/se-viene-la-tercera-edicion-de-la-carrera-amo-mis-mamas\/","og_site_name":"InfoPBA247","article_publisher":"https:\/\/www.facebook.com\/InfoPBA","article_published_time":"2025-10-31T17:48:29+00:00","article_modified_time":"2025-10-31T17:48:31+00:00","og_image":[{"width":1080,"height":1440,"url":"https:\/\/infopba247.com.ar\/wp-content\/uploads\/2025\/10\/unnamed-10.png","type":"image\/png"}],"author":"Editor","twitter_card":"summary_large_image","twitter_misc":{"Escrito por":"Editor","Tiempo de lectura":"2 minutos"},"schema":{"@context":"https:\/\/schema.org","@graph":[{"@type":"Article","@id":"https:\/\/infopba247.com.ar\/index.php\/2025\/10\/31\/se-viene-la-tercera-edicion-de-la-carrera-amo-mis-mamas\/#article","isPartOf":{"@id":"https:\/\/infopba247.com.ar\/index.php\/2025\/10\/31\/se-viene-la-tercera-edicion-de-la-carrera-amo-mis-mamas\/"},"author":{"name":"Editor","@id":"https:\/\/infopba247.com.ar\/#\/schema\/person\/4975f1343a413e57bf839b3eed0099f2"},"headline":"Se viene la tercera edici\u00f3n de la carrera \u201cAmo Mis Mamas\u201d","datePublished":"2025-10-31T17:48:29+00:00","dateModified":"2025-10-31T17:48:31+00:00","mainEntityOfPage":{"@id":"https:\/\/infopba247.com.ar\/index.php\/2025\/10\/31\/se-viene-la-tercera-edicion-de-la-carrera-amo-mis-mamas\/"},"wordCount":440,"commentCount":0,"publisher":{"@id":"https:\/\/infopba247.com.ar\/#organization"},"image":{"@id":"https:\/\/infopba247.com.ar\/index.php\/2025\/10\/31\/se-viene-la-tercera-edicion-de-la-carrera-amo-mis-mamas\/#primaryimage"},"thumbnailUrl":"https:\/\/infopba247.com.ar\/wp-content\/uploads\/2025\/10\/unnamed-10.png","articleSection":["3ra Secci\u00f3n","Destacadas","Pol\u00edtica"],"inLanguage":"es","potentialAction":[{"@type":"CommentAction","name":"Comment","target":["https:\/\/infopba247.com.ar\/index.php\/2025\/10\/31\/se-viene-la-tercera-edicion-de-la-carrera-amo-mis-mamas\/#respond"]}]},{"@type":"WebPage","@id":"https:\/\/infopba247.com.ar\/index.php\/2025\/10\/31\/se-viene-la-tercera-edicion-de-la-carrera-amo-mis-mamas\/","url":"https:\/\/infopba247.com.ar\/index.php\/2025\/10\/31\/se-viene-la-tercera-edicion-de-la-carrera-amo-mis-mamas\/","name":"Se viene la tercera edici\u00f3n de la carrera \u201cAmo Mis Mamas\u201d - InfoPBA247","isPartOf":{"@id":"https:\/\/infopba247.com.ar\/#website"},"primaryImageOfPage":{"@id":"https:\/\/infopba247.com.ar\/index.php\/2025\/10\/31\/se-viene-la-tercera-edicion-de-la-carrera-amo-mis-mamas\/#primaryimage"},"image":{"@id":"https:\/\/infopba247.com.ar\/index.php\/2025\/10\/31\/se-viene-la-tercera-edicion-de-la-carrera-amo-mis-mamas\/#primaryimage"},"thumbnailUrl":"https:\/\/infopba247.com.ar\/wp-content\/uploads\/2025\/10\/unnamed-10.png","datePublished":"2025-10-31T17:48:29+00:00","dateModified":"2025-10-31T17:48:31+00:00","breadcrumb":{"@id":"https:\/\/infopba247.com.ar\/index.php\/2025\/10\/31\/se-viene-la-tercera-edicion-de-la-carrera-amo-mis-mamas\/#breadcrumb"},"inLanguage":"es","potentialAction":[{"@type":"ReadAction","target":["https:\/\/infopba247.com.ar\/index.php\/2025\/10\/31\/se-viene-la-tercera-edicion-de-la-carrera-amo-mis-mamas\/"]}]},{"@type":"ImageObject","inLanguage":"es","@id":"https:\/\/infopba247.com.ar\/index.php\/2025\/10\/31\/se-viene-la-tercera-edicion-de-la-carrera-amo-mis-mamas\/#primaryimage","url":"https:\/\/infopba247.com.ar\/wp-content\/uploads\/2025\/10\/unnamed-10.png","contentUrl":"https:\/\/infopba247.com.ar\/wp-content\/uploads\/2025\/10\/unnamed-10.png","width":1080,"height":1440},{"@type":"BreadcrumbList","@id":"https:\/\/infopba247.com.ar\/index.php\/2025\/10\/31\/se-viene-la-tercera-edicion-de-la-carrera-amo-mis-mamas\/#breadcrumb","itemListElement":[{"@type":"ListItem","position":1,"name":"Portada","item":"https:\/\/infopba247.com.ar\/"},{"@type":"ListItem","position":2,"name":"Se viene la tercera edici\u00f3n de la carrera \u201cAmo Mis Mamas\u201d"}]},{"@type":"WebSite","@id":"https:\/\/infopba247.com.ar\/#website","url":"https:\/\/infopba247.com.ar\/","name":"InfoPBA247","description":"Toda la actualidad bonaerense","publisher":{"@id":"https:\/\/infopba247.com.ar\/#organization"},"potentialAction":[{"@type":"SearchAction","target":{"@type":"EntryPoint","urlTemplate":"https:\/\/infopba247.com.ar\/?s={search_term_string}"},"query-input":{"@type":"PropertyValueSpecification","valueRequired":true,"valueName":"search_term_string"}}],"inLanguage":"es"},{"@type":"Organization","@id":"https:\/\/infopba247.com.ar\/#organization","name":"InfoPBA247","url":"https:\/\/infopba247.com.ar\/","logo":{"@type":"ImageObject","inLanguage":"es","@id":"https:\/\/infopba247.com.ar\/#\/schema\/logo\/image\/","url":"https:\/\/infopba247.com.ar\/wp-content\/uploads\/2022\/03\/cropped-InfoPBA247-1.png","contentUrl":"https:\/\/infopba247.com.ar\/wp-content\/uploads\/2022\/03\/cropped-InfoPBA247-1.png","width":500,"height":122,"caption":"InfoPBA247"},"image":{"@id":"https:\/\/infopba247.com.ar\/#\/schema\/logo\/image\/"},"sameAs":["https:\/\/www.facebook.com\/InfoPBA"]},{"@type":"Person","@id":"https:\/\/infopba247.com.ar\/#\/schema\/person\/4975f1343a413e57bf839b3eed0099f2","name":"Editor","image":{"@type":"ImageObject","inLanguage":"es","@id":"https:\/\/secure.gravatar.com\/avatar\/d27fe9520667ca53441d36627a1d6b0fa4a813571ec4803687a7a3a7744685ac?s=96&d=mm&r=g","url":"https:\/\/secure.gravatar.com\/avatar\/d27fe9520667ca53441d36627a1d6b0fa4a813571ec4803687a7a3a7744685ac?s=96&d=mm&r=g","contentUrl":"https:\/\/secure.gravatar.com\/avatar\/d27fe9520667ca53441d36627a1d6b0fa4a813571ec4803687a7a3a7744685ac?s=96&d=mm&r=g","caption":"Editor"},"url":"https:\/\/infopba247.com.ar\/index.php\/author\/editor\/"}]}},"_links":{"self":[{"href":"https:\/\/infopba247.com.ar\/index.php\/wp-json\/wp\/v2\/posts\/8236","targetHints":{"allow":["GET"]}}],"collection":[{"href":"https:\/\/infopba247.com.ar\/index.php\/wp-json\/wp\/v2\/posts"}],"about":[{"href":"https:\/\/infopba247.com.ar\/index.php\/wp-json\/wp\/v2\/types\/post"}],"author":[{"embeddable":true,"href":"https:\/\/infopba247.com.ar\/index.php\/wp-json\/wp\/v2\/users\/3"}],"replies":[{"embeddable":true,"href":"https:\/\/infopba247.com.ar\/index.php\/wp-json\/wp\/v2\/comments?post=8236"}],"version-history":[{"count":1,"href":"https:\/\/infopba247.com.ar\/index.php\/wp-json\/wp\/v2\/posts\/8236\/revisions"}],"predecessor-version":[{"id":8241,"href":"https:\/\/infopba247.com.ar\/index.php\/wp-json\/wp\/v2\/posts\/8236\/revisions\/8241"}],"wp:featuredmedia":[{"embeddable":true,"href":"https:\/\/infopba247.com.ar\/index.php\/wp-json\/wp\/v2\/media\/8239"}],"wp:attachment":[{"href":"https:\/\/infopba247.com.ar\/index.php\/wp-json\/wp\/v2\/media?parent=8236"}],"wp:term":[{"taxonomy":"category","embeddable":true,"href":"https:\/\/infopba247.com.ar\/index.php\/wp-json\/wp\/v2\/categories?post=8236"},{"taxonomy":"post_tag","embeddable":true,"href":"https:\/\/infopba247.com.ar\/index.php\/wp-json\/wp\/v2\/tags?post=8236"}],"curies":[{"name":"wp","href":"https:\/\/api.w.org\/{rel}","templated":true}]}}