{"id":8216,"date":"2025-10-28T15:03:09","date_gmt":"2025-10-28T18:03:09","guid":{"rendered":"https:\/\/infopba247.com.ar\/?p=8216"},"modified":"2025-10-28T15:04:48","modified_gmt":"2025-10-28T18:04:48","slug":"moreno-fortalece-los-derechos-de-las-nineces-y-adolescencias","status":"publish","type":"post","link":"https:\/\/infopba247.com.ar\/index.php\/2025\/10\/28\/moreno-fortalece-los-derechos-de-las-nineces-y-adolescencias\/","title":{"rendered":"Moreno fortalece los derechos de las ni\u00f1eces y adolescencias"},"content":{"rendered":"\n<p>A trav\u00e9s de acciones integrales de acompa\u00f1amiento con intervenci\u00f3n de equipos interdisciplinarios ante situaciones de vulneraci\u00f3n en todo el distrito<\/p>\n\n\n\n<p>El Municipio de Moreno, a trav\u00e9s del Servicio Local de Promoci\u00f3n y Protecci\u00f3n de Derechos de las Ni\u00f1eces y Adolescencias, contin\u00faa con su pol\u00edtica p\u00fablica de reforzar y fortalecer el cuidado y la protecci\u00f3n de cada ni\u00f1a, ni\u00f1o y adolescente del distrito.<\/p>\n\n\n\n<p>Estas acciones se llevan a cabo mediante la articulaci\u00f3n de equipos interdisciplinarios de profesionales y los Servicios Locales que intervienen ante situaciones de vulneraci\u00f3n de derechos y comprenden tanto la evaluaci\u00f3n, como el acompa\u00f1amiento, el asesoramiento y el seguimiento personalizado de quienes atraviesen dicha problem\u00e1tica. Adem\u00e1s, la Direcci\u00f3n General cuenta con un dispositivo de guardia permanente que se activa ante casos de extrema urgencia, a partir de denuncias policiales o derivaciones institucionales.<\/p>\n\n\n\n<p>El trabajo se desarrolla de manera descentralizada, con sedes distribuidas en distintos puntos del territorio, lo que permite una presencia cercana y territorial.<\/p>\n\n\n\n<p>Las oficinas se encuentran en:<\/p>\n\n\n\n<p>\u2022Moreno Norte: Espa\u00f1a 332 entre Independencia y Dorrego. Tel. 237 410 6132 \u2013 serviciolocal.morenonorte@moreno.gov.ar.<br>\u2022Moreno Sur: Juramento 1728, Unidad Sanitaria \u201cJuramento\u201d. Tel. 237 403 6608 \u2013 serviciolocal.morenosur@moreno.gov.ar.<br>\u2022Paso del Rey: CIC Sanguinetti, Corrientes 2301 esquina Luther King. Tel. 237 403 6970 \u2013 serviciolocal.pasodelrey@moreno.gov.ar.<br>\u2022Cuartel V: Unidad Sanitaria \u201cParque del Oeste\u201d, Perito Moreno 5451 entre Bonpland y Lavarden. Tel. 237 403 8313 \u2013 serviciolocal.cuartel@moreno.gov.ar.<br>\u2022Trujui: Centro C\u00edvico Trujui, Echeverr\u00eda 10546. Tel. 237 410 9594 \u2013 serviciolocal.trujui@moreno.gov.ar.<br>\u2022Francisco \u00c1lvarez y La Reja: sede central Espa\u00f1a 332. Tel. 237 410 7721 \u2013 serviciolocal.alvarez@moreno.gov.ar \u00f3 descentralizado: Unidad Sanitaria \u00ab\u00c1lvarez Centro\u00bb, Fray Mamerto Esqui\u00fa y Los Tulipaneros, martes de 9 a 16 horas y viernes de 13 a 16 horas.<\/p>\n\n\n\n<p>Con esta pol\u00edtica p\u00fablica, el Municipio reafirma su compromiso con la promoci\u00f3n y el cumplimiento efectivo de los derechos de las ni\u00f1eces y adolescencias morenenses.<\/p>\n","protected":false},"excerpt":{"rendered":"<p>A trav\u00e9s de acciones integrales de acompa\u00f1amiento con intervenci\u00f3n de equipos interdisciplinarios ante situaciones de vulneraci\u00f3n en todo el distrito<\/p>\n","protected":false},"author":3,"featured_media":0,"comment_status":"open","ping_status":"open","sticky":false,"template":"","format":"standard","meta":{"colormag_page_container_layout":"default_layout","colormag_page_sidebar_layout":"default_layout","footnotes":""},"categories":[5,1,14],"tags":[],"class_list":["post-8216","post","type-post","status-publish","format-standard","hentry","category-1ra-seccion","category-destacadas","category-politica"],"yoast_head":"<!-- This site is optimized with the Yoast SEO plugin v27.4 - https:\/\/yoast.com\/product\/yoast-seo-wordpress\/ -->\n<title>Moreno fortalece los derechos de las ni\u00f1eces y adolescencias - InfoPBA247<\/title>\n<meta name=\"robots\" content=\"index, follow, max-snippet:-1, max-image-preview:large, max-video-preview:-1\" \/>\n<link rel=\"canonical\" href=\"https:\/\/infopba247.com.ar\/index.php\/2025\/10\/28\/moreno-fortalece-los-derechos-de-las-nineces-y-adolescencias\/\" \/>\n<meta property=\"og:locale\" content=\"es_ES\" \/>\n<meta property=\"og:type\" content=\"article\" \/>\n<meta property=\"og:title\" content=\"Moreno fortalece los derechos de las ni\u00f1eces y adolescencias - InfoPBA247\" \/>\n<meta property=\"og:description\" content=\"A trav\u00e9s de acciones integrales de acompa\u00f1amiento con intervenci\u00f3n de equipos interdisciplinarios ante situaciones de vulneraci\u00f3n en todo el distrito\" \/>\n<meta property=\"og:url\" content=\"https:\/\/infopba247.com.ar\/index.php\/2025\/10\/28\/moreno-fortalece-los-derechos-de-las-nineces-y-adolescencias\/\" \/>\n<meta property=\"og:site_name\" content=\"InfoPBA247\" \/>\n<meta property=\"article:publisher\" content=\"https:\/\/www.facebook.com\/InfoPBA\" \/>\n<meta property=\"article:published_time\" content=\"2025-10-28T18:03:09+00:00\" \/>\n<meta property=\"article:modified_time\" content=\"2025-10-28T18:04:48+00:00\" \/>\n<meta name=\"author\" content=\"Editor\" \/>\n<meta name=\"twitter:card\" content=\"summary_large_image\" \/>\n<meta name=\"twitter:label1\" content=\"Escrito por\" \/>\n\t<meta name=\"twitter:data1\" content=\"Editor\" \/>\n\t<meta name=\"twitter:label2\" content=\"Tiempo de lectura\" \/>\n\t<meta name=\"twitter:data2\" content=\"2 minutos\" \/>\n<script type=\"application\/ld+json\" class=\"yoast-schema-graph\">{\"@context\":\"https:\\\/\\\/schema.org\",\"@graph\":[{\"@type\":\"Article\",\"@id\":\"https:\\\/\\\/infopba247.com.ar\\\/index.php\\\/2025\\\/10\\\/28\\\/moreno-fortalece-los-derechos-de-las-nineces-y-adolescencias\\\/#article\",\"isPartOf\":{\"@id\":\"https:\\\/\\\/infopba247.com.ar\\\/index.php\\\/2025\\\/10\\\/28\\\/moreno-fortalece-los-derechos-de-las-nineces-y-adolescencias\\\/\"},\"author\":{\"name\":\"Editor\",\"@id\":\"https:\\\/\\\/infopba247.com.ar\\\/#\\\/schema\\\/person\\\/4975f1343a413e57bf839b3eed0099f2\"},\"headline\":\"Moreno fortalece los derechos de las ni\u00f1eces y adolescencias\",\"datePublished\":\"2025-10-28T18:03:09+00:00\",\"dateModified\":\"2025-10-28T18:04:48+00:00\",\"mainEntityOfPage\":{\"@id\":\"https:\\\/\\\/infopba247.com.ar\\\/index.php\\\/2025\\\/10\\\/28\\\/moreno-fortalece-los-derechos-de-las-nineces-y-adolescencias\\\/\"},\"wordCount\":330,\"commentCount\":0,\"publisher\":{\"@id\":\"https:\\\/\\\/infopba247.com.ar\\\/#organization\"},\"articleSection\":[\"1ra Secci\u00f3n\",\"Destacadas\",\"Pol\u00edtica\"],\"inLanguage\":\"es\",\"potentialAction\":[{\"@type\":\"CommentAction\",\"name\":\"Comment\",\"target\":[\"https:\\\/\\\/infopba247.com.ar\\\/index.php\\\/2025\\\/10\\\/28\\\/moreno-fortalece-los-derechos-de-las-nineces-y-adolescencias\\\/#respond\"]}]},{\"@type\":\"WebPage\",\"@id\":\"https:\\\/\\\/infopba247.com.ar\\\/index.php\\\/2025\\\/10\\\/28\\\/moreno-fortalece-los-derechos-de-las-nineces-y-adolescencias\\\/\",\"url\":\"https:\\\/\\\/infopba247.com.ar\\\/index.php\\\/2025\\\/10\\\/28\\\/moreno-fortalece-los-derechos-de-las-nineces-y-adolescencias\\\/\",\"name\":\"Moreno fortalece los derechos de las ni\u00f1eces y adolescencias - InfoPBA247\",\"isPartOf\":{\"@id\":\"https:\\\/\\\/infopba247.com.ar\\\/#website\"},\"datePublished\":\"2025-10-28T18:03:09+00:00\",\"dateModified\":\"2025-10-28T18:04:48+00:00\",\"breadcrumb\":{\"@id\":\"https:\\\/\\\/infopba247.com.ar\\\/index.php\\\/2025\\\/10\\\/28\\\/moreno-fortalece-los-derechos-de-las-nineces-y-adolescencias\\\/#breadcrumb\"},\"inLanguage\":\"es\",\"potentialAction\":[{\"@type\":\"ReadAction\",\"target\":[\"https:\\\/\\\/infopba247.com.ar\\\/index.php\\\/2025\\\/10\\\/28\\\/moreno-fortalece-los-derechos-de-las-nineces-y-adolescencias\\\/\"]}]},{\"@type\":\"BreadcrumbList\",\"@id\":\"https:\\\/\\\/infopba247.com.ar\\\/index.php\\\/2025\\\/10\\\/28\\\/moreno-fortalece-los-derechos-de-las-nineces-y-adolescencias\\\/#breadcrumb\",\"itemListElement\":[{\"@type\":\"ListItem\",\"position\":1,\"name\":\"Portada\",\"item\":\"https:\\\/\\\/infopba247.com.ar\\\/\"},{\"@type\":\"ListItem\",\"position\":2,\"name\":\"Moreno fortalece los derechos de las ni\u00f1eces y adolescencias\"}]},{\"@type\":\"WebSite\",\"@id\":\"https:\\\/\\\/infopba247.com.ar\\\/#website\",\"url\":\"https:\\\/\\\/infopba247.com.ar\\\/\",\"name\":\"InfoPBA247\",\"description\":\"Toda la actualidad bonaerense\",\"publisher\":{\"@id\":\"https:\\\/\\\/infopba247.com.ar\\\/#organization\"},\"potentialAction\":[{\"@type\":\"SearchAction\",\"target\":{\"@type\":\"EntryPoint\",\"urlTemplate\":\"https:\\\/\\\/infopba247.com.ar\\\/?s={search_term_string}\"},\"query-input\":{\"@type\":\"PropertyValueSpecification\",\"valueRequired\":true,\"valueName\":\"search_term_string\"}}],\"inLanguage\":\"es\"},{\"@type\":\"Organization\",\"@id\":\"https:\\\/\\\/infopba247.com.ar\\\/#organization\",\"name\":\"InfoPBA247\",\"url\":\"https:\\\/\\\/infopba247.com.ar\\\/\",\"logo\":{\"@type\":\"ImageObject\",\"inLanguage\":\"es\",\"@id\":\"https:\\\/\\\/infopba247.com.ar\\\/#\\\/schema\\\/logo\\\/image\\\/\",\"url\":\"https:\\\/\\\/infopba247.com.ar\\\/wp-content\\\/uploads\\\/2022\\\/03\\\/cropped-InfoPBA247-1.png\",\"contentUrl\":\"https:\\\/\\\/infopba247.com.ar\\\/wp-content\\\/uploads\\\/2022\\\/03\\\/cropped-InfoPBA247-1.png\",\"width\":500,\"height\":122,\"caption\":\"InfoPBA247\"},\"image\":{\"@id\":\"https:\\\/\\\/infopba247.com.ar\\\/#\\\/schema\\\/logo\\\/image\\\/\"},\"sameAs\":[\"https:\\\/\\\/www.facebook.com\\\/InfoPBA\"]},{\"@type\":\"Person\",\"@id\":\"https:\\\/\\\/infopba247.com.ar\\\/#\\\/schema\\\/person\\\/4975f1343a413e57bf839b3eed0099f2\",\"name\":\"Editor\",\"image\":{\"@type\":\"ImageObject\",\"inLanguage\":\"es\",\"@id\":\"https:\\\/\\\/secure.gravatar.com\\\/avatar\\\/d27fe9520667ca53441d36627a1d6b0fa4a813571ec4803687a7a3a7744685ac?s=96&d=mm&r=g\",\"url\":\"https:\\\/\\\/secure.gravatar.com\\\/avatar\\\/d27fe9520667ca53441d36627a1d6b0fa4a813571ec4803687a7a3a7744685ac?s=96&d=mm&r=g\",\"contentUrl\":\"https:\\\/\\\/secure.gravatar.com\\\/avatar\\\/d27fe9520667ca53441d36627a1d6b0fa4a813571ec4803687a7a3a7744685ac?s=96&d=mm&r=g\",\"caption\":\"Editor\"},\"url\":\"https:\\\/\\\/infopba247.com.ar\\\/index.php\\\/author\\\/editor\\\/\"}]}<\/script>\n<!-- \/ Yoast SEO plugin. -->","yoast_head_json":{"title":"Moreno fortalece los derechos de las ni\u00f1eces y adolescencias - InfoPBA247","robots":{"index":"index","follow":"follow","max-snippet":"max-snippet:-1","max-image-preview":"max-image-preview:large","max-video-preview":"max-video-preview:-1"},"canonical":"https:\/\/infopba247.com.ar\/index.php\/2025\/10\/28\/moreno-fortalece-los-derechos-de-las-nineces-y-adolescencias\/","og_locale":"es_ES","og_type":"article","og_title":"Moreno fortalece los derechos de las ni\u00f1eces y adolescencias - InfoPBA247","og_description":"A trav\u00e9s de acciones integrales de acompa\u00f1amiento con intervenci\u00f3n de equipos interdisciplinarios ante situaciones de vulneraci\u00f3n en todo el distrito","og_url":"https:\/\/infopba247.com.ar\/index.php\/2025\/10\/28\/moreno-fortalece-los-derechos-de-las-nineces-y-adolescencias\/","og_site_name":"InfoPBA247","article_publisher":"https:\/\/www.facebook.com\/InfoPBA","article_published_time":"2025-10-28T18:03:09+00:00","article_modified_time":"2025-10-28T18:04:48+00:00","author":"Editor","twitter_card":"summary_large_image","twitter_misc":{"Escrito por":"Editor","Tiempo de lectura":"2 minutos"},"schema":{"@context":"https:\/\/schema.org","@graph":[{"@type":"Article","@id":"https:\/\/infopba247.com.ar\/index.php\/2025\/10\/28\/moreno-fortalece-los-derechos-de-las-nineces-y-adolescencias\/#article","isPartOf":{"@id":"https:\/\/infopba247.com.ar\/index.php\/2025\/10\/28\/moreno-fortalece-los-derechos-de-las-nineces-y-adolescencias\/"},"author":{"name":"Editor","@id":"https:\/\/infopba247.com.ar\/#\/schema\/person\/4975f1343a413e57bf839b3eed0099f2"},"headline":"Moreno fortalece los derechos de las ni\u00f1eces y adolescencias","datePublished":"2025-10-28T18:03:09+00:00","dateModified":"2025-10-28T18:04:48+00:00","mainEntityOfPage":{"@id":"https:\/\/infopba247.com.ar\/index.php\/2025\/10\/28\/moreno-fortalece-los-derechos-de-las-nineces-y-adolescencias\/"},"wordCount":330,"commentCount":0,"publisher":{"@id":"https:\/\/infopba247.com.ar\/#organization"},"articleSection":["1ra Secci\u00f3n","Destacadas","Pol\u00edtica"],"inLanguage":"es","potentialAction":[{"@type":"CommentAction","name":"Comment","target":["https:\/\/infopba247.com.ar\/index.php\/2025\/10\/28\/moreno-fortalece-los-derechos-de-las-nineces-y-adolescencias\/#respond"]}]},{"@type":"WebPage","@id":"https:\/\/infopba247.com.ar\/index.php\/2025\/10\/28\/moreno-fortalece-los-derechos-de-las-nineces-y-adolescencias\/","url":"https:\/\/infopba247.com.ar\/index.php\/2025\/10\/28\/moreno-fortalece-los-derechos-de-las-nineces-y-adolescencias\/","name":"Moreno fortalece los derechos de las ni\u00f1eces y adolescencias - InfoPBA247","isPartOf":{"@id":"https:\/\/infopba247.com.ar\/#website"},"datePublished":"2025-10-28T18:03:09+00:00","dateModified":"2025-10-28T18:04:48+00:00","breadcrumb":{"@id":"https:\/\/infopba247.com.ar\/index.php\/2025\/10\/28\/moreno-fortalece-los-derechos-de-las-nineces-y-adolescencias\/#breadcrumb"},"inLanguage":"es","potentialAction":[{"@type":"ReadAction","target":["https:\/\/infopba247.com.ar\/index.php\/2025\/10\/28\/moreno-fortalece-los-derechos-de-las-nineces-y-adolescencias\/"]}]},{"@type":"BreadcrumbList","@id":"https:\/\/infopba247.com.ar\/index.php\/2025\/10\/28\/moreno-fortalece-los-derechos-de-las-nineces-y-adolescencias\/#breadcrumb","itemListElement":[{"@type":"ListItem","position":1,"name":"Portada","item":"https:\/\/infopba247.com.ar\/"},{"@type":"ListItem","position":2,"name":"Moreno fortalece los derechos de las ni\u00f1eces y adolescencias"}]},{"@type":"WebSite","@id":"https:\/\/infopba247.com.ar\/#website","url":"https:\/\/infopba247.com.ar\/","name":"InfoPBA247","description":"Toda la actualidad bonaerense","publisher":{"@id":"https:\/\/infopba247.com.ar\/#organization"},"potentialAction":[{"@type":"SearchAction","target":{"@type":"EntryPoint","urlTemplate":"https:\/\/infopba247.com.ar\/?s={search_term_string}"},"query-input":{"@type":"PropertyValueSpecification","valueRequired":true,"valueName":"search_term_string"}}],"inLanguage":"es"},{"@type":"Organization","@id":"https:\/\/infopba247.com.ar\/#organization","name":"InfoPBA247","url":"https:\/\/infopba247.com.ar\/","logo":{"@type":"ImageObject","inLanguage":"es","@id":"https:\/\/infopba247.com.ar\/#\/schema\/logo\/image\/","url":"https:\/\/infopba247.com.ar\/wp-content\/uploads\/2022\/03\/cropped-InfoPBA247-1.png","contentUrl":"https:\/\/infopba247.com.ar\/wp-content\/uploads\/2022\/03\/cropped-InfoPBA247-1.png","width":500,"height":122,"caption":"InfoPBA247"},"image":{"@id":"https:\/\/infopba247.com.ar\/#\/schema\/logo\/image\/"},"sameAs":["https:\/\/www.facebook.com\/InfoPBA"]},{"@type":"Person","@id":"https:\/\/infopba247.com.ar\/#\/schema\/person\/4975f1343a413e57bf839b3eed0099f2","name":"Editor","image":{"@type":"ImageObject","inLanguage":"es","@id":"https:\/\/secure.gravatar.com\/avatar\/d27fe9520667ca53441d36627a1d6b0fa4a813571ec4803687a7a3a7744685ac?s=96&d=mm&r=g","url":"https:\/\/secure.gravatar.com\/avatar\/d27fe9520667ca53441d36627a1d6b0fa4a813571ec4803687a7a3a7744685ac?s=96&d=mm&r=g","contentUrl":"https:\/\/secure.gravatar.com\/avatar\/d27fe9520667ca53441d36627a1d6b0fa4a813571ec4803687a7a3a7744685ac?s=96&d=mm&r=g","caption":"Editor"},"url":"https:\/\/infopba247.com.ar\/index.php\/author\/editor\/"}]}},"_links":{"self":[{"href":"https:\/\/infopba247.com.ar\/index.php\/wp-json\/wp\/v2\/posts\/8216","targetHints":{"allow":["GET"]}}],"collection":[{"href":"https:\/\/infopba247.com.ar\/index.php\/wp-json\/wp\/v2\/posts"}],"about":[{"href":"https:\/\/infopba247.com.ar\/index.php\/wp-json\/wp\/v2\/types\/post"}],"author":[{"embeddable":true,"href":"https:\/\/infopba247.com.ar\/index.php\/wp-json\/wp\/v2\/users\/3"}],"replies":[{"embeddable":true,"href":"https:\/\/infopba247.com.ar\/index.php\/wp-json\/wp\/v2\/comments?post=8216"}],"version-history":[{"count":1,"href":"https:\/\/infopba247.com.ar\/index.php\/wp-json\/wp\/v2\/posts\/8216\/revisions"}],"predecessor-version":[{"id":8217,"href":"https:\/\/infopba247.com.ar\/index.php\/wp-json\/wp\/v2\/posts\/8216\/revisions\/8217"}],"wp:attachment":[{"href":"https:\/\/infopba247.com.ar\/index.php\/wp-json\/wp\/v2\/media?parent=8216"}],"wp:term":[{"taxonomy":"category","embeddable":true,"href":"https:\/\/infopba247.com.ar\/index.php\/wp-json\/wp\/v2\/categories?post=8216"},{"taxonomy":"post_tag","embeddable":true,"href":"https:\/\/infopba247.com.ar\/index.php\/wp-json\/wp\/v2\/tags?post=8216"}],"curies":[{"name":"wp","href":"https:\/\/api.w.org\/{rel}","templated":true}]}}