{"id":8208,"date":"2025-10-28T15:00:30","date_gmt":"2025-10-28T18:00:30","guid":{"rendered":"https:\/\/infopba247.com.ar\/?p=8208"},"modified":"2025-10-28T15:00:33","modified_gmt":"2025-10-28T18:00:33","slug":"la-provincia-creo-una-red-de-hospitales-para-tratar-a-tiempo-los-acv","status":"publish","type":"post","link":"https:\/\/infopba247.com.ar\/index.php\/2025\/10\/28\/la-provincia-creo-una-red-de-hospitales-para-tratar-a-tiempo-los-acv\/","title":{"rendered":"La Provincia cre\u00f3 una red de hospitales para tratar a tiempo los ACV"},"content":{"rendered":"\n<p>La boca torcida, debilidad en una pierna o en un brazo, inestabilidad al caminar, problemas para hablar o comprender. Cualquiera de estos s\u00edntomas, juntos o por separado y de aparici\u00f3n repentina, pueden indicar que una persona est\u00e1 viviendo un accidente cerebrovascular (ACV), una enfermedad tiempo-dependiente, donde cada minuto resulta determinante para el pron\u00f3stico funcional y vital de quien lo padece. Llegar cuanto antes al hospital es lo m\u00e1s importante para reducir el riesgo de morir o de quedar con una discapacidad.<\/p>\n\n\n\n<p>En coincidencia con el D\u00eda Mundial del Accidente Cerebrovascular, que se conmemora todos los 29 de octubre para sensibilizar sobre la prevalencia de esta enfermedad, especialistas de la cartera sanitaria bonaerense presentaron la Red de Atenci\u00f3n para Accidentes Cerebrovasculares en la PBA y explicaron cu\u00e1les son los factores que aumentan el riesgo de padecerlos y c\u00f3mo se pueden prevenir.<\/p>\n\n\n\n<p>Se calcula que en el pa\u00eds, una persona tiene un ACV cada 4 minutos. Estos eventos constituyen la primera causa de discapacidad y la tercera de muerte. No obstante, si se act\u00faa r\u00e1pido y se trata dentro de las primeras cuatro horas desde el inicio de los s\u00edntomas es posible evitar esas consecuencias.<\/p>\n\n\n\n<p>Abordar un accidente cerebrovascular requiere profesionales especialmente capacitados y hospitales con equipamiento de alta complejidad como tom\u00f3grafos, angi\u00f3grafos y resonadores. Por eso, este a\u00f1o, el ministerio de Salud bonaerense realiz\u00f3 capacitaciones espec\u00edficas, un relevamiento de recursos y reforz\u00f3 con tecnolog\u00eda su sistema sanitario para crear una red robusta y \u00e1gil que ofrezca asistencia integral de personas con ACV.<\/p>\n\n\n\n<p>\u201cEl desaf\u00edo fue grande porque la Provincia de Buenos Aires tiene una extensi\u00f3n que supera los 307 mil kil\u00f3metros cuadrados y esta dispersi\u00f3n territorial requiri\u00f3 planificar muy bien la organizaci\u00f3n de los recursos para garantizar una respuesta sanitaria oportuna, equitativa y coordinada\u201d, explic\u00f3 el jefe de la Unidad de ACV del hospital provincial San Mart\u00edn, de La Plata, Leandro Tumino.<\/p>\n\n\n\n<p>En este momento, esa red bonaerense est\u00e1 conformada por 24 hospitales p\u00fablicos de la PBA: Penna de Bah\u00eda Blanca, Julio de Vedia de 9 de Julio, Abraham Pi\u00f1eyro de Jun\u00edn, San Felipe de San Nicol\u00e1s, San Jos\u00e9 de Pergamino, Eva Per\u00f3n y Belgrano de San Mart\u00edn, Cordero de San Fernando, Mel\u00e9ndez de Adrogu\u00e9, Evita de Berazategui, Universitario Interzonal de Ezeiza, El Cruce de Florencio Varela, Carrillo de Tres de Febrero, Alende de Mar del Plata, hospital de Las Flores, Dubarry de Mercedes, San Mart\u00edn, Rossi y Korn de La Plata, Videla Dorna de Monte, Simplemente Evita, Paroissien y Balestrini de La Matanza.<\/p>\n\n\n\n<p>Ahora \u00bfQu\u00e9 sucede en el cuerpo cuando tenemos un ACV? Una persona sufre un accidente cerebrovascular cuando la sangre no puede llegar a una parte del cerebro, algo que suele suceder porque una arteria se encuentra tapada por un trombo o co\u00e1gulo o bien porque la arteria se rompe y provoca una hemorragia. En el primer caso se habla de ACV isqu\u00e9mico y en el segundo, de ACV hemorr\u00e1gico. Los desencadenantes son m\u00faltiples y muchos tienen que ver con h\u00e1bitos y enfermedades no controladas.<\/p>\n\n\n\n<p>R\u00e1nking de factores de riesgo<\/p>\n\n\n\n<p>Desde la cartera sanitaria bonaerense insisten en que los accidentes cerebrovasculares se pueden prevenir con cuidados, cambio de h\u00e1bitos y el control de enfermedades que predisponen a padecerlos.<\/p>\n\n\n\n<p>\u201cLejos, el factor de riesgo m\u00e1s frecuente es la hipertensi\u00f3n arterial no controlada, el h\u00e1bito tab\u00e1quico, la diabetes no controlada, las dislipemias (colesterol alto), la obesidad y el sedentarismo\u201d, explic\u00f3 Tumino. Estos son factores que se pueden modificar y as\u00ed reducir las posibilidades de sufrir un ACV. Pero tambi\u00e9n hay otras variables que no se pueden cambiar y que predisponen a padecerlo, como por ejemplo la edad (a mayor edad m\u00e1s riesgo) y ser var\u00f3n.<\/p>\n\n\n\n<p>En conclusi\u00f3n, para prevenir un ACV es clave mantener una alimentaci\u00f3n segura, sana y sustentable, disminuir el consumo de sal y alimentos ultraprocesados, realizar actividad f\u00edsica regular y no fumar. Tambi\u00e9n es clave realizar consultas peri\u00f3dicas con el equipo de salud, sobre todo en caso de tener hipertensi\u00f3n arterial o diabetes.<\/p>\n\n\n\n<p>AIT: LA PREVIA DE UN ACV QUE MUCHOS IGNORAN<\/p>\n\n\n\n<p>Especialistas en salud cerebrovascular advierten que, en los \u00faltimos a\u00f1os atienden, cada vez con m\u00e1s frecuencia, a pacientes j\u00f3venes con s\u00edntomas de un Ataque Isqu\u00e9mico Transitorio (AIT), una cuadro previo que \u201cavisa\u201d que la persona tendr\u00e1, en el corto o mediano plazo, un accidente cerebrovascular.<\/p>\n\n\n\n<p>Estos eventos que suelen pasar desapercibidos para quienes los atraviesan pueden durar desde unos pocos minutos hasta 24 horas y manifiestarse del mismo modo que un accidente cerebrovascular, como problemas para comprender o hablar, dificultad para moverse o par\u00e1lisis de una parte del cuerpo.<\/p>\n\n\n\n<p>\u201cMucha gente subestima este tipo de ataques por su corta duraci\u00f3n, algunos creen que es cansancio y se acuestan, toman agua, huelen alcohol, es decir, no lo registran como un problema que requiere una consulta urgente por guardia\u201d, explic\u00f3 el jefe de la Unidad de ACV del hospital San Mart\u00edn de La Plata, Leandro Tumino. Y enfatiz\u00f3 que en estos casos, una consulta inmediata \u201cposibilita prevenir un futuro ACV con medicaci\u00f3n y cambios de h\u00e1bitos\u201d.<\/p>\n\n\n\n<ul class=\"wp-block-list\">\n<li><a href=\"https:\/\/postpolitico.com.ar\/capacitacion-inclusion-y-participacion-marcan-la-nueva-agenda-de-mujeres-y-diversidades\/\">Capacitaci\u00f3n, inclusi\u00f3n y participaci\u00f3n marcan la nueva agenda de mujeres y diversidades<\/a><\/li>\n\n\n\n<li><\/li>\n<\/ul>\n\n\n\n<h3 class=\"wp-block-heading\" id=\"reply-title\">Deja una respuesta<small><\/small><\/h3>\n\n\n\n<p>Tu direcci\u00f3n de correo electr\u00f3nico no ser\u00e1 publicada.&nbsp;Los campos obligatorios est\u00e1n marcados con&nbsp;*<\/p>\n\n\n\n<p>Comentario&nbsp;*<\/p>\n\n\n\n<p>Nombre&nbsp;*<\/p>\n\n\n\n<p>Correo electr\u00f3nico&nbsp;*<\/p>\n\n\n\n<p>Web<\/p>\n\n\n\n<h3 class=\"wp-block-heading\">\u00daltimas noticias<\/h3>\n\n\n\n<p><a href=\"https:\/\/postpolitico.com.ar\/la-provincia-creo-una-red-de-hospitales-para-tratar-a-tiempo-los-acv\/\"><\/a><\/p>\n\n\n\n<p><a href=\"https:\/\/postpolitico.com.ar\/category\/provincial\/\">Provincial<\/a><\/p>\n\n\n\n<h3 class=\"wp-block-heading\"><a href=\"https:\/\/postpolitico.com.ar\/la-provincia-creo-una-red-de-hospitales-para-tratar-a-tiempo-los-acv\/\">La Provincia cre\u00f3 una red de hospitales para tratar a tiempo los ACV<\/a><\/h3>\n\n\n\n<p><a href=\"https:\/\/postpolitico.com.ar\/la-provincia-creo-una-red-de-hospitales-para-tratar-a-tiempo-los-acv\/\"><time datetime=\"2025-10-28T14:52:59-03:00\">28 octubre, 2025<\/time><\/a><a href=\"https:\/\/postpolitico.com.ar\/author\/editor\/\">Editor<\/a><\/p>\n\n\n\n<p>La boca torcida, debilidad en una pierna o en un brazo, inestabilidad al caminar, problemas para hablar o comprender. Cualquiera<\/p>\n\n\n\n<p><a href=\"https:\/\/postpolitico.com.ar\/capacitacion-inclusion-y-participacion-marcan-la-nueva-agenda-de-mujeres-y-diversidades\/\"><\/a><\/p>\n\n\n\n<h3 class=\"wp-block-heading\"><a href=\"https:\/\/postpolitico.com.ar\/capacitacion-inclusion-y-participacion-marcan-la-nueva-agenda-de-mujeres-y-diversidades\/\">Capacitaci\u00f3n, inclusi\u00f3n y participaci\u00f3n marcan la nueva agenda de mujeres y diversidades<\/a><\/h3>\n\n\n\n<p><a href=\"https:\/\/postpolitico.com.ar\/capacitacion-inclusion-y-participacion-marcan-la-nueva-agenda-de-mujeres-y-diversidades\/\"><time datetime=\"2025-10-28T14:32:26-03:00\">28 octubre, 2025<\/time><\/a><\/p>\n","protected":false},"excerpt":{"rendered":"<p>La boca torcida, debilidad en una pierna o en un brazo, inestabilidad al caminar, problemas para hablar o comprender. Cualquiera<\/p>\n","protected":false},"author":3,"featured_media":8211,"comment_status":"open","ping_status":"open","sticky":false,"template":"","format":"standard","meta":{"colormag_page_container_layout":"default_layout","colormag_page_sidebar_layout":"default_layout","footnotes":""},"categories":[1,14],"tags":[],"class_list":["post-8208","post","type-post","status-publish","format-standard","has-post-thumbnail","hentry","category-destacadas","category-politica"],"yoast_head":"<!-- This site is optimized with the Yoast SEO plugin v27.5 - https:\/\/yoast.com\/product\/yoast-seo-wordpress\/ -->\n<title>La Provincia cre\u00f3 una red de hospitales para tratar a tiempo los ACV - InfoPBA247<\/title>\n<meta name=\"robots\" content=\"index, follow, max-snippet:-1, max-image-preview:large, max-video-preview:-1\" \/>\n<link rel=\"canonical\" href=\"https:\/\/infopba247.com.ar\/index.php\/2025\/10\/28\/la-provincia-creo-una-red-de-hospitales-para-tratar-a-tiempo-los-acv\/\" \/>\n<meta property=\"og:locale\" content=\"es_ES\" \/>\n<meta property=\"og:type\" content=\"article\" \/>\n<meta property=\"og:title\" content=\"La Provincia cre\u00f3 una red de hospitales para tratar a tiempo los ACV - InfoPBA247\" \/>\n<meta property=\"og:description\" content=\"La boca torcida, debilidad en una pierna o en un brazo, inestabilidad al caminar, problemas para hablar o comprender. Cualquiera\" \/>\n<meta property=\"og:url\" content=\"https:\/\/infopba247.com.ar\/index.php\/2025\/10\/28\/la-provincia-creo-una-red-de-hospitales-para-tratar-a-tiempo-los-acv\/\" \/>\n<meta property=\"og:site_name\" content=\"InfoPBA247\" \/>\n<meta property=\"article:publisher\" content=\"https:\/\/www.facebook.com\/InfoPBA\" \/>\n<meta property=\"article:published_time\" content=\"2025-10-28T18:00:30+00:00\" \/>\n<meta property=\"article:modified_time\" content=\"2025-10-28T18:00:33+00:00\" \/>\n<meta property=\"og:image\" content=\"https:\/\/infopba247.com.ar\/wp-content\/uploads\/2025\/10\/ACV1-scaled.jpg\" \/>\n\t<meta property=\"og:image:width\" content=\"2560\" \/>\n\t<meta property=\"og:image:height\" content=\"1707\" \/>\n\t<meta property=\"og:image:type\" content=\"image\/jpeg\" \/>\n<meta name=\"author\" content=\"Editor\" \/>\n<meta name=\"twitter:card\" content=\"summary_large_image\" \/>\n<meta name=\"twitter:label1\" content=\"Escrito por\" \/>\n\t<meta name=\"twitter:data1\" content=\"Editor\" \/>\n\t<meta name=\"twitter:label2\" content=\"Tiempo de lectura\" \/>\n\t<meta name=\"twitter:data2\" content=\"5 minutos\" \/>\n<script type=\"application\/ld+json\" class=\"yoast-schema-graph\">{\"@context\":\"https:\\\/\\\/schema.org\",\"@graph\":[{\"@type\":\"Article\",\"@id\":\"https:\\\/\\\/infopba247.com.ar\\\/index.php\\\/2025\\\/10\\\/28\\\/la-provincia-creo-una-red-de-hospitales-para-tratar-a-tiempo-los-acv\\\/#article\",\"isPartOf\":{\"@id\":\"https:\\\/\\\/infopba247.com.ar\\\/index.php\\\/2025\\\/10\\\/28\\\/la-provincia-creo-una-red-de-hospitales-para-tratar-a-tiempo-los-acv\\\/\"},\"author\":{\"name\":\"Editor\",\"@id\":\"https:\\\/\\\/infopba247.com.ar\\\/#\\\/schema\\\/person\\\/4975f1343a413e57bf839b3eed0099f2\"},\"headline\":\"La Provincia cre\u00f3 una red de hospitales para tratar a tiempo los ACV\",\"datePublished\":\"2025-10-28T18:00:30+00:00\",\"dateModified\":\"2025-10-28T18:00:33+00:00\",\"mainEntityOfPage\":{\"@id\":\"https:\\\/\\\/infopba247.com.ar\\\/index.php\\\/2025\\\/10\\\/28\\\/la-provincia-creo-una-red-de-hospitales-para-tratar-a-tiempo-los-acv\\\/\"},\"wordCount\":998,\"commentCount\":0,\"publisher\":{\"@id\":\"https:\\\/\\\/infopba247.com.ar\\\/#organization\"},\"image\":{\"@id\":\"https:\\\/\\\/infopba247.com.ar\\\/index.php\\\/2025\\\/10\\\/28\\\/la-provincia-creo-una-red-de-hospitales-para-tratar-a-tiempo-los-acv\\\/#primaryimage\"},\"thumbnailUrl\":\"https:\\\/\\\/infopba247.com.ar\\\/wp-content\\\/uploads\\\/2025\\\/10\\\/ACV1-scaled.jpg\",\"articleSection\":[\"Destacadas\",\"Pol\u00edtica\"],\"inLanguage\":\"es\",\"potentialAction\":[{\"@type\":\"CommentAction\",\"name\":\"Comment\",\"target\":[\"https:\\\/\\\/infopba247.com.ar\\\/index.php\\\/2025\\\/10\\\/28\\\/la-provincia-creo-una-red-de-hospitales-para-tratar-a-tiempo-los-acv\\\/#respond\"]}]},{\"@type\":\"WebPage\",\"@id\":\"https:\\\/\\\/infopba247.com.ar\\\/index.php\\\/2025\\\/10\\\/28\\\/la-provincia-creo-una-red-de-hospitales-para-tratar-a-tiempo-los-acv\\\/\",\"url\":\"https:\\\/\\\/infopba247.com.ar\\\/index.php\\\/2025\\\/10\\\/28\\\/la-provincia-creo-una-red-de-hospitales-para-tratar-a-tiempo-los-acv\\\/\",\"name\":\"La Provincia cre\u00f3 una red de hospitales para tratar a tiempo los ACV - InfoPBA247\",\"isPartOf\":{\"@id\":\"https:\\\/\\\/infopba247.com.ar\\\/#website\"},\"primaryImageOfPage\":{\"@id\":\"https:\\\/\\\/infopba247.com.ar\\\/index.php\\\/2025\\\/10\\\/28\\\/la-provincia-creo-una-red-de-hospitales-para-tratar-a-tiempo-los-acv\\\/#primaryimage\"},\"image\":{\"@id\":\"https:\\\/\\\/infopba247.com.ar\\\/index.php\\\/2025\\\/10\\\/28\\\/la-provincia-creo-una-red-de-hospitales-para-tratar-a-tiempo-los-acv\\\/#primaryimage\"},\"thumbnailUrl\":\"https:\\\/\\\/infopba247.com.ar\\\/wp-content\\\/uploads\\\/2025\\\/10\\\/ACV1-scaled.jpg\",\"datePublished\":\"2025-10-28T18:00:30+00:00\",\"dateModified\":\"2025-10-28T18:00:33+00:00\",\"breadcrumb\":{\"@id\":\"https:\\\/\\\/infopba247.com.ar\\\/index.php\\\/2025\\\/10\\\/28\\\/la-provincia-creo-una-red-de-hospitales-para-tratar-a-tiempo-los-acv\\\/#breadcrumb\"},\"inLanguage\":\"es\",\"potentialAction\":[{\"@type\":\"ReadAction\",\"target\":[\"https:\\\/\\\/infopba247.com.ar\\\/index.php\\\/2025\\\/10\\\/28\\\/la-provincia-creo-una-red-de-hospitales-para-tratar-a-tiempo-los-acv\\\/\"]}]},{\"@type\":\"ImageObject\",\"inLanguage\":\"es\",\"@id\":\"https:\\\/\\\/infopba247.com.ar\\\/index.php\\\/2025\\\/10\\\/28\\\/la-provincia-creo-una-red-de-hospitales-para-tratar-a-tiempo-los-acv\\\/#primaryimage\",\"url\":\"https:\\\/\\\/infopba247.com.ar\\\/wp-content\\\/uploads\\\/2025\\\/10\\\/ACV1-scaled.jpg\",\"contentUrl\":\"https:\\\/\\\/infopba247.com.ar\\\/wp-content\\\/uploads\\\/2025\\\/10\\\/ACV1-scaled.jpg\",\"width\":2560,\"height\":1707},{\"@type\":\"BreadcrumbList\",\"@id\":\"https:\\\/\\\/infopba247.com.ar\\\/index.php\\\/2025\\\/10\\\/28\\\/la-provincia-creo-una-red-de-hospitales-para-tratar-a-tiempo-los-acv\\\/#breadcrumb\",\"itemListElement\":[{\"@type\":\"ListItem\",\"position\":1,\"name\":\"Portada\",\"item\":\"https:\\\/\\\/infopba247.com.ar\\\/\"},{\"@type\":\"ListItem\",\"position\":2,\"name\":\"La Provincia cre\u00f3 una red de hospitales para tratar a tiempo los ACV\"}]},{\"@type\":\"WebSite\",\"@id\":\"https:\\\/\\\/infopba247.com.ar\\\/#website\",\"url\":\"https:\\\/\\\/infopba247.com.ar\\\/\",\"name\":\"InfoPBA247\",\"description\":\"Toda la actualidad bonaerense\",\"publisher\":{\"@id\":\"https:\\\/\\\/infopba247.com.ar\\\/#organization\"},\"potentialAction\":[{\"@type\":\"SearchAction\",\"target\":{\"@type\":\"EntryPoint\",\"urlTemplate\":\"https:\\\/\\\/infopba247.com.ar\\\/?s={search_term_string}\"},\"query-input\":{\"@type\":\"PropertyValueSpecification\",\"valueRequired\":true,\"valueName\":\"search_term_string\"}}],\"inLanguage\":\"es\"},{\"@type\":\"Organization\",\"@id\":\"https:\\\/\\\/infopba247.com.ar\\\/#organization\",\"name\":\"InfoPBA247\",\"url\":\"https:\\\/\\\/infopba247.com.ar\\\/\",\"logo\":{\"@type\":\"ImageObject\",\"inLanguage\":\"es\",\"@id\":\"https:\\\/\\\/infopba247.com.ar\\\/#\\\/schema\\\/logo\\\/image\\\/\",\"url\":\"https:\\\/\\\/infopba247.com.ar\\\/wp-content\\\/uploads\\\/2022\\\/03\\\/cropped-InfoPBA247-1.png\",\"contentUrl\":\"https:\\\/\\\/infopba247.com.ar\\\/wp-content\\\/uploads\\\/2022\\\/03\\\/cropped-InfoPBA247-1.png\",\"width\":500,\"height\":122,\"caption\":\"InfoPBA247\"},\"image\":{\"@id\":\"https:\\\/\\\/infopba247.com.ar\\\/#\\\/schema\\\/logo\\\/image\\\/\"},\"sameAs\":[\"https:\\\/\\\/www.facebook.com\\\/InfoPBA\"]},{\"@type\":\"Person\",\"@id\":\"https:\\\/\\\/infopba247.com.ar\\\/#\\\/schema\\\/person\\\/4975f1343a413e57bf839b3eed0099f2\",\"name\":\"Editor\",\"image\":{\"@type\":\"ImageObject\",\"inLanguage\":\"es\",\"@id\":\"https:\\\/\\\/secure.gravatar.com\\\/avatar\\\/d27fe9520667ca53441d36627a1d6b0fa4a813571ec4803687a7a3a7744685ac?s=96&d=mm&r=g\",\"url\":\"https:\\\/\\\/secure.gravatar.com\\\/avatar\\\/d27fe9520667ca53441d36627a1d6b0fa4a813571ec4803687a7a3a7744685ac?s=96&d=mm&r=g\",\"contentUrl\":\"https:\\\/\\\/secure.gravatar.com\\\/avatar\\\/d27fe9520667ca53441d36627a1d6b0fa4a813571ec4803687a7a3a7744685ac?s=96&d=mm&r=g\",\"caption\":\"Editor\"},\"url\":\"https:\\\/\\\/infopba247.com.ar\\\/index.php\\\/author\\\/editor\\\/\"}]}<\/script>\n<!-- \/ Yoast SEO plugin. -->","yoast_head_json":{"title":"La Provincia cre\u00f3 una red de hospitales para tratar a tiempo los ACV - InfoPBA247","robots":{"index":"index","follow":"follow","max-snippet":"max-snippet:-1","max-image-preview":"max-image-preview:large","max-video-preview":"max-video-preview:-1"},"canonical":"https:\/\/infopba247.com.ar\/index.php\/2025\/10\/28\/la-provincia-creo-una-red-de-hospitales-para-tratar-a-tiempo-los-acv\/","og_locale":"es_ES","og_type":"article","og_title":"La Provincia cre\u00f3 una red de hospitales para tratar a tiempo los ACV - InfoPBA247","og_description":"La boca torcida, debilidad en una pierna o en un brazo, inestabilidad al caminar, problemas para hablar o comprender. Cualquiera","og_url":"https:\/\/infopba247.com.ar\/index.php\/2025\/10\/28\/la-provincia-creo-una-red-de-hospitales-para-tratar-a-tiempo-los-acv\/","og_site_name":"InfoPBA247","article_publisher":"https:\/\/www.facebook.com\/InfoPBA","article_published_time":"2025-10-28T18:00:30+00:00","article_modified_time":"2025-10-28T18:00:33+00:00","og_image":[{"width":2560,"height":1707,"url":"https:\/\/infopba247.com.ar\/wp-content\/uploads\/2025\/10\/ACV1-scaled.jpg","type":"image\/jpeg"}],"author":"Editor","twitter_card":"summary_large_image","twitter_misc":{"Escrito por":"Editor","Tiempo de lectura":"5 minutos"},"schema":{"@context":"https:\/\/schema.org","@graph":[{"@type":"Article","@id":"https:\/\/infopba247.com.ar\/index.php\/2025\/10\/28\/la-provincia-creo-una-red-de-hospitales-para-tratar-a-tiempo-los-acv\/#article","isPartOf":{"@id":"https:\/\/infopba247.com.ar\/index.php\/2025\/10\/28\/la-provincia-creo-una-red-de-hospitales-para-tratar-a-tiempo-los-acv\/"},"author":{"name":"Editor","@id":"https:\/\/infopba247.com.ar\/#\/schema\/person\/4975f1343a413e57bf839b3eed0099f2"},"headline":"La Provincia cre\u00f3 una red de hospitales para tratar a tiempo los ACV","datePublished":"2025-10-28T18:00:30+00:00","dateModified":"2025-10-28T18:00:33+00:00","mainEntityOfPage":{"@id":"https:\/\/infopba247.com.ar\/index.php\/2025\/10\/28\/la-provincia-creo-una-red-de-hospitales-para-tratar-a-tiempo-los-acv\/"},"wordCount":998,"commentCount":0,"publisher":{"@id":"https:\/\/infopba247.com.ar\/#organization"},"image":{"@id":"https:\/\/infopba247.com.ar\/index.php\/2025\/10\/28\/la-provincia-creo-una-red-de-hospitales-para-tratar-a-tiempo-los-acv\/#primaryimage"},"thumbnailUrl":"https:\/\/infopba247.com.ar\/wp-content\/uploads\/2025\/10\/ACV1-scaled.jpg","articleSection":["Destacadas","Pol\u00edtica"],"inLanguage":"es","potentialAction":[{"@type":"CommentAction","name":"Comment","target":["https:\/\/infopba247.com.ar\/index.php\/2025\/10\/28\/la-provincia-creo-una-red-de-hospitales-para-tratar-a-tiempo-los-acv\/#respond"]}]},{"@type":"WebPage","@id":"https:\/\/infopba247.com.ar\/index.php\/2025\/10\/28\/la-provincia-creo-una-red-de-hospitales-para-tratar-a-tiempo-los-acv\/","url":"https:\/\/infopba247.com.ar\/index.php\/2025\/10\/28\/la-provincia-creo-una-red-de-hospitales-para-tratar-a-tiempo-los-acv\/","name":"La Provincia cre\u00f3 una red de hospitales para tratar a tiempo los ACV - InfoPBA247","isPartOf":{"@id":"https:\/\/infopba247.com.ar\/#website"},"primaryImageOfPage":{"@id":"https:\/\/infopba247.com.ar\/index.php\/2025\/10\/28\/la-provincia-creo-una-red-de-hospitales-para-tratar-a-tiempo-los-acv\/#primaryimage"},"image":{"@id":"https:\/\/infopba247.com.ar\/index.php\/2025\/10\/28\/la-provincia-creo-una-red-de-hospitales-para-tratar-a-tiempo-los-acv\/#primaryimage"},"thumbnailUrl":"https:\/\/infopba247.com.ar\/wp-content\/uploads\/2025\/10\/ACV1-scaled.jpg","datePublished":"2025-10-28T18:00:30+00:00","dateModified":"2025-10-28T18:00:33+00:00","breadcrumb":{"@id":"https:\/\/infopba247.com.ar\/index.php\/2025\/10\/28\/la-provincia-creo-una-red-de-hospitales-para-tratar-a-tiempo-los-acv\/#breadcrumb"},"inLanguage":"es","potentialAction":[{"@type":"ReadAction","target":["https:\/\/infopba247.com.ar\/index.php\/2025\/10\/28\/la-provincia-creo-una-red-de-hospitales-para-tratar-a-tiempo-los-acv\/"]}]},{"@type":"ImageObject","inLanguage":"es","@id":"https:\/\/infopba247.com.ar\/index.php\/2025\/10\/28\/la-provincia-creo-una-red-de-hospitales-para-tratar-a-tiempo-los-acv\/#primaryimage","url":"https:\/\/infopba247.com.ar\/wp-content\/uploads\/2025\/10\/ACV1-scaled.jpg","contentUrl":"https:\/\/infopba247.com.ar\/wp-content\/uploads\/2025\/10\/ACV1-scaled.jpg","width":2560,"height":1707},{"@type":"BreadcrumbList","@id":"https:\/\/infopba247.com.ar\/index.php\/2025\/10\/28\/la-provincia-creo-una-red-de-hospitales-para-tratar-a-tiempo-los-acv\/#breadcrumb","itemListElement":[{"@type":"ListItem","position":1,"name":"Portada","item":"https:\/\/infopba247.com.ar\/"},{"@type":"ListItem","position":2,"name":"La Provincia cre\u00f3 una red de hospitales para tratar a tiempo los ACV"}]},{"@type":"WebSite","@id":"https:\/\/infopba247.com.ar\/#website","url":"https:\/\/infopba247.com.ar\/","name":"InfoPBA247","description":"Toda la actualidad bonaerense","publisher":{"@id":"https:\/\/infopba247.com.ar\/#organization"},"potentialAction":[{"@type":"SearchAction","target":{"@type":"EntryPoint","urlTemplate":"https:\/\/infopba247.com.ar\/?s={search_term_string}"},"query-input":{"@type":"PropertyValueSpecification","valueRequired":true,"valueName":"search_term_string"}}],"inLanguage":"es"},{"@type":"Organization","@id":"https:\/\/infopba247.com.ar\/#organization","name":"InfoPBA247","url":"https:\/\/infopba247.com.ar\/","logo":{"@type":"ImageObject","inLanguage":"es","@id":"https:\/\/infopba247.com.ar\/#\/schema\/logo\/image\/","url":"https:\/\/infopba247.com.ar\/wp-content\/uploads\/2022\/03\/cropped-InfoPBA247-1.png","contentUrl":"https:\/\/infopba247.com.ar\/wp-content\/uploads\/2022\/03\/cropped-InfoPBA247-1.png","width":500,"height":122,"caption":"InfoPBA247"},"image":{"@id":"https:\/\/infopba247.com.ar\/#\/schema\/logo\/image\/"},"sameAs":["https:\/\/www.facebook.com\/InfoPBA"]},{"@type":"Person","@id":"https:\/\/infopba247.com.ar\/#\/schema\/person\/4975f1343a413e57bf839b3eed0099f2","name":"Editor","image":{"@type":"ImageObject","inLanguage":"es","@id":"https:\/\/secure.gravatar.com\/avatar\/d27fe9520667ca53441d36627a1d6b0fa4a813571ec4803687a7a3a7744685ac?s=96&d=mm&r=g","url":"https:\/\/secure.gravatar.com\/avatar\/d27fe9520667ca53441d36627a1d6b0fa4a813571ec4803687a7a3a7744685ac?s=96&d=mm&r=g","contentUrl":"https:\/\/secure.gravatar.com\/avatar\/d27fe9520667ca53441d36627a1d6b0fa4a813571ec4803687a7a3a7744685ac?s=96&d=mm&r=g","caption":"Editor"},"url":"https:\/\/infopba247.com.ar\/index.php\/author\/editor\/"}]}},"_links":{"self":[{"href":"https:\/\/infopba247.com.ar\/index.php\/wp-json\/wp\/v2\/posts\/8208","targetHints":{"allow":["GET"]}}],"collection":[{"href":"https:\/\/infopba247.com.ar\/index.php\/wp-json\/wp\/v2\/posts"}],"about":[{"href":"https:\/\/infopba247.com.ar\/index.php\/wp-json\/wp\/v2\/types\/post"}],"author":[{"embeddable":true,"href":"https:\/\/infopba247.com.ar\/index.php\/wp-json\/wp\/v2\/users\/3"}],"replies":[{"embeddable":true,"href":"https:\/\/infopba247.com.ar\/index.php\/wp-json\/wp\/v2\/comments?post=8208"}],"version-history":[{"count":1,"href":"https:\/\/infopba247.com.ar\/index.php\/wp-json\/wp\/v2\/posts\/8208\/revisions"}],"predecessor-version":[{"id":8213,"href":"https:\/\/infopba247.com.ar\/index.php\/wp-json\/wp\/v2\/posts\/8208\/revisions\/8213"}],"wp:featuredmedia":[{"embeddable":true,"href":"https:\/\/infopba247.com.ar\/index.php\/wp-json\/wp\/v2\/media\/8211"}],"wp:attachment":[{"href":"https:\/\/infopba247.com.ar\/index.php\/wp-json\/wp\/v2\/media?parent=8208"}],"wp:term":[{"taxonomy":"category","embeddable":true,"href":"https:\/\/infopba247.com.ar\/index.php\/wp-json\/wp\/v2\/categories?post=8208"},{"taxonomy":"post_tag","embeddable":true,"href":"https:\/\/infopba247.com.ar\/index.php\/wp-json\/wp\/v2\/tags?post=8208"}],"curies":[{"name":"wp","href":"https:\/\/api.w.org\/{rel}","templated":true}]}}