{"id":8077,"date":"2025-10-09T14:31:35","date_gmt":"2025-10-09T17:31:35","guid":{"rendered":"https:\/\/infopba247.com.ar\/?p=8077"},"modified":"2025-10-09T14:31:36","modified_gmt":"2025-10-09T17:31:36","slug":"alak-dio-inicio-a-obras-en-el-jardin-de-infantes-n-974-que-beneficiaran-a-mas-de-100-estudiantes","status":"publish","type":"post","link":"https:\/\/infopba247.com.ar\/index.php\/2025\/10\/09\/alak-dio-inicio-a-obras-en-el-jardin-de-infantes-n-974-que-beneficiaran-a-mas-de-100-estudiantes\/","title":{"rendered":"Alak dio inicio a obras en el Jard\u00edn de Infantes N\u00b0 974 que beneficiar\u00e1n a m\u00e1s de 100 estudiantes"},"content":{"rendered":"\n<p>Con la presencia del intendente Julio Alak, la Municipalidad de La Plata y la Provincia de Buenos Aires dieron inicio a trabajos de mejora edilicia en el Jard\u00edn de Infantes N\u00b0 974 \u201cMan\u00e9 Bernardo\u201d del barrio La Armon\u00eda, en Arana, que beneficiar\u00e1n a los m\u00e1s de 100 ni\u00f1os y ni\u00f1as que asisten a la instituci\u00f3n.<\/p>\n\n\n\n<p>\u201cEstas obras representan un paso m\u00e1s en el compromiso conjunto entre el Municipio y la Provincia por garantizar espacios educativos seguros, confortables y de calidad para la primera infancia, fortaleciendo as\u00ed las condiciones para una mejor ense\u00f1anza y aprendizaje en la comunidad de Arana\u201d, expres\u00f3 el jefe comunal platense.<\/p>\n\n\n\n<p>Enmarcados en el Plan Escuelas en Obra articulado con el Gobierno provincial, los trabajos en la instituci\u00f3n de 639 entre 131 y 131 bis incluyen la limpieza y reparaci\u00f3n de desag\u00fces cloacales, el recambio de tapas y rejillas pluviales, la impermeabilizaci\u00f3n y el sellado de filtraciones en todo el per\u00edmetro y la colocaci\u00f3n de una capa aisladora con hidr\u00f3fugo incorporado.<\/p>\n\n\n\n<p>Tambi\u00e9n la reparaci\u00f3n de revoques interiores y exteriores, la colocaci\u00f3n de grifer\u00edas, vidrios y babetas, la instalaci\u00f3n de nuevos picaportes, la adecuaci\u00f3n de la instalaci\u00f3n el\u00e9ctrica con la provisi\u00f3n de teclas, tomas y luminarias LED, la colocaci\u00f3n de molduras en cielorrasos y la mejora de aberturas para optimizar el confort y la seguridad del edificio escolar, entre otros.<\/p>\n\n\n\n<p>Junto a Alak estuvieron la secretaria de Educaci\u00f3n municipal, Paula Lambertini; la subsecretaria del \u00e1rea, Yamila Olariaga; el presidente del Consejo Escolar, Iv\u00e1n Maidana; y la inspectora jefe de Regi\u00f3n 1, Ver\u00f3nica Sosa, entre otras autoridades e integrantes de la comunidad educativa.<\/p>\n","protected":false},"excerpt":{"rendered":"<p>Con la presencia del intendente Julio Alak, la Municipalidad de La Plata y la Provincia de Buenos Aires dieron inicio<\/p>\n","protected":false},"author":3,"featured_media":8074,"comment_status":"open","ping_status":"open","sticky":false,"template":"","format":"standard","meta":{"colormag_page_container_layout":"default_layout","colormag_page_sidebar_layout":"default_layout","footnotes":""},"categories":[12,1,14],"tags":[],"class_list":["post-8077","post","type-post","status-publish","format-standard","has-post-thumbnail","hentry","category-8va-seccion","category-destacadas","category-politica"],"yoast_head":"<!-- This site is optimized with the Yoast SEO plugin v27.4 - https:\/\/yoast.com\/product\/yoast-seo-wordpress\/ -->\n<title>Alak dio inicio a obras en el Jard\u00edn de Infantes N\u00b0 974 que beneficiar\u00e1n a m\u00e1s de 100 estudiantes - InfoPBA247<\/title>\n<meta name=\"robots\" content=\"index, follow, max-snippet:-1, max-image-preview:large, max-video-preview:-1\" \/>\n<link rel=\"canonical\" href=\"https:\/\/infopba247.com.ar\/index.php\/2025\/10\/09\/alak-dio-inicio-a-obras-en-el-jardin-de-infantes-n-974-que-beneficiaran-a-mas-de-100-estudiantes\/\" \/>\n<meta property=\"og:locale\" content=\"es_ES\" \/>\n<meta property=\"og:type\" content=\"article\" \/>\n<meta property=\"og:title\" content=\"Alak dio inicio a obras en el Jard\u00edn de Infantes N\u00b0 974 que beneficiar\u00e1n a m\u00e1s de 100 estudiantes - InfoPBA247\" \/>\n<meta property=\"og:description\" content=\"Con la presencia del intendente Julio Alak, la Municipalidad de La Plata y la Provincia de Buenos Aires dieron inicio\" \/>\n<meta property=\"og:url\" content=\"https:\/\/infopba247.com.ar\/index.php\/2025\/10\/09\/alak-dio-inicio-a-obras-en-el-jardin-de-infantes-n-974-que-beneficiaran-a-mas-de-100-estudiantes\/\" \/>\n<meta property=\"og:site_name\" content=\"InfoPBA247\" \/>\n<meta property=\"article:publisher\" content=\"https:\/\/www.facebook.com\/InfoPBA\" \/>\n<meta property=\"article:published_time\" content=\"2025-10-09T17:31:35+00:00\" \/>\n<meta property=\"article:modified_time\" content=\"2025-10-09T17:31:36+00:00\" \/>\n<meta property=\"og:image\" content=\"https:\/\/infopba247.com.ar\/wp-content\/uploads\/2025\/10\/unnamed-2025-10-09T131904.363.jpg\" \/>\n\t<meta property=\"og:image:width\" content=\"1600\" \/>\n\t<meta property=\"og:image:height\" content=\"1066\" \/>\n\t<meta property=\"og:image:type\" content=\"image\/jpeg\" \/>\n<meta name=\"author\" content=\"Editor\" \/>\n<meta name=\"twitter:card\" content=\"summary_large_image\" \/>\n<meta name=\"twitter:label1\" content=\"Escrito por\" \/>\n\t<meta name=\"twitter:data1\" content=\"Editor\" \/>\n\t<meta name=\"twitter:label2\" content=\"Tiempo de lectura\" \/>\n\t<meta name=\"twitter:data2\" content=\"2 minutos\" \/>\n<script type=\"application\/ld+json\" class=\"yoast-schema-graph\">{\"@context\":\"https:\\\/\\\/schema.org\",\"@graph\":[{\"@type\":\"Article\",\"@id\":\"https:\\\/\\\/infopba247.com.ar\\\/index.php\\\/2025\\\/10\\\/09\\\/alak-dio-inicio-a-obras-en-el-jardin-de-infantes-n-974-que-beneficiaran-a-mas-de-100-estudiantes\\\/#article\",\"isPartOf\":{\"@id\":\"https:\\\/\\\/infopba247.com.ar\\\/index.php\\\/2025\\\/10\\\/09\\\/alak-dio-inicio-a-obras-en-el-jardin-de-infantes-n-974-que-beneficiaran-a-mas-de-100-estudiantes\\\/\"},\"author\":{\"name\":\"Editor\",\"@id\":\"https:\\\/\\\/infopba247.com.ar\\\/#\\\/schema\\\/person\\\/4975f1343a413e57bf839b3eed0099f2\"},\"headline\":\"Alak dio inicio a obras en el Jard\u00edn de Infantes N\u00b0 974 que beneficiar\u00e1n a m\u00e1s de 100 estudiantes\",\"datePublished\":\"2025-10-09T17:31:35+00:00\",\"dateModified\":\"2025-10-09T17:31:36+00:00\",\"mainEntityOfPage\":{\"@id\":\"https:\\\/\\\/infopba247.com.ar\\\/index.php\\\/2025\\\/10\\\/09\\\/alak-dio-inicio-a-obras-en-el-jardin-de-infantes-n-974-que-beneficiaran-a-mas-de-100-estudiantes\\\/\"},\"wordCount\":308,\"commentCount\":0,\"publisher\":{\"@id\":\"https:\\\/\\\/infopba247.com.ar\\\/#organization\"},\"image\":{\"@id\":\"https:\\\/\\\/infopba247.com.ar\\\/index.php\\\/2025\\\/10\\\/09\\\/alak-dio-inicio-a-obras-en-el-jardin-de-infantes-n-974-que-beneficiaran-a-mas-de-100-estudiantes\\\/#primaryimage\"},\"thumbnailUrl\":\"https:\\\/\\\/infopba247.com.ar\\\/wp-content\\\/uploads\\\/2025\\\/10\\\/unnamed-2025-10-09T131904.363.jpg\",\"articleSection\":[\"8va Secci\u00f3n\",\"Destacadas\",\"Pol\u00edtica\"],\"inLanguage\":\"es\",\"potentialAction\":[{\"@type\":\"CommentAction\",\"name\":\"Comment\",\"target\":[\"https:\\\/\\\/infopba247.com.ar\\\/index.php\\\/2025\\\/10\\\/09\\\/alak-dio-inicio-a-obras-en-el-jardin-de-infantes-n-974-que-beneficiaran-a-mas-de-100-estudiantes\\\/#respond\"]}]},{\"@type\":\"WebPage\",\"@id\":\"https:\\\/\\\/infopba247.com.ar\\\/index.php\\\/2025\\\/10\\\/09\\\/alak-dio-inicio-a-obras-en-el-jardin-de-infantes-n-974-que-beneficiaran-a-mas-de-100-estudiantes\\\/\",\"url\":\"https:\\\/\\\/infopba247.com.ar\\\/index.php\\\/2025\\\/10\\\/09\\\/alak-dio-inicio-a-obras-en-el-jardin-de-infantes-n-974-que-beneficiaran-a-mas-de-100-estudiantes\\\/\",\"name\":\"Alak dio inicio a obras en el Jard\u00edn de Infantes N\u00b0 974 que beneficiar\u00e1n a m\u00e1s de 100 estudiantes - InfoPBA247\",\"isPartOf\":{\"@id\":\"https:\\\/\\\/infopba247.com.ar\\\/#website\"},\"primaryImageOfPage\":{\"@id\":\"https:\\\/\\\/infopba247.com.ar\\\/index.php\\\/2025\\\/10\\\/09\\\/alak-dio-inicio-a-obras-en-el-jardin-de-infantes-n-974-que-beneficiaran-a-mas-de-100-estudiantes\\\/#primaryimage\"},\"image\":{\"@id\":\"https:\\\/\\\/infopba247.com.ar\\\/index.php\\\/2025\\\/10\\\/09\\\/alak-dio-inicio-a-obras-en-el-jardin-de-infantes-n-974-que-beneficiaran-a-mas-de-100-estudiantes\\\/#primaryimage\"},\"thumbnailUrl\":\"https:\\\/\\\/infopba247.com.ar\\\/wp-content\\\/uploads\\\/2025\\\/10\\\/unnamed-2025-10-09T131904.363.jpg\",\"datePublished\":\"2025-10-09T17:31:35+00:00\",\"dateModified\":\"2025-10-09T17:31:36+00:00\",\"breadcrumb\":{\"@id\":\"https:\\\/\\\/infopba247.com.ar\\\/index.php\\\/2025\\\/10\\\/09\\\/alak-dio-inicio-a-obras-en-el-jardin-de-infantes-n-974-que-beneficiaran-a-mas-de-100-estudiantes\\\/#breadcrumb\"},\"inLanguage\":\"es\",\"potentialAction\":[{\"@type\":\"ReadAction\",\"target\":[\"https:\\\/\\\/infopba247.com.ar\\\/index.php\\\/2025\\\/10\\\/09\\\/alak-dio-inicio-a-obras-en-el-jardin-de-infantes-n-974-que-beneficiaran-a-mas-de-100-estudiantes\\\/\"]}]},{\"@type\":\"ImageObject\",\"inLanguage\":\"es\",\"@id\":\"https:\\\/\\\/infopba247.com.ar\\\/index.php\\\/2025\\\/10\\\/09\\\/alak-dio-inicio-a-obras-en-el-jardin-de-infantes-n-974-que-beneficiaran-a-mas-de-100-estudiantes\\\/#primaryimage\",\"url\":\"https:\\\/\\\/infopba247.com.ar\\\/wp-content\\\/uploads\\\/2025\\\/10\\\/unnamed-2025-10-09T131904.363.jpg\",\"contentUrl\":\"https:\\\/\\\/infopba247.com.ar\\\/wp-content\\\/uploads\\\/2025\\\/10\\\/unnamed-2025-10-09T131904.363.jpg\",\"width\":1600,\"height\":1066},{\"@type\":\"BreadcrumbList\",\"@id\":\"https:\\\/\\\/infopba247.com.ar\\\/index.php\\\/2025\\\/10\\\/09\\\/alak-dio-inicio-a-obras-en-el-jardin-de-infantes-n-974-que-beneficiaran-a-mas-de-100-estudiantes\\\/#breadcrumb\",\"itemListElement\":[{\"@type\":\"ListItem\",\"position\":1,\"name\":\"Portada\",\"item\":\"https:\\\/\\\/infopba247.com.ar\\\/\"},{\"@type\":\"ListItem\",\"position\":2,\"name\":\"Alak dio inicio a obras en el Jard\u00edn de Infantes N\u00b0 974 que beneficiar\u00e1n a m\u00e1s de 100 estudiantes\"}]},{\"@type\":\"WebSite\",\"@id\":\"https:\\\/\\\/infopba247.com.ar\\\/#website\",\"url\":\"https:\\\/\\\/infopba247.com.ar\\\/\",\"name\":\"InfoPBA247\",\"description\":\"Toda la actualidad bonaerense\",\"publisher\":{\"@id\":\"https:\\\/\\\/infopba247.com.ar\\\/#organization\"},\"potentialAction\":[{\"@type\":\"SearchAction\",\"target\":{\"@type\":\"EntryPoint\",\"urlTemplate\":\"https:\\\/\\\/infopba247.com.ar\\\/?s={search_term_string}\"},\"query-input\":{\"@type\":\"PropertyValueSpecification\",\"valueRequired\":true,\"valueName\":\"search_term_string\"}}],\"inLanguage\":\"es\"},{\"@type\":\"Organization\",\"@id\":\"https:\\\/\\\/infopba247.com.ar\\\/#organization\",\"name\":\"InfoPBA247\",\"url\":\"https:\\\/\\\/infopba247.com.ar\\\/\",\"logo\":{\"@type\":\"ImageObject\",\"inLanguage\":\"es\",\"@id\":\"https:\\\/\\\/infopba247.com.ar\\\/#\\\/schema\\\/logo\\\/image\\\/\",\"url\":\"https:\\\/\\\/infopba247.com.ar\\\/wp-content\\\/uploads\\\/2022\\\/03\\\/cropped-InfoPBA247-1.png\",\"contentUrl\":\"https:\\\/\\\/infopba247.com.ar\\\/wp-content\\\/uploads\\\/2022\\\/03\\\/cropped-InfoPBA247-1.png\",\"width\":500,\"height\":122,\"caption\":\"InfoPBA247\"},\"image\":{\"@id\":\"https:\\\/\\\/infopba247.com.ar\\\/#\\\/schema\\\/logo\\\/image\\\/\"},\"sameAs\":[\"https:\\\/\\\/www.facebook.com\\\/InfoPBA\"]},{\"@type\":\"Person\",\"@id\":\"https:\\\/\\\/infopba247.com.ar\\\/#\\\/schema\\\/person\\\/4975f1343a413e57bf839b3eed0099f2\",\"name\":\"Editor\",\"image\":{\"@type\":\"ImageObject\",\"inLanguage\":\"es\",\"@id\":\"https:\\\/\\\/secure.gravatar.com\\\/avatar\\\/d27fe9520667ca53441d36627a1d6b0fa4a813571ec4803687a7a3a7744685ac?s=96&d=mm&r=g\",\"url\":\"https:\\\/\\\/secure.gravatar.com\\\/avatar\\\/d27fe9520667ca53441d36627a1d6b0fa4a813571ec4803687a7a3a7744685ac?s=96&d=mm&r=g\",\"contentUrl\":\"https:\\\/\\\/secure.gravatar.com\\\/avatar\\\/d27fe9520667ca53441d36627a1d6b0fa4a813571ec4803687a7a3a7744685ac?s=96&d=mm&r=g\",\"caption\":\"Editor\"},\"url\":\"https:\\\/\\\/infopba247.com.ar\\\/index.php\\\/author\\\/editor\\\/\"}]}<\/script>\n<!-- \/ Yoast SEO plugin. -->","yoast_head_json":{"title":"Alak dio inicio a obras en el Jard\u00edn de Infantes N\u00b0 974 que beneficiar\u00e1n a m\u00e1s de 100 estudiantes - InfoPBA247","robots":{"index":"index","follow":"follow","max-snippet":"max-snippet:-1","max-image-preview":"max-image-preview:large","max-video-preview":"max-video-preview:-1"},"canonical":"https:\/\/infopba247.com.ar\/index.php\/2025\/10\/09\/alak-dio-inicio-a-obras-en-el-jardin-de-infantes-n-974-que-beneficiaran-a-mas-de-100-estudiantes\/","og_locale":"es_ES","og_type":"article","og_title":"Alak dio inicio a obras en el Jard\u00edn de Infantes N\u00b0 974 que beneficiar\u00e1n a m\u00e1s de 100 estudiantes - InfoPBA247","og_description":"Con la presencia del intendente Julio Alak, la Municipalidad de La Plata y la Provincia de Buenos Aires dieron inicio","og_url":"https:\/\/infopba247.com.ar\/index.php\/2025\/10\/09\/alak-dio-inicio-a-obras-en-el-jardin-de-infantes-n-974-que-beneficiaran-a-mas-de-100-estudiantes\/","og_site_name":"InfoPBA247","article_publisher":"https:\/\/www.facebook.com\/InfoPBA","article_published_time":"2025-10-09T17:31:35+00:00","article_modified_time":"2025-10-09T17:31:36+00:00","og_image":[{"width":1600,"height":1066,"url":"https:\/\/infopba247.com.ar\/wp-content\/uploads\/2025\/10\/unnamed-2025-10-09T131904.363.jpg","type":"image\/jpeg"}],"author":"Editor","twitter_card":"summary_large_image","twitter_misc":{"Escrito por":"Editor","Tiempo de lectura":"2 minutos"},"schema":{"@context":"https:\/\/schema.org","@graph":[{"@type":"Article","@id":"https:\/\/infopba247.com.ar\/index.php\/2025\/10\/09\/alak-dio-inicio-a-obras-en-el-jardin-de-infantes-n-974-que-beneficiaran-a-mas-de-100-estudiantes\/#article","isPartOf":{"@id":"https:\/\/infopba247.com.ar\/index.php\/2025\/10\/09\/alak-dio-inicio-a-obras-en-el-jardin-de-infantes-n-974-que-beneficiaran-a-mas-de-100-estudiantes\/"},"author":{"name":"Editor","@id":"https:\/\/infopba247.com.ar\/#\/schema\/person\/4975f1343a413e57bf839b3eed0099f2"},"headline":"Alak dio inicio a obras en el Jard\u00edn de Infantes N\u00b0 974 que beneficiar\u00e1n a m\u00e1s de 100 estudiantes","datePublished":"2025-10-09T17:31:35+00:00","dateModified":"2025-10-09T17:31:36+00:00","mainEntityOfPage":{"@id":"https:\/\/infopba247.com.ar\/index.php\/2025\/10\/09\/alak-dio-inicio-a-obras-en-el-jardin-de-infantes-n-974-que-beneficiaran-a-mas-de-100-estudiantes\/"},"wordCount":308,"commentCount":0,"publisher":{"@id":"https:\/\/infopba247.com.ar\/#organization"},"image":{"@id":"https:\/\/infopba247.com.ar\/index.php\/2025\/10\/09\/alak-dio-inicio-a-obras-en-el-jardin-de-infantes-n-974-que-beneficiaran-a-mas-de-100-estudiantes\/#primaryimage"},"thumbnailUrl":"https:\/\/infopba247.com.ar\/wp-content\/uploads\/2025\/10\/unnamed-2025-10-09T131904.363.jpg","articleSection":["8va Secci\u00f3n","Destacadas","Pol\u00edtica"],"inLanguage":"es","potentialAction":[{"@type":"CommentAction","name":"Comment","target":["https:\/\/infopba247.com.ar\/index.php\/2025\/10\/09\/alak-dio-inicio-a-obras-en-el-jardin-de-infantes-n-974-que-beneficiaran-a-mas-de-100-estudiantes\/#respond"]}]},{"@type":"WebPage","@id":"https:\/\/infopba247.com.ar\/index.php\/2025\/10\/09\/alak-dio-inicio-a-obras-en-el-jardin-de-infantes-n-974-que-beneficiaran-a-mas-de-100-estudiantes\/","url":"https:\/\/infopba247.com.ar\/index.php\/2025\/10\/09\/alak-dio-inicio-a-obras-en-el-jardin-de-infantes-n-974-que-beneficiaran-a-mas-de-100-estudiantes\/","name":"Alak dio inicio a obras en el Jard\u00edn de Infantes N\u00b0 974 que beneficiar\u00e1n a m\u00e1s de 100 estudiantes - InfoPBA247","isPartOf":{"@id":"https:\/\/infopba247.com.ar\/#website"},"primaryImageOfPage":{"@id":"https:\/\/infopba247.com.ar\/index.php\/2025\/10\/09\/alak-dio-inicio-a-obras-en-el-jardin-de-infantes-n-974-que-beneficiaran-a-mas-de-100-estudiantes\/#primaryimage"},"image":{"@id":"https:\/\/infopba247.com.ar\/index.php\/2025\/10\/09\/alak-dio-inicio-a-obras-en-el-jardin-de-infantes-n-974-que-beneficiaran-a-mas-de-100-estudiantes\/#primaryimage"},"thumbnailUrl":"https:\/\/infopba247.com.ar\/wp-content\/uploads\/2025\/10\/unnamed-2025-10-09T131904.363.jpg","datePublished":"2025-10-09T17:31:35+00:00","dateModified":"2025-10-09T17:31:36+00:00","breadcrumb":{"@id":"https:\/\/infopba247.com.ar\/index.php\/2025\/10\/09\/alak-dio-inicio-a-obras-en-el-jardin-de-infantes-n-974-que-beneficiaran-a-mas-de-100-estudiantes\/#breadcrumb"},"inLanguage":"es","potentialAction":[{"@type":"ReadAction","target":["https:\/\/infopba247.com.ar\/index.php\/2025\/10\/09\/alak-dio-inicio-a-obras-en-el-jardin-de-infantes-n-974-que-beneficiaran-a-mas-de-100-estudiantes\/"]}]},{"@type":"ImageObject","inLanguage":"es","@id":"https:\/\/infopba247.com.ar\/index.php\/2025\/10\/09\/alak-dio-inicio-a-obras-en-el-jardin-de-infantes-n-974-que-beneficiaran-a-mas-de-100-estudiantes\/#primaryimage","url":"https:\/\/infopba247.com.ar\/wp-content\/uploads\/2025\/10\/unnamed-2025-10-09T131904.363.jpg","contentUrl":"https:\/\/infopba247.com.ar\/wp-content\/uploads\/2025\/10\/unnamed-2025-10-09T131904.363.jpg","width":1600,"height":1066},{"@type":"BreadcrumbList","@id":"https:\/\/infopba247.com.ar\/index.php\/2025\/10\/09\/alak-dio-inicio-a-obras-en-el-jardin-de-infantes-n-974-que-beneficiaran-a-mas-de-100-estudiantes\/#breadcrumb","itemListElement":[{"@type":"ListItem","position":1,"name":"Portada","item":"https:\/\/infopba247.com.ar\/"},{"@type":"ListItem","position":2,"name":"Alak dio inicio a obras en el Jard\u00edn de Infantes N\u00b0 974 que beneficiar\u00e1n a m\u00e1s de 100 estudiantes"}]},{"@type":"WebSite","@id":"https:\/\/infopba247.com.ar\/#website","url":"https:\/\/infopba247.com.ar\/","name":"InfoPBA247","description":"Toda la actualidad bonaerense","publisher":{"@id":"https:\/\/infopba247.com.ar\/#organization"},"potentialAction":[{"@type":"SearchAction","target":{"@type":"EntryPoint","urlTemplate":"https:\/\/infopba247.com.ar\/?s={search_term_string}"},"query-input":{"@type":"PropertyValueSpecification","valueRequired":true,"valueName":"search_term_string"}}],"inLanguage":"es"},{"@type":"Organization","@id":"https:\/\/infopba247.com.ar\/#organization","name":"InfoPBA247","url":"https:\/\/infopba247.com.ar\/","logo":{"@type":"ImageObject","inLanguage":"es","@id":"https:\/\/infopba247.com.ar\/#\/schema\/logo\/image\/","url":"https:\/\/infopba247.com.ar\/wp-content\/uploads\/2022\/03\/cropped-InfoPBA247-1.png","contentUrl":"https:\/\/infopba247.com.ar\/wp-content\/uploads\/2022\/03\/cropped-InfoPBA247-1.png","width":500,"height":122,"caption":"InfoPBA247"},"image":{"@id":"https:\/\/infopba247.com.ar\/#\/schema\/logo\/image\/"},"sameAs":["https:\/\/www.facebook.com\/InfoPBA"]},{"@type":"Person","@id":"https:\/\/infopba247.com.ar\/#\/schema\/person\/4975f1343a413e57bf839b3eed0099f2","name":"Editor","image":{"@type":"ImageObject","inLanguage":"es","@id":"https:\/\/secure.gravatar.com\/avatar\/d27fe9520667ca53441d36627a1d6b0fa4a813571ec4803687a7a3a7744685ac?s=96&d=mm&r=g","url":"https:\/\/secure.gravatar.com\/avatar\/d27fe9520667ca53441d36627a1d6b0fa4a813571ec4803687a7a3a7744685ac?s=96&d=mm&r=g","contentUrl":"https:\/\/secure.gravatar.com\/avatar\/d27fe9520667ca53441d36627a1d6b0fa4a813571ec4803687a7a3a7744685ac?s=96&d=mm&r=g","caption":"Editor"},"url":"https:\/\/infopba247.com.ar\/index.php\/author\/editor\/"}]}},"_links":{"self":[{"href":"https:\/\/infopba247.com.ar\/index.php\/wp-json\/wp\/v2\/posts\/8077","targetHints":{"allow":["GET"]}}],"collection":[{"href":"https:\/\/infopba247.com.ar\/index.php\/wp-json\/wp\/v2\/posts"}],"about":[{"href":"https:\/\/infopba247.com.ar\/index.php\/wp-json\/wp\/v2\/types\/post"}],"author":[{"embeddable":true,"href":"https:\/\/infopba247.com.ar\/index.php\/wp-json\/wp\/v2\/users\/3"}],"replies":[{"embeddable":true,"href":"https:\/\/infopba247.com.ar\/index.php\/wp-json\/wp\/v2\/comments?post=8077"}],"version-history":[{"count":1,"href":"https:\/\/infopba247.com.ar\/index.php\/wp-json\/wp\/v2\/posts\/8077\/revisions"}],"predecessor-version":[{"id":8078,"href":"https:\/\/infopba247.com.ar\/index.php\/wp-json\/wp\/v2\/posts\/8077\/revisions\/8078"}],"wp:featuredmedia":[{"embeddable":true,"href":"https:\/\/infopba247.com.ar\/index.php\/wp-json\/wp\/v2\/media\/8074"}],"wp:attachment":[{"href":"https:\/\/infopba247.com.ar\/index.php\/wp-json\/wp\/v2\/media?parent=8077"}],"wp:term":[{"taxonomy":"category","embeddable":true,"href":"https:\/\/infopba247.com.ar\/index.php\/wp-json\/wp\/v2\/categories?post=8077"},{"taxonomy":"post_tag","embeddable":true,"href":"https:\/\/infopba247.com.ar\/index.php\/wp-json\/wp\/v2\/tags?post=8077"}],"curies":[{"name":"wp","href":"https:\/\/api.w.org\/{rel}","templated":true}]}}