{"id":8071,"date":"2025-10-09T14:31:00","date_gmt":"2025-10-09T17:31:00","guid":{"rendered":"https:\/\/infopba247.com.ar\/?p=8071"},"modified":"2025-10-09T14:31:00","modified_gmt":"2025-10-09T17:31:00","slug":"milei-esta-rifando-el-trabajo-argentino-y-la-industria-nacional","status":"publish","type":"post","link":"https:\/\/infopba247.com.ar\/index.php\/2025\/10\/09\/milei-esta-rifando-el-trabajo-argentino-y-la-industria-nacional\/","title":{"rendered":"\u201cMilei est\u00e1 rifando el trabajo argentino y la industria nacional\u201d"},"content":{"rendered":"\n<p>\u201cEstamos en un momento crucial, un verdadero parteaguas para nuestro futuro: en la pr\u00f3xima elecci\u00f3n vamos a elegir entre un modelo de especulaci\u00f3n financiera como quiere Milei u otro de mayor igualdad, derechos y justicia social\u201d, afirm\u00f3 este martes el gobernador de la provincia de Buenos Aires, Axel Kicillof, tras recorrer la Cooperativa Cristal Avellaneda junto al dirigente Juan Grabois, el intendente Jorge Ferraresi y el presidente del Instituto Provincial de Asociativismo y Cooperativismo (IPAC), Gildo Onorato.<\/p>\n\n\n\n<p>En ese marco, Kicillof destac\u00f3: \u201cMientras todos los pa\u00edses del mundo est\u00e1n tomando medidas para cuidar el empleo y la producci\u00f3n, Javier Milei se propuso rifar el trabajo argentino y la industria nacional\u201d. \u201cLos bonaerenses no queremos un pa\u00eds de rentistas, en donde se exploten los recursos naturales para llevarlos al exterior sin valor agregado mientras la inmensa mayor\u00eda sufre la p\u00e9rdida del empleo y la ca\u00edda de sus ingresos\u201d, sostuvo.<\/p>\n\n\n\n<p>\u201cEl Gobierno nacional quiso convencer a la sociedad de que pod\u00eda aplicar un ajuste salvaje y, a la vez, mantener el apoyo popular: eso ya qued\u00f3 demostrado en las urnas que no es cierto\u201d, sostuvo el Gobernador y a\u00f1adi\u00f3: \u201cEl pueblo bonaerense no quiere ajustes ni narcocandidatos: quiere salud, educaci\u00f3n y trabajo para vivir mejor\u201d.<\/p>\n\n\n\n<p>Por su parte, Grabois sostuvo: \u201cLas verdaderas historias de lucha, como ocurri\u00f3 en esta f\u00e1brica recuperada, las llevan adelante los trabajadores, los jubilados y los estudiantes: sin ellos no hay un verdadero cambio pol\u00edtico\u201d. \u201cEn octubre vamos expandir a todo el pa\u00eds el triunfo que se logr\u00f3 en septiembre en la provincia de Buenos Aires: es necesario ponerle un freno urgente a esta tragedia de Milei\u201d, a\u00f1adi\u00f3.<\/p>\n\n\n\n<p>La Cooperativa Cristal Avellaneda se fund\u00f3 en 2002 y recuper\u00f3 las marcas Durax \u2013 Cristalux hasta posicionarse como una de las empresas l\u00edderes del mercado de vajillas. Actualmente, trabaja en tres turnos para garantizar el mercado interno y exportar a Brasil, Uruguay, Paraguay, Bolivia, Ecuador y M\u00e9xico. Asimismo, con financiamiento del Banco Provincia, avanza con la reconstrucci\u00f3n de un horno para la fabricaci\u00f3n de envases de vidrio.<\/p>\n\n\n\n<p>En tanto, Onorato subray\u00f3: \u00abEsta jornada es fundamental para poner en valor al sector cooperativo ante un Gobierno nacional que d\u00eda a d\u00eda destruye nuestro tejido productivo\u201d. \u201cLos y las bonaerenses queremos un proyecto que defienda la industria y que tenga como protagonista a la clase trabajadora para fortalecer las econom\u00edas locales\u00bb, agreg\u00f3.<\/p>\n\n\n\n<p>\u201cDesde el primer d\u00eda estamos construyendo una oposici\u00f3n que sea capaz de ponerle un freno a Milei: estuvimos en la calle acompa\u00f1ando a los trabajadores, las mujeres, los estudiantes, los jubilados y todos los que se manifestaron contra el ajuste\u201d, expres\u00f3 Ferraresi y a\u00f1adi\u00f3: \u201cNo podemos quedarnos solo en el pasado, tenemos tambi\u00e9n que pensar el futuro: para eso, es fundamental continuidad a las pol\u00edticas p\u00fablicas que impulsa la provincia de Buenos Aires para acompa\u00f1ar a las cooperativas y cuidar al sector productivo\u201d.<\/p>\n\n\n\n<p>Por \u00faltimo, Kicillof afirm\u00f3: \u201cEl 26 de octubre tenemos que volver a llenar las urnas de votos por los candidatos de Fuerza Patria, que son los \u00fanicos que est\u00e1n convencidos de que el camino es ampliar derechos y llevar dignidad a nuestro pueblo\u201d.<\/p>\n\n\n\n<p>Estuvieron presentes tambi\u00e9n durante el acto los ministros de Producci\u00f3n, Ciencia e Innovaci\u00f3n Tecnol\u00f3gica, Augusto Costa; de Trabajo, Walter Correa; y de Desarrollo de la Comunidad, Andr\u00e9s Larroque; los subsecretarios de Desarrollo Comercial y Promoci\u00f3n de Inversiones, Ariel Aguilar; y de Econom\u00eda Popular, Daniel Men\u00e9ndez; el diputado nacional Eduardo Toniolli; y su par Natalia Zaracho; el senador provincial Federico Fagioli; la jefa de Gabinete local, Magdalena Sierra; los secretarios generales de Movimiento Evita, Jorge \u201cCholo\u201d Ancona; y de la Uni\u00f3n de Trabajadores y Trabajadoras de la Econom\u00eda Popular, Alejandro Gramajo.<\/p>\n","protected":false},"excerpt":{"rendered":"<p>\u201cEstamos en un momento crucial, un verdadero parteaguas para nuestro futuro: en la pr\u00f3xima elecci\u00f3n vamos a elegir entre un<\/p>\n","protected":false},"author":3,"featured_media":8075,"comment_status":"open","ping_status":"open","sticky":false,"template":"","format":"standard","meta":{"colormag_page_container_layout":"default_layout","colormag_page_sidebar_layout":"default_layout","footnotes":""},"categories":[1,14],"tags":[],"class_list":["post-8071","post","type-post","status-publish","format-standard","has-post-thumbnail","hentry","category-destacadas","category-politica"],"yoast_head":"<!-- This site is optimized with the Yoast SEO plugin v27.4 - https:\/\/yoast.com\/product\/yoast-seo-wordpress\/ -->\n<title>\u201cMilei est\u00e1 rifando el trabajo argentino y la industria nacional\u201d - InfoPBA247<\/title>\n<meta name=\"robots\" content=\"index, follow, max-snippet:-1, max-image-preview:large, max-video-preview:-1\" \/>\n<link rel=\"canonical\" href=\"https:\/\/infopba247.com.ar\/index.php\/2025\/10\/09\/milei-esta-rifando-el-trabajo-argentino-y-la-industria-nacional\/\" \/>\n<meta property=\"og:locale\" content=\"es_ES\" \/>\n<meta property=\"og:type\" content=\"article\" \/>\n<meta property=\"og:title\" content=\"\u201cMilei est\u00e1 rifando el trabajo argentino y la industria nacional\u201d - InfoPBA247\" \/>\n<meta property=\"og:description\" content=\"\u201cEstamos en un momento crucial, un verdadero parteaguas para nuestro futuro: en la pr\u00f3xima elecci\u00f3n vamos a elegir entre un\" \/>\n<meta property=\"og:url\" content=\"https:\/\/infopba247.com.ar\/index.php\/2025\/10\/09\/milei-esta-rifando-el-trabajo-argentino-y-la-industria-nacional\/\" \/>\n<meta property=\"og:site_name\" content=\"InfoPBA247\" \/>\n<meta property=\"article:publisher\" content=\"https:\/\/www.facebook.com\/InfoPBA\" \/>\n<meta property=\"article:published_time\" content=\"2025-10-09T17:31:00+00:00\" \/>\n<meta property=\"og:image\" content=\"https:\/\/infopba247.com.ar\/wp-content\/uploads\/2025\/10\/1000221824-scaled.jpg\" \/>\n\t<meta property=\"og:image:width\" content=\"2560\" \/>\n\t<meta property=\"og:image:height\" content=\"1706\" \/>\n\t<meta property=\"og:image:type\" content=\"image\/jpeg\" \/>\n<meta name=\"author\" content=\"Editor\" \/>\n<meta name=\"twitter:card\" content=\"summary_large_image\" \/>\n<meta name=\"twitter:label1\" content=\"Escrito por\" \/>\n\t<meta name=\"twitter:data1\" content=\"Editor\" \/>\n\t<meta name=\"twitter:label2\" content=\"Tiempo de lectura\" \/>\n\t<meta name=\"twitter:data2\" content=\"3 minutos\" \/>\n<script type=\"application\/ld+json\" class=\"yoast-schema-graph\">{\"@context\":\"https:\\\/\\\/schema.org\",\"@graph\":[{\"@type\":\"Article\",\"@id\":\"https:\\\/\\\/infopba247.com.ar\\\/index.php\\\/2025\\\/10\\\/09\\\/milei-esta-rifando-el-trabajo-argentino-y-la-industria-nacional\\\/#article\",\"isPartOf\":{\"@id\":\"https:\\\/\\\/infopba247.com.ar\\\/index.php\\\/2025\\\/10\\\/09\\\/milei-esta-rifando-el-trabajo-argentino-y-la-industria-nacional\\\/\"},\"author\":{\"name\":\"Editor\",\"@id\":\"https:\\\/\\\/infopba247.com.ar\\\/#\\\/schema\\\/person\\\/4975f1343a413e57bf839b3eed0099f2\"},\"headline\":\"\u201cMilei est\u00e1 rifando el trabajo argentino y la industria nacional\u201d\",\"datePublished\":\"2025-10-09T17:31:00+00:00\",\"mainEntityOfPage\":{\"@id\":\"https:\\\/\\\/infopba247.com.ar\\\/index.php\\\/2025\\\/10\\\/09\\\/milei-esta-rifando-el-trabajo-argentino-y-la-industria-nacional\\\/\"},\"wordCount\":656,\"commentCount\":0,\"publisher\":{\"@id\":\"https:\\\/\\\/infopba247.com.ar\\\/#organization\"},\"image\":{\"@id\":\"https:\\\/\\\/infopba247.com.ar\\\/index.php\\\/2025\\\/10\\\/09\\\/milei-esta-rifando-el-trabajo-argentino-y-la-industria-nacional\\\/#primaryimage\"},\"thumbnailUrl\":\"https:\\\/\\\/infopba247.com.ar\\\/wp-content\\\/uploads\\\/2025\\\/10\\\/1000221824-scaled.jpg\",\"articleSection\":[\"Destacadas\",\"Pol\u00edtica\"],\"inLanguage\":\"es\",\"potentialAction\":[{\"@type\":\"CommentAction\",\"name\":\"Comment\",\"target\":[\"https:\\\/\\\/infopba247.com.ar\\\/index.php\\\/2025\\\/10\\\/09\\\/milei-esta-rifando-el-trabajo-argentino-y-la-industria-nacional\\\/#respond\"]}]},{\"@type\":\"WebPage\",\"@id\":\"https:\\\/\\\/infopba247.com.ar\\\/index.php\\\/2025\\\/10\\\/09\\\/milei-esta-rifando-el-trabajo-argentino-y-la-industria-nacional\\\/\",\"url\":\"https:\\\/\\\/infopba247.com.ar\\\/index.php\\\/2025\\\/10\\\/09\\\/milei-esta-rifando-el-trabajo-argentino-y-la-industria-nacional\\\/\",\"name\":\"\u201cMilei est\u00e1 rifando el trabajo argentino y la industria nacional\u201d - InfoPBA247\",\"isPartOf\":{\"@id\":\"https:\\\/\\\/infopba247.com.ar\\\/#website\"},\"primaryImageOfPage\":{\"@id\":\"https:\\\/\\\/infopba247.com.ar\\\/index.php\\\/2025\\\/10\\\/09\\\/milei-esta-rifando-el-trabajo-argentino-y-la-industria-nacional\\\/#primaryimage\"},\"image\":{\"@id\":\"https:\\\/\\\/infopba247.com.ar\\\/index.php\\\/2025\\\/10\\\/09\\\/milei-esta-rifando-el-trabajo-argentino-y-la-industria-nacional\\\/#primaryimage\"},\"thumbnailUrl\":\"https:\\\/\\\/infopba247.com.ar\\\/wp-content\\\/uploads\\\/2025\\\/10\\\/1000221824-scaled.jpg\",\"datePublished\":\"2025-10-09T17:31:00+00:00\",\"breadcrumb\":{\"@id\":\"https:\\\/\\\/infopba247.com.ar\\\/index.php\\\/2025\\\/10\\\/09\\\/milei-esta-rifando-el-trabajo-argentino-y-la-industria-nacional\\\/#breadcrumb\"},\"inLanguage\":\"es\",\"potentialAction\":[{\"@type\":\"ReadAction\",\"target\":[\"https:\\\/\\\/infopba247.com.ar\\\/index.php\\\/2025\\\/10\\\/09\\\/milei-esta-rifando-el-trabajo-argentino-y-la-industria-nacional\\\/\"]}]},{\"@type\":\"ImageObject\",\"inLanguage\":\"es\",\"@id\":\"https:\\\/\\\/infopba247.com.ar\\\/index.php\\\/2025\\\/10\\\/09\\\/milei-esta-rifando-el-trabajo-argentino-y-la-industria-nacional\\\/#primaryimage\",\"url\":\"https:\\\/\\\/infopba247.com.ar\\\/wp-content\\\/uploads\\\/2025\\\/10\\\/1000221824-scaled.jpg\",\"contentUrl\":\"https:\\\/\\\/infopba247.com.ar\\\/wp-content\\\/uploads\\\/2025\\\/10\\\/1000221824-scaled.jpg\",\"width\":2560,\"height\":1706},{\"@type\":\"BreadcrumbList\",\"@id\":\"https:\\\/\\\/infopba247.com.ar\\\/index.php\\\/2025\\\/10\\\/09\\\/milei-esta-rifando-el-trabajo-argentino-y-la-industria-nacional\\\/#breadcrumb\",\"itemListElement\":[{\"@type\":\"ListItem\",\"position\":1,\"name\":\"Portada\",\"item\":\"https:\\\/\\\/infopba247.com.ar\\\/\"},{\"@type\":\"ListItem\",\"position\":2,\"name\":\"\u201cMilei est\u00e1 rifando el trabajo argentino y la industria nacional\u201d\"}]},{\"@type\":\"WebSite\",\"@id\":\"https:\\\/\\\/infopba247.com.ar\\\/#website\",\"url\":\"https:\\\/\\\/infopba247.com.ar\\\/\",\"name\":\"InfoPBA247\",\"description\":\"Toda la actualidad bonaerense\",\"publisher\":{\"@id\":\"https:\\\/\\\/infopba247.com.ar\\\/#organization\"},\"potentialAction\":[{\"@type\":\"SearchAction\",\"target\":{\"@type\":\"EntryPoint\",\"urlTemplate\":\"https:\\\/\\\/infopba247.com.ar\\\/?s={search_term_string}\"},\"query-input\":{\"@type\":\"PropertyValueSpecification\",\"valueRequired\":true,\"valueName\":\"search_term_string\"}}],\"inLanguage\":\"es\"},{\"@type\":\"Organization\",\"@id\":\"https:\\\/\\\/infopba247.com.ar\\\/#organization\",\"name\":\"InfoPBA247\",\"url\":\"https:\\\/\\\/infopba247.com.ar\\\/\",\"logo\":{\"@type\":\"ImageObject\",\"inLanguage\":\"es\",\"@id\":\"https:\\\/\\\/infopba247.com.ar\\\/#\\\/schema\\\/logo\\\/image\\\/\",\"url\":\"https:\\\/\\\/infopba247.com.ar\\\/wp-content\\\/uploads\\\/2022\\\/03\\\/cropped-InfoPBA247-1.png\",\"contentUrl\":\"https:\\\/\\\/infopba247.com.ar\\\/wp-content\\\/uploads\\\/2022\\\/03\\\/cropped-InfoPBA247-1.png\",\"width\":500,\"height\":122,\"caption\":\"InfoPBA247\"},\"image\":{\"@id\":\"https:\\\/\\\/infopba247.com.ar\\\/#\\\/schema\\\/logo\\\/image\\\/\"},\"sameAs\":[\"https:\\\/\\\/www.facebook.com\\\/InfoPBA\"]},{\"@type\":\"Person\",\"@id\":\"https:\\\/\\\/infopba247.com.ar\\\/#\\\/schema\\\/person\\\/4975f1343a413e57bf839b3eed0099f2\",\"name\":\"Editor\",\"image\":{\"@type\":\"ImageObject\",\"inLanguage\":\"es\",\"@id\":\"https:\\\/\\\/secure.gravatar.com\\\/avatar\\\/d27fe9520667ca53441d36627a1d6b0fa4a813571ec4803687a7a3a7744685ac?s=96&d=mm&r=g\",\"url\":\"https:\\\/\\\/secure.gravatar.com\\\/avatar\\\/d27fe9520667ca53441d36627a1d6b0fa4a813571ec4803687a7a3a7744685ac?s=96&d=mm&r=g\",\"contentUrl\":\"https:\\\/\\\/secure.gravatar.com\\\/avatar\\\/d27fe9520667ca53441d36627a1d6b0fa4a813571ec4803687a7a3a7744685ac?s=96&d=mm&r=g\",\"caption\":\"Editor\"},\"url\":\"https:\\\/\\\/infopba247.com.ar\\\/index.php\\\/author\\\/editor\\\/\"}]}<\/script>\n<!-- \/ Yoast SEO plugin. -->","yoast_head_json":{"title":"\u201cMilei est\u00e1 rifando el trabajo argentino y la industria nacional\u201d - InfoPBA247","robots":{"index":"index","follow":"follow","max-snippet":"max-snippet:-1","max-image-preview":"max-image-preview:large","max-video-preview":"max-video-preview:-1"},"canonical":"https:\/\/infopba247.com.ar\/index.php\/2025\/10\/09\/milei-esta-rifando-el-trabajo-argentino-y-la-industria-nacional\/","og_locale":"es_ES","og_type":"article","og_title":"\u201cMilei est\u00e1 rifando el trabajo argentino y la industria nacional\u201d - InfoPBA247","og_description":"\u201cEstamos en un momento crucial, un verdadero parteaguas para nuestro futuro: en la pr\u00f3xima elecci\u00f3n vamos a elegir entre un","og_url":"https:\/\/infopba247.com.ar\/index.php\/2025\/10\/09\/milei-esta-rifando-el-trabajo-argentino-y-la-industria-nacional\/","og_site_name":"InfoPBA247","article_publisher":"https:\/\/www.facebook.com\/InfoPBA","article_published_time":"2025-10-09T17:31:00+00:00","og_image":[{"width":2560,"height":1706,"url":"https:\/\/infopba247.com.ar\/wp-content\/uploads\/2025\/10\/1000221824-scaled.jpg","type":"image\/jpeg"}],"author":"Editor","twitter_card":"summary_large_image","twitter_misc":{"Escrito por":"Editor","Tiempo de lectura":"3 minutos"},"schema":{"@context":"https:\/\/schema.org","@graph":[{"@type":"Article","@id":"https:\/\/infopba247.com.ar\/index.php\/2025\/10\/09\/milei-esta-rifando-el-trabajo-argentino-y-la-industria-nacional\/#article","isPartOf":{"@id":"https:\/\/infopba247.com.ar\/index.php\/2025\/10\/09\/milei-esta-rifando-el-trabajo-argentino-y-la-industria-nacional\/"},"author":{"name":"Editor","@id":"https:\/\/infopba247.com.ar\/#\/schema\/person\/4975f1343a413e57bf839b3eed0099f2"},"headline":"\u201cMilei est\u00e1 rifando el trabajo argentino y la industria nacional\u201d","datePublished":"2025-10-09T17:31:00+00:00","mainEntityOfPage":{"@id":"https:\/\/infopba247.com.ar\/index.php\/2025\/10\/09\/milei-esta-rifando-el-trabajo-argentino-y-la-industria-nacional\/"},"wordCount":656,"commentCount":0,"publisher":{"@id":"https:\/\/infopba247.com.ar\/#organization"},"image":{"@id":"https:\/\/infopba247.com.ar\/index.php\/2025\/10\/09\/milei-esta-rifando-el-trabajo-argentino-y-la-industria-nacional\/#primaryimage"},"thumbnailUrl":"https:\/\/infopba247.com.ar\/wp-content\/uploads\/2025\/10\/1000221824-scaled.jpg","articleSection":["Destacadas","Pol\u00edtica"],"inLanguage":"es","potentialAction":[{"@type":"CommentAction","name":"Comment","target":["https:\/\/infopba247.com.ar\/index.php\/2025\/10\/09\/milei-esta-rifando-el-trabajo-argentino-y-la-industria-nacional\/#respond"]}]},{"@type":"WebPage","@id":"https:\/\/infopba247.com.ar\/index.php\/2025\/10\/09\/milei-esta-rifando-el-trabajo-argentino-y-la-industria-nacional\/","url":"https:\/\/infopba247.com.ar\/index.php\/2025\/10\/09\/milei-esta-rifando-el-trabajo-argentino-y-la-industria-nacional\/","name":"\u201cMilei est\u00e1 rifando el trabajo argentino y la industria nacional\u201d - InfoPBA247","isPartOf":{"@id":"https:\/\/infopba247.com.ar\/#website"},"primaryImageOfPage":{"@id":"https:\/\/infopba247.com.ar\/index.php\/2025\/10\/09\/milei-esta-rifando-el-trabajo-argentino-y-la-industria-nacional\/#primaryimage"},"image":{"@id":"https:\/\/infopba247.com.ar\/index.php\/2025\/10\/09\/milei-esta-rifando-el-trabajo-argentino-y-la-industria-nacional\/#primaryimage"},"thumbnailUrl":"https:\/\/infopba247.com.ar\/wp-content\/uploads\/2025\/10\/1000221824-scaled.jpg","datePublished":"2025-10-09T17:31:00+00:00","breadcrumb":{"@id":"https:\/\/infopba247.com.ar\/index.php\/2025\/10\/09\/milei-esta-rifando-el-trabajo-argentino-y-la-industria-nacional\/#breadcrumb"},"inLanguage":"es","potentialAction":[{"@type":"ReadAction","target":["https:\/\/infopba247.com.ar\/index.php\/2025\/10\/09\/milei-esta-rifando-el-trabajo-argentino-y-la-industria-nacional\/"]}]},{"@type":"ImageObject","inLanguage":"es","@id":"https:\/\/infopba247.com.ar\/index.php\/2025\/10\/09\/milei-esta-rifando-el-trabajo-argentino-y-la-industria-nacional\/#primaryimage","url":"https:\/\/infopba247.com.ar\/wp-content\/uploads\/2025\/10\/1000221824-scaled.jpg","contentUrl":"https:\/\/infopba247.com.ar\/wp-content\/uploads\/2025\/10\/1000221824-scaled.jpg","width":2560,"height":1706},{"@type":"BreadcrumbList","@id":"https:\/\/infopba247.com.ar\/index.php\/2025\/10\/09\/milei-esta-rifando-el-trabajo-argentino-y-la-industria-nacional\/#breadcrumb","itemListElement":[{"@type":"ListItem","position":1,"name":"Portada","item":"https:\/\/infopba247.com.ar\/"},{"@type":"ListItem","position":2,"name":"\u201cMilei est\u00e1 rifando el trabajo argentino y la industria nacional\u201d"}]},{"@type":"WebSite","@id":"https:\/\/infopba247.com.ar\/#website","url":"https:\/\/infopba247.com.ar\/","name":"InfoPBA247","description":"Toda la actualidad bonaerense","publisher":{"@id":"https:\/\/infopba247.com.ar\/#organization"},"potentialAction":[{"@type":"SearchAction","target":{"@type":"EntryPoint","urlTemplate":"https:\/\/infopba247.com.ar\/?s={search_term_string}"},"query-input":{"@type":"PropertyValueSpecification","valueRequired":true,"valueName":"search_term_string"}}],"inLanguage":"es"},{"@type":"Organization","@id":"https:\/\/infopba247.com.ar\/#organization","name":"InfoPBA247","url":"https:\/\/infopba247.com.ar\/","logo":{"@type":"ImageObject","inLanguage":"es","@id":"https:\/\/infopba247.com.ar\/#\/schema\/logo\/image\/","url":"https:\/\/infopba247.com.ar\/wp-content\/uploads\/2022\/03\/cropped-InfoPBA247-1.png","contentUrl":"https:\/\/infopba247.com.ar\/wp-content\/uploads\/2022\/03\/cropped-InfoPBA247-1.png","width":500,"height":122,"caption":"InfoPBA247"},"image":{"@id":"https:\/\/infopba247.com.ar\/#\/schema\/logo\/image\/"},"sameAs":["https:\/\/www.facebook.com\/InfoPBA"]},{"@type":"Person","@id":"https:\/\/infopba247.com.ar\/#\/schema\/person\/4975f1343a413e57bf839b3eed0099f2","name":"Editor","image":{"@type":"ImageObject","inLanguage":"es","@id":"https:\/\/secure.gravatar.com\/avatar\/d27fe9520667ca53441d36627a1d6b0fa4a813571ec4803687a7a3a7744685ac?s=96&d=mm&r=g","url":"https:\/\/secure.gravatar.com\/avatar\/d27fe9520667ca53441d36627a1d6b0fa4a813571ec4803687a7a3a7744685ac?s=96&d=mm&r=g","contentUrl":"https:\/\/secure.gravatar.com\/avatar\/d27fe9520667ca53441d36627a1d6b0fa4a813571ec4803687a7a3a7744685ac?s=96&d=mm&r=g","caption":"Editor"},"url":"https:\/\/infopba247.com.ar\/index.php\/author\/editor\/"}]}},"_links":{"self":[{"href":"https:\/\/infopba247.com.ar\/index.php\/wp-json\/wp\/v2\/posts\/8071","targetHints":{"allow":["GET"]}}],"collection":[{"href":"https:\/\/infopba247.com.ar\/index.php\/wp-json\/wp\/v2\/posts"}],"about":[{"href":"https:\/\/infopba247.com.ar\/index.php\/wp-json\/wp\/v2\/types\/post"}],"author":[{"embeddable":true,"href":"https:\/\/infopba247.com.ar\/index.php\/wp-json\/wp\/v2\/users\/3"}],"replies":[{"embeddable":true,"href":"https:\/\/infopba247.com.ar\/index.php\/wp-json\/wp\/v2\/comments?post=8071"}],"version-history":[{"count":1,"href":"https:\/\/infopba247.com.ar\/index.php\/wp-json\/wp\/v2\/posts\/8071\/revisions"}],"predecessor-version":[{"id":8076,"href":"https:\/\/infopba247.com.ar\/index.php\/wp-json\/wp\/v2\/posts\/8071\/revisions\/8076"}],"wp:featuredmedia":[{"embeddable":true,"href":"https:\/\/infopba247.com.ar\/index.php\/wp-json\/wp\/v2\/media\/8075"}],"wp:attachment":[{"href":"https:\/\/infopba247.com.ar\/index.php\/wp-json\/wp\/v2\/media?parent=8071"}],"wp:term":[{"taxonomy":"category","embeddable":true,"href":"https:\/\/infopba247.com.ar\/index.php\/wp-json\/wp\/v2\/categories?post=8071"},{"taxonomy":"post_tag","embeddable":true,"href":"https:\/\/infopba247.com.ar\/index.php\/wp-json\/wp\/v2\/tags?post=8071"}],"curies":[{"name":"wp","href":"https:\/\/api.w.org\/{rel}","templated":true}]}}