{"id":805,"date":"2022-10-31T19:02:00","date_gmt":"2022-10-31T22:02:00","guid":{"rendered":"https:\/\/infopba247.com.ar\/?p=805"},"modified":"2022-11-01T19:03:59","modified_gmt":"2022-11-01T22:03:59","slug":"kicillof-en-olavarria-es-la-capital-nacional-del-cemento-pero-no-hay-una-politica-local-de-viviendas","status":"publish","type":"post","link":"https:\/\/infopba247.com.ar\/index.php\/2022\/10\/31\/kicillof-en-olavarria-es-la-capital-nacional-del-cemento-pero-no-hay-una-politica-local-de-viviendas\/","title":{"rendered":"Kicillof en Olavarr\u00eda: \u201cEs la capital nacional del cemento pero no hay una pol\u00edtica local de viviendas\u201d"},"content":{"rendered":"\n<p>El gobernador bonaerense Axel Kicillof visit\u00f3 Olavarr\u00eda y se refiri\u00f3 a la problem\u00e1tica de la tierra y la vivienda, en medio de los esc\u00e1ndalos por la venta irregular de terrenos y los problemas con un plan de viviendas industrializadas municipal.<\/p>\n\n\n\n<p>\u201cSe est\u00e1n construyendo a todo vapor las 21 viviendas del barrio Educadores, en el marco un proyecto que inici\u00f3 en 2001 y es un orgullo poder terminarlo despu\u00e9s de tantos a\u00f1os\u201d, destac\u00f3 el gobernador bonaerense y ancip\u00f3: \u201cAdem\u00e1s firmamos un convenio por 100 nuevas viviendas para empleados de comercios, ellos ya tienen los terrenos\u201d.<\/p>\n\n\n\n<p>Durante su visita a Olavarr\u00eda, Kicillof se meti\u00f3 de lleno en una de las tem\u00e1ticas que m\u00e1s cuestionamientos trae al intendente local Ezequiel Galli, cuya gesti\u00f3n qued\u00f3 envuelta en denuncias por corrupci\u00f3n en la venta irregular de tierras.<\/p>\n\n\n\n<p>\u201cSe hace muy dif\u00edcil encontrar terrenos, es muy d\u00edficil si no hay una pol\u00edtica p\u00fablica local de viviendas y m\u00e1s en la capital nacional del cemento\u201d, apunt\u00f3 el gobernador bonaerense y agreg\u00f3: \u201cDeber\u00edamos tener la cuesti\u00f3n habitacional mucho m\u00e1s din\u00e1mica, nosotros desde la provincia ayudaremos en todo lo que podemos, se lo dijimos al intendente, pero por ahora s\u00f3lo pudimos actuar con organizaciones\u201d.<\/p>\n\n\n\n<p>\u201cNosotros no discriminamos a ning\u00fan municipio por la pertenencia pol\u00edtica de su intendente, por m\u00e1s que Vidal a los municipios con intendentes opositores no les dio nada, ni pan ni agua. Nosotros no somos as\u00ed, durante la pandemia enviamos asistencia sanitaria a todos los municipios y hasta pagamos los sueldos de los municipales\u201d, concluy\u00f3.<\/p>\n","protected":false},"excerpt":{"rendered":"<p>El gobernador bonaerense Axel Kicillof visit\u00f3 Olavarr\u00eda y se refiri\u00f3 a la problem\u00e1tica de la tierra y la vivienda, en<\/p>\n","protected":false},"author":3,"featured_media":806,"comment_status":"closed","ping_status":"closed","sticky":false,"template":"","format":"standard","meta":{"colormag_page_container_layout":"default_layout","colormag_page_sidebar_layout":"default_layout","footnotes":""},"categories":[11,1,14],"tags":[],"class_list":["post-805","post","type-post","status-publish","format-standard","has-post-thumbnail","hentry","category-7ma-seccion","category-destacadas","category-politica"],"yoast_head":"<!-- This site is optimized with the Yoast SEO plugin v27.4 - https:\/\/yoast.com\/product\/yoast-seo-wordpress\/ -->\n<title>Kicillof en Olavarr\u00eda: \u201cEs la capital nacional del cemento pero no hay una pol\u00edtica local de viviendas\u201d - InfoPBA247<\/title>\n<meta name=\"robots\" content=\"index, follow, max-snippet:-1, max-image-preview:large, max-video-preview:-1\" \/>\n<link rel=\"canonical\" href=\"https:\/\/infopba247.com.ar\/index.php\/2022\/10\/31\/kicillof-en-olavarria-es-la-capital-nacional-del-cemento-pero-no-hay-una-politica-local-de-viviendas\/\" \/>\n<meta property=\"og:locale\" content=\"es_ES\" \/>\n<meta property=\"og:type\" content=\"article\" \/>\n<meta property=\"og:title\" content=\"Kicillof en Olavarr\u00eda: \u201cEs la capital nacional del cemento pero no hay una pol\u00edtica local de viviendas\u201d - InfoPBA247\" \/>\n<meta property=\"og:description\" content=\"El gobernador bonaerense Axel Kicillof visit\u00f3 Olavarr\u00eda y se refiri\u00f3 a la problem\u00e1tica de la tierra y la vivienda, en\" \/>\n<meta property=\"og:url\" content=\"https:\/\/infopba247.com.ar\/index.php\/2022\/10\/31\/kicillof-en-olavarria-es-la-capital-nacional-del-cemento-pero-no-hay-una-politica-local-de-viviendas\/\" \/>\n<meta property=\"og:site_name\" content=\"InfoPBA247\" \/>\n<meta property=\"article:publisher\" content=\"https:\/\/www.facebook.com\/InfoPBA\" \/>\n<meta property=\"article:published_time\" content=\"2022-10-31T22:02:00+00:00\" \/>\n<meta property=\"article:modified_time\" content=\"2022-11-01T22:03:59+00:00\" \/>\n<meta property=\"og:image\" content=\"https:\/\/infopba247.com.ar\/wp-content\/uploads\/2022\/11\/kicillof-en-olavarri-1.jpg\" \/>\n\t<meta property=\"og:image:width\" content=\"1199\" \/>\n\t<meta property=\"og:image:height\" content=\"755\" \/>\n\t<meta property=\"og:image:type\" content=\"image\/jpeg\" \/>\n<meta name=\"author\" content=\"Editor\" \/>\n<meta name=\"twitter:card\" content=\"summary_large_image\" \/>\n<meta name=\"twitter:label1\" content=\"Escrito por\" \/>\n\t<meta name=\"twitter:data1\" content=\"Editor\" \/>\n\t<meta name=\"twitter:label2\" content=\"Tiempo de lectura\" \/>\n\t<meta name=\"twitter:data2\" content=\"1 minuto\" \/>\n<script type=\"application\/ld+json\" class=\"yoast-schema-graph\">{\"@context\":\"https:\\\/\\\/schema.org\",\"@graph\":[{\"@type\":\"Article\",\"@id\":\"https:\\\/\\\/infopba247.com.ar\\\/index.php\\\/2022\\\/10\\\/31\\\/kicillof-en-olavarria-es-la-capital-nacional-del-cemento-pero-no-hay-una-politica-local-de-viviendas\\\/#article\",\"isPartOf\":{\"@id\":\"https:\\\/\\\/infopba247.com.ar\\\/index.php\\\/2022\\\/10\\\/31\\\/kicillof-en-olavarria-es-la-capital-nacional-del-cemento-pero-no-hay-una-politica-local-de-viviendas\\\/\"},\"author\":{\"name\":\"Editor\",\"@id\":\"https:\\\/\\\/infopba247.com.ar\\\/#\\\/schema\\\/person\\\/4975f1343a413e57bf839b3eed0099f2\"},\"headline\":\"Kicillof en Olavarr\u00eda: \u201cEs la capital nacional del cemento pero no hay una pol\u00edtica local de viviendas\u201d\",\"datePublished\":\"2022-10-31T22:02:00+00:00\",\"dateModified\":\"2022-11-01T22:03:59+00:00\",\"mainEntityOfPage\":{\"@id\":\"https:\\\/\\\/infopba247.com.ar\\\/index.php\\\/2022\\\/10\\\/31\\\/kicillof-en-olavarria-es-la-capital-nacional-del-cemento-pero-no-hay-una-politica-local-de-viviendas\\\/\"},\"wordCount\":290,\"publisher\":{\"@id\":\"https:\\\/\\\/infopba247.com.ar\\\/#organization\"},\"image\":{\"@id\":\"https:\\\/\\\/infopba247.com.ar\\\/index.php\\\/2022\\\/10\\\/31\\\/kicillof-en-olavarria-es-la-capital-nacional-del-cemento-pero-no-hay-una-politica-local-de-viviendas\\\/#primaryimage\"},\"thumbnailUrl\":\"https:\\\/\\\/infopba247.com.ar\\\/wp-content\\\/uploads\\\/2022\\\/11\\\/kicillof-en-olavarri-1.jpg\",\"articleSection\":[\"7ma Secci\u00f3n\",\"Destacadas\",\"Pol\u00edtica\"],\"inLanguage\":\"es\"},{\"@type\":\"WebPage\",\"@id\":\"https:\\\/\\\/infopba247.com.ar\\\/index.php\\\/2022\\\/10\\\/31\\\/kicillof-en-olavarria-es-la-capital-nacional-del-cemento-pero-no-hay-una-politica-local-de-viviendas\\\/\",\"url\":\"https:\\\/\\\/infopba247.com.ar\\\/index.php\\\/2022\\\/10\\\/31\\\/kicillof-en-olavarria-es-la-capital-nacional-del-cemento-pero-no-hay-una-politica-local-de-viviendas\\\/\",\"name\":\"Kicillof en Olavarr\u00eda: \u201cEs la capital nacional del cemento pero no hay una pol\u00edtica local de viviendas\u201d - InfoPBA247\",\"isPartOf\":{\"@id\":\"https:\\\/\\\/infopba247.com.ar\\\/#website\"},\"primaryImageOfPage\":{\"@id\":\"https:\\\/\\\/infopba247.com.ar\\\/index.php\\\/2022\\\/10\\\/31\\\/kicillof-en-olavarria-es-la-capital-nacional-del-cemento-pero-no-hay-una-politica-local-de-viviendas\\\/#primaryimage\"},\"image\":{\"@id\":\"https:\\\/\\\/infopba247.com.ar\\\/index.php\\\/2022\\\/10\\\/31\\\/kicillof-en-olavarria-es-la-capital-nacional-del-cemento-pero-no-hay-una-politica-local-de-viviendas\\\/#primaryimage\"},\"thumbnailUrl\":\"https:\\\/\\\/infopba247.com.ar\\\/wp-content\\\/uploads\\\/2022\\\/11\\\/kicillof-en-olavarri-1.jpg\",\"datePublished\":\"2022-10-31T22:02:00+00:00\",\"dateModified\":\"2022-11-01T22:03:59+00:00\",\"breadcrumb\":{\"@id\":\"https:\\\/\\\/infopba247.com.ar\\\/index.php\\\/2022\\\/10\\\/31\\\/kicillof-en-olavarria-es-la-capital-nacional-del-cemento-pero-no-hay-una-politica-local-de-viviendas\\\/#breadcrumb\"},\"inLanguage\":\"es\",\"potentialAction\":[{\"@type\":\"ReadAction\",\"target\":[\"https:\\\/\\\/infopba247.com.ar\\\/index.php\\\/2022\\\/10\\\/31\\\/kicillof-en-olavarria-es-la-capital-nacional-del-cemento-pero-no-hay-una-politica-local-de-viviendas\\\/\"]}]},{\"@type\":\"ImageObject\",\"inLanguage\":\"es\",\"@id\":\"https:\\\/\\\/infopba247.com.ar\\\/index.php\\\/2022\\\/10\\\/31\\\/kicillof-en-olavarria-es-la-capital-nacional-del-cemento-pero-no-hay-una-politica-local-de-viviendas\\\/#primaryimage\",\"url\":\"https:\\\/\\\/infopba247.com.ar\\\/wp-content\\\/uploads\\\/2022\\\/11\\\/kicillof-en-olavarri-1.jpg\",\"contentUrl\":\"https:\\\/\\\/infopba247.com.ar\\\/wp-content\\\/uploads\\\/2022\\\/11\\\/kicillof-en-olavarri-1.jpg\",\"width\":1199,\"height\":755},{\"@type\":\"BreadcrumbList\",\"@id\":\"https:\\\/\\\/infopba247.com.ar\\\/index.php\\\/2022\\\/10\\\/31\\\/kicillof-en-olavarria-es-la-capital-nacional-del-cemento-pero-no-hay-una-politica-local-de-viviendas\\\/#breadcrumb\",\"itemListElement\":[{\"@type\":\"ListItem\",\"position\":1,\"name\":\"Portada\",\"item\":\"https:\\\/\\\/infopba247.com.ar\\\/\"},{\"@type\":\"ListItem\",\"position\":2,\"name\":\"Kicillof en Olavarr\u00eda: \u201cEs la capital nacional del cemento pero no hay una pol\u00edtica local de viviendas\u201d\"}]},{\"@type\":\"WebSite\",\"@id\":\"https:\\\/\\\/infopba247.com.ar\\\/#website\",\"url\":\"https:\\\/\\\/infopba247.com.ar\\\/\",\"name\":\"InfoPBA247\",\"description\":\"Toda la actualidad bonaerense\",\"publisher\":{\"@id\":\"https:\\\/\\\/infopba247.com.ar\\\/#organization\"},\"potentialAction\":[{\"@type\":\"SearchAction\",\"target\":{\"@type\":\"EntryPoint\",\"urlTemplate\":\"https:\\\/\\\/infopba247.com.ar\\\/?s={search_term_string}\"},\"query-input\":{\"@type\":\"PropertyValueSpecification\",\"valueRequired\":true,\"valueName\":\"search_term_string\"}}],\"inLanguage\":\"es\"},{\"@type\":\"Organization\",\"@id\":\"https:\\\/\\\/infopba247.com.ar\\\/#organization\",\"name\":\"InfoPBA247\",\"url\":\"https:\\\/\\\/infopba247.com.ar\\\/\",\"logo\":{\"@type\":\"ImageObject\",\"inLanguage\":\"es\",\"@id\":\"https:\\\/\\\/infopba247.com.ar\\\/#\\\/schema\\\/logo\\\/image\\\/\",\"url\":\"https:\\\/\\\/infopba247.com.ar\\\/wp-content\\\/uploads\\\/2022\\\/03\\\/cropped-InfoPBA247-1.png\",\"contentUrl\":\"https:\\\/\\\/infopba247.com.ar\\\/wp-content\\\/uploads\\\/2022\\\/03\\\/cropped-InfoPBA247-1.png\",\"width\":500,\"height\":122,\"caption\":\"InfoPBA247\"},\"image\":{\"@id\":\"https:\\\/\\\/infopba247.com.ar\\\/#\\\/schema\\\/logo\\\/image\\\/\"},\"sameAs\":[\"https:\\\/\\\/www.facebook.com\\\/InfoPBA\"]},{\"@type\":\"Person\",\"@id\":\"https:\\\/\\\/infopba247.com.ar\\\/#\\\/schema\\\/person\\\/4975f1343a413e57bf839b3eed0099f2\",\"name\":\"Editor\",\"image\":{\"@type\":\"ImageObject\",\"inLanguage\":\"es\",\"@id\":\"https:\\\/\\\/secure.gravatar.com\\\/avatar\\\/d27fe9520667ca53441d36627a1d6b0fa4a813571ec4803687a7a3a7744685ac?s=96&d=mm&r=g\",\"url\":\"https:\\\/\\\/secure.gravatar.com\\\/avatar\\\/d27fe9520667ca53441d36627a1d6b0fa4a813571ec4803687a7a3a7744685ac?s=96&d=mm&r=g\",\"contentUrl\":\"https:\\\/\\\/secure.gravatar.com\\\/avatar\\\/d27fe9520667ca53441d36627a1d6b0fa4a813571ec4803687a7a3a7744685ac?s=96&d=mm&r=g\",\"caption\":\"Editor\"},\"url\":\"https:\\\/\\\/infopba247.com.ar\\\/index.php\\\/author\\\/editor\\\/\"}]}<\/script>\n<!-- \/ Yoast SEO plugin. -->","yoast_head_json":{"title":"Kicillof en Olavarr\u00eda: \u201cEs la capital nacional del cemento pero no hay una pol\u00edtica local de viviendas\u201d - InfoPBA247","robots":{"index":"index","follow":"follow","max-snippet":"max-snippet:-1","max-image-preview":"max-image-preview:large","max-video-preview":"max-video-preview:-1"},"canonical":"https:\/\/infopba247.com.ar\/index.php\/2022\/10\/31\/kicillof-en-olavarria-es-la-capital-nacional-del-cemento-pero-no-hay-una-politica-local-de-viviendas\/","og_locale":"es_ES","og_type":"article","og_title":"Kicillof en Olavarr\u00eda: \u201cEs la capital nacional del cemento pero no hay una pol\u00edtica local de viviendas\u201d - InfoPBA247","og_description":"El gobernador bonaerense Axel Kicillof visit\u00f3 Olavarr\u00eda y se refiri\u00f3 a la problem\u00e1tica de la tierra y la vivienda, en","og_url":"https:\/\/infopba247.com.ar\/index.php\/2022\/10\/31\/kicillof-en-olavarria-es-la-capital-nacional-del-cemento-pero-no-hay-una-politica-local-de-viviendas\/","og_site_name":"InfoPBA247","article_publisher":"https:\/\/www.facebook.com\/InfoPBA","article_published_time":"2022-10-31T22:02:00+00:00","article_modified_time":"2022-11-01T22:03:59+00:00","og_image":[{"width":1199,"height":755,"url":"https:\/\/infopba247.com.ar\/wp-content\/uploads\/2022\/11\/kicillof-en-olavarri-1.jpg","type":"image\/jpeg"}],"author":"Editor","twitter_card":"summary_large_image","twitter_misc":{"Escrito por":"Editor","Tiempo de lectura":"1 minuto"},"schema":{"@context":"https:\/\/schema.org","@graph":[{"@type":"Article","@id":"https:\/\/infopba247.com.ar\/index.php\/2022\/10\/31\/kicillof-en-olavarria-es-la-capital-nacional-del-cemento-pero-no-hay-una-politica-local-de-viviendas\/#article","isPartOf":{"@id":"https:\/\/infopba247.com.ar\/index.php\/2022\/10\/31\/kicillof-en-olavarria-es-la-capital-nacional-del-cemento-pero-no-hay-una-politica-local-de-viviendas\/"},"author":{"name":"Editor","@id":"https:\/\/infopba247.com.ar\/#\/schema\/person\/4975f1343a413e57bf839b3eed0099f2"},"headline":"Kicillof en Olavarr\u00eda: \u201cEs la capital nacional del cemento pero no hay una pol\u00edtica local de viviendas\u201d","datePublished":"2022-10-31T22:02:00+00:00","dateModified":"2022-11-01T22:03:59+00:00","mainEntityOfPage":{"@id":"https:\/\/infopba247.com.ar\/index.php\/2022\/10\/31\/kicillof-en-olavarria-es-la-capital-nacional-del-cemento-pero-no-hay-una-politica-local-de-viviendas\/"},"wordCount":290,"publisher":{"@id":"https:\/\/infopba247.com.ar\/#organization"},"image":{"@id":"https:\/\/infopba247.com.ar\/index.php\/2022\/10\/31\/kicillof-en-olavarria-es-la-capital-nacional-del-cemento-pero-no-hay-una-politica-local-de-viviendas\/#primaryimage"},"thumbnailUrl":"https:\/\/infopba247.com.ar\/wp-content\/uploads\/2022\/11\/kicillof-en-olavarri-1.jpg","articleSection":["7ma Secci\u00f3n","Destacadas","Pol\u00edtica"],"inLanguage":"es"},{"@type":"WebPage","@id":"https:\/\/infopba247.com.ar\/index.php\/2022\/10\/31\/kicillof-en-olavarria-es-la-capital-nacional-del-cemento-pero-no-hay-una-politica-local-de-viviendas\/","url":"https:\/\/infopba247.com.ar\/index.php\/2022\/10\/31\/kicillof-en-olavarria-es-la-capital-nacional-del-cemento-pero-no-hay-una-politica-local-de-viviendas\/","name":"Kicillof en Olavarr\u00eda: \u201cEs la capital nacional del cemento pero no hay una pol\u00edtica local de viviendas\u201d - InfoPBA247","isPartOf":{"@id":"https:\/\/infopba247.com.ar\/#website"},"primaryImageOfPage":{"@id":"https:\/\/infopba247.com.ar\/index.php\/2022\/10\/31\/kicillof-en-olavarria-es-la-capital-nacional-del-cemento-pero-no-hay-una-politica-local-de-viviendas\/#primaryimage"},"image":{"@id":"https:\/\/infopba247.com.ar\/index.php\/2022\/10\/31\/kicillof-en-olavarria-es-la-capital-nacional-del-cemento-pero-no-hay-una-politica-local-de-viviendas\/#primaryimage"},"thumbnailUrl":"https:\/\/infopba247.com.ar\/wp-content\/uploads\/2022\/11\/kicillof-en-olavarri-1.jpg","datePublished":"2022-10-31T22:02:00+00:00","dateModified":"2022-11-01T22:03:59+00:00","breadcrumb":{"@id":"https:\/\/infopba247.com.ar\/index.php\/2022\/10\/31\/kicillof-en-olavarria-es-la-capital-nacional-del-cemento-pero-no-hay-una-politica-local-de-viviendas\/#breadcrumb"},"inLanguage":"es","potentialAction":[{"@type":"ReadAction","target":["https:\/\/infopba247.com.ar\/index.php\/2022\/10\/31\/kicillof-en-olavarria-es-la-capital-nacional-del-cemento-pero-no-hay-una-politica-local-de-viviendas\/"]}]},{"@type":"ImageObject","inLanguage":"es","@id":"https:\/\/infopba247.com.ar\/index.php\/2022\/10\/31\/kicillof-en-olavarria-es-la-capital-nacional-del-cemento-pero-no-hay-una-politica-local-de-viviendas\/#primaryimage","url":"https:\/\/infopba247.com.ar\/wp-content\/uploads\/2022\/11\/kicillof-en-olavarri-1.jpg","contentUrl":"https:\/\/infopba247.com.ar\/wp-content\/uploads\/2022\/11\/kicillof-en-olavarri-1.jpg","width":1199,"height":755},{"@type":"BreadcrumbList","@id":"https:\/\/infopba247.com.ar\/index.php\/2022\/10\/31\/kicillof-en-olavarria-es-la-capital-nacional-del-cemento-pero-no-hay-una-politica-local-de-viviendas\/#breadcrumb","itemListElement":[{"@type":"ListItem","position":1,"name":"Portada","item":"https:\/\/infopba247.com.ar\/"},{"@type":"ListItem","position":2,"name":"Kicillof en Olavarr\u00eda: \u201cEs la capital nacional del cemento pero no hay una pol\u00edtica local de viviendas\u201d"}]},{"@type":"WebSite","@id":"https:\/\/infopba247.com.ar\/#website","url":"https:\/\/infopba247.com.ar\/","name":"InfoPBA247","description":"Toda la actualidad bonaerense","publisher":{"@id":"https:\/\/infopba247.com.ar\/#organization"},"potentialAction":[{"@type":"SearchAction","target":{"@type":"EntryPoint","urlTemplate":"https:\/\/infopba247.com.ar\/?s={search_term_string}"},"query-input":{"@type":"PropertyValueSpecification","valueRequired":true,"valueName":"search_term_string"}}],"inLanguage":"es"},{"@type":"Organization","@id":"https:\/\/infopba247.com.ar\/#organization","name":"InfoPBA247","url":"https:\/\/infopba247.com.ar\/","logo":{"@type":"ImageObject","inLanguage":"es","@id":"https:\/\/infopba247.com.ar\/#\/schema\/logo\/image\/","url":"https:\/\/infopba247.com.ar\/wp-content\/uploads\/2022\/03\/cropped-InfoPBA247-1.png","contentUrl":"https:\/\/infopba247.com.ar\/wp-content\/uploads\/2022\/03\/cropped-InfoPBA247-1.png","width":500,"height":122,"caption":"InfoPBA247"},"image":{"@id":"https:\/\/infopba247.com.ar\/#\/schema\/logo\/image\/"},"sameAs":["https:\/\/www.facebook.com\/InfoPBA"]},{"@type":"Person","@id":"https:\/\/infopba247.com.ar\/#\/schema\/person\/4975f1343a413e57bf839b3eed0099f2","name":"Editor","image":{"@type":"ImageObject","inLanguage":"es","@id":"https:\/\/secure.gravatar.com\/avatar\/d27fe9520667ca53441d36627a1d6b0fa4a813571ec4803687a7a3a7744685ac?s=96&d=mm&r=g","url":"https:\/\/secure.gravatar.com\/avatar\/d27fe9520667ca53441d36627a1d6b0fa4a813571ec4803687a7a3a7744685ac?s=96&d=mm&r=g","contentUrl":"https:\/\/secure.gravatar.com\/avatar\/d27fe9520667ca53441d36627a1d6b0fa4a813571ec4803687a7a3a7744685ac?s=96&d=mm&r=g","caption":"Editor"},"url":"https:\/\/infopba247.com.ar\/index.php\/author\/editor\/"}]}},"_links":{"self":[{"href":"https:\/\/infopba247.com.ar\/index.php\/wp-json\/wp\/v2\/posts\/805","targetHints":{"allow":["GET"]}}],"collection":[{"href":"https:\/\/infopba247.com.ar\/index.php\/wp-json\/wp\/v2\/posts"}],"about":[{"href":"https:\/\/infopba247.com.ar\/index.php\/wp-json\/wp\/v2\/types\/post"}],"author":[{"embeddable":true,"href":"https:\/\/infopba247.com.ar\/index.php\/wp-json\/wp\/v2\/users\/3"}],"replies":[{"embeddable":true,"href":"https:\/\/infopba247.com.ar\/index.php\/wp-json\/wp\/v2\/comments?post=805"}],"version-history":[{"count":1,"href":"https:\/\/infopba247.com.ar\/index.php\/wp-json\/wp\/v2\/posts\/805\/revisions"}],"predecessor-version":[{"id":807,"href":"https:\/\/infopba247.com.ar\/index.php\/wp-json\/wp\/v2\/posts\/805\/revisions\/807"}],"wp:featuredmedia":[{"embeddable":true,"href":"https:\/\/infopba247.com.ar\/index.php\/wp-json\/wp\/v2\/media\/806"}],"wp:attachment":[{"href":"https:\/\/infopba247.com.ar\/index.php\/wp-json\/wp\/v2\/media?parent=805"}],"wp:term":[{"taxonomy":"category","embeddable":true,"href":"https:\/\/infopba247.com.ar\/index.php\/wp-json\/wp\/v2\/categories?post=805"},{"taxonomy":"post_tag","embeddable":true,"href":"https:\/\/infopba247.com.ar\/index.php\/wp-json\/wp\/v2\/tags?post=805"}],"curies":[{"name":"wp","href":"https:\/\/api.w.org\/{rel}","templated":true}]}}