{"id":8027,"date":"2025-09-30T15:22:23","date_gmt":"2025-09-30T18:22:23","guid":{"rendered":"https:\/\/infopba247.com.ar\/?p=8027"},"modified":"2025-09-30T15:22:25","modified_gmt":"2025-09-30T18:22:25","slug":"kreplak-inauguro-salas-de-internacion-pediatrica-y-materno-infantil-en-el-hospital-gutierrez","status":"publish","type":"post","link":"https:\/\/infopba247.com.ar\/index.php\/2025\/09\/30\/kreplak-inauguro-salas-de-internacion-pediatrica-y-materno-infantil-en-el-hospital-gutierrez\/","title":{"rendered":"Kreplak inaugur\u00f3 salas de internaci\u00f3n pedi\u00e1trica y materno infantil en el Hospital \u00abGutierrez\u00bb"},"content":{"rendered":"\n<p>Con una inversi\u00f3n total de 330 millones de pesos, el hospital \u00abGuti\u00e9rrez\u00bb contin\u00faa posicion\u00e1ndose como referente obst\u00e9trico, pedi\u00e1trico y neonatol\u00f3gico regiGOBonal.<\/p>\n\n\n\n<p>El Ministro de Salud bonaerense encabez\u00f3 hoy la inauguraci\u00f3n de las nuevas instalaciones de internaci\u00f3n pedi\u00e1trica y salas de trabajo de parto, parto y recuperaci\u00f3n (TPR) en el Hospital \u00abDr. Ricardo Guti\u00e9rrez\u00bb. La obra representa una inversi\u00f3n total de $330 millones y contribuye en la ampliaci\u00f3n y accesibilidad a los servicios de alta calidad de atenci\u00f3n materno infantil en la regi\u00f3n.<\/p>\n\n\n\n<p>El Hospital \u00abGuti\u00e9rrez\u00bb de La Plata es un centro de referencia regional en la atenci\u00f3n materno infantil. Desde el a\u00f1o 2020, se encuentra en un proceso de crecimiento, con avances sostenidos en infraestructura, servicios y capacidad de respuesta. La obra inaugurada hoy prioriza la utilizaci\u00f3n de los espacios en desuso, la mejora de infraestructura cr\u00edtica y la incorporaci\u00f3n de equipamiento acorde al perfil pedi\u00e1trico y obst\u00e9trico del centro.<\/p>\n\n\n\n<p>En efecto, en planta alta, se ejecut\u00f3 la remodelaci\u00f3n de salas de internaci\u00f3n, incluyendo 2 salas destinadas a trabajo de preparto, parto y postparto (TPR), equipadas conforme a la Ley de Parto Respetado, con mobiliario espec\u00edfico y conexiones a gases medicinales.<\/p>\n\n\n\n<p>Asimismo, se crearon 3 salas pedi\u00e1tricas, con un total de 8 camas nuevas y ba\u00f1os adaptados, m\u00e1s un n\u00facleo de enfermer\u00eda para monitoreo y respuesta r\u00e1pida.<\/p>\n\n\n\n<p>Por otro lado, en planta baja se realiz\u00f3 la puesta en valor de los sanitarios p\u00fablicos y de internaci\u00f3n, mediante reparaci\u00f3n de ca\u00f1er\u00edas, pisos, cielorrasos, grifer\u00edas, iluminaci\u00f3n, impermeabilizaci\u00f3n y ventilaci\u00f3n, con un presupuesto de $9.529.800.<\/p>\n\n\n\n<p>Finalmente, en la planta alta quir\u00fargica, se renovaron los quir\u00f3fanos, con retiro de revestimientos y colocaci\u00f3n de pisos vin\u00edlicos con z\u00f3calo sanitario, por un total de $18.763.100.<\/p>\n\n\n\n<p>Estas obras permiten trasladar el proceso de parto a un espacio m\u00e1s integral y humanizado, promoviendo un mejor cuidado y confort tanto para madres como para reci\u00e9n nacidos. Adem\u00e1s, la creaci\u00f3n de nuevas salas de internaci\u00f3n pedi\u00e1trica con un dise\u00f1o acorde a la ley vigente mejora las condiciones de hospitalizaci\u00f3n, facilitando una atenci\u00f3n m\u00e1s digna y centrada en las ni\u00f1eces.<\/p>\n\n\n\n<p>La inauguraci\u00f3n cont\u00f3 con la presencia de autoridades provinciales, municipales y del hospital. El Ministro concurri\u00f3 acompa\u00f1ado por el Director Provincial de Hospitales, Juan Riera; el Director Provincial de Ni\u00f1ez y Adolescencia, Federico Paruelo; la directora provincial de Equidad de G\u00e9nero, Carlota Ram\u00edrez y la directora de maternidad y salud perinatal, Delia Zan\u00f1ungo. De la actividad tambi\u00e9n particip\u00f3 el candidato a diputado nacional, Juan Grabois.<\/p>\n\n\n\n<p>REFERENTE REGIONAL<\/p>\n\n\n\n<p>El hospital \u00abGuti\u00e9rrez\u00bb es el que m\u00e1s derivaciones de neonatolog\u00eda recibe, absorbiendo la demanda de alta complejidad de la red. En estos \u00faltimos a\u00f1os ha experimentado un notable aumento en la demanda y producci\u00f3n,<\/p>\n\n\n\n<p>fortaleciendo su rol en la red sanitaria. Entre 2019 y 2024 increment\u00f3 en un 40% las consultas de Pediatr\u00eda; 30% la atenci\u00f3n por Guardia y cirug\u00edas programadas y 14% la atenci\u00f3n de consultas para adultos. Solo en 2024 atendi\u00f3 112 mil consultas en consultorios externos; 40 mil atenciones por Guardia, realiz\u00f3 2300 procedimientos quir\u00fargicos y 890 partos.<\/p>\n\n\n\n<p>ENTREGA DE AMBULANCIA<\/p>\n\n\n\n<p>Paralelamente en Tornquist, la viceministra de salud bonaerense, Alexia Navarro, hizo entrega al municipio de una unidad de traslado de alta complejidad para ser utilizada por esa localidad. El veh\u00edculo fue recibido por el intendente, Sergio Bordoni y otras autoridades de la regi\u00f3n sanitaria, del municipio y ministeriales.<\/p>\n\n\n\n<p>Es la ambulancia n\u00famero 406 que entrega la Provincia desde que comenz\u00f3 la gesti\u00f3n del gobernador Axel Kicillof.<\/p>\n","protected":false},"excerpt":{"rendered":"<p>Con una inversi\u00f3n total de 330 millones de pesos, el hospital \u00abGuti\u00e9rrez\u00bb contin\u00faa posicion\u00e1ndose como referente obst\u00e9trico, pedi\u00e1trico y neonatol\u00f3gico<\/p>\n","protected":false},"author":3,"featured_media":8013,"comment_status":"open","ping_status":"open","sticky":false,"template":"","format":"standard","meta":{"colormag_page_container_layout":"default_layout","colormag_page_sidebar_layout":"default_layout","footnotes":""},"categories":[1,14],"tags":[],"class_list":["post-8027","post","type-post","status-publish","format-standard","has-post-thumbnail","hentry","category-destacadas","category-politica"],"yoast_head":"<!-- This site is optimized with the Yoast SEO plugin v27.4 - https:\/\/yoast.com\/product\/yoast-seo-wordpress\/ -->\n<title>Kreplak inaugur\u00f3 salas de internaci\u00f3n pedi\u00e1trica y materno infantil en el Hospital \u00abGutierrez\u00bb - InfoPBA247<\/title>\n<meta name=\"robots\" content=\"index, follow, max-snippet:-1, max-image-preview:large, max-video-preview:-1\" \/>\n<link rel=\"canonical\" href=\"https:\/\/infopba247.com.ar\/index.php\/2025\/09\/30\/kreplak-inauguro-salas-de-internacion-pediatrica-y-materno-infantil-en-el-hospital-gutierrez\/\" \/>\n<meta property=\"og:locale\" content=\"es_ES\" \/>\n<meta property=\"og:type\" content=\"article\" \/>\n<meta property=\"og:title\" content=\"Kreplak inaugur\u00f3 salas de internaci\u00f3n pedi\u00e1trica y materno infantil en el Hospital \u00abGutierrez\u00bb - InfoPBA247\" \/>\n<meta property=\"og:description\" content=\"Con una inversi\u00f3n total de 330 millones de pesos, el hospital \u00abGuti\u00e9rrez\u00bb contin\u00faa posicion\u00e1ndose como referente obst\u00e9trico, pedi\u00e1trico y neonatol\u00f3gico\" \/>\n<meta property=\"og:url\" content=\"https:\/\/infopba247.com.ar\/index.php\/2025\/09\/30\/kreplak-inauguro-salas-de-internacion-pediatrica-y-materno-infantil-en-el-hospital-gutierrez\/\" \/>\n<meta property=\"og:site_name\" content=\"InfoPBA247\" \/>\n<meta property=\"article:publisher\" content=\"https:\/\/www.facebook.com\/InfoPBA\" \/>\n<meta property=\"article:published_time\" content=\"2025-09-30T18:22:23+00:00\" \/>\n<meta property=\"article:modified_time\" content=\"2025-09-30T18:22:25+00:00\" \/>\n<meta property=\"og:image\" content=\"https:\/\/infopba247.com.ar\/wp-content\/uploads\/2025\/09\/122.jpg\" \/>\n\t<meta property=\"og:image:width\" content=\"700\" \/>\n\t<meta property=\"og:image:height\" content=\"467\" \/>\n\t<meta property=\"og:image:type\" content=\"image\/jpeg\" \/>\n<meta name=\"author\" content=\"Editor\" \/>\n<meta name=\"twitter:card\" content=\"summary_large_image\" \/>\n<meta name=\"twitter:label1\" content=\"Escrito por\" \/>\n\t<meta name=\"twitter:data1\" content=\"Editor\" \/>\n\t<meta name=\"twitter:label2\" content=\"Tiempo de lectura\" \/>\n\t<meta name=\"twitter:data2\" content=\"3 minutos\" \/>\n<script type=\"application\/ld+json\" class=\"yoast-schema-graph\">{\"@context\":\"https:\\\/\\\/schema.org\",\"@graph\":[{\"@type\":\"Article\",\"@id\":\"https:\\\/\\\/infopba247.com.ar\\\/index.php\\\/2025\\\/09\\\/30\\\/kreplak-inauguro-salas-de-internacion-pediatrica-y-materno-infantil-en-el-hospital-gutierrez\\\/#article\",\"isPartOf\":{\"@id\":\"https:\\\/\\\/infopba247.com.ar\\\/index.php\\\/2025\\\/09\\\/30\\\/kreplak-inauguro-salas-de-internacion-pediatrica-y-materno-infantil-en-el-hospital-gutierrez\\\/\"},\"author\":{\"name\":\"Editor\",\"@id\":\"https:\\\/\\\/infopba247.com.ar\\\/#\\\/schema\\\/person\\\/4975f1343a413e57bf839b3eed0099f2\"},\"headline\":\"Kreplak inaugur\u00f3 salas de internaci\u00f3n pedi\u00e1trica y materno infantil en el Hospital \u00abGutierrez\u00bb\",\"datePublished\":\"2025-09-30T18:22:23+00:00\",\"dateModified\":\"2025-09-30T18:22:25+00:00\",\"mainEntityOfPage\":{\"@id\":\"https:\\\/\\\/infopba247.com.ar\\\/index.php\\\/2025\\\/09\\\/30\\\/kreplak-inauguro-salas-de-internacion-pediatrica-y-materno-infantil-en-el-hospital-gutierrez\\\/\"},\"wordCount\":641,\"commentCount\":0,\"publisher\":{\"@id\":\"https:\\\/\\\/infopba247.com.ar\\\/#organization\"},\"image\":{\"@id\":\"https:\\\/\\\/infopba247.com.ar\\\/index.php\\\/2025\\\/09\\\/30\\\/kreplak-inauguro-salas-de-internacion-pediatrica-y-materno-infantil-en-el-hospital-gutierrez\\\/#primaryimage\"},\"thumbnailUrl\":\"https:\\\/\\\/infopba247.com.ar\\\/wp-content\\\/uploads\\\/2025\\\/09\\\/122.jpg\",\"articleSection\":[\"Destacadas\",\"Pol\u00edtica\"],\"inLanguage\":\"es\",\"potentialAction\":[{\"@type\":\"CommentAction\",\"name\":\"Comment\",\"target\":[\"https:\\\/\\\/infopba247.com.ar\\\/index.php\\\/2025\\\/09\\\/30\\\/kreplak-inauguro-salas-de-internacion-pediatrica-y-materno-infantil-en-el-hospital-gutierrez\\\/#respond\"]}]},{\"@type\":\"WebPage\",\"@id\":\"https:\\\/\\\/infopba247.com.ar\\\/index.php\\\/2025\\\/09\\\/30\\\/kreplak-inauguro-salas-de-internacion-pediatrica-y-materno-infantil-en-el-hospital-gutierrez\\\/\",\"url\":\"https:\\\/\\\/infopba247.com.ar\\\/index.php\\\/2025\\\/09\\\/30\\\/kreplak-inauguro-salas-de-internacion-pediatrica-y-materno-infantil-en-el-hospital-gutierrez\\\/\",\"name\":\"Kreplak inaugur\u00f3 salas de internaci\u00f3n pedi\u00e1trica y materno infantil en el Hospital \u00abGutierrez\u00bb - InfoPBA247\",\"isPartOf\":{\"@id\":\"https:\\\/\\\/infopba247.com.ar\\\/#website\"},\"primaryImageOfPage\":{\"@id\":\"https:\\\/\\\/infopba247.com.ar\\\/index.php\\\/2025\\\/09\\\/30\\\/kreplak-inauguro-salas-de-internacion-pediatrica-y-materno-infantil-en-el-hospital-gutierrez\\\/#primaryimage\"},\"image\":{\"@id\":\"https:\\\/\\\/infopba247.com.ar\\\/index.php\\\/2025\\\/09\\\/30\\\/kreplak-inauguro-salas-de-internacion-pediatrica-y-materno-infantil-en-el-hospital-gutierrez\\\/#primaryimage\"},\"thumbnailUrl\":\"https:\\\/\\\/infopba247.com.ar\\\/wp-content\\\/uploads\\\/2025\\\/09\\\/122.jpg\",\"datePublished\":\"2025-09-30T18:22:23+00:00\",\"dateModified\":\"2025-09-30T18:22:25+00:00\",\"breadcrumb\":{\"@id\":\"https:\\\/\\\/infopba247.com.ar\\\/index.php\\\/2025\\\/09\\\/30\\\/kreplak-inauguro-salas-de-internacion-pediatrica-y-materno-infantil-en-el-hospital-gutierrez\\\/#breadcrumb\"},\"inLanguage\":\"es\",\"potentialAction\":[{\"@type\":\"ReadAction\",\"target\":[\"https:\\\/\\\/infopba247.com.ar\\\/index.php\\\/2025\\\/09\\\/30\\\/kreplak-inauguro-salas-de-internacion-pediatrica-y-materno-infantil-en-el-hospital-gutierrez\\\/\"]}]},{\"@type\":\"ImageObject\",\"inLanguage\":\"es\",\"@id\":\"https:\\\/\\\/infopba247.com.ar\\\/index.php\\\/2025\\\/09\\\/30\\\/kreplak-inauguro-salas-de-internacion-pediatrica-y-materno-infantil-en-el-hospital-gutierrez\\\/#primaryimage\",\"url\":\"https:\\\/\\\/infopba247.com.ar\\\/wp-content\\\/uploads\\\/2025\\\/09\\\/122.jpg\",\"contentUrl\":\"https:\\\/\\\/infopba247.com.ar\\\/wp-content\\\/uploads\\\/2025\\\/09\\\/122.jpg\",\"width\":700,\"height\":467},{\"@type\":\"BreadcrumbList\",\"@id\":\"https:\\\/\\\/infopba247.com.ar\\\/index.php\\\/2025\\\/09\\\/30\\\/kreplak-inauguro-salas-de-internacion-pediatrica-y-materno-infantil-en-el-hospital-gutierrez\\\/#breadcrumb\",\"itemListElement\":[{\"@type\":\"ListItem\",\"position\":1,\"name\":\"Portada\",\"item\":\"https:\\\/\\\/infopba247.com.ar\\\/\"},{\"@type\":\"ListItem\",\"position\":2,\"name\":\"Kreplak inaugur\u00f3 salas de internaci\u00f3n pedi\u00e1trica y materno infantil en el Hospital \u00abGutierrez\u00bb\"}]},{\"@type\":\"WebSite\",\"@id\":\"https:\\\/\\\/infopba247.com.ar\\\/#website\",\"url\":\"https:\\\/\\\/infopba247.com.ar\\\/\",\"name\":\"InfoPBA247\",\"description\":\"Toda la actualidad bonaerense\",\"publisher\":{\"@id\":\"https:\\\/\\\/infopba247.com.ar\\\/#organization\"},\"potentialAction\":[{\"@type\":\"SearchAction\",\"target\":{\"@type\":\"EntryPoint\",\"urlTemplate\":\"https:\\\/\\\/infopba247.com.ar\\\/?s={search_term_string}\"},\"query-input\":{\"@type\":\"PropertyValueSpecification\",\"valueRequired\":true,\"valueName\":\"search_term_string\"}}],\"inLanguage\":\"es\"},{\"@type\":\"Organization\",\"@id\":\"https:\\\/\\\/infopba247.com.ar\\\/#organization\",\"name\":\"InfoPBA247\",\"url\":\"https:\\\/\\\/infopba247.com.ar\\\/\",\"logo\":{\"@type\":\"ImageObject\",\"inLanguage\":\"es\",\"@id\":\"https:\\\/\\\/infopba247.com.ar\\\/#\\\/schema\\\/logo\\\/image\\\/\",\"url\":\"https:\\\/\\\/infopba247.com.ar\\\/wp-content\\\/uploads\\\/2022\\\/03\\\/cropped-InfoPBA247-1.png\",\"contentUrl\":\"https:\\\/\\\/infopba247.com.ar\\\/wp-content\\\/uploads\\\/2022\\\/03\\\/cropped-InfoPBA247-1.png\",\"width\":500,\"height\":122,\"caption\":\"InfoPBA247\"},\"image\":{\"@id\":\"https:\\\/\\\/infopba247.com.ar\\\/#\\\/schema\\\/logo\\\/image\\\/\"},\"sameAs\":[\"https:\\\/\\\/www.facebook.com\\\/InfoPBA\"]},{\"@type\":\"Person\",\"@id\":\"https:\\\/\\\/infopba247.com.ar\\\/#\\\/schema\\\/person\\\/4975f1343a413e57bf839b3eed0099f2\",\"name\":\"Editor\",\"image\":{\"@type\":\"ImageObject\",\"inLanguage\":\"es\",\"@id\":\"https:\\\/\\\/secure.gravatar.com\\\/avatar\\\/d27fe9520667ca53441d36627a1d6b0fa4a813571ec4803687a7a3a7744685ac?s=96&d=mm&r=g\",\"url\":\"https:\\\/\\\/secure.gravatar.com\\\/avatar\\\/d27fe9520667ca53441d36627a1d6b0fa4a813571ec4803687a7a3a7744685ac?s=96&d=mm&r=g\",\"contentUrl\":\"https:\\\/\\\/secure.gravatar.com\\\/avatar\\\/d27fe9520667ca53441d36627a1d6b0fa4a813571ec4803687a7a3a7744685ac?s=96&d=mm&r=g\",\"caption\":\"Editor\"},\"url\":\"https:\\\/\\\/infopba247.com.ar\\\/index.php\\\/author\\\/editor\\\/\"}]}<\/script>\n<!-- \/ Yoast SEO plugin. -->","yoast_head_json":{"title":"Kreplak inaugur\u00f3 salas de internaci\u00f3n pedi\u00e1trica y materno infantil en el Hospital \u00abGutierrez\u00bb - InfoPBA247","robots":{"index":"index","follow":"follow","max-snippet":"max-snippet:-1","max-image-preview":"max-image-preview:large","max-video-preview":"max-video-preview:-1"},"canonical":"https:\/\/infopba247.com.ar\/index.php\/2025\/09\/30\/kreplak-inauguro-salas-de-internacion-pediatrica-y-materno-infantil-en-el-hospital-gutierrez\/","og_locale":"es_ES","og_type":"article","og_title":"Kreplak inaugur\u00f3 salas de internaci\u00f3n pedi\u00e1trica y materno infantil en el Hospital \u00abGutierrez\u00bb - InfoPBA247","og_description":"Con una inversi\u00f3n total de 330 millones de pesos, el hospital \u00abGuti\u00e9rrez\u00bb contin\u00faa posicion\u00e1ndose como referente obst\u00e9trico, pedi\u00e1trico y neonatol\u00f3gico","og_url":"https:\/\/infopba247.com.ar\/index.php\/2025\/09\/30\/kreplak-inauguro-salas-de-internacion-pediatrica-y-materno-infantil-en-el-hospital-gutierrez\/","og_site_name":"InfoPBA247","article_publisher":"https:\/\/www.facebook.com\/InfoPBA","article_published_time":"2025-09-30T18:22:23+00:00","article_modified_time":"2025-09-30T18:22:25+00:00","og_image":[{"width":700,"height":467,"url":"https:\/\/infopba247.com.ar\/wp-content\/uploads\/2025\/09\/122.jpg","type":"image\/jpeg"}],"author":"Editor","twitter_card":"summary_large_image","twitter_misc":{"Escrito por":"Editor","Tiempo de lectura":"3 minutos"},"schema":{"@context":"https:\/\/schema.org","@graph":[{"@type":"Article","@id":"https:\/\/infopba247.com.ar\/index.php\/2025\/09\/30\/kreplak-inauguro-salas-de-internacion-pediatrica-y-materno-infantil-en-el-hospital-gutierrez\/#article","isPartOf":{"@id":"https:\/\/infopba247.com.ar\/index.php\/2025\/09\/30\/kreplak-inauguro-salas-de-internacion-pediatrica-y-materno-infantil-en-el-hospital-gutierrez\/"},"author":{"name":"Editor","@id":"https:\/\/infopba247.com.ar\/#\/schema\/person\/4975f1343a413e57bf839b3eed0099f2"},"headline":"Kreplak inaugur\u00f3 salas de internaci\u00f3n pedi\u00e1trica y materno infantil en el Hospital \u00abGutierrez\u00bb","datePublished":"2025-09-30T18:22:23+00:00","dateModified":"2025-09-30T18:22:25+00:00","mainEntityOfPage":{"@id":"https:\/\/infopba247.com.ar\/index.php\/2025\/09\/30\/kreplak-inauguro-salas-de-internacion-pediatrica-y-materno-infantil-en-el-hospital-gutierrez\/"},"wordCount":641,"commentCount":0,"publisher":{"@id":"https:\/\/infopba247.com.ar\/#organization"},"image":{"@id":"https:\/\/infopba247.com.ar\/index.php\/2025\/09\/30\/kreplak-inauguro-salas-de-internacion-pediatrica-y-materno-infantil-en-el-hospital-gutierrez\/#primaryimage"},"thumbnailUrl":"https:\/\/infopba247.com.ar\/wp-content\/uploads\/2025\/09\/122.jpg","articleSection":["Destacadas","Pol\u00edtica"],"inLanguage":"es","potentialAction":[{"@type":"CommentAction","name":"Comment","target":["https:\/\/infopba247.com.ar\/index.php\/2025\/09\/30\/kreplak-inauguro-salas-de-internacion-pediatrica-y-materno-infantil-en-el-hospital-gutierrez\/#respond"]}]},{"@type":"WebPage","@id":"https:\/\/infopba247.com.ar\/index.php\/2025\/09\/30\/kreplak-inauguro-salas-de-internacion-pediatrica-y-materno-infantil-en-el-hospital-gutierrez\/","url":"https:\/\/infopba247.com.ar\/index.php\/2025\/09\/30\/kreplak-inauguro-salas-de-internacion-pediatrica-y-materno-infantil-en-el-hospital-gutierrez\/","name":"Kreplak inaugur\u00f3 salas de internaci\u00f3n pedi\u00e1trica y materno infantil en el Hospital \u00abGutierrez\u00bb - InfoPBA247","isPartOf":{"@id":"https:\/\/infopba247.com.ar\/#website"},"primaryImageOfPage":{"@id":"https:\/\/infopba247.com.ar\/index.php\/2025\/09\/30\/kreplak-inauguro-salas-de-internacion-pediatrica-y-materno-infantil-en-el-hospital-gutierrez\/#primaryimage"},"image":{"@id":"https:\/\/infopba247.com.ar\/index.php\/2025\/09\/30\/kreplak-inauguro-salas-de-internacion-pediatrica-y-materno-infantil-en-el-hospital-gutierrez\/#primaryimage"},"thumbnailUrl":"https:\/\/infopba247.com.ar\/wp-content\/uploads\/2025\/09\/122.jpg","datePublished":"2025-09-30T18:22:23+00:00","dateModified":"2025-09-30T18:22:25+00:00","breadcrumb":{"@id":"https:\/\/infopba247.com.ar\/index.php\/2025\/09\/30\/kreplak-inauguro-salas-de-internacion-pediatrica-y-materno-infantil-en-el-hospital-gutierrez\/#breadcrumb"},"inLanguage":"es","potentialAction":[{"@type":"ReadAction","target":["https:\/\/infopba247.com.ar\/index.php\/2025\/09\/30\/kreplak-inauguro-salas-de-internacion-pediatrica-y-materno-infantil-en-el-hospital-gutierrez\/"]}]},{"@type":"ImageObject","inLanguage":"es","@id":"https:\/\/infopba247.com.ar\/index.php\/2025\/09\/30\/kreplak-inauguro-salas-de-internacion-pediatrica-y-materno-infantil-en-el-hospital-gutierrez\/#primaryimage","url":"https:\/\/infopba247.com.ar\/wp-content\/uploads\/2025\/09\/122.jpg","contentUrl":"https:\/\/infopba247.com.ar\/wp-content\/uploads\/2025\/09\/122.jpg","width":700,"height":467},{"@type":"BreadcrumbList","@id":"https:\/\/infopba247.com.ar\/index.php\/2025\/09\/30\/kreplak-inauguro-salas-de-internacion-pediatrica-y-materno-infantil-en-el-hospital-gutierrez\/#breadcrumb","itemListElement":[{"@type":"ListItem","position":1,"name":"Portada","item":"https:\/\/infopba247.com.ar\/"},{"@type":"ListItem","position":2,"name":"Kreplak inaugur\u00f3 salas de internaci\u00f3n pedi\u00e1trica y materno infantil en el Hospital \u00abGutierrez\u00bb"}]},{"@type":"WebSite","@id":"https:\/\/infopba247.com.ar\/#website","url":"https:\/\/infopba247.com.ar\/","name":"InfoPBA247","description":"Toda la actualidad bonaerense","publisher":{"@id":"https:\/\/infopba247.com.ar\/#organization"},"potentialAction":[{"@type":"SearchAction","target":{"@type":"EntryPoint","urlTemplate":"https:\/\/infopba247.com.ar\/?s={search_term_string}"},"query-input":{"@type":"PropertyValueSpecification","valueRequired":true,"valueName":"search_term_string"}}],"inLanguage":"es"},{"@type":"Organization","@id":"https:\/\/infopba247.com.ar\/#organization","name":"InfoPBA247","url":"https:\/\/infopba247.com.ar\/","logo":{"@type":"ImageObject","inLanguage":"es","@id":"https:\/\/infopba247.com.ar\/#\/schema\/logo\/image\/","url":"https:\/\/infopba247.com.ar\/wp-content\/uploads\/2022\/03\/cropped-InfoPBA247-1.png","contentUrl":"https:\/\/infopba247.com.ar\/wp-content\/uploads\/2022\/03\/cropped-InfoPBA247-1.png","width":500,"height":122,"caption":"InfoPBA247"},"image":{"@id":"https:\/\/infopba247.com.ar\/#\/schema\/logo\/image\/"},"sameAs":["https:\/\/www.facebook.com\/InfoPBA"]},{"@type":"Person","@id":"https:\/\/infopba247.com.ar\/#\/schema\/person\/4975f1343a413e57bf839b3eed0099f2","name":"Editor","image":{"@type":"ImageObject","inLanguage":"es","@id":"https:\/\/secure.gravatar.com\/avatar\/d27fe9520667ca53441d36627a1d6b0fa4a813571ec4803687a7a3a7744685ac?s=96&d=mm&r=g","url":"https:\/\/secure.gravatar.com\/avatar\/d27fe9520667ca53441d36627a1d6b0fa4a813571ec4803687a7a3a7744685ac?s=96&d=mm&r=g","contentUrl":"https:\/\/secure.gravatar.com\/avatar\/d27fe9520667ca53441d36627a1d6b0fa4a813571ec4803687a7a3a7744685ac?s=96&d=mm&r=g","caption":"Editor"},"url":"https:\/\/infopba247.com.ar\/index.php\/author\/editor\/"}]}},"_links":{"self":[{"href":"https:\/\/infopba247.com.ar\/index.php\/wp-json\/wp\/v2\/posts\/8027","targetHints":{"allow":["GET"]}}],"collection":[{"href":"https:\/\/infopba247.com.ar\/index.php\/wp-json\/wp\/v2\/posts"}],"about":[{"href":"https:\/\/infopba247.com.ar\/index.php\/wp-json\/wp\/v2\/types\/post"}],"author":[{"embeddable":true,"href":"https:\/\/infopba247.com.ar\/index.php\/wp-json\/wp\/v2\/users\/3"}],"replies":[{"embeddable":true,"href":"https:\/\/infopba247.com.ar\/index.php\/wp-json\/wp\/v2\/comments?post=8027"}],"version-history":[{"count":1,"href":"https:\/\/infopba247.com.ar\/index.php\/wp-json\/wp\/v2\/posts\/8027\/revisions"}],"predecessor-version":[{"id":8028,"href":"https:\/\/infopba247.com.ar\/index.php\/wp-json\/wp\/v2\/posts\/8027\/revisions\/8028"}],"wp:featuredmedia":[{"embeddable":true,"href":"https:\/\/infopba247.com.ar\/index.php\/wp-json\/wp\/v2\/media\/8013"}],"wp:attachment":[{"href":"https:\/\/infopba247.com.ar\/index.php\/wp-json\/wp\/v2\/media?parent=8027"}],"wp:term":[{"taxonomy":"category","embeddable":true,"href":"https:\/\/infopba247.com.ar\/index.php\/wp-json\/wp\/v2\/categories?post=8027"},{"taxonomy":"post_tag","embeddable":true,"href":"https:\/\/infopba247.com.ar\/index.php\/wp-json\/wp\/v2\/tags?post=8027"}],"curies":[{"name":"wp","href":"https:\/\/api.w.org\/{rel}","templated":true}]}}