{"id":7995,"date":"2025-09-25T15:29:01","date_gmt":"2025-09-25T18:29:01","guid":{"rendered":"https:\/\/infopba247.com.ar\/?p=7995"},"modified":"2025-09-25T15:29:04","modified_gmt":"2025-09-25T18:29:04","slug":"alak-lanzo-el-plan-de-prevencion-contra-el-dengue-2025-2026-en-la-plata","status":"publish","type":"post","link":"https:\/\/infopba247.com.ar\/index.php\/2025\/09\/25\/alak-lanzo-el-plan-de-prevencion-contra-el-dengue-2025-2026-en-la-plata\/","title":{"rendered":"Alak lanz\u00f3 el Plan de Prevenci\u00f3n contra el Dengue 2025\/2026 en La Plata"},"content":{"rendered":"\n<p>El intendente de La Plata, Julio Alak, dio inicio este jueves al Plan Municipal de Prevenci\u00f3n contra el Dengue 2025\/2026 de cara a la temporada de verano.<\/p>\n\n\n\n<p>\u201cCon este plan buscamos reforzar la prevenci\u00f3n y trabajar en cada barrio para cuidar la salud de todos los platenses\u201d, sostuvo Alak durante la presentaci\u00f3n, que tuvo lugar en el Centro Municipal de las Artes Pasaje Dardo Rocha.<\/p>\n\n\n\n<p>El Plan de Prevenci\u00f3n contra el Dengue 2025\/2026 incluir\u00e1 jornadas de informaci\u00f3n, prevenci\u00f3n y descacharrado en domicilios particulares e instituciones, operativos de control de foco, entrevistas puerta a puerta para detectar casos febriles, la entrega de repelentes producidos en el laboratorio municipal y la amplificaci\u00f3n de la campa\u00f1a de vacunaci\u00f3n que avanza en los distintos hospitales de la provincia.<\/p>\n\n\n\n<p>La actividad cont\u00f3 con la participaci\u00f3n Soledad Fern\u00e1ndez, secretaria de Salud; Paula Lambertini, secretaria de Educaci\u00f3n; y de Ariel Archanco, diputado provincial; entre otras autoridades locales y bonaerenses.<\/p>\n\n\n\n<p>Adem\u00e1s, estuvieron presentes en la sala polivalente del emblem\u00e1tico espacio el equipo de la Secretar\u00eda de Salud municipal, personal de los centros de atenci\u00f3n primaria de la salud (CAPS) de la ciudad, representantes de la Regi\u00f3n Sanitaria XI, directores de hospitales, entre otros.<\/p>\n\n\n\n<p>Durante el encuentro, se valor\u00f3 el trabajo de la campa\u00f1a 2024\/2025, que tuvo resultados efectivos, traduci\u00e9ndose en una baja considerable de casos. Tambi\u00e9n se entreg\u00f3 folleter\u00eda con m\u00e9todos de prevenci\u00f3n y medidas de acci\u00f3n ante la aparici\u00f3n de s\u00edntomas, repelentes de producci\u00f3n propia y cuadernillos de abordaje que ser\u00e1n utilizados en los CAPS para actuar ante casos sospechosos y confirmados.<\/p>\n\n\n\n<p>TRABAJO ARTICULADO Y CAPACITACI\u00d3N<\/p>\n\n\n\n<p>Durante el a\u00f1o pasado, result\u00f3 fundamental la articulaci\u00f3n de la Secretar\u00eda de Salud con otras secretar\u00edas, as\u00ed como con el Cementerio local, el Bioparque, las cooperativas municipales de limpieza y el Ministerio de Salud de la Provincia.<\/p>\n\n\n\n<p>Tambi\u00e9n fue clave la producci\u00f3n propia de repelente a cargo del Laboratorio de Especialidades Municipal, el trabajo en territorio de las promotoras de salud, las campa\u00f1as informativas y la capacitaci\u00f3n de trabajadores municipales.<\/p>\n\n\n\n<p>En ese sentido, todas las acciones se replicar\u00e1n y fortalecer\u00e1n durante el presente a\u00f1o, con el objetivo de profundizar las medidas de prevenci\u00f3n y concientizaci\u00f3n en la comunidad.<\/p>\n\n\n\n<p>RECOMENDACIONES PARA PREVENIR EL DENGUE<\/p>\n\n\n\n<p>Para prevenir el dengue y otras enfermedades transmitidas por mosquitos, la Municipalidad aconseja:<br>Cuidar y desmalezar los jardines.<br>Cortar el pasto una vez por semana.<br>Descartar cualquier objeto en desuso capaz de acumular agua.<br>Colocar boca abajo recipientes como baldes, frascos, tachos y botellas.<br>Tapar los tanques de agua.<br>Limpiar canaletas de desag\u00fces obstruidos.<br>Cambiar asiduamente el agua de los bebederos de animales.<br>Utilizar arena h\u00fameda en lugar de agua en floreros, jarrones y recipientes de plantas acu\u00e1ticas.<br>Verificar la ausencia de larvas en piletas de lona y mantenerlas secas, plegadas y bajo techo cuando est\u00e1n en desuso.<br>Instalar mosquiteros en aberturas y tules en cochecitos de beb\u00e9s.<br>Colocarse repelente sobre el cuerpo y la ropa.<br>Utilizar espirales o tabletas.<\/p>\n","protected":false},"excerpt":{"rendered":"<p>El intendente de La Plata, Julio Alak, dio inicio este jueves al Plan Municipal de Prevenci\u00f3n contra el Dengue 2025\/2026<\/p>\n","protected":false},"author":3,"featured_media":0,"comment_status":"open","ping_status":"open","sticky":false,"template":"","format":"standard","meta":{"colormag_page_container_layout":"default_layout","colormag_page_sidebar_layout":"default_layout","footnotes":""},"categories":[12,1,14],"tags":[],"class_list":["post-7995","post","type-post","status-publish","format-standard","hentry","category-8va-seccion","category-destacadas","category-politica"],"yoast_head":"<!-- This site is optimized with the Yoast SEO plugin v27.5 - https:\/\/yoast.com\/product\/yoast-seo-wordpress\/ -->\n<title>Alak lanz\u00f3 el Plan de Prevenci\u00f3n contra el Dengue 2025\/2026 en La Plata - InfoPBA247<\/title>\n<meta name=\"robots\" content=\"index, follow, max-snippet:-1, max-image-preview:large, max-video-preview:-1\" \/>\n<link rel=\"canonical\" href=\"https:\/\/infopba247.com.ar\/index.php\/2025\/09\/25\/alak-lanzo-el-plan-de-prevencion-contra-el-dengue-2025-2026-en-la-plata\/\" \/>\n<meta property=\"og:locale\" content=\"es_ES\" \/>\n<meta property=\"og:type\" content=\"article\" \/>\n<meta property=\"og:title\" content=\"Alak lanz\u00f3 el Plan de Prevenci\u00f3n contra el Dengue 2025\/2026 en La Plata - InfoPBA247\" \/>\n<meta property=\"og:description\" content=\"El intendente de La Plata, Julio Alak, dio inicio este jueves al Plan Municipal de Prevenci\u00f3n contra el Dengue 2025\/2026\" \/>\n<meta property=\"og:url\" content=\"https:\/\/infopba247.com.ar\/index.php\/2025\/09\/25\/alak-lanzo-el-plan-de-prevencion-contra-el-dengue-2025-2026-en-la-plata\/\" \/>\n<meta property=\"og:site_name\" content=\"InfoPBA247\" \/>\n<meta property=\"article:publisher\" content=\"https:\/\/www.facebook.com\/InfoPBA\" \/>\n<meta property=\"article:published_time\" content=\"2025-09-25T18:29:01+00:00\" \/>\n<meta property=\"article:modified_time\" content=\"2025-09-25T18:29:04+00:00\" \/>\n<meta name=\"author\" content=\"Editor\" \/>\n<meta name=\"twitter:card\" content=\"summary_large_image\" \/>\n<meta name=\"twitter:label1\" content=\"Escrito por\" \/>\n\t<meta name=\"twitter:data1\" content=\"Editor\" \/>\n\t<meta name=\"twitter:label2\" content=\"Tiempo de lectura\" \/>\n\t<meta name=\"twitter:data2\" content=\"3 minutos\" \/>\n<script type=\"application\/ld+json\" class=\"yoast-schema-graph\">{\"@context\":\"https:\\\/\\\/schema.org\",\"@graph\":[{\"@type\":\"Article\",\"@id\":\"https:\\\/\\\/infopba247.com.ar\\\/index.php\\\/2025\\\/09\\\/25\\\/alak-lanzo-el-plan-de-prevencion-contra-el-dengue-2025-2026-en-la-plata\\\/#article\",\"isPartOf\":{\"@id\":\"https:\\\/\\\/infopba247.com.ar\\\/index.php\\\/2025\\\/09\\\/25\\\/alak-lanzo-el-plan-de-prevencion-contra-el-dengue-2025-2026-en-la-plata\\\/\"},\"author\":{\"name\":\"Editor\",\"@id\":\"https:\\\/\\\/infopba247.com.ar\\\/#\\\/schema\\\/person\\\/4975f1343a413e57bf839b3eed0099f2\"},\"headline\":\"Alak lanz\u00f3 el Plan de Prevenci\u00f3n contra el Dengue 2025\\\/2026 en La Plata\",\"datePublished\":\"2025-09-25T18:29:01+00:00\",\"dateModified\":\"2025-09-25T18:29:04+00:00\",\"mainEntityOfPage\":{\"@id\":\"https:\\\/\\\/infopba247.com.ar\\\/index.php\\\/2025\\\/09\\\/25\\\/alak-lanzo-el-plan-de-prevencion-contra-el-dengue-2025-2026-en-la-plata\\\/\"},\"wordCount\":539,\"commentCount\":0,\"publisher\":{\"@id\":\"https:\\\/\\\/infopba247.com.ar\\\/#organization\"},\"articleSection\":[\"8va Secci\u00f3n\",\"Destacadas\",\"Pol\u00edtica\"],\"inLanguage\":\"es\",\"potentialAction\":[{\"@type\":\"CommentAction\",\"name\":\"Comment\",\"target\":[\"https:\\\/\\\/infopba247.com.ar\\\/index.php\\\/2025\\\/09\\\/25\\\/alak-lanzo-el-plan-de-prevencion-contra-el-dengue-2025-2026-en-la-plata\\\/#respond\"]}]},{\"@type\":\"WebPage\",\"@id\":\"https:\\\/\\\/infopba247.com.ar\\\/index.php\\\/2025\\\/09\\\/25\\\/alak-lanzo-el-plan-de-prevencion-contra-el-dengue-2025-2026-en-la-plata\\\/\",\"url\":\"https:\\\/\\\/infopba247.com.ar\\\/index.php\\\/2025\\\/09\\\/25\\\/alak-lanzo-el-plan-de-prevencion-contra-el-dengue-2025-2026-en-la-plata\\\/\",\"name\":\"Alak lanz\u00f3 el Plan de Prevenci\u00f3n contra el Dengue 2025\\\/2026 en La Plata - InfoPBA247\",\"isPartOf\":{\"@id\":\"https:\\\/\\\/infopba247.com.ar\\\/#website\"},\"datePublished\":\"2025-09-25T18:29:01+00:00\",\"dateModified\":\"2025-09-25T18:29:04+00:00\",\"breadcrumb\":{\"@id\":\"https:\\\/\\\/infopba247.com.ar\\\/index.php\\\/2025\\\/09\\\/25\\\/alak-lanzo-el-plan-de-prevencion-contra-el-dengue-2025-2026-en-la-plata\\\/#breadcrumb\"},\"inLanguage\":\"es\",\"potentialAction\":[{\"@type\":\"ReadAction\",\"target\":[\"https:\\\/\\\/infopba247.com.ar\\\/index.php\\\/2025\\\/09\\\/25\\\/alak-lanzo-el-plan-de-prevencion-contra-el-dengue-2025-2026-en-la-plata\\\/\"]}]},{\"@type\":\"BreadcrumbList\",\"@id\":\"https:\\\/\\\/infopba247.com.ar\\\/index.php\\\/2025\\\/09\\\/25\\\/alak-lanzo-el-plan-de-prevencion-contra-el-dengue-2025-2026-en-la-plata\\\/#breadcrumb\",\"itemListElement\":[{\"@type\":\"ListItem\",\"position\":1,\"name\":\"Portada\",\"item\":\"https:\\\/\\\/infopba247.com.ar\\\/\"},{\"@type\":\"ListItem\",\"position\":2,\"name\":\"Alak lanz\u00f3 el Plan de Prevenci\u00f3n contra el Dengue 2025\\\/2026 en La Plata\"}]},{\"@type\":\"WebSite\",\"@id\":\"https:\\\/\\\/infopba247.com.ar\\\/#website\",\"url\":\"https:\\\/\\\/infopba247.com.ar\\\/\",\"name\":\"InfoPBA247\",\"description\":\"Toda la actualidad bonaerense\",\"publisher\":{\"@id\":\"https:\\\/\\\/infopba247.com.ar\\\/#organization\"},\"potentialAction\":[{\"@type\":\"SearchAction\",\"target\":{\"@type\":\"EntryPoint\",\"urlTemplate\":\"https:\\\/\\\/infopba247.com.ar\\\/?s={search_term_string}\"},\"query-input\":{\"@type\":\"PropertyValueSpecification\",\"valueRequired\":true,\"valueName\":\"search_term_string\"}}],\"inLanguage\":\"es\"},{\"@type\":\"Organization\",\"@id\":\"https:\\\/\\\/infopba247.com.ar\\\/#organization\",\"name\":\"InfoPBA247\",\"url\":\"https:\\\/\\\/infopba247.com.ar\\\/\",\"logo\":{\"@type\":\"ImageObject\",\"inLanguage\":\"es\",\"@id\":\"https:\\\/\\\/infopba247.com.ar\\\/#\\\/schema\\\/logo\\\/image\\\/\",\"url\":\"https:\\\/\\\/infopba247.com.ar\\\/wp-content\\\/uploads\\\/2022\\\/03\\\/cropped-InfoPBA247-1.png\",\"contentUrl\":\"https:\\\/\\\/infopba247.com.ar\\\/wp-content\\\/uploads\\\/2022\\\/03\\\/cropped-InfoPBA247-1.png\",\"width\":500,\"height\":122,\"caption\":\"InfoPBA247\"},\"image\":{\"@id\":\"https:\\\/\\\/infopba247.com.ar\\\/#\\\/schema\\\/logo\\\/image\\\/\"},\"sameAs\":[\"https:\\\/\\\/www.facebook.com\\\/InfoPBA\"]},{\"@type\":\"Person\",\"@id\":\"https:\\\/\\\/infopba247.com.ar\\\/#\\\/schema\\\/person\\\/4975f1343a413e57bf839b3eed0099f2\",\"name\":\"Editor\",\"image\":{\"@type\":\"ImageObject\",\"inLanguage\":\"es\",\"@id\":\"https:\\\/\\\/secure.gravatar.com\\\/avatar\\\/d27fe9520667ca53441d36627a1d6b0fa4a813571ec4803687a7a3a7744685ac?s=96&d=mm&r=g\",\"url\":\"https:\\\/\\\/secure.gravatar.com\\\/avatar\\\/d27fe9520667ca53441d36627a1d6b0fa4a813571ec4803687a7a3a7744685ac?s=96&d=mm&r=g\",\"contentUrl\":\"https:\\\/\\\/secure.gravatar.com\\\/avatar\\\/d27fe9520667ca53441d36627a1d6b0fa4a813571ec4803687a7a3a7744685ac?s=96&d=mm&r=g\",\"caption\":\"Editor\"},\"url\":\"https:\\\/\\\/infopba247.com.ar\\\/index.php\\\/author\\\/editor\\\/\"}]}<\/script>\n<!-- \/ Yoast SEO plugin. -->","yoast_head_json":{"title":"Alak lanz\u00f3 el Plan de Prevenci\u00f3n contra el Dengue 2025\/2026 en La Plata - InfoPBA247","robots":{"index":"index","follow":"follow","max-snippet":"max-snippet:-1","max-image-preview":"max-image-preview:large","max-video-preview":"max-video-preview:-1"},"canonical":"https:\/\/infopba247.com.ar\/index.php\/2025\/09\/25\/alak-lanzo-el-plan-de-prevencion-contra-el-dengue-2025-2026-en-la-plata\/","og_locale":"es_ES","og_type":"article","og_title":"Alak lanz\u00f3 el Plan de Prevenci\u00f3n contra el Dengue 2025\/2026 en La Plata - InfoPBA247","og_description":"El intendente de La Plata, Julio Alak, dio inicio este jueves al Plan Municipal de Prevenci\u00f3n contra el Dengue 2025\/2026","og_url":"https:\/\/infopba247.com.ar\/index.php\/2025\/09\/25\/alak-lanzo-el-plan-de-prevencion-contra-el-dengue-2025-2026-en-la-plata\/","og_site_name":"InfoPBA247","article_publisher":"https:\/\/www.facebook.com\/InfoPBA","article_published_time":"2025-09-25T18:29:01+00:00","article_modified_time":"2025-09-25T18:29:04+00:00","author":"Editor","twitter_card":"summary_large_image","twitter_misc":{"Escrito por":"Editor","Tiempo de lectura":"3 minutos"},"schema":{"@context":"https:\/\/schema.org","@graph":[{"@type":"Article","@id":"https:\/\/infopba247.com.ar\/index.php\/2025\/09\/25\/alak-lanzo-el-plan-de-prevencion-contra-el-dengue-2025-2026-en-la-plata\/#article","isPartOf":{"@id":"https:\/\/infopba247.com.ar\/index.php\/2025\/09\/25\/alak-lanzo-el-plan-de-prevencion-contra-el-dengue-2025-2026-en-la-plata\/"},"author":{"name":"Editor","@id":"https:\/\/infopba247.com.ar\/#\/schema\/person\/4975f1343a413e57bf839b3eed0099f2"},"headline":"Alak lanz\u00f3 el Plan de Prevenci\u00f3n contra el Dengue 2025\/2026 en La Plata","datePublished":"2025-09-25T18:29:01+00:00","dateModified":"2025-09-25T18:29:04+00:00","mainEntityOfPage":{"@id":"https:\/\/infopba247.com.ar\/index.php\/2025\/09\/25\/alak-lanzo-el-plan-de-prevencion-contra-el-dengue-2025-2026-en-la-plata\/"},"wordCount":539,"commentCount":0,"publisher":{"@id":"https:\/\/infopba247.com.ar\/#organization"},"articleSection":["8va Secci\u00f3n","Destacadas","Pol\u00edtica"],"inLanguage":"es","potentialAction":[{"@type":"CommentAction","name":"Comment","target":["https:\/\/infopba247.com.ar\/index.php\/2025\/09\/25\/alak-lanzo-el-plan-de-prevencion-contra-el-dengue-2025-2026-en-la-plata\/#respond"]}]},{"@type":"WebPage","@id":"https:\/\/infopba247.com.ar\/index.php\/2025\/09\/25\/alak-lanzo-el-plan-de-prevencion-contra-el-dengue-2025-2026-en-la-plata\/","url":"https:\/\/infopba247.com.ar\/index.php\/2025\/09\/25\/alak-lanzo-el-plan-de-prevencion-contra-el-dengue-2025-2026-en-la-plata\/","name":"Alak lanz\u00f3 el Plan de Prevenci\u00f3n contra el Dengue 2025\/2026 en La Plata - InfoPBA247","isPartOf":{"@id":"https:\/\/infopba247.com.ar\/#website"},"datePublished":"2025-09-25T18:29:01+00:00","dateModified":"2025-09-25T18:29:04+00:00","breadcrumb":{"@id":"https:\/\/infopba247.com.ar\/index.php\/2025\/09\/25\/alak-lanzo-el-plan-de-prevencion-contra-el-dengue-2025-2026-en-la-plata\/#breadcrumb"},"inLanguage":"es","potentialAction":[{"@type":"ReadAction","target":["https:\/\/infopba247.com.ar\/index.php\/2025\/09\/25\/alak-lanzo-el-plan-de-prevencion-contra-el-dengue-2025-2026-en-la-plata\/"]}]},{"@type":"BreadcrumbList","@id":"https:\/\/infopba247.com.ar\/index.php\/2025\/09\/25\/alak-lanzo-el-plan-de-prevencion-contra-el-dengue-2025-2026-en-la-plata\/#breadcrumb","itemListElement":[{"@type":"ListItem","position":1,"name":"Portada","item":"https:\/\/infopba247.com.ar\/"},{"@type":"ListItem","position":2,"name":"Alak lanz\u00f3 el Plan de Prevenci\u00f3n contra el Dengue 2025\/2026 en La Plata"}]},{"@type":"WebSite","@id":"https:\/\/infopba247.com.ar\/#website","url":"https:\/\/infopba247.com.ar\/","name":"InfoPBA247","description":"Toda la actualidad bonaerense","publisher":{"@id":"https:\/\/infopba247.com.ar\/#organization"},"potentialAction":[{"@type":"SearchAction","target":{"@type":"EntryPoint","urlTemplate":"https:\/\/infopba247.com.ar\/?s={search_term_string}"},"query-input":{"@type":"PropertyValueSpecification","valueRequired":true,"valueName":"search_term_string"}}],"inLanguage":"es"},{"@type":"Organization","@id":"https:\/\/infopba247.com.ar\/#organization","name":"InfoPBA247","url":"https:\/\/infopba247.com.ar\/","logo":{"@type":"ImageObject","inLanguage":"es","@id":"https:\/\/infopba247.com.ar\/#\/schema\/logo\/image\/","url":"https:\/\/infopba247.com.ar\/wp-content\/uploads\/2022\/03\/cropped-InfoPBA247-1.png","contentUrl":"https:\/\/infopba247.com.ar\/wp-content\/uploads\/2022\/03\/cropped-InfoPBA247-1.png","width":500,"height":122,"caption":"InfoPBA247"},"image":{"@id":"https:\/\/infopba247.com.ar\/#\/schema\/logo\/image\/"},"sameAs":["https:\/\/www.facebook.com\/InfoPBA"]},{"@type":"Person","@id":"https:\/\/infopba247.com.ar\/#\/schema\/person\/4975f1343a413e57bf839b3eed0099f2","name":"Editor","image":{"@type":"ImageObject","inLanguage":"es","@id":"https:\/\/secure.gravatar.com\/avatar\/d27fe9520667ca53441d36627a1d6b0fa4a813571ec4803687a7a3a7744685ac?s=96&d=mm&r=g","url":"https:\/\/secure.gravatar.com\/avatar\/d27fe9520667ca53441d36627a1d6b0fa4a813571ec4803687a7a3a7744685ac?s=96&d=mm&r=g","contentUrl":"https:\/\/secure.gravatar.com\/avatar\/d27fe9520667ca53441d36627a1d6b0fa4a813571ec4803687a7a3a7744685ac?s=96&d=mm&r=g","caption":"Editor"},"url":"https:\/\/infopba247.com.ar\/index.php\/author\/editor\/"}]}},"_links":{"self":[{"href":"https:\/\/infopba247.com.ar\/index.php\/wp-json\/wp\/v2\/posts\/7995","targetHints":{"allow":["GET"]}}],"collection":[{"href":"https:\/\/infopba247.com.ar\/index.php\/wp-json\/wp\/v2\/posts"}],"about":[{"href":"https:\/\/infopba247.com.ar\/index.php\/wp-json\/wp\/v2\/types\/post"}],"author":[{"embeddable":true,"href":"https:\/\/infopba247.com.ar\/index.php\/wp-json\/wp\/v2\/users\/3"}],"replies":[{"embeddable":true,"href":"https:\/\/infopba247.com.ar\/index.php\/wp-json\/wp\/v2\/comments?post=7995"}],"version-history":[{"count":1,"href":"https:\/\/infopba247.com.ar\/index.php\/wp-json\/wp\/v2\/posts\/7995\/revisions"}],"predecessor-version":[{"id":7996,"href":"https:\/\/infopba247.com.ar\/index.php\/wp-json\/wp\/v2\/posts\/7995\/revisions\/7996"}],"wp:attachment":[{"href":"https:\/\/infopba247.com.ar\/index.php\/wp-json\/wp\/v2\/media?parent=7995"}],"wp:term":[{"taxonomy":"category","embeddable":true,"href":"https:\/\/infopba247.com.ar\/index.php\/wp-json\/wp\/v2\/categories?post=7995"},{"taxonomy":"post_tag","embeddable":true,"href":"https:\/\/infopba247.com.ar\/index.php\/wp-json\/wp\/v2\/tags?post=7995"}],"curies":[{"name":"wp","href":"https:\/\/api.w.org\/{rel}","templated":true}]}}