{"id":799,"date":"2022-10-31T18:59:00","date_gmt":"2022-10-31T21:59:00","guid":{"rendered":"https:\/\/infopba247.com.ar\/?p=799"},"modified":"2022-11-01T19:00:10","modified_gmt":"2022-11-01T22:00:10","slug":"desastre-agropecuario-cuales-son-los-13-partidos-bonaerenses-que-seran-declarados-en-emergencia-por-sequia","status":"publish","type":"post","link":"https:\/\/infopba247.com.ar\/index.php\/2022\/10\/31\/desastre-agropecuario-cuales-son-los-13-partidos-bonaerenses-que-seran-declarados-en-emergencia-por-sequia\/","title":{"rendered":"Desastre Agropecuario: cu\u00e1les son los 13 partidos bonaerenses que ser\u00e1n declarados en emergencia por sequ\u00eda"},"content":{"rendered":"\n<p>El Ministro de Desarrollo Agrario, Javier Rodr\u00edguez, particip\u00f3 de una nueva reuni\u00f3n de la Comisi\u00f3n de Emergencia y Desastre Agropecuario de la Provincia de Buenos Aires (CEDABA), en la que se decidi\u00f3 recomendar la declaraci\u00f3n del Estado de Emergencia y\/o Desastre Agropecuario por sequ\u00eda para 13 partidos bonaerenses.<\/p>\n\n\n\n<p>Los partidos declarados en emergec\u00eda agropecuario ser\u00e1n San Pedro, San Vicente, Chascom\u00fas, Dolores, Magdalena, Rojas, Salto, Alberti, Ramallo, Lobos, Jun\u00edn, Suipacha y Arrecifes.<\/p>\n\n\n\n<p>\u201cSe analizaron todos las solicitudes y los relevamientos que ya ven\u00edamos haciendo respecto de las condiciones clim\u00e1ticas de los \u00faltimos meses. Est\u00e1 claro que este fue un ciclo especial, donde los niveles de precipitaciones se redujeron en muchos lugares y eso afect\u00f3 a los cultivos de invierno y a la producci\u00f3n ganadera\u201d, expres\u00f3 el ministro de Desarrollo Agrario, Javier Rodr\u00edguez.<\/p>\n\n\n\n<p>En la reuni\u00f3n tambi\u00e9n se propuso mantener di\u00e1logo constante con las Comisiones Locales y convocar una pr\u00f3xima reuni\u00f3n de CEDABA el pr\u00f3ximo 14 de noviembre.<\/p>\n\n\n\n<p>En el encuentro tambi\u00e9n se analiz\u00f3 la situaci\u00f3n de aquellos distritos afectados por los eventos clim\u00e1ticos recientes que todav\u00eda no hicieron la presentaci\u00f3n. Al respecto, el titular de la cartera agraria bonaerense inst\u00f3 a aquellas localidades que hicieron p\u00fablica la necesidad de la declaraci\u00f3n de emergencia a realizar el pedido correspondiente ante el Ministerio.<\/p>\n\n\n\n<p>Adem\u00e1s del ministro Javier Rodr\u00edguez, del encuentro participaron el subsecretario de Desarrollo Agrario y Calidad Agroalimentaria del MDA, Cristian Amarilla, y el director de Sustentabilidad y Medio Ambiente, Ra\u00fal Villaverde, junto a su equipo de trabajo; funcionarios del Ministerio de Hacienda y Finanzas bonaerense, de ARBA, del Bapro, y representantes de las entidades rurales que conforman la Comisi\u00f3n (CONINAGRO, SRA, CARBAP, FAA, FEBAPRI y Agricultura Familiar).<\/p>\n\n\n\n<p>Por otro lado, se confirm\u00f3 para los pr\u00f3ximos d\u00edas una reuni\u00f3n de la Mesa Agropecuaria Provincial, en la que se analizar\u00e1 la situaci\u00f3n productiva en funci\u00f3n de los eventos clim\u00e1ticos, los avances en el marco de la Cedaba, y las herramientas necesarias para paliar la situaci\u00f3n.<\/p>\n","protected":false},"excerpt":{"rendered":"<p>El Ministro de Desarrollo Agrario, Javier Rodr\u00edguez, particip\u00f3 de una nueva reuni\u00f3n de la Comisi\u00f3n de Emergencia y Desastre Agropecuario<\/p>\n","protected":false},"author":3,"featured_media":800,"comment_status":"closed","ping_status":"closed","sticky":false,"template":"","format":"standard","meta":{"colormag_page_container_layout":"default_layout","colormag_page_sidebar_layout":"default_layout","footnotes":""},"categories":[16],"tags":[],"class_list":["post-799","post","type-post","status-publish","format-standard","has-post-thumbnail","hentry","category-interes-general"],"yoast_head":"<!-- This site is optimized with the Yoast SEO plugin v27.5 - https:\/\/yoast.com\/product\/yoast-seo-wordpress\/ -->\n<title>Desastre Agropecuario: cu\u00e1les son los 13 partidos bonaerenses que ser\u00e1n declarados en emergencia por sequ\u00eda - InfoPBA247<\/title>\n<meta name=\"robots\" content=\"index, follow, max-snippet:-1, max-image-preview:large, max-video-preview:-1\" \/>\n<link rel=\"canonical\" href=\"https:\/\/infopba247.com.ar\/index.php\/2022\/10\/31\/desastre-agropecuario-cuales-son-los-13-partidos-bonaerenses-que-seran-declarados-en-emergencia-por-sequia\/\" \/>\n<meta property=\"og:locale\" content=\"es_ES\" \/>\n<meta property=\"og:type\" content=\"article\" \/>\n<meta property=\"og:title\" content=\"Desastre Agropecuario: cu\u00e1les son los 13 partidos bonaerenses que ser\u00e1n declarados en emergencia por sequ\u00eda - InfoPBA247\" \/>\n<meta property=\"og:description\" content=\"El Ministro de Desarrollo Agrario, Javier Rodr\u00edguez, particip\u00f3 de una nueva reuni\u00f3n de la Comisi\u00f3n de Emergencia y Desastre Agropecuario\" \/>\n<meta property=\"og:url\" content=\"https:\/\/infopba247.com.ar\/index.php\/2022\/10\/31\/desastre-agropecuario-cuales-son-los-13-partidos-bonaerenses-que-seran-declarados-en-emergencia-por-sequia\/\" \/>\n<meta property=\"og:site_name\" content=\"InfoPBA247\" \/>\n<meta property=\"article:publisher\" content=\"https:\/\/www.facebook.com\/InfoPBA\" \/>\n<meta property=\"article:published_time\" content=\"2022-10-31T21:59:00+00:00\" \/>\n<meta property=\"article:modified_time\" content=\"2022-11-01T22:00:10+00:00\" \/>\n<meta property=\"og:image\" content=\"https:\/\/infopba247.com.ar\/wp-content\/uploads\/2022\/11\/sequia.jpg\" \/>\n\t<meta property=\"og:image:width\" content=\"1280\" \/>\n\t<meta property=\"og:image:height\" content=\"900\" \/>\n\t<meta property=\"og:image:type\" content=\"image\/jpeg\" \/>\n<meta name=\"author\" content=\"Editor\" \/>\n<meta name=\"twitter:card\" content=\"summary_large_image\" \/>\n<meta name=\"twitter:label1\" content=\"Escrito por\" \/>\n\t<meta name=\"twitter:data1\" content=\"Editor\" \/>\n\t<meta name=\"twitter:label2\" content=\"Tiempo de lectura\" \/>\n\t<meta name=\"twitter:data2\" content=\"2 minutos\" \/>\n<script type=\"application\/ld+json\" class=\"yoast-schema-graph\">{\"@context\":\"https:\\\/\\\/schema.org\",\"@graph\":[{\"@type\":\"Article\",\"@id\":\"https:\\\/\\\/infopba247.com.ar\\\/index.php\\\/2022\\\/10\\\/31\\\/desastre-agropecuario-cuales-son-los-13-partidos-bonaerenses-que-seran-declarados-en-emergencia-por-sequia\\\/#article\",\"isPartOf\":{\"@id\":\"https:\\\/\\\/infopba247.com.ar\\\/index.php\\\/2022\\\/10\\\/31\\\/desastre-agropecuario-cuales-son-los-13-partidos-bonaerenses-que-seran-declarados-en-emergencia-por-sequia\\\/\"},\"author\":{\"name\":\"Editor\",\"@id\":\"https:\\\/\\\/infopba247.com.ar\\\/#\\\/schema\\\/person\\\/4975f1343a413e57bf839b3eed0099f2\"},\"headline\":\"Desastre Agropecuario: cu\u00e1les son los 13 partidos bonaerenses que ser\u00e1n declarados en emergencia por sequ\u00eda\",\"datePublished\":\"2022-10-31T21:59:00+00:00\",\"dateModified\":\"2022-11-01T22:00:10+00:00\",\"mainEntityOfPage\":{\"@id\":\"https:\\\/\\\/infopba247.com.ar\\\/index.php\\\/2022\\\/10\\\/31\\\/desastre-agropecuario-cuales-son-los-13-partidos-bonaerenses-que-seran-declarados-en-emergencia-por-sequia\\\/\"},\"wordCount\":375,\"publisher\":{\"@id\":\"https:\\\/\\\/infopba247.com.ar\\\/#organization\"},\"image\":{\"@id\":\"https:\\\/\\\/infopba247.com.ar\\\/index.php\\\/2022\\\/10\\\/31\\\/desastre-agropecuario-cuales-son-los-13-partidos-bonaerenses-que-seran-declarados-en-emergencia-por-sequia\\\/#primaryimage\"},\"thumbnailUrl\":\"https:\\\/\\\/infopba247.com.ar\\\/wp-content\\\/uploads\\\/2022\\\/11\\\/sequia.jpg\",\"articleSection\":[\"Inter\u00e9s General\"],\"inLanguage\":\"es\"},{\"@type\":\"WebPage\",\"@id\":\"https:\\\/\\\/infopba247.com.ar\\\/index.php\\\/2022\\\/10\\\/31\\\/desastre-agropecuario-cuales-son-los-13-partidos-bonaerenses-que-seran-declarados-en-emergencia-por-sequia\\\/\",\"url\":\"https:\\\/\\\/infopba247.com.ar\\\/index.php\\\/2022\\\/10\\\/31\\\/desastre-agropecuario-cuales-son-los-13-partidos-bonaerenses-que-seran-declarados-en-emergencia-por-sequia\\\/\",\"name\":\"Desastre Agropecuario: cu\u00e1les son los 13 partidos bonaerenses que ser\u00e1n declarados en emergencia por sequ\u00eda - InfoPBA247\",\"isPartOf\":{\"@id\":\"https:\\\/\\\/infopba247.com.ar\\\/#website\"},\"primaryImageOfPage\":{\"@id\":\"https:\\\/\\\/infopba247.com.ar\\\/index.php\\\/2022\\\/10\\\/31\\\/desastre-agropecuario-cuales-son-los-13-partidos-bonaerenses-que-seran-declarados-en-emergencia-por-sequia\\\/#primaryimage\"},\"image\":{\"@id\":\"https:\\\/\\\/infopba247.com.ar\\\/index.php\\\/2022\\\/10\\\/31\\\/desastre-agropecuario-cuales-son-los-13-partidos-bonaerenses-que-seran-declarados-en-emergencia-por-sequia\\\/#primaryimage\"},\"thumbnailUrl\":\"https:\\\/\\\/infopba247.com.ar\\\/wp-content\\\/uploads\\\/2022\\\/11\\\/sequia.jpg\",\"datePublished\":\"2022-10-31T21:59:00+00:00\",\"dateModified\":\"2022-11-01T22:00:10+00:00\",\"breadcrumb\":{\"@id\":\"https:\\\/\\\/infopba247.com.ar\\\/index.php\\\/2022\\\/10\\\/31\\\/desastre-agropecuario-cuales-son-los-13-partidos-bonaerenses-que-seran-declarados-en-emergencia-por-sequia\\\/#breadcrumb\"},\"inLanguage\":\"es\",\"potentialAction\":[{\"@type\":\"ReadAction\",\"target\":[\"https:\\\/\\\/infopba247.com.ar\\\/index.php\\\/2022\\\/10\\\/31\\\/desastre-agropecuario-cuales-son-los-13-partidos-bonaerenses-que-seran-declarados-en-emergencia-por-sequia\\\/\"]}]},{\"@type\":\"ImageObject\",\"inLanguage\":\"es\",\"@id\":\"https:\\\/\\\/infopba247.com.ar\\\/index.php\\\/2022\\\/10\\\/31\\\/desastre-agropecuario-cuales-son-los-13-partidos-bonaerenses-que-seran-declarados-en-emergencia-por-sequia\\\/#primaryimage\",\"url\":\"https:\\\/\\\/infopba247.com.ar\\\/wp-content\\\/uploads\\\/2022\\\/11\\\/sequia.jpg\",\"contentUrl\":\"https:\\\/\\\/infopba247.com.ar\\\/wp-content\\\/uploads\\\/2022\\\/11\\\/sequia.jpg\",\"width\":1280,\"height\":900},{\"@type\":\"BreadcrumbList\",\"@id\":\"https:\\\/\\\/infopba247.com.ar\\\/index.php\\\/2022\\\/10\\\/31\\\/desastre-agropecuario-cuales-son-los-13-partidos-bonaerenses-que-seran-declarados-en-emergencia-por-sequia\\\/#breadcrumb\",\"itemListElement\":[{\"@type\":\"ListItem\",\"position\":1,\"name\":\"Portada\",\"item\":\"https:\\\/\\\/infopba247.com.ar\\\/\"},{\"@type\":\"ListItem\",\"position\":2,\"name\":\"Desastre Agropecuario: cu\u00e1les son los 13 partidos bonaerenses que ser\u00e1n declarados en emergencia por sequ\u00eda\"}]},{\"@type\":\"WebSite\",\"@id\":\"https:\\\/\\\/infopba247.com.ar\\\/#website\",\"url\":\"https:\\\/\\\/infopba247.com.ar\\\/\",\"name\":\"InfoPBA247\",\"description\":\"Toda la actualidad bonaerense\",\"publisher\":{\"@id\":\"https:\\\/\\\/infopba247.com.ar\\\/#organization\"},\"potentialAction\":[{\"@type\":\"SearchAction\",\"target\":{\"@type\":\"EntryPoint\",\"urlTemplate\":\"https:\\\/\\\/infopba247.com.ar\\\/?s={search_term_string}\"},\"query-input\":{\"@type\":\"PropertyValueSpecification\",\"valueRequired\":true,\"valueName\":\"search_term_string\"}}],\"inLanguage\":\"es\"},{\"@type\":\"Organization\",\"@id\":\"https:\\\/\\\/infopba247.com.ar\\\/#organization\",\"name\":\"InfoPBA247\",\"url\":\"https:\\\/\\\/infopba247.com.ar\\\/\",\"logo\":{\"@type\":\"ImageObject\",\"inLanguage\":\"es\",\"@id\":\"https:\\\/\\\/infopba247.com.ar\\\/#\\\/schema\\\/logo\\\/image\\\/\",\"url\":\"https:\\\/\\\/infopba247.com.ar\\\/wp-content\\\/uploads\\\/2022\\\/03\\\/cropped-InfoPBA247-1.png\",\"contentUrl\":\"https:\\\/\\\/infopba247.com.ar\\\/wp-content\\\/uploads\\\/2022\\\/03\\\/cropped-InfoPBA247-1.png\",\"width\":500,\"height\":122,\"caption\":\"InfoPBA247\"},\"image\":{\"@id\":\"https:\\\/\\\/infopba247.com.ar\\\/#\\\/schema\\\/logo\\\/image\\\/\"},\"sameAs\":[\"https:\\\/\\\/www.facebook.com\\\/InfoPBA\"]},{\"@type\":\"Person\",\"@id\":\"https:\\\/\\\/infopba247.com.ar\\\/#\\\/schema\\\/person\\\/4975f1343a413e57bf839b3eed0099f2\",\"name\":\"Editor\",\"image\":{\"@type\":\"ImageObject\",\"inLanguage\":\"es\",\"@id\":\"https:\\\/\\\/secure.gravatar.com\\\/avatar\\\/d27fe9520667ca53441d36627a1d6b0fa4a813571ec4803687a7a3a7744685ac?s=96&d=mm&r=g\",\"url\":\"https:\\\/\\\/secure.gravatar.com\\\/avatar\\\/d27fe9520667ca53441d36627a1d6b0fa4a813571ec4803687a7a3a7744685ac?s=96&d=mm&r=g\",\"contentUrl\":\"https:\\\/\\\/secure.gravatar.com\\\/avatar\\\/d27fe9520667ca53441d36627a1d6b0fa4a813571ec4803687a7a3a7744685ac?s=96&d=mm&r=g\",\"caption\":\"Editor\"},\"url\":\"https:\\\/\\\/infopba247.com.ar\\\/index.php\\\/author\\\/editor\\\/\"}]}<\/script>\n<!-- \/ Yoast SEO plugin. -->","yoast_head_json":{"title":"Desastre Agropecuario: cu\u00e1les son los 13 partidos bonaerenses que ser\u00e1n declarados en emergencia por sequ\u00eda - InfoPBA247","robots":{"index":"index","follow":"follow","max-snippet":"max-snippet:-1","max-image-preview":"max-image-preview:large","max-video-preview":"max-video-preview:-1"},"canonical":"https:\/\/infopba247.com.ar\/index.php\/2022\/10\/31\/desastre-agropecuario-cuales-son-los-13-partidos-bonaerenses-que-seran-declarados-en-emergencia-por-sequia\/","og_locale":"es_ES","og_type":"article","og_title":"Desastre Agropecuario: cu\u00e1les son los 13 partidos bonaerenses que ser\u00e1n declarados en emergencia por sequ\u00eda - InfoPBA247","og_description":"El Ministro de Desarrollo Agrario, Javier Rodr\u00edguez, particip\u00f3 de una nueva reuni\u00f3n de la Comisi\u00f3n de Emergencia y Desastre Agropecuario","og_url":"https:\/\/infopba247.com.ar\/index.php\/2022\/10\/31\/desastre-agropecuario-cuales-son-los-13-partidos-bonaerenses-que-seran-declarados-en-emergencia-por-sequia\/","og_site_name":"InfoPBA247","article_publisher":"https:\/\/www.facebook.com\/InfoPBA","article_published_time":"2022-10-31T21:59:00+00:00","article_modified_time":"2022-11-01T22:00:10+00:00","og_image":[{"width":1280,"height":900,"url":"https:\/\/infopba247.com.ar\/wp-content\/uploads\/2022\/11\/sequia.jpg","type":"image\/jpeg"}],"author":"Editor","twitter_card":"summary_large_image","twitter_misc":{"Escrito por":"Editor","Tiempo de lectura":"2 minutos"},"schema":{"@context":"https:\/\/schema.org","@graph":[{"@type":"Article","@id":"https:\/\/infopba247.com.ar\/index.php\/2022\/10\/31\/desastre-agropecuario-cuales-son-los-13-partidos-bonaerenses-que-seran-declarados-en-emergencia-por-sequia\/#article","isPartOf":{"@id":"https:\/\/infopba247.com.ar\/index.php\/2022\/10\/31\/desastre-agropecuario-cuales-son-los-13-partidos-bonaerenses-que-seran-declarados-en-emergencia-por-sequia\/"},"author":{"name":"Editor","@id":"https:\/\/infopba247.com.ar\/#\/schema\/person\/4975f1343a413e57bf839b3eed0099f2"},"headline":"Desastre Agropecuario: cu\u00e1les son los 13 partidos bonaerenses que ser\u00e1n declarados en emergencia por sequ\u00eda","datePublished":"2022-10-31T21:59:00+00:00","dateModified":"2022-11-01T22:00:10+00:00","mainEntityOfPage":{"@id":"https:\/\/infopba247.com.ar\/index.php\/2022\/10\/31\/desastre-agropecuario-cuales-son-los-13-partidos-bonaerenses-que-seran-declarados-en-emergencia-por-sequia\/"},"wordCount":375,"publisher":{"@id":"https:\/\/infopba247.com.ar\/#organization"},"image":{"@id":"https:\/\/infopba247.com.ar\/index.php\/2022\/10\/31\/desastre-agropecuario-cuales-son-los-13-partidos-bonaerenses-que-seran-declarados-en-emergencia-por-sequia\/#primaryimage"},"thumbnailUrl":"https:\/\/infopba247.com.ar\/wp-content\/uploads\/2022\/11\/sequia.jpg","articleSection":["Inter\u00e9s General"],"inLanguage":"es"},{"@type":"WebPage","@id":"https:\/\/infopba247.com.ar\/index.php\/2022\/10\/31\/desastre-agropecuario-cuales-son-los-13-partidos-bonaerenses-que-seran-declarados-en-emergencia-por-sequia\/","url":"https:\/\/infopba247.com.ar\/index.php\/2022\/10\/31\/desastre-agropecuario-cuales-son-los-13-partidos-bonaerenses-que-seran-declarados-en-emergencia-por-sequia\/","name":"Desastre Agropecuario: cu\u00e1les son los 13 partidos bonaerenses que ser\u00e1n declarados en emergencia por sequ\u00eda - InfoPBA247","isPartOf":{"@id":"https:\/\/infopba247.com.ar\/#website"},"primaryImageOfPage":{"@id":"https:\/\/infopba247.com.ar\/index.php\/2022\/10\/31\/desastre-agropecuario-cuales-son-los-13-partidos-bonaerenses-que-seran-declarados-en-emergencia-por-sequia\/#primaryimage"},"image":{"@id":"https:\/\/infopba247.com.ar\/index.php\/2022\/10\/31\/desastre-agropecuario-cuales-son-los-13-partidos-bonaerenses-que-seran-declarados-en-emergencia-por-sequia\/#primaryimage"},"thumbnailUrl":"https:\/\/infopba247.com.ar\/wp-content\/uploads\/2022\/11\/sequia.jpg","datePublished":"2022-10-31T21:59:00+00:00","dateModified":"2022-11-01T22:00:10+00:00","breadcrumb":{"@id":"https:\/\/infopba247.com.ar\/index.php\/2022\/10\/31\/desastre-agropecuario-cuales-son-los-13-partidos-bonaerenses-que-seran-declarados-en-emergencia-por-sequia\/#breadcrumb"},"inLanguage":"es","potentialAction":[{"@type":"ReadAction","target":["https:\/\/infopba247.com.ar\/index.php\/2022\/10\/31\/desastre-agropecuario-cuales-son-los-13-partidos-bonaerenses-que-seran-declarados-en-emergencia-por-sequia\/"]}]},{"@type":"ImageObject","inLanguage":"es","@id":"https:\/\/infopba247.com.ar\/index.php\/2022\/10\/31\/desastre-agropecuario-cuales-son-los-13-partidos-bonaerenses-que-seran-declarados-en-emergencia-por-sequia\/#primaryimage","url":"https:\/\/infopba247.com.ar\/wp-content\/uploads\/2022\/11\/sequia.jpg","contentUrl":"https:\/\/infopba247.com.ar\/wp-content\/uploads\/2022\/11\/sequia.jpg","width":1280,"height":900},{"@type":"BreadcrumbList","@id":"https:\/\/infopba247.com.ar\/index.php\/2022\/10\/31\/desastre-agropecuario-cuales-son-los-13-partidos-bonaerenses-que-seran-declarados-en-emergencia-por-sequia\/#breadcrumb","itemListElement":[{"@type":"ListItem","position":1,"name":"Portada","item":"https:\/\/infopba247.com.ar\/"},{"@type":"ListItem","position":2,"name":"Desastre Agropecuario: cu\u00e1les son los 13 partidos bonaerenses que ser\u00e1n declarados en emergencia por sequ\u00eda"}]},{"@type":"WebSite","@id":"https:\/\/infopba247.com.ar\/#website","url":"https:\/\/infopba247.com.ar\/","name":"InfoPBA247","description":"Toda la actualidad bonaerense","publisher":{"@id":"https:\/\/infopba247.com.ar\/#organization"},"potentialAction":[{"@type":"SearchAction","target":{"@type":"EntryPoint","urlTemplate":"https:\/\/infopba247.com.ar\/?s={search_term_string}"},"query-input":{"@type":"PropertyValueSpecification","valueRequired":true,"valueName":"search_term_string"}}],"inLanguage":"es"},{"@type":"Organization","@id":"https:\/\/infopba247.com.ar\/#organization","name":"InfoPBA247","url":"https:\/\/infopba247.com.ar\/","logo":{"@type":"ImageObject","inLanguage":"es","@id":"https:\/\/infopba247.com.ar\/#\/schema\/logo\/image\/","url":"https:\/\/infopba247.com.ar\/wp-content\/uploads\/2022\/03\/cropped-InfoPBA247-1.png","contentUrl":"https:\/\/infopba247.com.ar\/wp-content\/uploads\/2022\/03\/cropped-InfoPBA247-1.png","width":500,"height":122,"caption":"InfoPBA247"},"image":{"@id":"https:\/\/infopba247.com.ar\/#\/schema\/logo\/image\/"},"sameAs":["https:\/\/www.facebook.com\/InfoPBA"]},{"@type":"Person","@id":"https:\/\/infopba247.com.ar\/#\/schema\/person\/4975f1343a413e57bf839b3eed0099f2","name":"Editor","image":{"@type":"ImageObject","inLanguage":"es","@id":"https:\/\/secure.gravatar.com\/avatar\/d27fe9520667ca53441d36627a1d6b0fa4a813571ec4803687a7a3a7744685ac?s=96&d=mm&r=g","url":"https:\/\/secure.gravatar.com\/avatar\/d27fe9520667ca53441d36627a1d6b0fa4a813571ec4803687a7a3a7744685ac?s=96&d=mm&r=g","contentUrl":"https:\/\/secure.gravatar.com\/avatar\/d27fe9520667ca53441d36627a1d6b0fa4a813571ec4803687a7a3a7744685ac?s=96&d=mm&r=g","caption":"Editor"},"url":"https:\/\/infopba247.com.ar\/index.php\/author\/editor\/"}]}},"_links":{"self":[{"href":"https:\/\/infopba247.com.ar\/index.php\/wp-json\/wp\/v2\/posts\/799","targetHints":{"allow":["GET"]}}],"collection":[{"href":"https:\/\/infopba247.com.ar\/index.php\/wp-json\/wp\/v2\/posts"}],"about":[{"href":"https:\/\/infopba247.com.ar\/index.php\/wp-json\/wp\/v2\/types\/post"}],"author":[{"embeddable":true,"href":"https:\/\/infopba247.com.ar\/index.php\/wp-json\/wp\/v2\/users\/3"}],"replies":[{"embeddable":true,"href":"https:\/\/infopba247.com.ar\/index.php\/wp-json\/wp\/v2\/comments?post=799"}],"version-history":[{"count":1,"href":"https:\/\/infopba247.com.ar\/index.php\/wp-json\/wp\/v2\/posts\/799\/revisions"}],"predecessor-version":[{"id":801,"href":"https:\/\/infopba247.com.ar\/index.php\/wp-json\/wp\/v2\/posts\/799\/revisions\/801"}],"wp:featuredmedia":[{"embeddable":true,"href":"https:\/\/infopba247.com.ar\/index.php\/wp-json\/wp\/v2\/media\/800"}],"wp:attachment":[{"href":"https:\/\/infopba247.com.ar\/index.php\/wp-json\/wp\/v2\/media?parent=799"}],"wp:term":[{"taxonomy":"category","embeddable":true,"href":"https:\/\/infopba247.com.ar\/index.php\/wp-json\/wp\/v2\/categories?post=799"},{"taxonomy":"post_tag","embeddable":true,"href":"https:\/\/infopba247.com.ar\/index.php\/wp-json\/wp\/v2\/tags?post=799"}],"curies":[{"name":"wp","href":"https:\/\/api.w.org\/{rel}","templated":true}]}}