{"id":7984,"date":"2025-09-25T15:16:12","date_gmt":"2025-09-25T18:16:12","guid":{"rendered":"https:\/\/infopba247.com.ar\/?p=7984"},"modified":"2025-09-25T15:16:48","modified_gmt":"2025-09-25T18:16:48","slug":"llega-pura-con-la-primera-feria-de-vinos-naturales-y-artesanos-en-la-plata","status":"publish","type":"post","link":"https:\/\/infopba247.com.ar\/index.php\/2025\/09\/25\/llega-pura-con-la-primera-feria-de-vinos-naturales-y-artesanos-en-la-plata\/","title":{"rendered":"Llega PURA con la primera Feria de Vinos Naturales y Artesanos en La Plata"},"content":{"rendered":"\n<p>De la mano de los propios productores llega PURA con una Feria de Vinos Naturales y Artesanos, una propuesta in\u00e9dita en la ciudad de La Plata. La cita es el s\u00e1bado 11 de octubre de 13 a 19 horas en Criado, un espacio gastron\u00f3mico puertas adentro en 45 e\/ 10 y 11. Ser\u00e1 un encuentro aut\u00e9ntico y cercano, vinos vivos, charlas reales, productores presentes.<\/p>\n\n\n\n<p>PURA es un movimiento que une a productores de vino natural de todo el pa\u00eds con el objetivo de hacer sinergia y extender la cultura del vino natural a los rincones de todo el pa\u00eds. \u201cPURA fruta, cero sulfitos, PURAmente conectados con la naturaleza\u201d, dicen sus integrantes.<\/p>\n\n\n\n<p>Ser\u00e1 un evento \u00fanico que marcar\u00e1 un hito en la ciudad. Habr\u00e1 degustaci\u00f3n de etiquetas de m\u00e1s 10 proyectos de vinos naturales y artesanos, diferentes variedades de uvas y m\u00e9todos de vinificaci\u00f3n. Y lo trascendente es que ser\u00e1n los mismos productores quienes van a estar sirviendo el vino . Una oportunidad para generar charlas y conocer cada uno de sus procesos.<\/p>\n\n\n\n<p>Estar\u00e1n presente Luc\u00eda Bulacio y Pamela Godoy con su proyecto @aguadelavida_vinos , Santiago Salgado de @finca_las_payas, Ale Sketini con su proyecto hom\u00f3nimo @alesketini, Virginia Leopardi de @la_rosendo, Sebasti\u00e1n Casali de @elmonte_, Felipe Gonzalez Flynn y Lucas Mendez de @chipicavinos, @ceramicalucasmendez, entre otros.<\/p>\n\n\n\n<p>Adem\u00e1s, habr\u00e1 rondas de vinito para conocer proyectos exclusivos y m\u00fasica en vivo. La propuesta gastro estar\u00e1 cargo de Criado (@criadoaplantas) con una variedad de propuestas dulces y saladas apto veganos y cel\u00edacos.<\/p>\n\n\n\n<p>La feria est\u00e1 organizada por Vinito &amp; Co, el proyecto de Yesica Monti, Silvina Baldino y Valentina Celesia que busca comunicar el vino de manera emocional con el foco puesto en vinos excepcionales. La feria est\u00e1 destinada amantes del vino, profesionales del sector y para un p\u00fablico curioso por descubrir nuevas etiquetas.<\/p>\n\n\n\n<p>Los tickets tienen un valor de $25.000 y ya est\u00e1n a la venta. Escribir por DM a @vinito.and.co . Los cupos son limitados.<\/p>\n","protected":false},"excerpt":{"rendered":"<p>De la mano de los propios productores llega PURA con una Feria de Vinos Naturales y Artesanos, una propuesta in\u00e9dita<\/p>\n","protected":false},"author":3,"featured_media":7986,"comment_status":"open","ping_status":"open","sticky":false,"template":"","format":"standard","meta":{"colormag_page_container_layout":"default_layout","colormag_page_sidebar_layout":"default_layout","footnotes":""},"categories":[1,16],"tags":[],"class_list":["post-7984","post","type-post","status-publish","format-standard","has-post-thumbnail","hentry","category-destacadas","category-interes-general"],"yoast_head":"<!-- This site is optimized with the Yoast SEO plugin v27.4 - https:\/\/yoast.com\/product\/yoast-seo-wordpress\/ -->\n<title>Llega PURA con la primera Feria de Vinos Naturales y Artesanos en La Plata - InfoPBA247<\/title>\n<meta name=\"robots\" content=\"index, follow, max-snippet:-1, max-image-preview:large, max-video-preview:-1\" \/>\n<link rel=\"canonical\" href=\"https:\/\/infopba247.com.ar\/index.php\/2025\/09\/25\/llega-pura-con-la-primera-feria-de-vinos-naturales-y-artesanos-en-la-plata\/\" \/>\n<meta property=\"og:locale\" content=\"es_ES\" \/>\n<meta property=\"og:type\" content=\"article\" \/>\n<meta property=\"og:title\" content=\"Llega PURA con la primera Feria de Vinos Naturales y Artesanos en La Plata - InfoPBA247\" \/>\n<meta property=\"og:description\" content=\"De la mano de los propios productores llega PURA con una Feria de Vinos Naturales y Artesanos, una propuesta in\u00e9dita\" \/>\n<meta property=\"og:url\" content=\"https:\/\/infopba247.com.ar\/index.php\/2025\/09\/25\/llega-pura-con-la-primera-feria-de-vinos-naturales-y-artesanos-en-la-plata\/\" \/>\n<meta property=\"og:site_name\" content=\"InfoPBA247\" \/>\n<meta property=\"article:publisher\" content=\"https:\/\/www.facebook.com\/InfoPBA\" \/>\n<meta property=\"article:published_time\" content=\"2025-09-25T18:16:12+00:00\" \/>\n<meta property=\"article:modified_time\" content=\"2025-09-25T18:16:48+00:00\" \/>\n<meta property=\"og:image\" content=\"https:\/\/infopba247.com.ar\/wp-content\/uploads\/2025\/09\/IMG_9501-scaled.jpg\" \/>\n\t<meta property=\"og:image:width\" content=\"2560\" \/>\n\t<meta property=\"og:image:height\" content=\"1706\" \/>\n\t<meta property=\"og:image:type\" content=\"image\/jpeg\" \/>\n<meta name=\"author\" content=\"Editor\" \/>\n<meta name=\"twitter:card\" content=\"summary_large_image\" \/>\n<meta name=\"twitter:label1\" content=\"Escrito por\" \/>\n\t<meta name=\"twitter:data1\" content=\"Editor\" \/>\n\t<meta name=\"twitter:label2\" content=\"Tiempo de lectura\" \/>\n\t<meta name=\"twitter:data2\" content=\"2 minutos\" \/>\n<script type=\"application\/ld+json\" class=\"yoast-schema-graph\">{\"@context\":\"https:\\\/\\\/schema.org\",\"@graph\":[{\"@type\":\"Article\",\"@id\":\"https:\\\/\\\/infopba247.com.ar\\\/index.php\\\/2025\\\/09\\\/25\\\/llega-pura-con-la-primera-feria-de-vinos-naturales-y-artesanos-en-la-plata\\\/#article\",\"isPartOf\":{\"@id\":\"https:\\\/\\\/infopba247.com.ar\\\/index.php\\\/2025\\\/09\\\/25\\\/llega-pura-con-la-primera-feria-de-vinos-naturales-y-artesanos-en-la-plata\\\/\"},\"author\":{\"name\":\"Editor\",\"@id\":\"https:\\\/\\\/infopba247.com.ar\\\/#\\\/schema\\\/person\\\/4975f1343a413e57bf839b3eed0099f2\"},\"headline\":\"Llega PURA con la primera Feria de Vinos Naturales y Artesanos en La Plata\",\"datePublished\":\"2025-09-25T18:16:12+00:00\",\"dateModified\":\"2025-09-25T18:16:48+00:00\",\"mainEntityOfPage\":{\"@id\":\"https:\\\/\\\/infopba247.com.ar\\\/index.php\\\/2025\\\/09\\\/25\\\/llega-pura-con-la-primera-feria-de-vinos-naturales-y-artesanos-en-la-plata\\\/\"},\"wordCount\":351,\"commentCount\":0,\"publisher\":{\"@id\":\"https:\\\/\\\/infopba247.com.ar\\\/#organization\"},\"image\":{\"@id\":\"https:\\\/\\\/infopba247.com.ar\\\/index.php\\\/2025\\\/09\\\/25\\\/llega-pura-con-la-primera-feria-de-vinos-naturales-y-artesanos-en-la-plata\\\/#primaryimage\"},\"thumbnailUrl\":\"https:\\\/\\\/infopba247.com.ar\\\/wp-content\\\/uploads\\\/2025\\\/09\\\/IMG_9501-scaled.jpg\",\"articleSection\":[\"Destacadas\",\"Inter\u00e9s General\"],\"inLanguage\":\"es\",\"potentialAction\":[{\"@type\":\"CommentAction\",\"name\":\"Comment\",\"target\":[\"https:\\\/\\\/infopba247.com.ar\\\/index.php\\\/2025\\\/09\\\/25\\\/llega-pura-con-la-primera-feria-de-vinos-naturales-y-artesanos-en-la-plata\\\/#respond\"]}]},{\"@type\":\"WebPage\",\"@id\":\"https:\\\/\\\/infopba247.com.ar\\\/index.php\\\/2025\\\/09\\\/25\\\/llega-pura-con-la-primera-feria-de-vinos-naturales-y-artesanos-en-la-plata\\\/\",\"url\":\"https:\\\/\\\/infopba247.com.ar\\\/index.php\\\/2025\\\/09\\\/25\\\/llega-pura-con-la-primera-feria-de-vinos-naturales-y-artesanos-en-la-plata\\\/\",\"name\":\"Llega PURA con la primera Feria de Vinos Naturales y Artesanos en La Plata - InfoPBA247\",\"isPartOf\":{\"@id\":\"https:\\\/\\\/infopba247.com.ar\\\/#website\"},\"primaryImageOfPage\":{\"@id\":\"https:\\\/\\\/infopba247.com.ar\\\/index.php\\\/2025\\\/09\\\/25\\\/llega-pura-con-la-primera-feria-de-vinos-naturales-y-artesanos-en-la-plata\\\/#primaryimage\"},\"image\":{\"@id\":\"https:\\\/\\\/infopba247.com.ar\\\/index.php\\\/2025\\\/09\\\/25\\\/llega-pura-con-la-primera-feria-de-vinos-naturales-y-artesanos-en-la-plata\\\/#primaryimage\"},\"thumbnailUrl\":\"https:\\\/\\\/infopba247.com.ar\\\/wp-content\\\/uploads\\\/2025\\\/09\\\/IMG_9501-scaled.jpg\",\"datePublished\":\"2025-09-25T18:16:12+00:00\",\"dateModified\":\"2025-09-25T18:16:48+00:00\",\"breadcrumb\":{\"@id\":\"https:\\\/\\\/infopba247.com.ar\\\/index.php\\\/2025\\\/09\\\/25\\\/llega-pura-con-la-primera-feria-de-vinos-naturales-y-artesanos-en-la-plata\\\/#breadcrumb\"},\"inLanguage\":\"es\",\"potentialAction\":[{\"@type\":\"ReadAction\",\"target\":[\"https:\\\/\\\/infopba247.com.ar\\\/index.php\\\/2025\\\/09\\\/25\\\/llega-pura-con-la-primera-feria-de-vinos-naturales-y-artesanos-en-la-plata\\\/\"]}]},{\"@type\":\"ImageObject\",\"inLanguage\":\"es\",\"@id\":\"https:\\\/\\\/infopba247.com.ar\\\/index.php\\\/2025\\\/09\\\/25\\\/llega-pura-con-la-primera-feria-de-vinos-naturales-y-artesanos-en-la-plata\\\/#primaryimage\",\"url\":\"https:\\\/\\\/infopba247.com.ar\\\/wp-content\\\/uploads\\\/2025\\\/09\\\/IMG_9501-scaled.jpg\",\"contentUrl\":\"https:\\\/\\\/infopba247.com.ar\\\/wp-content\\\/uploads\\\/2025\\\/09\\\/IMG_9501-scaled.jpg\",\"width\":2560,\"height\":1706},{\"@type\":\"BreadcrumbList\",\"@id\":\"https:\\\/\\\/infopba247.com.ar\\\/index.php\\\/2025\\\/09\\\/25\\\/llega-pura-con-la-primera-feria-de-vinos-naturales-y-artesanos-en-la-plata\\\/#breadcrumb\",\"itemListElement\":[{\"@type\":\"ListItem\",\"position\":1,\"name\":\"Portada\",\"item\":\"https:\\\/\\\/infopba247.com.ar\\\/\"},{\"@type\":\"ListItem\",\"position\":2,\"name\":\"Llega PURA con la primera Feria de Vinos Naturales y Artesanos en La Plata\"}]},{\"@type\":\"WebSite\",\"@id\":\"https:\\\/\\\/infopba247.com.ar\\\/#website\",\"url\":\"https:\\\/\\\/infopba247.com.ar\\\/\",\"name\":\"InfoPBA247\",\"description\":\"Toda la actualidad bonaerense\",\"publisher\":{\"@id\":\"https:\\\/\\\/infopba247.com.ar\\\/#organization\"},\"potentialAction\":[{\"@type\":\"SearchAction\",\"target\":{\"@type\":\"EntryPoint\",\"urlTemplate\":\"https:\\\/\\\/infopba247.com.ar\\\/?s={search_term_string}\"},\"query-input\":{\"@type\":\"PropertyValueSpecification\",\"valueRequired\":true,\"valueName\":\"search_term_string\"}}],\"inLanguage\":\"es\"},{\"@type\":\"Organization\",\"@id\":\"https:\\\/\\\/infopba247.com.ar\\\/#organization\",\"name\":\"InfoPBA247\",\"url\":\"https:\\\/\\\/infopba247.com.ar\\\/\",\"logo\":{\"@type\":\"ImageObject\",\"inLanguage\":\"es\",\"@id\":\"https:\\\/\\\/infopba247.com.ar\\\/#\\\/schema\\\/logo\\\/image\\\/\",\"url\":\"https:\\\/\\\/infopba247.com.ar\\\/wp-content\\\/uploads\\\/2022\\\/03\\\/cropped-InfoPBA247-1.png\",\"contentUrl\":\"https:\\\/\\\/infopba247.com.ar\\\/wp-content\\\/uploads\\\/2022\\\/03\\\/cropped-InfoPBA247-1.png\",\"width\":500,\"height\":122,\"caption\":\"InfoPBA247\"},\"image\":{\"@id\":\"https:\\\/\\\/infopba247.com.ar\\\/#\\\/schema\\\/logo\\\/image\\\/\"},\"sameAs\":[\"https:\\\/\\\/www.facebook.com\\\/InfoPBA\"]},{\"@type\":\"Person\",\"@id\":\"https:\\\/\\\/infopba247.com.ar\\\/#\\\/schema\\\/person\\\/4975f1343a413e57bf839b3eed0099f2\",\"name\":\"Editor\",\"image\":{\"@type\":\"ImageObject\",\"inLanguage\":\"es\",\"@id\":\"https:\\\/\\\/secure.gravatar.com\\\/avatar\\\/d27fe9520667ca53441d36627a1d6b0fa4a813571ec4803687a7a3a7744685ac?s=96&d=mm&r=g\",\"url\":\"https:\\\/\\\/secure.gravatar.com\\\/avatar\\\/d27fe9520667ca53441d36627a1d6b0fa4a813571ec4803687a7a3a7744685ac?s=96&d=mm&r=g\",\"contentUrl\":\"https:\\\/\\\/secure.gravatar.com\\\/avatar\\\/d27fe9520667ca53441d36627a1d6b0fa4a813571ec4803687a7a3a7744685ac?s=96&d=mm&r=g\",\"caption\":\"Editor\"},\"url\":\"https:\\\/\\\/infopba247.com.ar\\\/index.php\\\/author\\\/editor\\\/\"}]}<\/script>\n<!-- \/ Yoast SEO plugin. -->","yoast_head_json":{"title":"Llega PURA con la primera Feria de Vinos Naturales y Artesanos en La Plata - InfoPBA247","robots":{"index":"index","follow":"follow","max-snippet":"max-snippet:-1","max-image-preview":"max-image-preview:large","max-video-preview":"max-video-preview:-1"},"canonical":"https:\/\/infopba247.com.ar\/index.php\/2025\/09\/25\/llega-pura-con-la-primera-feria-de-vinos-naturales-y-artesanos-en-la-plata\/","og_locale":"es_ES","og_type":"article","og_title":"Llega PURA con la primera Feria de Vinos Naturales y Artesanos en La Plata - InfoPBA247","og_description":"De la mano de los propios productores llega PURA con una Feria de Vinos Naturales y Artesanos, una propuesta in\u00e9dita","og_url":"https:\/\/infopba247.com.ar\/index.php\/2025\/09\/25\/llega-pura-con-la-primera-feria-de-vinos-naturales-y-artesanos-en-la-plata\/","og_site_name":"InfoPBA247","article_publisher":"https:\/\/www.facebook.com\/InfoPBA","article_published_time":"2025-09-25T18:16:12+00:00","article_modified_time":"2025-09-25T18:16:48+00:00","og_image":[{"width":2560,"height":1706,"url":"https:\/\/infopba247.com.ar\/wp-content\/uploads\/2025\/09\/IMG_9501-scaled.jpg","type":"image\/jpeg"}],"author":"Editor","twitter_card":"summary_large_image","twitter_misc":{"Escrito por":"Editor","Tiempo de lectura":"2 minutos"},"schema":{"@context":"https:\/\/schema.org","@graph":[{"@type":"Article","@id":"https:\/\/infopba247.com.ar\/index.php\/2025\/09\/25\/llega-pura-con-la-primera-feria-de-vinos-naturales-y-artesanos-en-la-plata\/#article","isPartOf":{"@id":"https:\/\/infopba247.com.ar\/index.php\/2025\/09\/25\/llega-pura-con-la-primera-feria-de-vinos-naturales-y-artesanos-en-la-plata\/"},"author":{"name":"Editor","@id":"https:\/\/infopba247.com.ar\/#\/schema\/person\/4975f1343a413e57bf839b3eed0099f2"},"headline":"Llega PURA con la primera Feria de Vinos Naturales y Artesanos en La Plata","datePublished":"2025-09-25T18:16:12+00:00","dateModified":"2025-09-25T18:16:48+00:00","mainEntityOfPage":{"@id":"https:\/\/infopba247.com.ar\/index.php\/2025\/09\/25\/llega-pura-con-la-primera-feria-de-vinos-naturales-y-artesanos-en-la-plata\/"},"wordCount":351,"commentCount":0,"publisher":{"@id":"https:\/\/infopba247.com.ar\/#organization"},"image":{"@id":"https:\/\/infopba247.com.ar\/index.php\/2025\/09\/25\/llega-pura-con-la-primera-feria-de-vinos-naturales-y-artesanos-en-la-plata\/#primaryimage"},"thumbnailUrl":"https:\/\/infopba247.com.ar\/wp-content\/uploads\/2025\/09\/IMG_9501-scaled.jpg","articleSection":["Destacadas","Inter\u00e9s General"],"inLanguage":"es","potentialAction":[{"@type":"CommentAction","name":"Comment","target":["https:\/\/infopba247.com.ar\/index.php\/2025\/09\/25\/llega-pura-con-la-primera-feria-de-vinos-naturales-y-artesanos-en-la-plata\/#respond"]}]},{"@type":"WebPage","@id":"https:\/\/infopba247.com.ar\/index.php\/2025\/09\/25\/llega-pura-con-la-primera-feria-de-vinos-naturales-y-artesanos-en-la-plata\/","url":"https:\/\/infopba247.com.ar\/index.php\/2025\/09\/25\/llega-pura-con-la-primera-feria-de-vinos-naturales-y-artesanos-en-la-plata\/","name":"Llega PURA con la primera Feria de Vinos Naturales y Artesanos en La Plata - InfoPBA247","isPartOf":{"@id":"https:\/\/infopba247.com.ar\/#website"},"primaryImageOfPage":{"@id":"https:\/\/infopba247.com.ar\/index.php\/2025\/09\/25\/llega-pura-con-la-primera-feria-de-vinos-naturales-y-artesanos-en-la-plata\/#primaryimage"},"image":{"@id":"https:\/\/infopba247.com.ar\/index.php\/2025\/09\/25\/llega-pura-con-la-primera-feria-de-vinos-naturales-y-artesanos-en-la-plata\/#primaryimage"},"thumbnailUrl":"https:\/\/infopba247.com.ar\/wp-content\/uploads\/2025\/09\/IMG_9501-scaled.jpg","datePublished":"2025-09-25T18:16:12+00:00","dateModified":"2025-09-25T18:16:48+00:00","breadcrumb":{"@id":"https:\/\/infopba247.com.ar\/index.php\/2025\/09\/25\/llega-pura-con-la-primera-feria-de-vinos-naturales-y-artesanos-en-la-plata\/#breadcrumb"},"inLanguage":"es","potentialAction":[{"@type":"ReadAction","target":["https:\/\/infopba247.com.ar\/index.php\/2025\/09\/25\/llega-pura-con-la-primera-feria-de-vinos-naturales-y-artesanos-en-la-plata\/"]}]},{"@type":"ImageObject","inLanguage":"es","@id":"https:\/\/infopba247.com.ar\/index.php\/2025\/09\/25\/llega-pura-con-la-primera-feria-de-vinos-naturales-y-artesanos-en-la-plata\/#primaryimage","url":"https:\/\/infopba247.com.ar\/wp-content\/uploads\/2025\/09\/IMG_9501-scaled.jpg","contentUrl":"https:\/\/infopba247.com.ar\/wp-content\/uploads\/2025\/09\/IMG_9501-scaled.jpg","width":2560,"height":1706},{"@type":"BreadcrumbList","@id":"https:\/\/infopba247.com.ar\/index.php\/2025\/09\/25\/llega-pura-con-la-primera-feria-de-vinos-naturales-y-artesanos-en-la-plata\/#breadcrumb","itemListElement":[{"@type":"ListItem","position":1,"name":"Portada","item":"https:\/\/infopba247.com.ar\/"},{"@type":"ListItem","position":2,"name":"Llega PURA con la primera Feria de Vinos Naturales y Artesanos en La Plata"}]},{"@type":"WebSite","@id":"https:\/\/infopba247.com.ar\/#website","url":"https:\/\/infopba247.com.ar\/","name":"InfoPBA247","description":"Toda la actualidad bonaerense","publisher":{"@id":"https:\/\/infopba247.com.ar\/#organization"},"potentialAction":[{"@type":"SearchAction","target":{"@type":"EntryPoint","urlTemplate":"https:\/\/infopba247.com.ar\/?s={search_term_string}"},"query-input":{"@type":"PropertyValueSpecification","valueRequired":true,"valueName":"search_term_string"}}],"inLanguage":"es"},{"@type":"Organization","@id":"https:\/\/infopba247.com.ar\/#organization","name":"InfoPBA247","url":"https:\/\/infopba247.com.ar\/","logo":{"@type":"ImageObject","inLanguage":"es","@id":"https:\/\/infopba247.com.ar\/#\/schema\/logo\/image\/","url":"https:\/\/infopba247.com.ar\/wp-content\/uploads\/2022\/03\/cropped-InfoPBA247-1.png","contentUrl":"https:\/\/infopba247.com.ar\/wp-content\/uploads\/2022\/03\/cropped-InfoPBA247-1.png","width":500,"height":122,"caption":"InfoPBA247"},"image":{"@id":"https:\/\/infopba247.com.ar\/#\/schema\/logo\/image\/"},"sameAs":["https:\/\/www.facebook.com\/InfoPBA"]},{"@type":"Person","@id":"https:\/\/infopba247.com.ar\/#\/schema\/person\/4975f1343a413e57bf839b3eed0099f2","name":"Editor","image":{"@type":"ImageObject","inLanguage":"es","@id":"https:\/\/secure.gravatar.com\/avatar\/d27fe9520667ca53441d36627a1d6b0fa4a813571ec4803687a7a3a7744685ac?s=96&d=mm&r=g","url":"https:\/\/secure.gravatar.com\/avatar\/d27fe9520667ca53441d36627a1d6b0fa4a813571ec4803687a7a3a7744685ac?s=96&d=mm&r=g","contentUrl":"https:\/\/secure.gravatar.com\/avatar\/d27fe9520667ca53441d36627a1d6b0fa4a813571ec4803687a7a3a7744685ac?s=96&d=mm&r=g","caption":"Editor"},"url":"https:\/\/infopba247.com.ar\/index.php\/author\/editor\/"}]}},"_links":{"self":[{"href":"https:\/\/infopba247.com.ar\/index.php\/wp-json\/wp\/v2\/posts\/7984","targetHints":{"allow":["GET"]}}],"collection":[{"href":"https:\/\/infopba247.com.ar\/index.php\/wp-json\/wp\/v2\/posts"}],"about":[{"href":"https:\/\/infopba247.com.ar\/index.php\/wp-json\/wp\/v2\/types\/post"}],"author":[{"embeddable":true,"href":"https:\/\/infopba247.com.ar\/index.php\/wp-json\/wp\/v2\/users\/3"}],"replies":[{"embeddable":true,"href":"https:\/\/infopba247.com.ar\/index.php\/wp-json\/wp\/v2\/comments?post=7984"}],"version-history":[{"count":2,"href":"https:\/\/infopba247.com.ar\/index.php\/wp-json\/wp\/v2\/posts\/7984\/revisions"}],"predecessor-version":[{"id":7987,"href":"https:\/\/infopba247.com.ar\/index.php\/wp-json\/wp\/v2\/posts\/7984\/revisions\/7987"}],"wp:featuredmedia":[{"embeddable":true,"href":"https:\/\/infopba247.com.ar\/index.php\/wp-json\/wp\/v2\/media\/7986"}],"wp:attachment":[{"href":"https:\/\/infopba247.com.ar\/index.php\/wp-json\/wp\/v2\/media?parent=7984"}],"wp:term":[{"taxonomy":"category","embeddable":true,"href":"https:\/\/infopba247.com.ar\/index.php\/wp-json\/wp\/v2\/categories?post=7984"},{"taxonomy":"post_tag","embeddable":true,"href":"https:\/\/infopba247.com.ar\/index.php\/wp-json\/wp\/v2\/tags?post=7984"}],"curies":[{"name":"wp","href":"https:\/\/api.w.org\/{rel}","templated":true}]}}