{"id":7935,"date":"2025-09-12T15:19:05","date_gmt":"2025-09-12T18:19:05","guid":{"rendered":"https:\/\/infopba247.com.ar\/?p=7935"},"modified":"2025-09-12T15:19:06","modified_gmt":"2025-09-12T18:19:06","slug":"alak-despidio-a-un-contingente-de-excombatientes-platenses-que-viajara-a-las-islas-malvinas","status":"publish","type":"post","link":"https:\/\/infopba247.com.ar\/index.php\/2025\/09\/12\/alak-despidio-a-un-contingente-de-excombatientes-platenses-que-viajara-a-las-islas-malvinas\/","title":{"rendered":"Alak despidi\u00f3 a un contingente de excombatientes platenses que viajar\u00e1 a las Islas Malvinas"},"content":{"rendered":"\n<p>El viaje se enmarca en el convenio firmado en 2007 entre la Municipalidad y el CECIM La Plata, que convirti\u00f3 a la ciudad en pionera en impulsar pol\u00edticas de reparaci\u00f3n y memoria para los excombatientes.<\/p>\n\n\n\n<p>El intendente de La Plata, Julio Alak, encabez\u00f3 este mediod\u00eda un acto de despedida simb\u00f3lica al contingente de 16 excombatientes platenses que visitar\u00e1n las Islas Malvinas entre el s\u00e1bado 20 y el s\u00e1bado 27 de septiembre, junto al Centro de Ex Combatientes Islas Malvinas (CECIM La Plata).<\/p>\n\n\n\n<p>Se trata del primer grupo que podr\u00e1 visitar el Cementerio de Darwin luego de la identificaci\u00f3n de las 123 tumbas de soldados argentinos que permanec\u00edan como NN, gracias al reclamo impulsado por el CECIM ante la Justicia y el Poder Ejecutivo Nacional en 2011.<\/p>\n\n\n\n<p>\u201cEste viaje es una forma de acompa\u00f1ar a nuestros excombatientes y honrar su historia. Desde La Plata seguimos reafirmando el compromiso de garantizar su derecho a regresar a las Islas y mantener viva la memoria colectiva\u201d, sostuvo Alak.<\/p>\n\n\n\n<p>La iniciativa se enmarca en la ordenanza 10.260, aprobada en 2007 durante la gesti\u00f3n de Julio Alak, que institucionaliz\u00f3 los viajes humanitarios para excombatientes. Gracias a este convenio, La Plata fue la primera ciudad en garantizar desde el \u00e1mbito local el derecho de sus veteranos a regresar a Malvinas, un modelo que luego fue replicado en otras provincias.<\/p>\n\n\n\n<p>El convenio incluye a quienes hayan nacido en La Plata, residan en la ciudad desde al menos cinco a\u00f1os antes de 2007 y acrediten haber sido soldados conscriptos o civiles que participaron en las acciones b\u00e9licas desarrolladas entre el 2 de abril y el 14 de junio de 1982 en el Teatro de Operaciones Malvinas.<\/p>\n\n\n\n<p>Cabe destacar que la capital bonaerense estuvo directamente involucrada en el conflicto b\u00e9lico, siendo el Regimiento 7 \u2014ubicado en el predio que hoy ocupa la Plaza Islas Malvinas\u2014 la unidad con mayor n\u00famero de ca\u00eddos.<\/p>\n\n\n\n<p>Cientos de soldados partieron desde el port\u00f3n ubicado en la intersecci\u00f3n de las calles 19 y 51 y fueron trasladados en transporte p\u00fablico hacia la base a\u00e9rea de Palomar sin conocer cu\u00e1l ser\u00eda su destino final, para luego ser enviados a la guerra.<\/p>\n\n\n\n<p>Vale recordar que entre 2015 y 2023 la ordenanza que garantiza los viajes humanitarios fue incumplida. Con esta iniciativa, el Gobierno municipal recupera esa pol\u00edtica y reafirma su compromiso de acompa\u00f1ar a quienes defendieron la soberan\u00eda nacional.<\/p>\n\n\n\n<p>Participaron del acto el ministro de Desarrollo de la Comunidad bonaerense, Andr\u00e9s Larroque; la diputada provincial Luc\u00eda Ia\u00f1ez; el secretario de Gobierno de la Municipalidad, Guillermo Cara; el subsecretario de Derechos Humanos, Leonardo Fossati, entre otras autoridades.<\/p>\n","protected":false},"excerpt":{"rendered":"<p>El viaje se enmarca en el convenio firmado en 2007 entre la Municipalidad y el CECIM La Plata, que convirti\u00f3<\/p>\n","protected":false},"author":3,"featured_media":7929,"comment_status":"open","ping_status":"open","sticky":false,"template":"","format":"standard","meta":{"colormag_page_container_layout":"default_layout","colormag_page_sidebar_layout":"default_layout","footnotes":""},"categories":[12,1,14],"tags":[],"class_list":["post-7935","post","type-post","status-publish","format-standard","has-post-thumbnail","hentry","category-8va-seccion","category-destacadas","category-politica"],"yoast_head":"<!-- This site is optimized with the Yoast SEO plugin v27.4 - https:\/\/yoast.com\/product\/yoast-seo-wordpress\/ -->\n<title>Alak despidi\u00f3 a un contingente de excombatientes platenses que viajar\u00e1 a las Islas Malvinas - InfoPBA247<\/title>\n<meta name=\"robots\" content=\"index, follow, max-snippet:-1, max-image-preview:large, max-video-preview:-1\" \/>\n<link rel=\"canonical\" href=\"https:\/\/infopba247.com.ar\/index.php\/2025\/09\/12\/alak-despidio-a-un-contingente-de-excombatientes-platenses-que-viajara-a-las-islas-malvinas\/\" \/>\n<meta property=\"og:locale\" content=\"es_ES\" \/>\n<meta property=\"og:type\" content=\"article\" \/>\n<meta property=\"og:title\" content=\"Alak despidi\u00f3 a un contingente de excombatientes platenses que viajar\u00e1 a las Islas Malvinas - InfoPBA247\" \/>\n<meta property=\"og:description\" content=\"El viaje se enmarca en el convenio firmado en 2007 entre la Municipalidad y el CECIM La Plata, que convirti\u00f3\" \/>\n<meta property=\"og:url\" content=\"https:\/\/infopba247.com.ar\/index.php\/2025\/09\/12\/alak-despidio-a-un-contingente-de-excombatientes-platenses-que-viajara-a-las-islas-malvinas\/\" \/>\n<meta property=\"og:site_name\" content=\"InfoPBA247\" \/>\n<meta property=\"article:publisher\" content=\"https:\/\/www.facebook.com\/InfoPBA\" \/>\n<meta property=\"article:published_time\" content=\"2025-09-12T18:19:05+00:00\" \/>\n<meta property=\"article:modified_time\" content=\"2025-09-12T18:19:06+00:00\" \/>\n<meta property=\"og:image\" content=\"https:\/\/infopba247.com.ar\/wp-content\/uploads\/2025\/09\/unnamed-2025-09-12T145918.494.jpg\" \/>\n\t<meta property=\"og:image:width\" content=\"1600\" \/>\n\t<meta property=\"og:image:height\" content=\"1064\" \/>\n\t<meta property=\"og:image:type\" content=\"image\/jpeg\" \/>\n<meta name=\"author\" content=\"Editor\" \/>\n<meta name=\"twitter:card\" content=\"summary_large_image\" \/>\n<meta name=\"twitter:label1\" content=\"Escrito por\" \/>\n\t<meta name=\"twitter:data1\" content=\"Editor\" \/>\n\t<meta name=\"twitter:label2\" content=\"Tiempo de lectura\" \/>\n\t<meta name=\"twitter:data2\" content=\"3 minutos\" \/>\n<script type=\"application\/ld+json\" class=\"yoast-schema-graph\">{\"@context\":\"https:\\\/\\\/schema.org\",\"@graph\":[{\"@type\":\"Article\",\"@id\":\"https:\\\/\\\/infopba247.com.ar\\\/index.php\\\/2025\\\/09\\\/12\\\/alak-despidio-a-un-contingente-de-excombatientes-platenses-que-viajara-a-las-islas-malvinas\\\/#article\",\"isPartOf\":{\"@id\":\"https:\\\/\\\/infopba247.com.ar\\\/index.php\\\/2025\\\/09\\\/12\\\/alak-despidio-a-un-contingente-de-excombatientes-platenses-que-viajara-a-las-islas-malvinas\\\/\"},\"author\":{\"name\":\"Editor\",\"@id\":\"https:\\\/\\\/infopba247.com.ar\\\/#\\\/schema\\\/person\\\/4975f1343a413e57bf839b3eed0099f2\"},\"headline\":\"Alak despidi\u00f3 a un contingente de excombatientes platenses que viajar\u00e1 a las Islas Malvinas\",\"datePublished\":\"2025-09-12T18:19:05+00:00\",\"dateModified\":\"2025-09-12T18:19:06+00:00\",\"mainEntityOfPage\":{\"@id\":\"https:\\\/\\\/infopba247.com.ar\\\/index.php\\\/2025\\\/09\\\/12\\\/alak-despidio-a-un-contingente-de-excombatientes-platenses-que-viajara-a-las-islas-malvinas\\\/\"},\"wordCount\":454,\"commentCount\":0,\"publisher\":{\"@id\":\"https:\\\/\\\/infopba247.com.ar\\\/#organization\"},\"image\":{\"@id\":\"https:\\\/\\\/infopba247.com.ar\\\/index.php\\\/2025\\\/09\\\/12\\\/alak-despidio-a-un-contingente-de-excombatientes-platenses-que-viajara-a-las-islas-malvinas\\\/#primaryimage\"},\"thumbnailUrl\":\"https:\\\/\\\/infopba247.com.ar\\\/wp-content\\\/uploads\\\/2025\\\/09\\\/unnamed-2025-09-12T145918.494.jpg\",\"articleSection\":[\"8va Secci\u00f3n\",\"Destacadas\",\"Pol\u00edtica\"],\"inLanguage\":\"es\",\"potentialAction\":[{\"@type\":\"CommentAction\",\"name\":\"Comment\",\"target\":[\"https:\\\/\\\/infopba247.com.ar\\\/index.php\\\/2025\\\/09\\\/12\\\/alak-despidio-a-un-contingente-de-excombatientes-platenses-que-viajara-a-las-islas-malvinas\\\/#respond\"]}]},{\"@type\":\"WebPage\",\"@id\":\"https:\\\/\\\/infopba247.com.ar\\\/index.php\\\/2025\\\/09\\\/12\\\/alak-despidio-a-un-contingente-de-excombatientes-platenses-que-viajara-a-las-islas-malvinas\\\/\",\"url\":\"https:\\\/\\\/infopba247.com.ar\\\/index.php\\\/2025\\\/09\\\/12\\\/alak-despidio-a-un-contingente-de-excombatientes-platenses-que-viajara-a-las-islas-malvinas\\\/\",\"name\":\"Alak despidi\u00f3 a un contingente de excombatientes platenses que viajar\u00e1 a las Islas Malvinas - InfoPBA247\",\"isPartOf\":{\"@id\":\"https:\\\/\\\/infopba247.com.ar\\\/#website\"},\"primaryImageOfPage\":{\"@id\":\"https:\\\/\\\/infopba247.com.ar\\\/index.php\\\/2025\\\/09\\\/12\\\/alak-despidio-a-un-contingente-de-excombatientes-platenses-que-viajara-a-las-islas-malvinas\\\/#primaryimage\"},\"image\":{\"@id\":\"https:\\\/\\\/infopba247.com.ar\\\/index.php\\\/2025\\\/09\\\/12\\\/alak-despidio-a-un-contingente-de-excombatientes-platenses-que-viajara-a-las-islas-malvinas\\\/#primaryimage\"},\"thumbnailUrl\":\"https:\\\/\\\/infopba247.com.ar\\\/wp-content\\\/uploads\\\/2025\\\/09\\\/unnamed-2025-09-12T145918.494.jpg\",\"datePublished\":\"2025-09-12T18:19:05+00:00\",\"dateModified\":\"2025-09-12T18:19:06+00:00\",\"breadcrumb\":{\"@id\":\"https:\\\/\\\/infopba247.com.ar\\\/index.php\\\/2025\\\/09\\\/12\\\/alak-despidio-a-un-contingente-de-excombatientes-platenses-que-viajara-a-las-islas-malvinas\\\/#breadcrumb\"},\"inLanguage\":\"es\",\"potentialAction\":[{\"@type\":\"ReadAction\",\"target\":[\"https:\\\/\\\/infopba247.com.ar\\\/index.php\\\/2025\\\/09\\\/12\\\/alak-despidio-a-un-contingente-de-excombatientes-platenses-que-viajara-a-las-islas-malvinas\\\/\"]}]},{\"@type\":\"ImageObject\",\"inLanguage\":\"es\",\"@id\":\"https:\\\/\\\/infopba247.com.ar\\\/index.php\\\/2025\\\/09\\\/12\\\/alak-despidio-a-un-contingente-de-excombatientes-platenses-que-viajara-a-las-islas-malvinas\\\/#primaryimage\",\"url\":\"https:\\\/\\\/infopba247.com.ar\\\/wp-content\\\/uploads\\\/2025\\\/09\\\/unnamed-2025-09-12T145918.494.jpg\",\"contentUrl\":\"https:\\\/\\\/infopba247.com.ar\\\/wp-content\\\/uploads\\\/2025\\\/09\\\/unnamed-2025-09-12T145918.494.jpg\",\"width\":1600,\"height\":1064},{\"@type\":\"BreadcrumbList\",\"@id\":\"https:\\\/\\\/infopba247.com.ar\\\/index.php\\\/2025\\\/09\\\/12\\\/alak-despidio-a-un-contingente-de-excombatientes-platenses-que-viajara-a-las-islas-malvinas\\\/#breadcrumb\",\"itemListElement\":[{\"@type\":\"ListItem\",\"position\":1,\"name\":\"Portada\",\"item\":\"https:\\\/\\\/infopba247.com.ar\\\/\"},{\"@type\":\"ListItem\",\"position\":2,\"name\":\"Alak despidi\u00f3 a un contingente de excombatientes platenses que viajar\u00e1 a las Islas Malvinas\"}]},{\"@type\":\"WebSite\",\"@id\":\"https:\\\/\\\/infopba247.com.ar\\\/#website\",\"url\":\"https:\\\/\\\/infopba247.com.ar\\\/\",\"name\":\"InfoPBA247\",\"description\":\"Toda la actualidad bonaerense\",\"publisher\":{\"@id\":\"https:\\\/\\\/infopba247.com.ar\\\/#organization\"},\"potentialAction\":[{\"@type\":\"SearchAction\",\"target\":{\"@type\":\"EntryPoint\",\"urlTemplate\":\"https:\\\/\\\/infopba247.com.ar\\\/?s={search_term_string}\"},\"query-input\":{\"@type\":\"PropertyValueSpecification\",\"valueRequired\":true,\"valueName\":\"search_term_string\"}}],\"inLanguage\":\"es\"},{\"@type\":\"Organization\",\"@id\":\"https:\\\/\\\/infopba247.com.ar\\\/#organization\",\"name\":\"InfoPBA247\",\"url\":\"https:\\\/\\\/infopba247.com.ar\\\/\",\"logo\":{\"@type\":\"ImageObject\",\"inLanguage\":\"es\",\"@id\":\"https:\\\/\\\/infopba247.com.ar\\\/#\\\/schema\\\/logo\\\/image\\\/\",\"url\":\"https:\\\/\\\/infopba247.com.ar\\\/wp-content\\\/uploads\\\/2022\\\/03\\\/cropped-InfoPBA247-1.png\",\"contentUrl\":\"https:\\\/\\\/infopba247.com.ar\\\/wp-content\\\/uploads\\\/2022\\\/03\\\/cropped-InfoPBA247-1.png\",\"width\":500,\"height\":122,\"caption\":\"InfoPBA247\"},\"image\":{\"@id\":\"https:\\\/\\\/infopba247.com.ar\\\/#\\\/schema\\\/logo\\\/image\\\/\"},\"sameAs\":[\"https:\\\/\\\/www.facebook.com\\\/InfoPBA\"]},{\"@type\":\"Person\",\"@id\":\"https:\\\/\\\/infopba247.com.ar\\\/#\\\/schema\\\/person\\\/4975f1343a413e57bf839b3eed0099f2\",\"name\":\"Editor\",\"image\":{\"@type\":\"ImageObject\",\"inLanguage\":\"es\",\"@id\":\"https:\\\/\\\/secure.gravatar.com\\\/avatar\\\/d27fe9520667ca53441d36627a1d6b0fa4a813571ec4803687a7a3a7744685ac?s=96&d=mm&r=g\",\"url\":\"https:\\\/\\\/secure.gravatar.com\\\/avatar\\\/d27fe9520667ca53441d36627a1d6b0fa4a813571ec4803687a7a3a7744685ac?s=96&d=mm&r=g\",\"contentUrl\":\"https:\\\/\\\/secure.gravatar.com\\\/avatar\\\/d27fe9520667ca53441d36627a1d6b0fa4a813571ec4803687a7a3a7744685ac?s=96&d=mm&r=g\",\"caption\":\"Editor\"},\"url\":\"https:\\\/\\\/infopba247.com.ar\\\/index.php\\\/author\\\/editor\\\/\"}]}<\/script>\n<!-- \/ Yoast SEO plugin. -->","yoast_head_json":{"title":"Alak despidi\u00f3 a un contingente de excombatientes platenses que viajar\u00e1 a las Islas Malvinas - InfoPBA247","robots":{"index":"index","follow":"follow","max-snippet":"max-snippet:-1","max-image-preview":"max-image-preview:large","max-video-preview":"max-video-preview:-1"},"canonical":"https:\/\/infopba247.com.ar\/index.php\/2025\/09\/12\/alak-despidio-a-un-contingente-de-excombatientes-platenses-que-viajara-a-las-islas-malvinas\/","og_locale":"es_ES","og_type":"article","og_title":"Alak despidi\u00f3 a un contingente de excombatientes platenses que viajar\u00e1 a las Islas Malvinas - InfoPBA247","og_description":"El viaje se enmarca en el convenio firmado en 2007 entre la Municipalidad y el CECIM La Plata, que convirti\u00f3","og_url":"https:\/\/infopba247.com.ar\/index.php\/2025\/09\/12\/alak-despidio-a-un-contingente-de-excombatientes-platenses-que-viajara-a-las-islas-malvinas\/","og_site_name":"InfoPBA247","article_publisher":"https:\/\/www.facebook.com\/InfoPBA","article_published_time":"2025-09-12T18:19:05+00:00","article_modified_time":"2025-09-12T18:19:06+00:00","og_image":[{"width":1600,"height":1064,"url":"https:\/\/infopba247.com.ar\/wp-content\/uploads\/2025\/09\/unnamed-2025-09-12T145918.494.jpg","type":"image\/jpeg"}],"author":"Editor","twitter_card":"summary_large_image","twitter_misc":{"Escrito por":"Editor","Tiempo de lectura":"3 minutos"},"schema":{"@context":"https:\/\/schema.org","@graph":[{"@type":"Article","@id":"https:\/\/infopba247.com.ar\/index.php\/2025\/09\/12\/alak-despidio-a-un-contingente-de-excombatientes-platenses-que-viajara-a-las-islas-malvinas\/#article","isPartOf":{"@id":"https:\/\/infopba247.com.ar\/index.php\/2025\/09\/12\/alak-despidio-a-un-contingente-de-excombatientes-platenses-que-viajara-a-las-islas-malvinas\/"},"author":{"name":"Editor","@id":"https:\/\/infopba247.com.ar\/#\/schema\/person\/4975f1343a413e57bf839b3eed0099f2"},"headline":"Alak despidi\u00f3 a un contingente de excombatientes platenses que viajar\u00e1 a las Islas Malvinas","datePublished":"2025-09-12T18:19:05+00:00","dateModified":"2025-09-12T18:19:06+00:00","mainEntityOfPage":{"@id":"https:\/\/infopba247.com.ar\/index.php\/2025\/09\/12\/alak-despidio-a-un-contingente-de-excombatientes-platenses-que-viajara-a-las-islas-malvinas\/"},"wordCount":454,"commentCount":0,"publisher":{"@id":"https:\/\/infopba247.com.ar\/#organization"},"image":{"@id":"https:\/\/infopba247.com.ar\/index.php\/2025\/09\/12\/alak-despidio-a-un-contingente-de-excombatientes-platenses-que-viajara-a-las-islas-malvinas\/#primaryimage"},"thumbnailUrl":"https:\/\/infopba247.com.ar\/wp-content\/uploads\/2025\/09\/unnamed-2025-09-12T145918.494.jpg","articleSection":["8va Secci\u00f3n","Destacadas","Pol\u00edtica"],"inLanguage":"es","potentialAction":[{"@type":"CommentAction","name":"Comment","target":["https:\/\/infopba247.com.ar\/index.php\/2025\/09\/12\/alak-despidio-a-un-contingente-de-excombatientes-platenses-que-viajara-a-las-islas-malvinas\/#respond"]}]},{"@type":"WebPage","@id":"https:\/\/infopba247.com.ar\/index.php\/2025\/09\/12\/alak-despidio-a-un-contingente-de-excombatientes-platenses-que-viajara-a-las-islas-malvinas\/","url":"https:\/\/infopba247.com.ar\/index.php\/2025\/09\/12\/alak-despidio-a-un-contingente-de-excombatientes-platenses-que-viajara-a-las-islas-malvinas\/","name":"Alak despidi\u00f3 a un contingente de excombatientes platenses que viajar\u00e1 a las Islas Malvinas - InfoPBA247","isPartOf":{"@id":"https:\/\/infopba247.com.ar\/#website"},"primaryImageOfPage":{"@id":"https:\/\/infopba247.com.ar\/index.php\/2025\/09\/12\/alak-despidio-a-un-contingente-de-excombatientes-platenses-que-viajara-a-las-islas-malvinas\/#primaryimage"},"image":{"@id":"https:\/\/infopba247.com.ar\/index.php\/2025\/09\/12\/alak-despidio-a-un-contingente-de-excombatientes-platenses-que-viajara-a-las-islas-malvinas\/#primaryimage"},"thumbnailUrl":"https:\/\/infopba247.com.ar\/wp-content\/uploads\/2025\/09\/unnamed-2025-09-12T145918.494.jpg","datePublished":"2025-09-12T18:19:05+00:00","dateModified":"2025-09-12T18:19:06+00:00","breadcrumb":{"@id":"https:\/\/infopba247.com.ar\/index.php\/2025\/09\/12\/alak-despidio-a-un-contingente-de-excombatientes-platenses-que-viajara-a-las-islas-malvinas\/#breadcrumb"},"inLanguage":"es","potentialAction":[{"@type":"ReadAction","target":["https:\/\/infopba247.com.ar\/index.php\/2025\/09\/12\/alak-despidio-a-un-contingente-de-excombatientes-platenses-que-viajara-a-las-islas-malvinas\/"]}]},{"@type":"ImageObject","inLanguage":"es","@id":"https:\/\/infopba247.com.ar\/index.php\/2025\/09\/12\/alak-despidio-a-un-contingente-de-excombatientes-platenses-que-viajara-a-las-islas-malvinas\/#primaryimage","url":"https:\/\/infopba247.com.ar\/wp-content\/uploads\/2025\/09\/unnamed-2025-09-12T145918.494.jpg","contentUrl":"https:\/\/infopba247.com.ar\/wp-content\/uploads\/2025\/09\/unnamed-2025-09-12T145918.494.jpg","width":1600,"height":1064},{"@type":"BreadcrumbList","@id":"https:\/\/infopba247.com.ar\/index.php\/2025\/09\/12\/alak-despidio-a-un-contingente-de-excombatientes-platenses-que-viajara-a-las-islas-malvinas\/#breadcrumb","itemListElement":[{"@type":"ListItem","position":1,"name":"Portada","item":"https:\/\/infopba247.com.ar\/"},{"@type":"ListItem","position":2,"name":"Alak despidi\u00f3 a un contingente de excombatientes platenses que viajar\u00e1 a las Islas Malvinas"}]},{"@type":"WebSite","@id":"https:\/\/infopba247.com.ar\/#website","url":"https:\/\/infopba247.com.ar\/","name":"InfoPBA247","description":"Toda la actualidad bonaerense","publisher":{"@id":"https:\/\/infopba247.com.ar\/#organization"},"potentialAction":[{"@type":"SearchAction","target":{"@type":"EntryPoint","urlTemplate":"https:\/\/infopba247.com.ar\/?s={search_term_string}"},"query-input":{"@type":"PropertyValueSpecification","valueRequired":true,"valueName":"search_term_string"}}],"inLanguage":"es"},{"@type":"Organization","@id":"https:\/\/infopba247.com.ar\/#organization","name":"InfoPBA247","url":"https:\/\/infopba247.com.ar\/","logo":{"@type":"ImageObject","inLanguage":"es","@id":"https:\/\/infopba247.com.ar\/#\/schema\/logo\/image\/","url":"https:\/\/infopba247.com.ar\/wp-content\/uploads\/2022\/03\/cropped-InfoPBA247-1.png","contentUrl":"https:\/\/infopba247.com.ar\/wp-content\/uploads\/2022\/03\/cropped-InfoPBA247-1.png","width":500,"height":122,"caption":"InfoPBA247"},"image":{"@id":"https:\/\/infopba247.com.ar\/#\/schema\/logo\/image\/"},"sameAs":["https:\/\/www.facebook.com\/InfoPBA"]},{"@type":"Person","@id":"https:\/\/infopba247.com.ar\/#\/schema\/person\/4975f1343a413e57bf839b3eed0099f2","name":"Editor","image":{"@type":"ImageObject","inLanguage":"es","@id":"https:\/\/secure.gravatar.com\/avatar\/d27fe9520667ca53441d36627a1d6b0fa4a813571ec4803687a7a3a7744685ac?s=96&d=mm&r=g","url":"https:\/\/secure.gravatar.com\/avatar\/d27fe9520667ca53441d36627a1d6b0fa4a813571ec4803687a7a3a7744685ac?s=96&d=mm&r=g","contentUrl":"https:\/\/secure.gravatar.com\/avatar\/d27fe9520667ca53441d36627a1d6b0fa4a813571ec4803687a7a3a7744685ac?s=96&d=mm&r=g","caption":"Editor"},"url":"https:\/\/infopba247.com.ar\/index.php\/author\/editor\/"}]}},"_links":{"self":[{"href":"https:\/\/infopba247.com.ar\/index.php\/wp-json\/wp\/v2\/posts\/7935","targetHints":{"allow":["GET"]}}],"collection":[{"href":"https:\/\/infopba247.com.ar\/index.php\/wp-json\/wp\/v2\/posts"}],"about":[{"href":"https:\/\/infopba247.com.ar\/index.php\/wp-json\/wp\/v2\/types\/post"}],"author":[{"embeddable":true,"href":"https:\/\/infopba247.com.ar\/index.php\/wp-json\/wp\/v2\/users\/3"}],"replies":[{"embeddable":true,"href":"https:\/\/infopba247.com.ar\/index.php\/wp-json\/wp\/v2\/comments?post=7935"}],"version-history":[{"count":1,"href":"https:\/\/infopba247.com.ar\/index.php\/wp-json\/wp\/v2\/posts\/7935\/revisions"}],"predecessor-version":[{"id":7936,"href":"https:\/\/infopba247.com.ar\/index.php\/wp-json\/wp\/v2\/posts\/7935\/revisions\/7936"}],"wp:featuredmedia":[{"embeddable":true,"href":"https:\/\/infopba247.com.ar\/index.php\/wp-json\/wp\/v2\/media\/7929"}],"wp:attachment":[{"href":"https:\/\/infopba247.com.ar\/index.php\/wp-json\/wp\/v2\/media?parent=7935"}],"wp:term":[{"taxonomy":"category","embeddable":true,"href":"https:\/\/infopba247.com.ar\/index.php\/wp-json\/wp\/v2\/categories?post=7935"},{"taxonomy":"post_tag","embeddable":true,"href":"https:\/\/infopba247.com.ar\/index.php\/wp-json\/wp\/v2\/tags?post=7935"}],"curies":[{"name":"wp","href":"https:\/\/api.w.org\/{rel}","templated":true}]}}