{"id":7926,"date":"2025-09-11T15:04:43","date_gmt":"2025-09-11T18:04:43","guid":{"rendered":"https:\/\/infopba247.com.ar\/?p=7926"},"modified":"2025-09-11T15:04:44","modified_gmt":"2025-09-11T18:04:44","slug":"alak-y-bauer-recorrieron-el-teatro-del-lago-y-anunciaron-la-inminente-adjudicacion-de-la-obra","status":"publish","type":"post","link":"https:\/\/infopba247.com.ar\/index.php\/2025\/09\/11\/alak-y-bauer-recorrieron-el-teatro-del-lago-y-anunciaron-la-inminente-adjudicacion-de-la-obra\/","title":{"rendered":"Alak y Bauer recorrieron el Teatro del Lago y anunciaron la inminente adjudicaci\u00f3n de la obra"},"content":{"rendered":"\n<p>El intendente de La Plata, Julio Alak, recorri\u00f3 el Teatro del Lago junto al director del espacio, Trist\u00e1n Bauer, y el secretario de Planeamiento, Obras y Servicios P\u00fablicos municipal, Sergio Resa.<\/p>\n\n\n\n<p>Durante la visita, las autoridades evaluaron el estado actual de las instalaciones y supervisaron el proceso de limpieza realizado recientemente, que permiti\u00f3 mejorar de manera significativa las condiciones del lugar.<\/p>\n\n\n\n<p>Adem\u00e1s, se anticip\u00f3 que la semana pr\u00f3xima se adjudicar\u00e1 el proyecto de restauraci\u00f3n integral del anfiteatro, una instancia clave dentro de su proceso de puesta en valor.<\/p>\n\n\n\n<p>La intervenci\u00f3n ser\u00e1 financiada y gestionada por el Gobierno de la Provincia a trav\u00e9s del Ministerio de Infraestructura y el Instituto Cultural, con el acompa\u00f1amiento de la Municipalidad de La Plata.<\/p>\n\n\n\n<p>En la recorrida se repasaron detalles de la iniciativa \u2014cuya licitaci\u00f3n se llev\u00f3 a cabo a comienzos de agosto\u2014, que prev\u00e9 la recuperaci\u00f3n del escenario, las p\u00e9rgolas, el subsuelo, las butacas y otros sectores, junto con la incorporaci\u00f3n de nueva tecnolog\u00eda esc\u00e9nica.<\/p>\n\n\n\n<p>Tambi\u00e9n se abord\u00f3 la futura integraci\u00f3n del proyecto con el Paseo del Bosque, con el objetivo de articular ambas propuestas una vez finalizadas, lo que representar\u00e1 un hito en la recuperaci\u00f3n del patrimonio cultural local y en la consolidaci\u00f3n de la capital bonaerense como centro de referencia art\u00edstica y cultural.<\/p>\n\n\n\n<p>LOS DETALLES DEL PROYECTO<\/p>\n\n\n\n<p>El proyecto busca recuperar el emblem\u00e1tico espacio cultural respetando su dise\u00f1o original, y comprende fundamentalmente la restauraci\u00f3n del edificio principal y del p\u00f3rtico de acceso, adem\u00e1s del reacondicionamiento de locales interiores de la planta baja y del primer y el segundo piso.<\/p>\n\n\n\n<p>Tambi\u00e9n la recuperaci\u00f3n de \u00e1reas exteriores y de las distintas instalaciones para habilitar el teatro al uso p\u00fablico, la incorporaci\u00f3n de tecnolog\u00eda esc\u00e9nica moderna y la restauraci\u00f3n del escenario, las p\u00e9rgolas, el subsuelo y las butacas.<\/p>\n\n\n\n<p>Asimismo, est\u00e1 prevista la construcci\u00f3n de una confiter\u00eda con vista al lago y al bosque, y la creaci\u00f3n de un museo de sitio que cuente la historia del teatro y su importancia cultural.<\/p>\n\n\n\n<p>Por otra parte, el proyecto prev\u00e9 la instalaci\u00f3n de dos nuevos portones de acceso: uno para el ingreso del p\u00fablico por Plaza Francia y otro en la parte posterior, destinado al acceso t\u00e9cnico.<\/p>\n","protected":false},"excerpt":{"rendered":"<p>El intendente de La Plata, Julio Alak, recorri\u00f3 el Teatro del Lago junto al director del espacio, Trist\u00e1n Bauer, y<\/p>\n","protected":false},"author":3,"featured_media":7924,"comment_status":"open","ping_status":"open","sticky":false,"template":"","format":"standard","meta":{"colormag_page_container_layout":"default_layout","colormag_page_sidebar_layout":"default_layout","footnotes":""},"categories":[12,1,14],"tags":[],"class_list":["post-7926","post","type-post","status-publish","format-standard","has-post-thumbnail","hentry","category-8va-seccion","category-destacadas","category-politica"],"yoast_head":"<!-- This site is optimized with the Yoast SEO plugin v27.4 - https:\/\/yoast.com\/product\/yoast-seo-wordpress\/ -->\n<title>Alak y Bauer recorrieron el Teatro del Lago y anunciaron la inminente adjudicaci\u00f3n de la obra - InfoPBA247<\/title>\n<meta name=\"robots\" content=\"index, follow, max-snippet:-1, max-image-preview:large, max-video-preview:-1\" \/>\n<link rel=\"canonical\" href=\"https:\/\/infopba247.com.ar\/index.php\/2025\/09\/11\/alak-y-bauer-recorrieron-el-teatro-del-lago-y-anunciaron-la-inminente-adjudicacion-de-la-obra\/\" \/>\n<meta property=\"og:locale\" content=\"es_ES\" \/>\n<meta property=\"og:type\" content=\"article\" \/>\n<meta property=\"og:title\" content=\"Alak y Bauer recorrieron el Teatro del Lago y anunciaron la inminente adjudicaci\u00f3n de la obra - InfoPBA247\" \/>\n<meta property=\"og:description\" content=\"El intendente de La Plata, Julio Alak, recorri\u00f3 el Teatro del Lago junto al director del espacio, Trist\u00e1n Bauer, y\" \/>\n<meta property=\"og:url\" content=\"https:\/\/infopba247.com.ar\/index.php\/2025\/09\/11\/alak-y-bauer-recorrieron-el-teatro-del-lago-y-anunciaron-la-inminente-adjudicacion-de-la-obra\/\" \/>\n<meta property=\"og:site_name\" content=\"InfoPBA247\" \/>\n<meta property=\"article:publisher\" content=\"https:\/\/www.facebook.com\/InfoPBA\" \/>\n<meta property=\"article:published_time\" content=\"2025-09-11T18:04:43+00:00\" \/>\n<meta property=\"article:modified_time\" content=\"2025-09-11T18:04:44+00:00\" \/>\n<meta property=\"og:image\" content=\"https:\/\/infopba247.com.ar\/wp-content\/uploads\/2025\/09\/unnamed-2025-09-11T144505.924.jpg\" \/>\n\t<meta property=\"og:image:width\" content=\"1599\" \/>\n\t<meta property=\"og:image:height\" content=\"1066\" \/>\n\t<meta property=\"og:image:type\" content=\"image\/jpeg\" \/>\n<meta name=\"author\" content=\"Editor\" \/>\n<meta name=\"twitter:card\" content=\"summary_large_image\" \/>\n<meta name=\"twitter:label1\" content=\"Escrito por\" \/>\n\t<meta name=\"twitter:data1\" content=\"Editor\" \/>\n\t<meta name=\"twitter:label2\" content=\"Tiempo de lectura\" \/>\n\t<meta name=\"twitter:data2\" content=\"2 minutos\" \/>\n<script type=\"application\/ld+json\" class=\"yoast-schema-graph\">{\"@context\":\"https:\\\/\\\/schema.org\",\"@graph\":[{\"@type\":\"Article\",\"@id\":\"https:\\\/\\\/infopba247.com.ar\\\/index.php\\\/2025\\\/09\\\/11\\\/alak-y-bauer-recorrieron-el-teatro-del-lago-y-anunciaron-la-inminente-adjudicacion-de-la-obra\\\/#article\",\"isPartOf\":{\"@id\":\"https:\\\/\\\/infopba247.com.ar\\\/index.php\\\/2025\\\/09\\\/11\\\/alak-y-bauer-recorrieron-el-teatro-del-lago-y-anunciaron-la-inminente-adjudicacion-de-la-obra\\\/\"},\"author\":{\"name\":\"Editor\",\"@id\":\"https:\\\/\\\/infopba247.com.ar\\\/#\\\/schema\\\/person\\\/4975f1343a413e57bf839b3eed0099f2\"},\"headline\":\"Alak y Bauer recorrieron el Teatro del Lago y anunciaron la inminente adjudicaci\u00f3n de la obra\",\"datePublished\":\"2025-09-11T18:04:43+00:00\",\"dateModified\":\"2025-09-11T18:04:44+00:00\",\"mainEntityOfPage\":{\"@id\":\"https:\\\/\\\/infopba247.com.ar\\\/index.php\\\/2025\\\/09\\\/11\\\/alak-y-bauer-recorrieron-el-teatro-del-lago-y-anunciaron-la-inminente-adjudicacion-de-la-obra\\\/\"},\"wordCount\":414,\"commentCount\":0,\"publisher\":{\"@id\":\"https:\\\/\\\/infopba247.com.ar\\\/#organization\"},\"image\":{\"@id\":\"https:\\\/\\\/infopba247.com.ar\\\/index.php\\\/2025\\\/09\\\/11\\\/alak-y-bauer-recorrieron-el-teatro-del-lago-y-anunciaron-la-inminente-adjudicacion-de-la-obra\\\/#primaryimage\"},\"thumbnailUrl\":\"https:\\\/\\\/infopba247.com.ar\\\/wp-content\\\/uploads\\\/2025\\\/09\\\/unnamed-2025-09-11T144505.924.jpg\",\"articleSection\":[\"8va Secci\u00f3n\",\"Destacadas\",\"Pol\u00edtica\"],\"inLanguage\":\"es\",\"potentialAction\":[{\"@type\":\"CommentAction\",\"name\":\"Comment\",\"target\":[\"https:\\\/\\\/infopba247.com.ar\\\/index.php\\\/2025\\\/09\\\/11\\\/alak-y-bauer-recorrieron-el-teatro-del-lago-y-anunciaron-la-inminente-adjudicacion-de-la-obra\\\/#respond\"]}]},{\"@type\":\"WebPage\",\"@id\":\"https:\\\/\\\/infopba247.com.ar\\\/index.php\\\/2025\\\/09\\\/11\\\/alak-y-bauer-recorrieron-el-teatro-del-lago-y-anunciaron-la-inminente-adjudicacion-de-la-obra\\\/\",\"url\":\"https:\\\/\\\/infopba247.com.ar\\\/index.php\\\/2025\\\/09\\\/11\\\/alak-y-bauer-recorrieron-el-teatro-del-lago-y-anunciaron-la-inminente-adjudicacion-de-la-obra\\\/\",\"name\":\"Alak y Bauer recorrieron el Teatro del Lago y anunciaron la inminente adjudicaci\u00f3n de la obra - InfoPBA247\",\"isPartOf\":{\"@id\":\"https:\\\/\\\/infopba247.com.ar\\\/#website\"},\"primaryImageOfPage\":{\"@id\":\"https:\\\/\\\/infopba247.com.ar\\\/index.php\\\/2025\\\/09\\\/11\\\/alak-y-bauer-recorrieron-el-teatro-del-lago-y-anunciaron-la-inminente-adjudicacion-de-la-obra\\\/#primaryimage\"},\"image\":{\"@id\":\"https:\\\/\\\/infopba247.com.ar\\\/index.php\\\/2025\\\/09\\\/11\\\/alak-y-bauer-recorrieron-el-teatro-del-lago-y-anunciaron-la-inminente-adjudicacion-de-la-obra\\\/#primaryimage\"},\"thumbnailUrl\":\"https:\\\/\\\/infopba247.com.ar\\\/wp-content\\\/uploads\\\/2025\\\/09\\\/unnamed-2025-09-11T144505.924.jpg\",\"datePublished\":\"2025-09-11T18:04:43+00:00\",\"dateModified\":\"2025-09-11T18:04:44+00:00\",\"breadcrumb\":{\"@id\":\"https:\\\/\\\/infopba247.com.ar\\\/index.php\\\/2025\\\/09\\\/11\\\/alak-y-bauer-recorrieron-el-teatro-del-lago-y-anunciaron-la-inminente-adjudicacion-de-la-obra\\\/#breadcrumb\"},\"inLanguage\":\"es\",\"potentialAction\":[{\"@type\":\"ReadAction\",\"target\":[\"https:\\\/\\\/infopba247.com.ar\\\/index.php\\\/2025\\\/09\\\/11\\\/alak-y-bauer-recorrieron-el-teatro-del-lago-y-anunciaron-la-inminente-adjudicacion-de-la-obra\\\/\"]}]},{\"@type\":\"ImageObject\",\"inLanguage\":\"es\",\"@id\":\"https:\\\/\\\/infopba247.com.ar\\\/index.php\\\/2025\\\/09\\\/11\\\/alak-y-bauer-recorrieron-el-teatro-del-lago-y-anunciaron-la-inminente-adjudicacion-de-la-obra\\\/#primaryimage\",\"url\":\"https:\\\/\\\/infopba247.com.ar\\\/wp-content\\\/uploads\\\/2025\\\/09\\\/unnamed-2025-09-11T144505.924.jpg\",\"contentUrl\":\"https:\\\/\\\/infopba247.com.ar\\\/wp-content\\\/uploads\\\/2025\\\/09\\\/unnamed-2025-09-11T144505.924.jpg\",\"width\":1599,\"height\":1066},{\"@type\":\"BreadcrumbList\",\"@id\":\"https:\\\/\\\/infopba247.com.ar\\\/index.php\\\/2025\\\/09\\\/11\\\/alak-y-bauer-recorrieron-el-teatro-del-lago-y-anunciaron-la-inminente-adjudicacion-de-la-obra\\\/#breadcrumb\",\"itemListElement\":[{\"@type\":\"ListItem\",\"position\":1,\"name\":\"Portada\",\"item\":\"https:\\\/\\\/infopba247.com.ar\\\/\"},{\"@type\":\"ListItem\",\"position\":2,\"name\":\"Alak y Bauer recorrieron el Teatro del Lago y anunciaron la inminente adjudicaci\u00f3n de la obra\"}]},{\"@type\":\"WebSite\",\"@id\":\"https:\\\/\\\/infopba247.com.ar\\\/#website\",\"url\":\"https:\\\/\\\/infopba247.com.ar\\\/\",\"name\":\"InfoPBA247\",\"description\":\"Toda la actualidad bonaerense\",\"publisher\":{\"@id\":\"https:\\\/\\\/infopba247.com.ar\\\/#organization\"},\"potentialAction\":[{\"@type\":\"SearchAction\",\"target\":{\"@type\":\"EntryPoint\",\"urlTemplate\":\"https:\\\/\\\/infopba247.com.ar\\\/?s={search_term_string}\"},\"query-input\":{\"@type\":\"PropertyValueSpecification\",\"valueRequired\":true,\"valueName\":\"search_term_string\"}}],\"inLanguage\":\"es\"},{\"@type\":\"Organization\",\"@id\":\"https:\\\/\\\/infopba247.com.ar\\\/#organization\",\"name\":\"InfoPBA247\",\"url\":\"https:\\\/\\\/infopba247.com.ar\\\/\",\"logo\":{\"@type\":\"ImageObject\",\"inLanguage\":\"es\",\"@id\":\"https:\\\/\\\/infopba247.com.ar\\\/#\\\/schema\\\/logo\\\/image\\\/\",\"url\":\"https:\\\/\\\/infopba247.com.ar\\\/wp-content\\\/uploads\\\/2022\\\/03\\\/cropped-InfoPBA247-1.png\",\"contentUrl\":\"https:\\\/\\\/infopba247.com.ar\\\/wp-content\\\/uploads\\\/2022\\\/03\\\/cropped-InfoPBA247-1.png\",\"width\":500,\"height\":122,\"caption\":\"InfoPBA247\"},\"image\":{\"@id\":\"https:\\\/\\\/infopba247.com.ar\\\/#\\\/schema\\\/logo\\\/image\\\/\"},\"sameAs\":[\"https:\\\/\\\/www.facebook.com\\\/InfoPBA\"]},{\"@type\":\"Person\",\"@id\":\"https:\\\/\\\/infopba247.com.ar\\\/#\\\/schema\\\/person\\\/4975f1343a413e57bf839b3eed0099f2\",\"name\":\"Editor\",\"image\":{\"@type\":\"ImageObject\",\"inLanguage\":\"es\",\"@id\":\"https:\\\/\\\/secure.gravatar.com\\\/avatar\\\/d27fe9520667ca53441d36627a1d6b0fa4a813571ec4803687a7a3a7744685ac?s=96&d=mm&r=g\",\"url\":\"https:\\\/\\\/secure.gravatar.com\\\/avatar\\\/d27fe9520667ca53441d36627a1d6b0fa4a813571ec4803687a7a3a7744685ac?s=96&d=mm&r=g\",\"contentUrl\":\"https:\\\/\\\/secure.gravatar.com\\\/avatar\\\/d27fe9520667ca53441d36627a1d6b0fa4a813571ec4803687a7a3a7744685ac?s=96&d=mm&r=g\",\"caption\":\"Editor\"},\"url\":\"https:\\\/\\\/infopba247.com.ar\\\/index.php\\\/author\\\/editor\\\/\"}]}<\/script>\n<!-- \/ Yoast SEO plugin. -->","yoast_head_json":{"title":"Alak y Bauer recorrieron el Teatro del Lago y anunciaron la inminente adjudicaci\u00f3n de la obra - InfoPBA247","robots":{"index":"index","follow":"follow","max-snippet":"max-snippet:-1","max-image-preview":"max-image-preview:large","max-video-preview":"max-video-preview:-1"},"canonical":"https:\/\/infopba247.com.ar\/index.php\/2025\/09\/11\/alak-y-bauer-recorrieron-el-teatro-del-lago-y-anunciaron-la-inminente-adjudicacion-de-la-obra\/","og_locale":"es_ES","og_type":"article","og_title":"Alak y Bauer recorrieron el Teatro del Lago y anunciaron la inminente adjudicaci\u00f3n de la obra - InfoPBA247","og_description":"El intendente de La Plata, Julio Alak, recorri\u00f3 el Teatro del Lago junto al director del espacio, Trist\u00e1n Bauer, y","og_url":"https:\/\/infopba247.com.ar\/index.php\/2025\/09\/11\/alak-y-bauer-recorrieron-el-teatro-del-lago-y-anunciaron-la-inminente-adjudicacion-de-la-obra\/","og_site_name":"InfoPBA247","article_publisher":"https:\/\/www.facebook.com\/InfoPBA","article_published_time":"2025-09-11T18:04:43+00:00","article_modified_time":"2025-09-11T18:04:44+00:00","og_image":[{"width":1599,"height":1066,"url":"https:\/\/infopba247.com.ar\/wp-content\/uploads\/2025\/09\/unnamed-2025-09-11T144505.924.jpg","type":"image\/jpeg"}],"author":"Editor","twitter_card":"summary_large_image","twitter_misc":{"Escrito por":"Editor","Tiempo de lectura":"2 minutos"},"schema":{"@context":"https:\/\/schema.org","@graph":[{"@type":"Article","@id":"https:\/\/infopba247.com.ar\/index.php\/2025\/09\/11\/alak-y-bauer-recorrieron-el-teatro-del-lago-y-anunciaron-la-inminente-adjudicacion-de-la-obra\/#article","isPartOf":{"@id":"https:\/\/infopba247.com.ar\/index.php\/2025\/09\/11\/alak-y-bauer-recorrieron-el-teatro-del-lago-y-anunciaron-la-inminente-adjudicacion-de-la-obra\/"},"author":{"name":"Editor","@id":"https:\/\/infopba247.com.ar\/#\/schema\/person\/4975f1343a413e57bf839b3eed0099f2"},"headline":"Alak y Bauer recorrieron el Teatro del Lago y anunciaron la inminente adjudicaci\u00f3n de la obra","datePublished":"2025-09-11T18:04:43+00:00","dateModified":"2025-09-11T18:04:44+00:00","mainEntityOfPage":{"@id":"https:\/\/infopba247.com.ar\/index.php\/2025\/09\/11\/alak-y-bauer-recorrieron-el-teatro-del-lago-y-anunciaron-la-inminente-adjudicacion-de-la-obra\/"},"wordCount":414,"commentCount":0,"publisher":{"@id":"https:\/\/infopba247.com.ar\/#organization"},"image":{"@id":"https:\/\/infopba247.com.ar\/index.php\/2025\/09\/11\/alak-y-bauer-recorrieron-el-teatro-del-lago-y-anunciaron-la-inminente-adjudicacion-de-la-obra\/#primaryimage"},"thumbnailUrl":"https:\/\/infopba247.com.ar\/wp-content\/uploads\/2025\/09\/unnamed-2025-09-11T144505.924.jpg","articleSection":["8va Secci\u00f3n","Destacadas","Pol\u00edtica"],"inLanguage":"es","potentialAction":[{"@type":"CommentAction","name":"Comment","target":["https:\/\/infopba247.com.ar\/index.php\/2025\/09\/11\/alak-y-bauer-recorrieron-el-teatro-del-lago-y-anunciaron-la-inminente-adjudicacion-de-la-obra\/#respond"]}]},{"@type":"WebPage","@id":"https:\/\/infopba247.com.ar\/index.php\/2025\/09\/11\/alak-y-bauer-recorrieron-el-teatro-del-lago-y-anunciaron-la-inminente-adjudicacion-de-la-obra\/","url":"https:\/\/infopba247.com.ar\/index.php\/2025\/09\/11\/alak-y-bauer-recorrieron-el-teatro-del-lago-y-anunciaron-la-inminente-adjudicacion-de-la-obra\/","name":"Alak y Bauer recorrieron el Teatro del Lago y anunciaron la inminente adjudicaci\u00f3n de la obra - InfoPBA247","isPartOf":{"@id":"https:\/\/infopba247.com.ar\/#website"},"primaryImageOfPage":{"@id":"https:\/\/infopba247.com.ar\/index.php\/2025\/09\/11\/alak-y-bauer-recorrieron-el-teatro-del-lago-y-anunciaron-la-inminente-adjudicacion-de-la-obra\/#primaryimage"},"image":{"@id":"https:\/\/infopba247.com.ar\/index.php\/2025\/09\/11\/alak-y-bauer-recorrieron-el-teatro-del-lago-y-anunciaron-la-inminente-adjudicacion-de-la-obra\/#primaryimage"},"thumbnailUrl":"https:\/\/infopba247.com.ar\/wp-content\/uploads\/2025\/09\/unnamed-2025-09-11T144505.924.jpg","datePublished":"2025-09-11T18:04:43+00:00","dateModified":"2025-09-11T18:04:44+00:00","breadcrumb":{"@id":"https:\/\/infopba247.com.ar\/index.php\/2025\/09\/11\/alak-y-bauer-recorrieron-el-teatro-del-lago-y-anunciaron-la-inminente-adjudicacion-de-la-obra\/#breadcrumb"},"inLanguage":"es","potentialAction":[{"@type":"ReadAction","target":["https:\/\/infopba247.com.ar\/index.php\/2025\/09\/11\/alak-y-bauer-recorrieron-el-teatro-del-lago-y-anunciaron-la-inminente-adjudicacion-de-la-obra\/"]}]},{"@type":"ImageObject","inLanguage":"es","@id":"https:\/\/infopba247.com.ar\/index.php\/2025\/09\/11\/alak-y-bauer-recorrieron-el-teatro-del-lago-y-anunciaron-la-inminente-adjudicacion-de-la-obra\/#primaryimage","url":"https:\/\/infopba247.com.ar\/wp-content\/uploads\/2025\/09\/unnamed-2025-09-11T144505.924.jpg","contentUrl":"https:\/\/infopba247.com.ar\/wp-content\/uploads\/2025\/09\/unnamed-2025-09-11T144505.924.jpg","width":1599,"height":1066},{"@type":"BreadcrumbList","@id":"https:\/\/infopba247.com.ar\/index.php\/2025\/09\/11\/alak-y-bauer-recorrieron-el-teatro-del-lago-y-anunciaron-la-inminente-adjudicacion-de-la-obra\/#breadcrumb","itemListElement":[{"@type":"ListItem","position":1,"name":"Portada","item":"https:\/\/infopba247.com.ar\/"},{"@type":"ListItem","position":2,"name":"Alak y Bauer recorrieron el Teatro del Lago y anunciaron la inminente adjudicaci\u00f3n de la obra"}]},{"@type":"WebSite","@id":"https:\/\/infopba247.com.ar\/#website","url":"https:\/\/infopba247.com.ar\/","name":"InfoPBA247","description":"Toda la actualidad bonaerense","publisher":{"@id":"https:\/\/infopba247.com.ar\/#organization"},"potentialAction":[{"@type":"SearchAction","target":{"@type":"EntryPoint","urlTemplate":"https:\/\/infopba247.com.ar\/?s={search_term_string}"},"query-input":{"@type":"PropertyValueSpecification","valueRequired":true,"valueName":"search_term_string"}}],"inLanguage":"es"},{"@type":"Organization","@id":"https:\/\/infopba247.com.ar\/#organization","name":"InfoPBA247","url":"https:\/\/infopba247.com.ar\/","logo":{"@type":"ImageObject","inLanguage":"es","@id":"https:\/\/infopba247.com.ar\/#\/schema\/logo\/image\/","url":"https:\/\/infopba247.com.ar\/wp-content\/uploads\/2022\/03\/cropped-InfoPBA247-1.png","contentUrl":"https:\/\/infopba247.com.ar\/wp-content\/uploads\/2022\/03\/cropped-InfoPBA247-1.png","width":500,"height":122,"caption":"InfoPBA247"},"image":{"@id":"https:\/\/infopba247.com.ar\/#\/schema\/logo\/image\/"},"sameAs":["https:\/\/www.facebook.com\/InfoPBA"]},{"@type":"Person","@id":"https:\/\/infopba247.com.ar\/#\/schema\/person\/4975f1343a413e57bf839b3eed0099f2","name":"Editor","image":{"@type":"ImageObject","inLanguage":"es","@id":"https:\/\/secure.gravatar.com\/avatar\/d27fe9520667ca53441d36627a1d6b0fa4a813571ec4803687a7a3a7744685ac?s=96&d=mm&r=g","url":"https:\/\/secure.gravatar.com\/avatar\/d27fe9520667ca53441d36627a1d6b0fa4a813571ec4803687a7a3a7744685ac?s=96&d=mm&r=g","contentUrl":"https:\/\/secure.gravatar.com\/avatar\/d27fe9520667ca53441d36627a1d6b0fa4a813571ec4803687a7a3a7744685ac?s=96&d=mm&r=g","caption":"Editor"},"url":"https:\/\/infopba247.com.ar\/index.php\/author\/editor\/"}]}},"_links":{"self":[{"href":"https:\/\/infopba247.com.ar\/index.php\/wp-json\/wp\/v2\/posts\/7926","targetHints":{"allow":["GET"]}}],"collection":[{"href":"https:\/\/infopba247.com.ar\/index.php\/wp-json\/wp\/v2\/posts"}],"about":[{"href":"https:\/\/infopba247.com.ar\/index.php\/wp-json\/wp\/v2\/types\/post"}],"author":[{"embeddable":true,"href":"https:\/\/infopba247.com.ar\/index.php\/wp-json\/wp\/v2\/users\/3"}],"replies":[{"embeddable":true,"href":"https:\/\/infopba247.com.ar\/index.php\/wp-json\/wp\/v2\/comments?post=7926"}],"version-history":[{"count":1,"href":"https:\/\/infopba247.com.ar\/index.php\/wp-json\/wp\/v2\/posts\/7926\/revisions"}],"predecessor-version":[{"id":7927,"href":"https:\/\/infopba247.com.ar\/index.php\/wp-json\/wp\/v2\/posts\/7926\/revisions\/7927"}],"wp:featuredmedia":[{"embeddable":true,"href":"https:\/\/infopba247.com.ar\/index.php\/wp-json\/wp\/v2\/media\/7924"}],"wp:attachment":[{"href":"https:\/\/infopba247.com.ar\/index.php\/wp-json\/wp\/v2\/media?parent=7926"}],"wp:term":[{"taxonomy":"category","embeddable":true,"href":"https:\/\/infopba247.com.ar\/index.php\/wp-json\/wp\/v2\/categories?post=7926"},{"taxonomy":"post_tag","embeddable":true,"href":"https:\/\/infopba247.com.ar\/index.php\/wp-json\/wp\/v2\/tags?post=7926"}],"curies":[{"name":"wp","href":"https:\/\/api.w.org\/{rel}","templated":true}]}}