{"id":7866,"date":"2025-09-03T15:22:54","date_gmt":"2025-09-03T18:22:54","guid":{"rendered":"https:\/\/infopba247.com.ar\/?p=7866"},"modified":"2025-09-03T15:22:54","modified_gmt":"2025-09-03T18:22:54","slug":"la-fiesta-del-plantin-floral-de-moreno-ya-tiene-fecha-oficial","status":"publish","type":"post","link":"https:\/\/infopba247.com.ar\/index.php\/2025\/09\/03\/la-fiesta-del-plantin-floral-de-moreno-ya-tiene-fecha-oficial\/","title":{"rendered":"La Fiesta del Plant\u00edn Floral de Moreno ya tiene fecha oficial"},"content":{"rendered":"\n<p>El Municipio de Moreno confirm\u00f3 la fecha de la pr\u00f3xima edici\u00f3n de la esperada Fiesta del Plant\u00edn Floral, que se celebrar\u00e1 los d\u00edas viernes 19, s\u00e1bado 20 y domingo 21 de septiembre, en la emblem\u00e1tica Plaza Dr. Buj\u00e1n (Justo Daract 1541). El evento se desarrollar\u00e1 de 10:00 a 20:00 horas durante esos tres d\u00edas.<\/p>\n\n\n\n<p>La festividad combinar\u00e1 la tradici\u00f3n flor\u00edcola del distrito con actividades para toda la familia. Habr\u00e1 exposici\u00f3n y venta de plantas y flores de producci\u00f3n local, acompa\u00f1ado por una variada oferta gastron\u00f3mica, charlas, talleres, sorteos y espect\u00e1culos en vivo, tanto de artistas emergentes como figuras ya consolidadas.<\/p>\n\n\n\n<p>Esta celebraci\u00f3n no solo promueve el comercio local, sino que tambi\u00e9n resalta el papel central de la floricultura en la econom\u00eda de Moreno: el partido fue declarado Capital Provincial del Plant\u00edn Floral en 2011, siendo responsable de m\u00e1s del 25 % de las explotaciones flor\u00edcolas de la provincia y el 11,8 % del total nacional. La red involucrada incluye 128 viveros, generando empleo directo a m\u00e1s de 500 familias e indirecto a alrededor de 2 000 personas.<\/p>\n\n\n\n<p>Recordemos que, en la edici\u00f3n de 2024, el cierre del evento tuvo lugar a cargo del reconocido grupo&nbsp;<strong>Damas Gratis<\/strong>, un show m\u00e1s que memorable para vecinas y vecinos.<\/p>\n","protected":false},"excerpt":{"rendered":"<p>El Municipio de Moreno confirm\u00f3 la fecha de la pr\u00f3xima edici\u00f3n de la esperada Fiesta del Plant\u00edn Floral, que se<\/p>\n","protected":false},"author":3,"featured_media":7863,"comment_status":"open","ping_status":"open","sticky":false,"template":"","format":"standard","meta":{"colormag_page_container_layout":"default_layout","colormag_page_sidebar_layout":"default_layout","footnotes":""},"categories":[5,1,14],"tags":[],"class_list":["post-7866","post","type-post","status-publish","format-standard","has-post-thumbnail","hentry","category-1ra-seccion","category-destacadas","category-politica"],"yoast_head":"<!-- This site is optimized with the Yoast SEO plugin v27.5 - https:\/\/yoast.com\/product\/yoast-seo-wordpress\/ -->\n<title>La Fiesta del Plant\u00edn Floral de Moreno ya tiene fecha oficial - InfoPBA247<\/title>\n<meta name=\"robots\" content=\"index, follow, max-snippet:-1, max-image-preview:large, max-video-preview:-1\" \/>\n<link rel=\"canonical\" href=\"https:\/\/infopba247.com.ar\/index.php\/2025\/09\/03\/la-fiesta-del-plantin-floral-de-moreno-ya-tiene-fecha-oficial\/\" \/>\n<meta property=\"og:locale\" content=\"es_ES\" \/>\n<meta property=\"og:type\" content=\"article\" \/>\n<meta property=\"og:title\" content=\"La Fiesta del Plant\u00edn Floral de Moreno ya tiene fecha oficial - InfoPBA247\" \/>\n<meta property=\"og:description\" content=\"El Municipio de Moreno confirm\u00f3 la fecha de la pr\u00f3xima edici\u00f3n de la esperada Fiesta del Plant\u00edn Floral, que se\" \/>\n<meta property=\"og:url\" content=\"https:\/\/infopba247.com.ar\/index.php\/2025\/09\/03\/la-fiesta-del-plantin-floral-de-moreno-ya-tiene-fecha-oficial\/\" \/>\n<meta property=\"og:site_name\" content=\"InfoPBA247\" \/>\n<meta property=\"article:publisher\" content=\"https:\/\/www.facebook.com\/InfoPBA\" \/>\n<meta property=\"article:published_time\" content=\"2025-09-03T18:22:54+00:00\" \/>\n<meta property=\"og:image\" content=\"https:\/\/infopba247.com.ar\/wp-content\/uploads\/2025\/09\/Fiesta-del-Plantin-Floral.jpg\" \/>\n\t<meta property=\"og:image:width\" content=\"800\" \/>\n\t<meta property=\"og:image:height\" content=\"445\" \/>\n\t<meta property=\"og:image:type\" content=\"image\/jpeg\" \/>\n<meta name=\"author\" content=\"Editor\" \/>\n<meta name=\"twitter:card\" content=\"summary_large_image\" \/>\n<meta name=\"twitter:label1\" content=\"Escrito por\" \/>\n\t<meta name=\"twitter:data1\" content=\"Editor\" \/>\n\t<meta name=\"twitter:label2\" content=\"Tiempo de lectura\" \/>\n\t<meta name=\"twitter:data2\" content=\"2 minutos\" \/>\n<script type=\"application\/ld+json\" class=\"yoast-schema-graph\">{\"@context\":\"https:\\\/\\\/schema.org\",\"@graph\":[{\"@type\":\"Article\",\"@id\":\"https:\\\/\\\/infopba247.com.ar\\\/index.php\\\/2025\\\/09\\\/03\\\/la-fiesta-del-plantin-floral-de-moreno-ya-tiene-fecha-oficial\\\/#article\",\"isPartOf\":{\"@id\":\"https:\\\/\\\/infopba247.com.ar\\\/index.php\\\/2025\\\/09\\\/03\\\/la-fiesta-del-plantin-floral-de-moreno-ya-tiene-fecha-oficial\\\/\"},\"author\":{\"name\":\"Editor\",\"@id\":\"https:\\\/\\\/infopba247.com.ar\\\/#\\\/schema\\\/person\\\/4975f1343a413e57bf839b3eed0099f2\"},\"headline\":\"La Fiesta del Plant\u00edn Floral de Moreno ya tiene fecha oficial\",\"datePublished\":\"2025-09-03T18:22:54+00:00\",\"mainEntityOfPage\":{\"@id\":\"https:\\\/\\\/infopba247.com.ar\\\/index.php\\\/2025\\\/09\\\/03\\\/la-fiesta-del-plantin-floral-de-moreno-ya-tiene-fecha-oficial\\\/\"},\"wordCount\":227,\"commentCount\":0,\"publisher\":{\"@id\":\"https:\\\/\\\/infopba247.com.ar\\\/#organization\"},\"image\":{\"@id\":\"https:\\\/\\\/infopba247.com.ar\\\/index.php\\\/2025\\\/09\\\/03\\\/la-fiesta-del-plantin-floral-de-moreno-ya-tiene-fecha-oficial\\\/#primaryimage\"},\"thumbnailUrl\":\"https:\\\/\\\/infopba247.com.ar\\\/wp-content\\\/uploads\\\/2025\\\/09\\\/Fiesta-del-Plantin-Floral.jpg\",\"articleSection\":[\"1ra Secci\u00f3n\",\"Destacadas\",\"Pol\u00edtica\"],\"inLanguage\":\"es\",\"potentialAction\":[{\"@type\":\"CommentAction\",\"name\":\"Comment\",\"target\":[\"https:\\\/\\\/infopba247.com.ar\\\/index.php\\\/2025\\\/09\\\/03\\\/la-fiesta-del-plantin-floral-de-moreno-ya-tiene-fecha-oficial\\\/#respond\"]}]},{\"@type\":\"WebPage\",\"@id\":\"https:\\\/\\\/infopba247.com.ar\\\/index.php\\\/2025\\\/09\\\/03\\\/la-fiesta-del-plantin-floral-de-moreno-ya-tiene-fecha-oficial\\\/\",\"url\":\"https:\\\/\\\/infopba247.com.ar\\\/index.php\\\/2025\\\/09\\\/03\\\/la-fiesta-del-plantin-floral-de-moreno-ya-tiene-fecha-oficial\\\/\",\"name\":\"La Fiesta del Plant\u00edn Floral de Moreno ya tiene fecha oficial - InfoPBA247\",\"isPartOf\":{\"@id\":\"https:\\\/\\\/infopba247.com.ar\\\/#website\"},\"primaryImageOfPage\":{\"@id\":\"https:\\\/\\\/infopba247.com.ar\\\/index.php\\\/2025\\\/09\\\/03\\\/la-fiesta-del-plantin-floral-de-moreno-ya-tiene-fecha-oficial\\\/#primaryimage\"},\"image\":{\"@id\":\"https:\\\/\\\/infopba247.com.ar\\\/index.php\\\/2025\\\/09\\\/03\\\/la-fiesta-del-plantin-floral-de-moreno-ya-tiene-fecha-oficial\\\/#primaryimage\"},\"thumbnailUrl\":\"https:\\\/\\\/infopba247.com.ar\\\/wp-content\\\/uploads\\\/2025\\\/09\\\/Fiesta-del-Plantin-Floral.jpg\",\"datePublished\":\"2025-09-03T18:22:54+00:00\",\"breadcrumb\":{\"@id\":\"https:\\\/\\\/infopba247.com.ar\\\/index.php\\\/2025\\\/09\\\/03\\\/la-fiesta-del-plantin-floral-de-moreno-ya-tiene-fecha-oficial\\\/#breadcrumb\"},\"inLanguage\":\"es\",\"potentialAction\":[{\"@type\":\"ReadAction\",\"target\":[\"https:\\\/\\\/infopba247.com.ar\\\/index.php\\\/2025\\\/09\\\/03\\\/la-fiesta-del-plantin-floral-de-moreno-ya-tiene-fecha-oficial\\\/\"]}]},{\"@type\":\"ImageObject\",\"inLanguage\":\"es\",\"@id\":\"https:\\\/\\\/infopba247.com.ar\\\/index.php\\\/2025\\\/09\\\/03\\\/la-fiesta-del-plantin-floral-de-moreno-ya-tiene-fecha-oficial\\\/#primaryimage\",\"url\":\"https:\\\/\\\/infopba247.com.ar\\\/wp-content\\\/uploads\\\/2025\\\/09\\\/Fiesta-del-Plantin-Floral.jpg\",\"contentUrl\":\"https:\\\/\\\/infopba247.com.ar\\\/wp-content\\\/uploads\\\/2025\\\/09\\\/Fiesta-del-Plantin-Floral.jpg\",\"width\":800,\"height\":445,\"caption\":\"default\"},{\"@type\":\"BreadcrumbList\",\"@id\":\"https:\\\/\\\/infopba247.com.ar\\\/index.php\\\/2025\\\/09\\\/03\\\/la-fiesta-del-plantin-floral-de-moreno-ya-tiene-fecha-oficial\\\/#breadcrumb\",\"itemListElement\":[{\"@type\":\"ListItem\",\"position\":1,\"name\":\"Portada\",\"item\":\"https:\\\/\\\/infopba247.com.ar\\\/\"},{\"@type\":\"ListItem\",\"position\":2,\"name\":\"La Fiesta del Plant\u00edn Floral de Moreno ya tiene fecha oficial\"}]},{\"@type\":\"WebSite\",\"@id\":\"https:\\\/\\\/infopba247.com.ar\\\/#website\",\"url\":\"https:\\\/\\\/infopba247.com.ar\\\/\",\"name\":\"InfoPBA247\",\"description\":\"Toda la actualidad bonaerense\",\"publisher\":{\"@id\":\"https:\\\/\\\/infopba247.com.ar\\\/#organization\"},\"potentialAction\":[{\"@type\":\"SearchAction\",\"target\":{\"@type\":\"EntryPoint\",\"urlTemplate\":\"https:\\\/\\\/infopba247.com.ar\\\/?s={search_term_string}\"},\"query-input\":{\"@type\":\"PropertyValueSpecification\",\"valueRequired\":true,\"valueName\":\"search_term_string\"}}],\"inLanguage\":\"es\"},{\"@type\":\"Organization\",\"@id\":\"https:\\\/\\\/infopba247.com.ar\\\/#organization\",\"name\":\"InfoPBA247\",\"url\":\"https:\\\/\\\/infopba247.com.ar\\\/\",\"logo\":{\"@type\":\"ImageObject\",\"inLanguage\":\"es\",\"@id\":\"https:\\\/\\\/infopba247.com.ar\\\/#\\\/schema\\\/logo\\\/image\\\/\",\"url\":\"https:\\\/\\\/infopba247.com.ar\\\/wp-content\\\/uploads\\\/2022\\\/03\\\/cropped-InfoPBA247-1.png\",\"contentUrl\":\"https:\\\/\\\/infopba247.com.ar\\\/wp-content\\\/uploads\\\/2022\\\/03\\\/cropped-InfoPBA247-1.png\",\"width\":500,\"height\":122,\"caption\":\"InfoPBA247\"},\"image\":{\"@id\":\"https:\\\/\\\/infopba247.com.ar\\\/#\\\/schema\\\/logo\\\/image\\\/\"},\"sameAs\":[\"https:\\\/\\\/www.facebook.com\\\/InfoPBA\"]},{\"@type\":\"Person\",\"@id\":\"https:\\\/\\\/infopba247.com.ar\\\/#\\\/schema\\\/person\\\/4975f1343a413e57bf839b3eed0099f2\",\"name\":\"Editor\",\"image\":{\"@type\":\"ImageObject\",\"inLanguage\":\"es\",\"@id\":\"https:\\\/\\\/secure.gravatar.com\\\/avatar\\\/d27fe9520667ca53441d36627a1d6b0fa4a813571ec4803687a7a3a7744685ac?s=96&d=mm&r=g\",\"url\":\"https:\\\/\\\/secure.gravatar.com\\\/avatar\\\/d27fe9520667ca53441d36627a1d6b0fa4a813571ec4803687a7a3a7744685ac?s=96&d=mm&r=g\",\"contentUrl\":\"https:\\\/\\\/secure.gravatar.com\\\/avatar\\\/d27fe9520667ca53441d36627a1d6b0fa4a813571ec4803687a7a3a7744685ac?s=96&d=mm&r=g\",\"caption\":\"Editor\"},\"url\":\"https:\\\/\\\/infopba247.com.ar\\\/index.php\\\/author\\\/editor\\\/\"}]}<\/script>\n<!-- \/ Yoast SEO plugin. -->","yoast_head_json":{"title":"La Fiesta del Plant\u00edn Floral de Moreno ya tiene fecha oficial - InfoPBA247","robots":{"index":"index","follow":"follow","max-snippet":"max-snippet:-1","max-image-preview":"max-image-preview:large","max-video-preview":"max-video-preview:-1"},"canonical":"https:\/\/infopba247.com.ar\/index.php\/2025\/09\/03\/la-fiesta-del-plantin-floral-de-moreno-ya-tiene-fecha-oficial\/","og_locale":"es_ES","og_type":"article","og_title":"La Fiesta del Plant\u00edn Floral de Moreno ya tiene fecha oficial - InfoPBA247","og_description":"El Municipio de Moreno confirm\u00f3 la fecha de la pr\u00f3xima edici\u00f3n de la esperada Fiesta del Plant\u00edn Floral, que se","og_url":"https:\/\/infopba247.com.ar\/index.php\/2025\/09\/03\/la-fiesta-del-plantin-floral-de-moreno-ya-tiene-fecha-oficial\/","og_site_name":"InfoPBA247","article_publisher":"https:\/\/www.facebook.com\/InfoPBA","article_published_time":"2025-09-03T18:22:54+00:00","og_image":[{"width":800,"height":445,"url":"https:\/\/infopba247.com.ar\/wp-content\/uploads\/2025\/09\/Fiesta-del-Plantin-Floral.jpg","type":"image\/jpeg"}],"author":"Editor","twitter_card":"summary_large_image","twitter_misc":{"Escrito por":"Editor","Tiempo de lectura":"2 minutos"},"schema":{"@context":"https:\/\/schema.org","@graph":[{"@type":"Article","@id":"https:\/\/infopba247.com.ar\/index.php\/2025\/09\/03\/la-fiesta-del-plantin-floral-de-moreno-ya-tiene-fecha-oficial\/#article","isPartOf":{"@id":"https:\/\/infopba247.com.ar\/index.php\/2025\/09\/03\/la-fiesta-del-plantin-floral-de-moreno-ya-tiene-fecha-oficial\/"},"author":{"name":"Editor","@id":"https:\/\/infopba247.com.ar\/#\/schema\/person\/4975f1343a413e57bf839b3eed0099f2"},"headline":"La Fiesta del Plant\u00edn Floral de Moreno ya tiene fecha oficial","datePublished":"2025-09-03T18:22:54+00:00","mainEntityOfPage":{"@id":"https:\/\/infopba247.com.ar\/index.php\/2025\/09\/03\/la-fiesta-del-plantin-floral-de-moreno-ya-tiene-fecha-oficial\/"},"wordCount":227,"commentCount":0,"publisher":{"@id":"https:\/\/infopba247.com.ar\/#organization"},"image":{"@id":"https:\/\/infopba247.com.ar\/index.php\/2025\/09\/03\/la-fiesta-del-plantin-floral-de-moreno-ya-tiene-fecha-oficial\/#primaryimage"},"thumbnailUrl":"https:\/\/infopba247.com.ar\/wp-content\/uploads\/2025\/09\/Fiesta-del-Plantin-Floral.jpg","articleSection":["1ra Secci\u00f3n","Destacadas","Pol\u00edtica"],"inLanguage":"es","potentialAction":[{"@type":"CommentAction","name":"Comment","target":["https:\/\/infopba247.com.ar\/index.php\/2025\/09\/03\/la-fiesta-del-plantin-floral-de-moreno-ya-tiene-fecha-oficial\/#respond"]}]},{"@type":"WebPage","@id":"https:\/\/infopba247.com.ar\/index.php\/2025\/09\/03\/la-fiesta-del-plantin-floral-de-moreno-ya-tiene-fecha-oficial\/","url":"https:\/\/infopba247.com.ar\/index.php\/2025\/09\/03\/la-fiesta-del-plantin-floral-de-moreno-ya-tiene-fecha-oficial\/","name":"La Fiesta del Plant\u00edn Floral de Moreno ya tiene fecha oficial - InfoPBA247","isPartOf":{"@id":"https:\/\/infopba247.com.ar\/#website"},"primaryImageOfPage":{"@id":"https:\/\/infopba247.com.ar\/index.php\/2025\/09\/03\/la-fiesta-del-plantin-floral-de-moreno-ya-tiene-fecha-oficial\/#primaryimage"},"image":{"@id":"https:\/\/infopba247.com.ar\/index.php\/2025\/09\/03\/la-fiesta-del-plantin-floral-de-moreno-ya-tiene-fecha-oficial\/#primaryimage"},"thumbnailUrl":"https:\/\/infopba247.com.ar\/wp-content\/uploads\/2025\/09\/Fiesta-del-Plantin-Floral.jpg","datePublished":"2025-09-03T18:22:54+00:00","breadcrumb":{"@id":"https:\/\/infopba247.com.ar\/index.php\/2025\/09\/03\/la-fiesta-del-plantin-floral-de-moreno-ya-tiene-fecha-oficial\/#breadcrumb"},"inLanguage":"es","potentialAction":[{"@type":"ReadAction","target":["https:\/\/infopba247.com.ar\/index.php\/2025\/09\/03\/la-fiesta-del-plantin-floral-de-moreno-ya-tiene-fecha-oficial\/"]}]},{"@type":"ImageObject","inLanguage":"es","@id":"https:\/\/infopba247.com.ar\/index.php\/2025\/09\/03\/la-fiesta-del-plantin-floral-de-moreno-ya-tiene-fecha-oficial\/#primaryimage","url":"https:\/\/infopba247.com.ar\/wp-content\/uploads\/2025\/09\/Fiesta-del-Plantin-Floral.jpg","contentUrl":"https:\/\/infopba247.com.ar\/wp-content\/uploads\/2025\/09\/Fiesta-del-Plantin-Floral.jpg","width":800,"height":445,"caption":"default"},{"@type":"BreadcrumbList","@id":"https:\/\/infopba247.com.ar\/index.php\/2025\/09\/03\/la-fiesta-del-plantin-floral-de-moreno-ya-tiene-fecha-oficial\/#breadcrumb","itemListElement":[{"@type":"ListItem","position":1,"name":"Portada","item":"https:\/\/infopba247.com.ar\/"},{"@type":"ListItem","position":2,"name":"La Fiesta del Plant\u00edn Floral de Moreno ya tiene fecha oficial"}]},{"@type":"WebSite","@id":"https:\/\/infopba247.com.ar\/#website","url":"https:\/\/infopba247.com.ar\/","name":"InfoPBA247","description":"Toda la actualidad bonaerense","publisher":{"@id":"https:\/\/infopba247.com.ar\/#organization"},"potentialAction":[{"@type":"SearchAction","target":{"@type":"EntryPoint","urlTemplate":"https:\/\/infopba247.com.ar\/?s={search_term_string}"},"query-input":{"@type":"PropertyValueSpecification","valueRequired":true,"valueName":"search_term_string"}}],"inLanguage":"es"},{"@type":"Organization","@id":"https:\/\/infopba247.com.ar\/#organization","name":"InfoPBA247","url":"https:\/\/infopba247.com.ar\/","logo":{"@type":"ImageObject","inLanguage":"es","@id":"https:\/\/infopba247.com.ar\/#\/schema\/logo\/image\/","url":"https:\/\/infopba247.com.ar\/wp-content\/uploads\/2022\/03\/cropped-InfoPBA247-1.png","contentUrl":"https:\/\/infopba247.com.ar\/wp-content\/uploads\/2022\/03\/cropped-InfoPBA247-1.png","width":500,"height":122,"caption":"InfoPBA247"},"image":{"@id":"https:\/\/infopba247.com.ar\/#\/schema\/logo\/image\/"},"sameAs":["https:\/\/www.facebook.com\/InfoPBA"]},{"@type":"Person","@id":"https:\/\/infopba247.com.ar\/#\/schema\/person\/4975f1343a413e57bf839b3eed0099f2","name":"Editor","image":{"@type":"ImageObject","inLanguage":"es","@id":"https:\/\/secure.gravatar.com\/avatar\/d27fe9520667ca53441d36627a1d6b0fa4a813571ec4803687a7a3a7744685ac?s=96&d=mm&r=g","url":"https:\/\/secure.gravatar.com\/avatar\/d27fe9520667ca53441d36627a1d6b0fa4a813571ec4803687a7a3a7744685ac?s=96&d=mm&r=g","contentUrl":"https:\/\/secure.gravatar.com\/avatar\/d27fe9520667ca53441d36627a1d6b0fa4a813571ec4803687a7a3a7744685ac?s=96&d=mm&r=g","caption":"Editor"},"url":"https:\/\/infopba247.com.ar\/index.php\/author\/editor\/"}]}},"_links":{"self":[{"href":"https:\/\/infopba247.com.ar\/index.php\/wp-json\/wp\/v2\/posts\/7866","targetHints":{"allow":["GET"]}}],"collection":[{"href":"https:\/\/infopba247.com.ar\/index.php\/wp-json\/wp\/v2\/posts"}],"about":[{"href":"https:\/\/infopba247.com.ar\/index.php\/wp-json\/wp\/v2\/types\/post"}],"author":[{"embeddable":true,"href":"https:\/\/infopba247.com.ar\/index.php\/wp-json\/wp\/v2\/users\/3"}],"replies":[{"embeddable":true,"href":"https:\/\/infopba247.com.ar\/index.php\/wp-json\/wp\/v2\/comments?post=7866"}],"version-history":[{"count":1,"href":"https:\/\/infopba247.com.ar\/index.php\/wp-json\/wp\/v2\/posts\/7866\/revisions"}],"predecessor-version":[{"id":7867,"href":"https:\/\/infopba247.com.ar\/index.php\/wp-json\/wp\/v2\/posts\/7866\/revisions\/7867"}],"wp:featuredmedia":[{"embeddable":true,"href":"https:\/\/infopba247.com.ar\/index.php\/wp-json\/wp\/v2\/media\/7863"}],"wp:attachment":[{"href":"https:\/\/infopba247.com.ar\/index.php\/wp-json\/wp\/v2\/media?parent=7866"}],"wp:term":[{"taxonomy":"category","embeddable":true,"href":"https:\/\/infopba247.com.ar\/index.php\/wp-json\/wp\/v2\/categories?post=7866"},{"taxonomy":"post_tag","embeddable":true,"href":"https:\/\/infopba247.com.ar\/index.php\/wp-json\/wp\/v2\/tags?post=7866"}],"curies":[{"name":"wp","href":"https:\/\/api.w.org\/{rel}","templated":true}]}}