{"id":7856,"date":"2025-09-02T14:49:52","date_gmt":"2025-09-02T17:49:52","guid":{"rendered":"https:\/\/infopba247.com.ar\/?p=7856"},"modified":"2025-09-02T14:49:53","modified_gmt":"2025-09-02T17:49:53","slug":"personal-de-salud-se-capacito-sobre-rcp-y-recepcion-del-recien-nacido","status":"publish","type":"post","link":"https:\/\/infopba247.com.ar\/index.php\/2025\/09\/02\/personal-de-salud-se-capacito-sobre-rcp-y-recepcion-del-recien-nacido\/","title":{"rendered":"Personal de Salud se capacit\u00f3 sobre RCP y recepci\u00f3n del reci\u00e9n nacido"},"content":{"rendered":"\n<p>Personal de Salud del Hospital Municipal Dr. Ram\u00f3n Carrillo se capacit\u00f3 sobre RCP y recepci\u00f3n del reci\u00e9n nacido en el marco del programa provincial basado en contenidos te\u00f3ricos y simulaci\u00f3n cl\u00ednica para integrantes de los equipos en los cuales sistem\u00e1tica u ocasionalmente nacen ni\u00f1os o ni\u00f1as.<\/p>\n\n\n\n<p>La jornada tuvo lugar en el SUM de la Secundaria 2 y tambi\u00e9n participaron referentes de Tornquist y Gonzales Chaves.<\/p>\n\n\n\n<p>Se conformaron islas de trabajo con simulaci\u00f3n basada en recepci\u00f3n del reci\u00e9n nacido sano y del reci\u00e9n nacido deprimido, estabilizaci\u00f3n y traslado neonatal.<\/p>\n\n\n\n<p>Tambi\u00e9n se trat\u00f3 de manera te\u00f3rica la \u201cCategorizaci\u00f3n de riesgo obst\u00e9trico a la evaluaci\u00f3n integral de situaciones de vulnerabilidad socio sanitaria para la atenci\u00f3n oportuna de mujeres y personas gestantes\u201d a cargo de Equipo de Coordinaci\u00f3n Obst\u00e9trica Regi\u00f3n Sanitaria I.<\/p>\n","protected":false},"excerpt":{"rendered":"<p>Personal de Salud del Hospital Municipal Dr. Ram\u00f3n Carrillo se capacit\u00f3 sobre RCP y recepci\u00f3n del reci\u00e9n nacido en el<\/p>\n","protected":false},"author":3,"featured_media":7848,"comment_status":"open","ping_status":"open","sticky":false,"template":"","format":"standard","meta":{"colormag_page_container_layout":"default_layout","colormag_page_sidebar_layout":"default_layout","footnotes":""},"categories":[10,1,14],"tags":[],"class_list":["post-7856","post","type-post","status-publish","format-standard","has-post-thumbnail","hentry","category-6ta-seccion","category-destacadas","category-politica"],"yoast_head":"<!-- This site is optimized with the Yoast SEO plugin v27.4 - https:\/\/yoast.com\/product\/yoast-seo-wordpress\/ -->\n<title>Personal de Salud se capacit\u00f3 sobre RCP y recepci\u00f3n del reci\u00e9n nacido - InfoPBA247<\/title>\n<meta name=\"robots\" content=\"index, follow, max-snippet:-1, max-image-preview:large, max-video-preview:-1\" \/>\n<link rel=\"canonical\" href=\"https:\/\/infopba247.com.ar\/index.php\/2025\/09\/02\/personal-de-salud-se-capacito-sobre-rcp-y-recepcion-del-recien-nacido\/\" \/>\n<meta property=\"og:locale\" content=\"es_ES\" \/>\n<meta property=\"og:type\" content=\"article\" \/>\n<meta property=\"og:title\" content=\"Personal de Salud se capacit\u00f3 sobre RCP y recepci\u00f3n del reci\u00e9n nacido - InfoPBA247\" \/>\n<meta property=\"og:description\" content=\"Personal de Salud del Hospital Municipal Dr. Ram\u00f3n Carrillo se capacit\u00f3 sobre RCP y recepci\u00f3n del reci\u00e9n nacido en el\" \/>\n<meta property=\"og:url\" content=\"https:\/\/infopba247.com.ar\/index.php\/2025\/09\/02\/personal-de-salud-se-capacito-sobre-rcp-y-recepcion-del-recien-nacido\/\" \/>\n<meta property=\"og:site_name\" content=\"InfoPBA247\" \/>\n<meta property=\"article:publisher\" content=\"https:\/\/www.facebook.com\/InfoPBA\" \/>\n<meta property=\"article:published_time\" content=\"2025-09-02T17:49:52+00:00\" \/>\n<meta property=\"article:modified_time\" content=\"2025-09-02T17:49:53+00:00\" \/>\n<meta property=\"og:image\" content=\"https:\/\/infopba247.com.ar\/wp-content\/uploads\/2025\/09\/536267395_1264844635683219_5388142830101327936_n-800x445-1.jpg\" \/>\n\t<meta property=\"og:image:width\" content=\"800\" \/>\n\t<meta property=\"og:image:height\" content=\"445\" \/>\n\t<meta property=\"og:image:type\" content=\"image\/jpeg\" \/>\n<meta name=\"author\" content=\"Editor\" \/>\n<meta name=\"twitter:card\" content=\"summary_large_image\" \/>\n<meta name=\"twitter:label1\" content=\"Escrito por\" \/>\n\t<meta name=\"twitter:data1\" content=\"Editor\" \/>\n\t<meta name=\"twitter:label2\" content=\"Tiempo de lectura\" \/>\n\t<meta name=\"twitter:data2\" content=\"1 minuto\" \/>\n<script type=\"application\/ld+json\" class=\"yoast-schema-graph\">{\"@context\":\"https:\\\/\\\/schema.org\",\"@graph\":[{\"@type\":\"Article\",\"@id\":\"https:\\\/\\\/infopba247.com.ar\\\/index.php\\\/2025\\\/09\\\/02\\\/personal-de-salud-se-capacito-sobre-rcp-y-recepcion-del-recien-nacido\\\/#article\",\"isPartOf\":{\"@id\":\"https:\\\/\\\/infopba247.com.ar\\\/index.php\\\/2025\\\/09\\\/02\\\/personal-de-salud-se-capacito-sobre-rcp-y-recepcion-del-recien-nacido\\\/\"},\"author\":{\"name\":\"Editor\",\"@id\":\"https:\\\/\\\/infopba247.com.ar\\\/#\\\/schema\\\/person\\\/4975f1343a413e57bf839b3eed0099f2\"},\"headline\":\"Personal de Salud se capacit\u00f3 sobre RCP y recepci\u00f3n del reci\u00e9n nacido\",\"datePublished\":\"2025-09-02T17:49:52+00:00\",\"dateModified\":\"2025-09-02T17:49:53+00:00\",\"mainEntityOfPage\":{\"@id\":\"https:\\\/\\\/infopba247.com.ar\\\/index.php\\\/2025\\\/09\\\/02\\\/personal-de-salud-se-capacito-sobre-rcp-y-recepcion-del-recien-nacido\\\/\"},\"wordCount\":166,\"commentCount\":0,\"publisher\":{\"@id\":\"https:\\\/\\\/infopba247.com.ar\\\/#organization\"},\"image\":{\"@id\":\"https:\\\/\\\/infopba247.com.ar\\\/index.php\\\/2025\\\/09\\\/02\\\/personal-de-salud-se-capacito-sobre-rcp-y-recepcion-del-recien-nacido\\\/#primaryimage\"},\"thumbnailUrl\":\"https:\\\/\\\/infopba247.com.ar\\\/wp-content\\\/uploads\\\/2025\\\/09\\\/536267395_1264844635683219_5388142830101327936_n-800x445-1.jpg\",\"articleSection\":[\"6ta Secci\u00f3n\",\"Destacadas\",\"Pol\u00edtica\"],\"inLanguage\":\"es\",\"potentialAction\":[{\"@type\":\"CommentAction\",\"name\":\"Comment\",\"target\":[\"https:\\\/\\\/infopba247.com.ar\\\/index.php\\\/2025\\\/09\\\/02\\\/personal-de-salud-se-capacito-sobre-rcp-y-recepcion-del-recien-nacido\\\/#respond\"]}]},{\"@type\":\"WebPage\",\"@id\":\"https:\\\/\\\/infopba247.com.ar\\\/index.php\\\/2025\\\/09\\\/02\\\/personal-de-salud-se-capacito-sobre-rcp-y-recepcion-del-recien-nacido\\\/\",\"url\":\"https:\\\/\\\/infopba247.com.ar\\\/index.php\\\/2025\\\/09\\\/02\\\/personal-de-salud-se-capacito-sobre-rcp-y-recepcion-del-recien-nacido\\\/\",\"name\":\"Personal de Salud se capacit\u00f3 sobre RCP y recepci\u00f3n del reci\u00e9n nacido - InfoPBA247\",\"isPartOf\":{\"@id\":\"https:\\\/\\\/infopba247.com.ar\\\/#website\"},\"primaryImageOfPage\":{\"@id\":\"https:\\\/\\\/infopba247.com.ar\\\/index.php\\\/2025\\\/09\\\/02\\\/personal-de-salud-se-capacito-sobre-rcp-y-recepcion-del-recien-nacido\\\/#primaryimage\"},\"image\":{\"@id\":\"https:\\\/\\\/infopba247.com.ar\\\/index.php\\\/2025\\\/09\\\/02\\\/personal-de-salud-se-capacito-sobre-rcp-y-recepcion-del-recien-nacido\\\/#primaryimage\"},\"thumbnailUrl\":\"https:\\\/\\\/infopba247.com.ar\\\/wp-content\\\/uploads\\\/2025\\\/09\\\/536267395_1264844635683219_5388142830101327936_n-800x445-1.jpg\",\"datePublished\":\"2025-09-02T17:49:52+00:00\",\"dateModified\":\"2025-09-02T17:49:53+00:00\",\"breadcrumb\":{\"@id\":\"https:\\\/\\\/infopba247.com.ar\\\/index.php\\\/2025\\\/09\\\/02\\\/personal-de-salud-se-capacito-sobre-rcp-y-recepcion-del-recien-nacido\\\/#breadcrumb\"},\"inLanguage\":\"es\",\"potentialAction\":[{\"@type\":\"ReadAction\",\"target\":[\"https:\\\/\\\/infopba247.com.ar\\\/index.php\\\/2025\\\/09\\\/02\\\/personal-de-salud-se-capacito-sobre-rcp-y-recepcion-del-recien-nacido\\\/\"]}]},{\"@type\":\"ImageObject\",\"inLanguage\":\"es\",\"@id\":\"https:\\\/\\\/infopba247.com.ar\\\/index.php\\\/2025\\\/09\\\/02\\\/personal-de-salud-se-capacito-sobre-rcp-y-recepcion-del-recien-nacido\\\/#primaryimage\",\"url\":\"https:\\\/\\\/infopba247.com.ar\\\/wp-content\\\/uploads\\\/2025\\\/09\\\/536267395_1264844635683219_5388142830101327936_n-800x445-1.jpg\",\"contentUrl\":\"https:\\\/\\\/infopba247.com.ar\\\/wp-content\\\/uploads\\\/2025\\\/09\\\/536267395_1264844635683219_5388142830101327936_n-800x445-1.jpg\",\"width\":800,\"height\":445},{\"@type\":\"BreadcrumbList\",\"@id\":\"https:\\\/\\\/infopba247.com.ar\\\/index.php\\\/2025\\\/09\\\/02\\\/personal-de-salud-se-capacito-sobre-rcp-y-recepcion-del-recien-nacido\\\/#breadcrumb\",\"itemListElement\":[{\"@type\":\"ListItem\",\"position\":1,\"name\":\"Portada\",\"item\":\"https:\\\/\\\/infopba247.com.ar\\\/\"},{\"@type\":\"ListItem\",\"position\":2,\"name\":\"Personal de Salud se capacit\u00f3 sobre RCP y recepci\u00f3n del reci\u00e9n nacido\"}]},{\"@type\":\"WebSite\",\"@id\":\"https:\\\/\\\/infopba247.com.ar\\\/#website\",\"url\":\"https:\\\/\\\/infopba247.com.ar\\\/\",\"name\":\"InfoPBA247\",\"description\":\"Toda la actualidad bonaerense\",\"publisher\":{\"@id\":\"https:\\\/\\\/infopba247.com.ar\\\/#organization\"},\"potentialAction\":[{\"@type\":\"SearchAction\",\"target\":{\"@type\":\"EntryPoint\",\"urlTemplate\":\"https:\\\/\\\/infopba247.com.ar\\\/?s={search_term_string}\"},\"query-input\":{\"@type\":\"PropertyValueSpecification\",\"valueRequired\":true,\"valueName\":\"search_term_string\"}}],\"inLanguage\":\"es\"},{\"@type\":\"Organization\",\"@id\":\"https:\\\/\\\/infopba247.com.ar\\\/#organization\",\"name\":\"InfoPBA247\",\"url\":\"https:\\\/\\\/infopba247.com.ar\\\/\",\"logo\":{\"@type\":\"ImageObject\",\"inLanguage\":\"es\",\"@id\":\"https:\\\/\\\/infopba247.com.ar\\\/#\\\/schema\\\/logo\\\/image\\\/\",\"url\":\"https:\\\/\\\/infopba247.com.ar\\\/wp-content\\\/uploads\\\/2022\\\/03\\\/cropped-InfoPBA247-1.png\",\"contentUrl\":\"https:\\\/\\\/infopba247.com.ar\\\/wp-content\\\/uploads\\\/2022\\\/03\\\/cropped-InfoPBA247-1.png\",\"width\":500,\"height\":122,\"caption\":\"InfoPBA247\"},\"image\":{\"@id\":\"https:\\\/\\\/infopba247.com.ar\\\/#\\\/schema\\\/logo\\\/image\\\/\"},\"sameAs\":[\"https:\\\/\\\/www.facebook.com\\\/InfoPBA\"]},{\"@type\":\"Person\",\"@id\":\"https:\\\/\\\/infopba247.com.ar\\\/#\\\/schema\\\/person\\\/4975f1343a413e57bf839b3eed0099f2\",\"name\":\"Editor\",\"image\":{\"@type\":\"ImageObject\",\"inLanguage\":\"es\",\"@id\":\"https:\\\/\\\/secure.gravatar.com\\\/avatar\\\/d27fe9520667ca53441d36627a1d6b0fa4a813571ec4803687a7a3a7744685ac?s=96&d=mm&r=g\",\"url\":\"https:\\\/\\\/secure.gravatar.com\\\/avatar\\\/d27fe9520667ca53441d36627a1d6b0fa4a813571ec4803687a7a3a7744685ac?s=96&d=mm&r=g\",\"contentUrl\":\"https:\\\/\\\/secure.gravatar.com\\\/avatar\\\/d27fe9520667ca53441d36627a1d6b0fa4a813571ec4803687a7a3a7744685ac?s=96&d=mm&r=g\",\"caption\":\"Editor\"},\"url\":\"https:\\\/\\\/infopba247.com.ar\\\/index.php\\\/author\\\/editor\\\/\"}]}<\/script>\n<!-- \/ Yoast SEO plugin. -->","yoast_head_json":{"title":"Personal de Salud se capacit\u00f3 sobre RCP y recepci\u00f3n del reci\u00e9n nacido - InfoPBA247","robots":{"index":"index","follow":"follow","max-snippet":"max-snippet:-1","max-image-preview":"max-image-preview:large","max-video-preview":"max-video-preview:-1"},"canonical":"https:\/\/infopba247.com.ar\/index.php\/2025\/09\/02\/personal-de-salud-se-capacito-sobre-rcp-y-recepcion-del-recien-nacido\/","og_locale":"es_ES","og_type":"article","og_title":"Personal de Salud se capacit\u00f3 sobre RCP y recepci\u00f3n del reci\u00e9n nacido - InfoPBA247","og_description":"Personal de Salud del Hospital Municipal Dr. Ram\u00f3n Carrillo se capacit\u00f3 sobre RCP y recepci\u00f3n del reci\u00e9n nacido en el","og_url":"https:\/\/infopba247.com.ar\/index.php\/2025\/09\/02\/personal-de-salud-se-capacito-sobre-rcp-y-recepcion-del-recien-nacido\/","og_site_name":"InfoPBA247","article_publisher":"https:\/\/www.facebook.com\/InfoPBA","article_published_time":"2025-09-02T17:49:52+00:00","article_modified_time":"2025-09-02T17:49:53+00:00","og_image":[{"width":800,"height":445,"url":"https:\/\/infopba247.com.ar\/wp-content\/uploads\/2025\/09\/536267395_1264844635683219_5388142830101327936_n-800x445-1.jpg","type":"image\/jpeg"}],"author":"Editor","twitter_card":"summary_large_image","twitter_misc":{"Escrito por":"Editor","Tiempo de lectura":"1 minuto"},"schema":{"@context":"https:\/\/schema.org","@graph":[{"@type":"Article","@id":"https:\/\/infopba247.com.ar\/index.php\/2025\/09\/02\/personal-de-salud-se-capacito-sobre-rcp-y-recepcion-del-recien-nacido\/#article","isPartOf":{"@id":"https:\/\/infopba247.com.ar\/index.php\/2025\/09\/02\/personal-de-salud-se-capacito-sobre-rcp-y-recepcion-del-recien-nacido\/"},"author":{"name":"Editor","@id":"https:\/\/infopba247.com.ar\/#\/schema\/person\/4975f1343a413e57bf839b3eed0099f2"},"headline":"Personal de Salud se capacit\u00f3 sobre RCP y recepci\u00f3n del reci\u00e9n nacido","datePublished":"2025-09-02T17:49:52+00:00","dateModified":"2025-09-02T17:49:53+00:00","mainEntityOfPage":{"@id":"https:\/\/infopba247.com.ar\/index.php\/2025\/09\/02\/personal-de-salud-se-capacito-sobre-rcp-y-recepcion-del-recien-nacido\/"},"wordCount":166,"commentCount":0,"publisher":{"@id":"https:\/\/infopba247.com.ar\/#organization"},"image":{"@id":"https:\/\/infopba247.com.ar\/index.php\/2025\/09\/02\/personal-de-salud-se-capacito-sobre-rcp-y-recepcion-del-recien-nacido\/#primaryimage"},"thumbnailUrl":"https:\/\/infopba247.com.ar\/wp-content\/uploads\/2025\/09\/536267395_1264844635683219_5388142830101327936_n-800x445-1.jpg","articleSection":["6ta Secci\u00f3n","Destacadas","Pol\u00edtica"],"inLanguage":"es","potentialAction":[{"@type":"CommentAction","name":"Comment","target":["https:\/\/infopba247.com.ar\/index.php\/2025\/09\/02\/personal-de-salud-se-capacito-sobre-rcp-y-recepcion-del-recien-nacido\/#respond"]}]},{"@type":"WebPage","@id":"https:\/\/infopba247.com.ar\/index.php\/2025\/09\/02\/personal-de-salud-se-capacito-sobre-rcp-y-recepcion-del-recien-nacido\/","url":"https:\/\/infopba247.com.ar\/index.php\/2025\/09\/02\/personal-de-salud-se-capacito-sobre-rcp-y-recepcion-del-recien-nacido\/","name":"Personal de Salud se capacit\u00f3 sobre RCP y recepci\u00f3n del reci\u00e9n nacido - InfoPBA247","isPartOf":{"@id":"https:\/\/infopba247.com.ar\/#website"},"primaryImageOfPage":{"@id":"https:\/\/infopba247.com.ar\/index.php\/2025\/09\/02\/personal-de-salud-se-capacito-sobre-rcp-y-recepcion-del-recien-nacido\/#primaryimage"},"image":{"@id":"https:\/\/infopba247.com.ar\/index.php\/2025\/09\/02\/personal-de-salud-se-capacito-sobre-rcp-y-recepcion-del-recien-nacido\/#primaryimage"},"thumbnailUrl":"https:\/\/infopba247.com.ar\/wp-content\/uploads\/2025\/09\/536267395_1264844635683219_5388142830101327936_n-800x445-1.jpg","datePublished":"2025-09-02T17:49:52+00:00","dateModified":"2025-09-02T17:49:53+00:00","breadcrumb":{"@id":"https:\/\/infopba247.com.ar\/index.php\/2025\/09\/02\/personal-de-salud-se-capacito-sobre-rcp-y-recepcion-del-recien-nacido\/#breadcrumb"},"inLanguage":"es","potentialAction":[{"@type":"ReadAction","target":["https:\/\/infopba247.com.ar\/index.php\/2025\/09\/02\/personal-de-salud-se-capacito-sobre-rcp-y-recepcion-del-recien-nacido\/"]}]},{"@type":"ImageObject","inLanguage":"es","@id":"https:\/\/infopba247.com.ar\/index.php\/2025\/09\/02\/personal-de-salud-se-capacito-sobre-rcp-y-recepcion-del-recien-nacido\/#primaryimage","url":"https:\/\/infopba247.com.ar\/wp-content\/uploads\/2025\/09\/536267395_1264844635683219_5388142830101327936_n-800x445-1.jpg","contentUrl":"https:\/\/infopba247.com.ar\/wp-content\/uploads\/2025\/09\/536267395_1264844635683219_5388142830101327936_n-800x445-1.jpg","width":800,"height":445},{"@type":"BreadcrumbList","@id":"https:\/\/infopba247.com.ar\/index.php\/2025\/09\/02\/personal-de-salud-se-capacito-sobre-rcp-y-recepcion-del-recien-nacido\/#breadcrumb","itemListElement":[{"@type":"ListItem","position":1,"name":"Portada","item":"https:\/\/infopba247.com.ar\/"},{"@type":"ListItem","position":2,"name":"Personal de Salud se capacit\u00f3 sobre RCP y recepci\u00f3n del reci\u00e9n nacido"}]},{"@type":"WebSite","@id":"https:\/\/infopba247.com.ar\/#website","url":"https:\/\/infopba247.com.ar\/","name":"InfoPBA247","description":"Toda la actualidad bonaerense","publisher":{"@id":"https:\/\/infopba247.com.ar\/#organization"},"potentialAction":[{"@type":"SearchAction","target":{"@type":"EntryPoint","urlTemplate":"https:\/\/infopba247.com.ar\/?s={search_term_string}"},"query-input":{"@type":"PropertyValueSpecification","valueRequired":true,"valueName":"search_term_string"}}],"inLanguage":"es"},{"@type":"Organization","@id":"https:\/\/infopba247.com.ar\/#organization","name":"InfoPBA247","url":"https:\/\/infopba247.com.ar\/","logo":{"@type":"ImageObject","inLanguage":"es","@id":"https:\/\/infopba247.com.ar\/#\/schema\/logo\/image\/","url":"https:\/\/infopba247.com.ar\/wp-content\/uploads\/2022\/03\/cropped-InfoPBA247-1.png","contentUrl":"https:\/\/infopba247.com.ar\/wp-content\/uploads\/2022\/03\/cropped-InfoPBA247-1.png","width":500,"height":122,"caption":"InfoPBA247"},"image":{"@id":"https:\/\/infopba247.com.ar\/#\/schema\/logo\/image\/"},"sameAs":["https:\/\/www.facebook.com\/InfoPBA"]},{"@type":"Person","@id":"https:\/\/infopba247.com.ar\/#\/schema\/person\/4975f1343a413e57bf839b3eed0099f2","name":"Editor","image":{"@type":"ImageObject","inLanguage":"es","@id":"https:\/\/secure.gravatar.com\/avatar\/d27fe9520667ca53441d36627a1d6b0fa4a813571ec4803687a7a3a7744685ac?s=96&d=mm&r=g","url":"https:\/\/secure.gravatar.com\/avatar\/d27fe9520667ca53441d36627a1d6b0fa4a813571ec4803687a7a3a7744685ac?s=96&d=mm&r=g","contentUrl":"https:\/\/secure.gravatar.com\/avatar\/d27fe9520667ca53441d36627a1d6b0fa4a813571ec4803687a7a3a7744685ac?s=96&d=mm&r=g","caption":"Editor"},"url":"https:\/\/infopba247.com.ar\/index.php\/author\/editor\/"}]}},"_links":{"self":[{"href":"https:\/\/infopba247.com.ar\/index.php\/wp-json\/wp\/v2\/posts\/7856","targetHints":{"allow":["GET"]}}],"collection":[{"href":"https:\/\/infopba247.com.ar\/index.php\/wp-json\/wp\/v2\/posts"}],"about":[{"href":"https:\/\/infopba247.com.ar\/index.php\/wp-json\/wp\/v2\/types\/post"}],"author":[{"embeddable":true,"href":"https:\/\/infopba247.com.ar\/index.php\/wp-json\/wp\/v2\/users\/3"}],"replies":[{"embeddable":true,"href":"https:\/\/infopba247.com.ar\/index.php\/wp-json\/wp\/v2\/comments?post=7856"}],"version-history":[{"count":1,"href":"https:\/\/infopba247.com.ar\/index.php\/wp-json\/wp\/v2\/posts\/7856\/revisions"}],"predecessor-version":[{"id":7857,"href":"https:\/\/infopba247.com.ar\/index.php\/wp-json\/wp\/v2\/posts\/7856\/revisions\/7857"}],"wp:featuredmedia":[{"embeddable":true,"href":"https:\/\/infopba247.com.ar\/index.php\/wp-json\/wp\/v2\/media\/7848"}],"wp:attachment":[{"href":"https:\/\/infopba247.com.ar\/index.php\/wp-json\/wp\/v2\/media?parent=7856"}],"wp:term":[{"taxonomy":"category","embeddable":true,"href":"https:\/\/infopba247.com.ar\/index.php\/wp-json\/wp\/v2\/categories?post=7856"},{"taxonomy":"post_tag","embeddable":true,"href":"https:\/\/infopba247.com.ar\/index.php\/wp-json\/wp\/v2\/tags?post=7856"}],"curies":[{"name":"wp","href":"https:\/\/api.w.org\/{rel}","templated":true}]}}