{"id":7854,"date":"2025-09-02T14:49:21","date_gmt":"2025-09-02T17:49:21","guid":{"rendered":"https:\/\/infopba247.com.ar\/?p=7854"},"modified":"2025-09-02T14:49:22","modified_gmt":"2025-09-02T17:49:22","slug":"moreno-fortalece-el-acompanamiento-a-personas-y-familias-atravesadas-por-el-consumo","status":"publish","type":"post","link":"https:\/\/infopba247.com.ar\/index.php\/2025\/09\/02\/moreno-fortalece-el-acompanamiento-a-personas-y-familias-atravesadas-por-el-consumo\/","title":{"rendered":"Moreno fortalece el acompa\u00f1amiento a personas y familias atravesadas por el consumo"},"content":{"rendered":"\n<p>El Municipio refuerza las pol\u00edticas de acompa\u00f1amiento a vecinos y vecinas que atraviesan situaciones vinculadas a los consumos y las adicciones, a trav\u00e9s del trabajo sostenido en Casa Pueblo Moreno y en su red de Puntos Comunitarios en todo el distrito.<\/p>\n\n\n\n<p>Casa Pueblo es un espacio pensado para recibir, escuchar y brindar apoyo integral a las personas que sufren esta problem\u00e1tica, a sus familias y referentes afectivos. All\u00ed se ofrecen tratamientos terap\u00e9uticos gratuitos, talleres de prevenci\u00f3n, grupos de contenci\u00f3n y Puntos de Primera Escucha desarrollados junto a promotoras y centros comunitarios.<\/p>\n\n\n\n<p>Actualmente, m\u00e1s de 3 mil vecinos y vecinas ya se acercaron a estos espacios en busca de asistencia y contenci\u00f3n. En total, funcionan 14 grupos de prevenci\u00f3n para j\u00f3venes, 60 puntos de primera escucha, 17 grupos de contenci\u00f3n familiar y\/o referentes afectivos, 950 personas de la comunidad formadas en promotores y promotoras en primera escucha, 17 grupos terap\u00e9uticos y 34 espacios terap\u00e9uticos para familiares o personas en situaci\u00f3n de consumo, que garantizan una atenci\u00f3n cercana, gratuita y territorial.<\/p>\n\n\n\n<p>Adem\u00e1s, Casa Pueblo cuenta con una guardia activa las 24 horas para situaciones de emergencia, lo que permite garantizar el acceso inmediato a internaciones y a la red de atenci\u00f3n especializada del Municipio.<\/p>\n\n\n\n<p>De este modo, Moreno profundiza su modelo de salud comunitaria y de cercan\u00eda, donde la construcci\u00f3n de una vida saludable y sin consumos es posible a partir del acompa\u00f1amiento, la escucha y la prevenci\u00f3n en cada barrio.<\/p>\n\n\n\n<p>Los y las interesados podr\u00e1n acercarse a Casa Pueblo Moreno, ubicado en Int. Nemesio \u00c1lvarez 426, de lunes a viernes de 9 a 16 horas, comunicarse por tel\u00e9fono al (0237) 4669122 \/ 0237, por Whatsapp (solo mensajes) al 11 2590 3695. En caso de urgencias durante las 24 horas al 11 3938 5056.<\/p>\n","protected":false},"excerpt":{"rendered":"<p>El Municipio refuerza las pol\u00edticas de acompa\u00f1amiento a vecinos y vecinas que atraviesan situaciones vinculadas a los consumos y las<\/p>\n","protected":false},"author":3,"featured_media":7849,"comment_status":"open","ping_status":"open","sticky":false,"template":"","format":"standard","meta":{"colormag_page_container_layout":"default_layout","colormag_page_sidebar_layout":"default_layout","footnotes":""},"categories":[5,1,14],"tags":[],"class_list":["post-7854","post","type-post","status-publish","format-standard","has-post-thumbnail","hentry","category-1ra-seccion","category-destacadas","category-politica"],"yoast_head":"<!-- This site is optimized with the Yoast SEO plugin v27.4 - https:\/\/yoast.com\/product\/yoast-seo-wordpress\/ -->\n<title>Moreno fortalece el acompa\u00f1amiento a personas y familias atravesadas por el consumo - InfoPBA247<\/title>\n<meta name=\"robots\" content=\"index, follow, max-snippet:-1, max-image-preview:large, max-video-preview:-1\" \/>\n<link rel=\"canonical\" href=\"https:\/\/infopba247.com.ar\/index.php\/2025\/09\/02\/moreno-fortalece-el-acompanamiento-a-personas-y-familias-atravesadas-por-el-consumo\/\" \/>\n<meta property=\"og:locale\" content=\"es_ES\" \/>\n<meta property=\"og:type\" content=\"article\" \/>\n<meta property=\"og:title\" content=\"Moreno fortalece el acompa\u00f1amiento a personas y familias atravesadas por el consumo - InfoPBA247\" \/>\n<meta property=\"og:description\" content=\"El Municipio refuerza las pol\u00edticas de acompa\u00f1amiento a vecinos y vecinas que atraviesan situaciones vinculadas a los consumos y las\" \/>\n<meta property=\"og:url\" content=\"https:\/\/infopba247.com.ar\/index.php\/2025\/09\/02\/moreno-fortalece-el-acompanamiento-a-personas-y-familias-atravesadas-por-el-consumo\/\" \/>\n<meta property=\"og:site_name\" content=\"InfoPBA247\" \/>\n<meta property=\"article:publisher\" content=\"https:\/\/www.facebook.com\/InfoPBA\" \/>\n<meta property=\"article:published_time\" content=\"2025-09-02T17:49:21+00:00\" \/>\n<meta property=\"article:modified_time\" content=\"2025-09-02T17:49:22+00:00\" \/>\n<meta property=\"og:image\" content=\"https:\/\/infopba247.com.ar\/wp-content\/uploads\/2025\/09\/espacios-de-Casa-Pueblo-2-scaled.jpg\" \/>\n\t<meta property=\"og:image:width\" content=\"2560\" \/>\n\t<meta property=\"og:image:height\" content=\"1440\" \/>\n\t<meta property=\"og:image:type\" content=\"image\/jpeg\" \/>\n<meta name=\"author\" content=\"Editor\" \/>\n<meta name=\"twitter:card\" content=\"summary_large_image\" \/>\n<meta name=\"twitter:label1\" content=\"Escrito por\" \/>\n\t<meta name=\"twitter:data1\" content=\"Editor\" \/>\n\t<meta name=\"twitter:label2\" content=\"Tiempo de lectura\" \/>\n\t<meta name=\"twitter:data2\" content=\"2 minutos\" \/>\n<script type=\"application\/ld+json\" class=\"yoast-schema-graph\">{\"@context\":\"https:\\\/\\\/schema.org\",\"@graph\":[{\"@type\":\"Article\",\"@id\":\"https:\\\/\\\/infopba247.com.ar\\\/index.php\\\/2025\\\/09\\\/02\\\/moreno-fortalece-el-acompanamiento-a-personas-y-familias-atravesadas-por-el-consumo\\\/#article\",\"isPartOf\":{\"@id\":\"https:\\\/\\\/infopba247.com.ar\\\/index.php\\\/2025\\\/09\\\/02\\\/moreno-fortalece-el-acompanamiento-a-personas-y-familias-atravesadas-por-el-consumo\\\/\"},\"author\":{\"name\":\"Editor\",\"@id\":\"https:\\\/\\\/infopba247.com.ar\\\/#\\\/schema\\\/person\\\/4975f1343a413e57bf839b3eed0099f2\"},\"headline\":\"Moreno fortalece el acompa\u00f1amiento a personas y familias atravesadas por el consumo\",\"datePublished\":\"2025-09-02T17:49:21+00:00\",\"dateModified\":\"2025-09-02T17:49:22+00:00\",\"mainEntityOfPage\":{\"@id\":\"https:\\\/\\\/infopba247.com.ar\\\/index.php\\\/2025\\\/09\\\/02\\\/moreno-fortalece-el-acompanamiento-a-personas-y-familias-atravesadas-por-el-consumo\\\/\"},\"wordCount\":308,\"commentCount\":0,\"publisher\":{\"@id\":\"https:\\\/\\\/infopba247.com.ar\\\/#organization\"},\"image\":{\"@id\":\"https:\\\/\\\/infopba247.com.ar\\\/index.php\\\/2025\\\/09\\\/02\\\/moreno-fortalece-el-acompanamiento-a-personas-y-familias-atravesadas-por-el-consumo\\\/#primaryimage\"},\"thumbnailUrl\":\"https:\\\/\\\/infopba247.com.ar\\\/wp-content\\\/uploads\\\/2025\\\/09\\\/espacios-de-Casa-Pueblo-2-scaled.jpg\",\"articleSection\":[\"1ra Secci\u00f3n\",\"Destacadas\",\"Pol\u00edtica\"],\"inLanguage\":\"es\",\"potentialAction\":[{\"@type\":\"CommentAction\",\"name\":\"Comment\",\"target\":[\"https:\\\/\\\/infopba247.com.ar\\\/index.php\\\/2025\\\/09\\\/02\\\/moreno-fortalece-el-acompanamiento-a-personas-y-familias-atravesadas-por-el-consumo\\\/#respond\"]}]},{\"@type\":\"WebPage\",\"@id\":\"https:\\\/\\\/infopba247.com.ar\\\/index.php\\\/2025\\\/09\\\/02\\\/moreno-fortalece-el-acompanamiento-a-personas-y-familias-atravesadas-por-el-consumo\\\/\",\"url\":\"https:\\\/\\\/infopba247.com.ar\\\/index.php\\\/2025\\\/09\\\/02\\\/moreno-fortalece-el-acompanamiento-a-personas-y-familias-atravesadas-por-el-consumo\\\/\",\"name\":\"Moreno fortalece el acompa\u00f1amiento a personas y familias atravesadas por el consumo - InfoPBA247\",\"isPartOf\":{\"@id\":\"https:\\\/\\\/infopba247.com.ar\\\/#website\"},\"primaryImageOfPage\":{\"@id\":\"https:\\\/\\\/infopba247.com.ar\\\/index.php\\\/2025\\\/09\\\/02\\\/moreno-fortalece-el-acompanamiento-a-personas-y-familias-atravesadas-por-el-consumo\\\/#primaryimage\"},\"image\":{\"@id\":\"https:\\\/\\\/infopba247.com.ar\\\/index.php\\\/2025\\\/09\\\/02\\\/moreno-fortalece-el-acompanamiento-a-personas-y-familias-atravesadas-por-el-consumo\\\/#primaryimage\"},\"thumbnailUrl\":\"https:\\\/\\\/infopba247.com.ar\\\/wp-content\\\/uploads\\\/2025\\\/09\\\/espacios-de-Casa-Pueblo-2-scaled.jpg\",\"datePublished\":\"2025-09-02T17:49:21+00:00\",\"dateModified\":\"2025-09-02T17:49:22+00:00\",\"breadcrumb\":{\"@id\":\"https:\\\/\\\/infopba247.com.ar\\\/index.php\\\/2025\\\/09\\\/02\\\/moreno-fortalece-el-acompanamiento-a-personas-y-familias-atravesadas-por-el-consumo\\\/#breadcrumb\"},\"inLanguage\":\"es\",\"potentialAction\":[{\"@type\":\"ReadAction\",\"target\":[\"https:\\\/\\\/infopba247.com.ar\\\/index.php\\\/2025\\\/09\\\/02\\\/moreno-fortalece-el-acompanamiento-a-personas-y-familias-atravesadas-por-el-consumo\\\/\"]}]},{\"@type\":\"ImageObject\",\"inLanguage\":\"es\",\"@id\":\"https:\\\/\\\/infopba247.com.ar\\\/index.php\\\/2025\\\/09\\\/02\\\/moreno-fortalece-el-acompanamiento-a-personas-y-familias-atravesadas-por-el-consumo\\\/#primaryimage\",\"url\":\"https:\\\/\\\/infopba247.com.ar\\\/wp-content\\\/uploads\\\/2025\\\/09\\\/espacios-de-Casa-Pueblo-2-scaled.jpg\",\"contentUrl\":\"https:\\\/\\\/infopba247.com.ar\\\/wp-content\\\/uploads\\\/2025\\\/09\\\/espacios-de-Casa-Pueblo-2-scaled.jpg\",\"width\":2560,\"height\":1440},{\"@type\":\"BreadcrumbList\",\"@id\":\"https:\\\/\\\/infopba247.com.ar\\\/index.php\\\/2025\\\/09\\\/02\\\/moreno-fortalece-el-acompanamiento-a-personas-y-familias-atravesadas-por-el-consumo\\\/#breadcrumb\",\"itemListElement\":[{\"@type\":\"ListItem\",\"position\":1,\"name\":\"Portada\",\"item\":\"https:\\\/\\\/infopba247.com.ar\\\/\"},{\"@type\":\"ListItem\",\"position\":2,\"name\":\"Moreno fortalece el acompa\u00f1amiento a personas y familias atravesadas por el consumo\"}]},{\"@type\":\"WebSite\",\"@id\":\"https:\\\/\\\/infopba247.com.ar\\\/#website\",\"url\":\"https:\\\/\\\/infopba247.com.ar\\\/\",\"name\":\"InfoPBA247\",\"description\":\"Toda la actualidad bonaerense\",\"publisher\":{\"@id\":\"https:\\\/\\\/infopba247.com.ar\\\/#organization\"},\"potentialAction\":[{\"@type\":\"SearchAction\",\"target\":{\"@type\":\"EntryPoint\",\"urlTemplate\":\"https:\\\/\\\/infopba247.com.ar\\\/?s={search_term_string}\"},\"query-input\":{\"@type\":\"PropertyValueSpecification\",\"valueRequired\":true,\"valueName\":\"search_term_string\"}}],\"inLanguage\":\"es\"},{\"@type\":\"Organization\",\"@id\":\"https:\\\/\\\/infopba247.com.ar\\\/#organization\",\"name\":\"InfoPBA247\",\"url\":\"https:\\\/\\\/infopba247.com.ar\\\/\",\"logo\":{\"@type\":\"ImageObject\",\"inLanguage\":\"es\",\"@id\":\"https:\\\/\\\/infopba247.com.ar\\\/#\\\/schema\\\/logo\\\/image\\\/\",\"url\":\"https:\\\/\\\/infopba247.com.ar\\\/wp-content\\\/uploads\\\/2022\\\/03\\\/cropped-InfoPBA247-1.png\",\"contentUrl\":\"https:\\\/\\\/infopba247.com.ar\\\/wp-content\\\/uploads\\\/2022\\\/03\\\/cropped-InfoPBA247-1.png\",\"width\":500,\"height\":122,\"caption\":\"InfoPBA247\"},\"image\":{\"@id\":\"https:\\\/\\\/infopba247.com.ar\\\/#\\\/schema\\\/logo\\\/image\\\/\"},\"sameAs\":[\"https:\\\/\\\/www.facebook.com\\\/InfoPBA\"]},{\"@type\":\"Person\",\"@id\":\"https:\\\/\\\/infopba247.com.ar\\\/#\\\/schema\\\/person\\\/4975f1343a413e57bf839b3eed0099f2\",\"name\":\"Editor\",\"image\":{\"@type\":\"ImageObject\",\"inLanguage\":\"es\",\"@id\":\"https:\\\/\\\/secure.gravatar.com\\\/avatar\\\/d27fe9520667ca53441d36627a1d6b0fa4a813571ec4803687a7a3a7744685ac?s=96&d=mm&r=g\",\"url\":\"https:\\\/\\\/secure.gravatar.com\\\/avatar\\\/d27fe9520667ca53441d36627a1d6b0fa4a813571ec4803687a7a3a7744685ac?s=96&d=mm&r=g\",\"contentUrl\":\"https:\\\/\\\/secure.gravatar.com\\\/avatar\\\/d27fe9520667ca53441d36627a1d6b0fa4a813571ec4803687a7a3a7744685ac?s=96&d=mm&r=g\",\"caption\":\"Editor\"},\"url\":\"https:\\\/\\\/infopba247.com.ar\\\/index.php\\\/author\\\/editor\\\/\"}]}<\/script>\n<!-- \/ Yoast SEO plugin. -->","yoast_head_json":{"title":"Moreno fortalece el acompa\u00f1amiento a personas y familias atravesadas por el consumo - InfoPBA247","robots":{"index":"index","follow":"follow","max-snippet":"max-snippet:-1","max-image-preview":"max-image-preview:large","max-video-preview":"max-video-preview:-1"},"canonical":"https:\/\/infopba247.com.ar\/index.php\/2025\/09\/02\/moreno-fortalece-el-acompanamiento-a-personas-y-familias-atravesadas-por-el-consumo\/","og_locale":"es_ES","og_type":"article","og_title":"Moreno fortalece el acompa\u00f1amiento a personas y familias atravesadas por el consumo - InfoPBA247","og_description":"El Municipio refuerza las pol\u00edticas de acompa\u00f1amiento a vecinos y vecinas que atraviesan situaciones vinculadas a los consumos y las","og_url":"https:\/\/infopba247.com.ar\/index.php\/2025\/09\/02\/moreno-fortalece-el-acompanamiento-a-personas-y-familias-atravesadas-por-el-consumo\/","og_site_name":"InfoPBA247","article_publisher":"https:\/\/www.facebook.com\/InfoPBA","article_published_time":"2025-09-02T17:49:21+00:00","article_modified_time":"2025-09-02T17:49:22+00:00","og_image":[{"width":2560,"height":1440,"url":"https:\/\/infopba247.com.ar\/wp-content\/uploads\/2025\/09\/espacios-de-Casa-Pueblo-2-scaled.jpg","type":"image\/jpeg"}],"author":"Editor","twitter_card":"summary_large_image","twitter_misc":{"Escrito por":"Editor","Tiempo de lectura":"2 minutos"},"schema":{"@context":"https:\/\/schema.org","@graph":[{"@type":"Article","@id":"https:\/\/infopba247.com.ar\/index.php\/2025\/09\/02\/moreno-fortalece-el-acompanamiento-a-personas-y-familias-atravesadas-por-el-consumo\/#article","isPartOf":{"@id":"https:\/\/infopba247.com.ar\/index.php\/2025\/09\/02\/moreno-fortalece-el-acompanamiento-a-personas-y-familias-atravesadas-por-el-consumo\/"},"author":{"name":"Editor","@id":"https:\/\/infopba247.com.ar\/#\/schema\/person\/4975f1343a413e57bf839b3eed0099f2"},"headline":"Moreno fortalece el acompa\u00f1amiento a personas y familias atravesadas por el consumo","datePublished":"2025-09-02T17:49:21+00:00","dateModified":"2025-09-02T17:49:22+00:00","mainEntityOfPage":{"@id":"https:\/\/infopba247.com.ar\/index.php\/2025\/09\/02\/moreno-fortalece-el-acompanamiento-a-personas-y-familias-atravesadas-por-el-consumo\/"},"wordCount":308,"commentCount":0,"publisher":{"@id":"https:\/\/infopba247.com.ar\/#organization"},"image":{"@id":"https:\/\/infopba247.com.ar\/index.php\/2025\/09\/02\/moreno-fortalece-el-acompanamiento-a-personas-y-familias-atravesadas-por-el-consumo\/#primaryimage"},"thumbnailUrl":"https:\/\/infopba247.com.ar\/wp-content\/uploads\/2025\/09\/espacios-de-Casa-Pueblo-2-scaled.jpg","articleSection":["1ra Secci\u00f3n","Destacadas","Pol\u00edtica"],"inLanguage":"es","potentialAction":[{"@type":"CommentAction","name":"Comment","target":["https:\/\/infopba247.com.ar\/index.php\/2025\/09\/02\/moreno-fortalece-el-acompanamiento-a-personas-y-familias-atravesadas-por-el-consumo\/#respond"]}]},{"@type":"WebPage","@id":"https:\/\/infopba247.com.ar\/index.php\/2025\/09\/02\/moreno-fortalece-el-acompanamiento-a-personas-y-familias-atravesadas-por-el-consumo\/","url":"https:\/\/infopba247.com.ar\/index.php\/2025\/09\/02\/moreno-fortalece-el-acompanamiento-a-personas-y-familias-atravesadas-por-el-consumo\/","name":"Moreno fortalece el acompa\u00f1amiento a personas y familias atravesadas por el consumo - InfoPBA247","isPartOf":{"@id":"https:\/\/infopba247.com.ar\/#website"},"primaryImageOfPage":{"@id":"https:\/\/infopba247.com.ar\/index.php\/2025\/09\/02\/moreno-fortalece-el-acompanamiento-a-personas-y-familias-atravesadas-por-el-consumo\/#primaryimage"},"image":{"@id":"https:\/\/infopba247.com.ar\/index.php\/2025\/09\/02\/moreno-fortalece-el-acompanamiento-a-personas-y-familias-atravesadas-por-el-consumo\/#primaryimage"},"thumbnailUrl":"https:\/\/infopba247.com.ar\/wp-content\/uploads\/2025\/09\/espacios-de-Casa-Pueblo-2-scaled.jpg","datePublished":"2025-09-02T17:49:21+00:00","dateModified":"2025-09-02T17:49:22+00:00","breadcrumb":{"@id":"https:\/\/infopba247.com.ar\/index.php\/2025\/09\/02\/moreno-fortalece-el-acompanamiento-a-personas-y-familias-atravesadas-por-el-consumo\/#breadcrumb"},"inLanguage":"es","potentialAction":[{"@type":"ReadAction","target":["https:\/\/infopba247.com.ar\/index.php\/2025\/09\/02\/moreno-fortalece-el-acompanamiento-a-personas-y-familias-atravesadas-por-el-consumo\/"]}]},{"@type":"ImageObject","inLanguage":"es","@id":"https:\/\/infopba247.com.ar\/index.php\/2025\/09\/02\/moreno-fortalece-el-acompanamiento-a-personas-y-familias-atravesadas-por-el-consumo\/#primaryimage","url":"https:\/\/infopba247.com.ar\/wp-content\/uploads\/2025\/09\/espacios-de-Casa-Pueblo-2-scaled.jpg","contentUrl":"https:\/\/infopba247.com.ar\/wp-content\/uploads\/2025\/09\/espacios-de-Casa-Pueblo-2-scaled.jpg","width":2560,"height":1440},{"@type":"BreadcrumbList","@id":"https:\/\/infopba247.com.ar\/index.php\/2025\/09\/02\/moreno-fortalece-el-acompanamiento-a-personas-y-familias-atravesadas-por-el-consumo\/#breadcrumb","itemListElement":[{"@type":"ListItem","position":1,"name":"Portada","item":"https:\/\/infopba247.com.ar\/"},{"@type":"ListItem","position":2,"name":"Moreno fortalece el acompa\u00f1amiento a personas y familias atravesadas por el consumo"}]},{"@type":"WebSite","@id":"https:\/\/infopba247.com.ar\/#website","url":"https:\/\/infopba247.com.ar\/","name":"InfoPBA247","description":"Toda la actualidad bonaerense","publisher":{"@id":"https:\/\/infopba247.com.ar\/#organization"},"potentialAction":[{"@type":"SearchAction","target":{"@type":"EntryPoint","urlTemplate":"https:\/\/infopba247.com.ar\/?s={search_term_string}"},"query-input":{"@type":"PropertyValueSpecification","valueRequired":true,"valueName":"search_term_string"}}],"inLanguage":"es"},{"@type":"Organization","@id":"https:\/\/infopba247.com.ar\/#organization","name":"InfoPBA247","url":"https:\/\/infopba247.com.ar\/","logo":{"@type":"ImageObject","inLanguage":"es","@id":"https:\/\/infopba247.com.ar\/#\/schema\/logo\/image\/","url":"https:\/\/infopba247.com.ar\/wp-content\/uploads\/2022\/03\/cropped-InfoPBA247-1.png","contentUrl":"https:\/\/infopba247.com.ar\/wp-content\/uploads\/2022\/03\/cropped-InfoPBA247-1.png","width":500,"height":122,"caption":"InfoPBA247"},"image":{"@id":"https:\/\/infopba247.com.ar\/#\/schema\/logo\/image\/"},"sameAs":["https:\/\/www.facebook.com\/InfoPBA"]},{"@type":"Person","@id":"https:\/\/infopba247.com.ar\/#\/schema\/person\/4975f1343a413e57bf839b3eed0099f2","name":"Editor","image":{"@type":"ImageObject","inLanguage":"es","@id":"https:\/\/secure.gravatar.com\/avatar\/d27fe9520667ca53441d36627a1d6b0fa4a813571ec4803687a7a3a7744685ac?s=96&d=mm&r=g","url":"https:\/\/secure.gravatar.com\/avatar\/d27fe9520667ca53441d36627a1d6b0fa4a813571ec4803687a7a3a7744685ac?s=96&d=mm&r=g","contentUrl":"https:\/\/secure.gravatar.com\/avatar\/d27fe9520667ca53441d36627a1d6b0fa4a813571ec4803687a7a3a7744685ac?s=96&d=mm&r=g","caption":"Editor"},"url":"https:\/\/infopba247.com.ar\/index.php\/author\/editor\/"}]}},"_links":{"self":[{"href":"https:\/\/infopba247.com.ar\/index.php\/wp-json\/wp\/v2\/posts\/7854","targetHints":{"allow":["GET"]}}],"collection":[{"href":"https:\/\/infopba247.com.ar\/index.php\/wp-json\/wp\/v2\/posts"}],"about":[{"href":"https:\/\/infopba247.com.ar\/index.php\/wp-json\/wp\/v2\/types\/post"}],"author":[{"embeddable":true,"href":"https:\/\/infopba247.com.ar\/index.php\/wp-json\/wp\/v2\/users\/3"}],"replies":[{"embeddable":true,"href":"https:\/\/infopba247.com.ar\/index.php\/wp-json\/wp\/v2\/comments?post=7854"}],"version-history":[{"count":1,"href":"https:\/\/infopba247.com.ar\/index.php\/wp-json\/wp\/v2\/posts\/7854\/revisions"}],"predecessor-version":[{"id":7855,"href":"https:\/\/infopba247.com.ar\/index.php\/wp-json\/wp\/v2\/posts\/7854\/revisions\/7855"}],"wp:featuredmedia":[{"embeddable":true,"href":"https:\/\/infopba247.com.ar\/index.php\/wp-json\/wp\/v2\/media\/7849"}],"wp:attachment":[{"href":"https:\/\/infopba247.com.ar\/index.php\/wp-json\/wp\/v2\/media?parent=7854"}],"wp:term":[{"taxonomy":"category","embeddable":true,"href":"https:\/\/infopba247.com.ar\/index.php\/wp-json\/wp\/v2\/categories?post=7854"},{"taxonomy":"post_tag","embeddable":true,"href":"https:\/\/infopba247.com.ar\/index.php\/wp-json\/wp\/v2\/tags?post=7854"}],"curies":[{"name":"wp","href":"https:\/\/api.w.org\/{rel}","templated":true}]}}