{"id":7695,"date":"2025-08-05T15:15:15","date_gmt":"2025-08-05T18:15:15","guid":{"rendered":"https:\/\/infopba247.com.ar\/?p=7695"},"modified":"2025-08-05T15:15:16","modified_gmt":"2025-08-05T18:15:16","slug":"alak-y-kicillof-inauguraron-la-obra-vial-en-la-avenida-31-de-hernandez","status":"publish","type":"post","link":"https:\/\/infopba247.com.ar\/index.php\/2025\/08\/05\/alak-y-kicillof-inauguraron-la-obra-vial-en-la-avenida-31-de-hernandez\/","title":{"rendered":"Alak y Kicillof inauguraron la obra vial en la Avenida 31 de Hern\u00e1ndez"},"content":{"rendered":"\n<p>La nueva pavimentaci\u00f3n optimizar\u00e1 el tr\u00e1nsito y la conectividad en la zona norte. La intervenci\u00f3n contempl\u00f3 demarcaci\u00f3n, paisajismo e iluminaci\u00f3n.<\/p>\n\n\n\n<p>El intendente de La Plata, Julio Alak, y el gobernador bonaerense, Axel Kicillof, inauguraron este lunes la renovaci\u00f3n de la calzada descendente de la avenida 31, en el sector comprendido entre las calles 514 y 520.<\/p>\n\n\n\n<p>La intervenci\u00f3n, enmarcada en el Plan de Obras P\u00fablicas y Mantenimiento Urbano impulsado por la Municipalidad, tuvo como objetivo modernizar la infraestructura urbana y mejorar la circulaci\u00f3n en una de las principales arterias de la capital bonaerense.<\/p>\n\n\n\n<p>\u201cEsta obra, que cont\u00f3 con el apoyo de la provincia, forma parte de un enorme plan de inversi\u00f3n en obra p\u00fablica barrial que es hist\u00f3rico para la ciudad de La Plata\u201d, asegur\u00f3 Alak, y valor\u00f3 que estas ejecuciones \u201cimpactan sobre la calidad de vida de los vecinos, ya que hay obras en cada localidad y barrio de la ciudad\u201d.<\/p>\n\n\n\n<p>En tanto, Kicillof expres\u00f3: \u201cEstas inauguraciones no son aisladas, son parte de una bater\u00eda de obras que llevamos adelante junto al municipio para modificar tanto el casco urbano como los barrios de La Plata: estamos reconstruyendo la capital de la Provincia de Buenos Aires\u201d.<\/p>\n\n\n\n<p>La obra incluy\u00f3 la construcci\u00f3n de una nueva calzada con cord\u00f3n cuneta, la conformaci\u00f3n de una rambla central y la instalaci\u00f3n de luminarias LED para optimizar la visibilidad y la seguridad vial. Adem\u00e1s, se realizaron tareas de paisajismo para embellecer el entorno y la correspondiente demarcaci\u00f3n horizontal para ordenar el tr\u00e1nsito.<\/p>\n\n\n\n<p>La inauguraci\u00f3n de este sector forma parte de una serie de intervenciones proyectadas en la localidad de Hern\u00e1ndez, que contemplan la construcci\u00f3n de 40 nuevas calles, 8 de ellas con cord\u00f3n cuneta, 11 con carpeta asf\u00e1ltica y 21 con mejorado.<\/p>\n\n\n\n<p>Tambi\u00e9n est\u00e1 prevista la instalaci\u00f3n de nueva iluminaci\u00f3n en 29 cuadras y la reparaci\u00f3n de 2.500 luminarias, reforzando as\u00ed el plan de recuperaci\u00f3n y mantenimiento del alumbrado p\u00fablico.<\/p>\n\n\n\n<p>Estuvieron presentes durante el acto la presidenta del Instituto Cultural de la Provincia de Buenos Aires, Florencia Saintout; la diputada nacional, Victoria Tolosa Paz; y la ministra de Mujeres, Pol\u00edticas de G\u00e9nero y Diversidad bonaerense, Estela D\u00edaz; entre otras autoridades.<\/p>\n","protected":false},"excerpt":{"rendered":"<p>La nueva pavimentaci\u00f3n optimizar\u00e1 el tr\u00e1nsito y la conectividad en la zona norte. La intervenci\u00f3n contempl\u00f3 demarcaci\u00f3n, paisajismo e iluminaci\u00f3n.<\/p>\n","protected":false},"author":3,"featured_media":7688,"comment_status":"open","ping_status":"open","sticky":false,"template":"","format":"standard","meta":{"colormag_page_container_layout":"default_layout","colormag_page_sidebar_layout":"default_layout","footnotes":""},"categories":[12,1,14],"tags":[],"class_list":["post-7695","post","type-post","status-publish","format-standard","has-post-thumbnail","hentry","category-8va-seccion","category-destacadas","category-politica"],"yoast_head":"<!-- This site is optimized with the Yoast SEO plugin v27.4 - https:\/\/yoast.com\/product\/yoast-seo-wordpress\/ -->\n<title>Alak y Kicillof inauguraron la obra vial en la Avenida 31 de Hern\u00e1ndez - InfoPBA247<\/title>\n<meta name=\"robots\" content=\"index, follow, max-snippet:-1, max-image-preview:large, max-video-preview:-1\" \/>\n<link rel=\"canonical\" href=\"https:\/\/infopba247.com.ar\/index.php\/2025\/08\/05\/alak-y-kicillof-inauguraron-la-obra-vial-en-la-avenida-31-de-hernandez\/\" \/>\n<meta property=\"og:locale\" content=\"es_ES\" \/>\n<meta property=\"og:type\" content=\"article\" \/>\n<meta property=\"og:title\" content=\"Alak y Kicillof inauguraron la obra vial en la Avenida 31 de Hern\u00e1ndez - InfoPBA247\" \/>\n<meta property=\"og:description\" content=\"La nueva pavimentaci\u00f3n optimizar\u00e1 el tr\u00e1nsito y la conectividad en la zona norte. La intervenci\u00f3n contempl\u00f3 demarcaci\u00f3n, paisajismo e iluminaci\u00f3n.\" \/>\n<meta property=\"og:url\" content=\"https:\/\/infopba247.com.ar\/index.php\/2025\/08\/05\/alak-y-kicillof-inauguraron-la-obra-vial-en-la-avenida-31-de-hernandez\/\" \/>\n<meta property=\"og:site_name\" content=\"InfoPBA247\" \/>\n<meta property=\"article:publisher\" content=\"https:\/\/www.facebook.com\/InfoPBA\" \/>\n<meta property=\"article:published_time\" content=\"2025-08-05T18:15:15+00:00\" \/>\n<meta property=\"article:modified_time\" content=\"2025-08-05T18:15:16+00:00\" \/>\n<meta property=\"og:image\" content=\"https:\/\/infopba247.com.ar\/wp-content\/uploads\/2025\/08\/unnamed-2025-08-05T144300.027.jpg\" \/>\n\t<meta property=\"og:image:width\" content=\"1280\" \/>\n\t<meta property=\"og:image:height\" content=\"720\" \/>\n\t<meta property=\"og:image:type\" content=\"image\/jpeg\" \/>\n<meta name=\"author\" content=\"Editor\" \/>\n<meta name=\"twitter:card\" content=\"summary_large_image\" \/>\n<meta name=\"twitter:label1\" content=\"Escrito por\" \/>\n\t<meta name=\"twitter:data1\" content=\"Editor\" \/>\n\t<meta name=\"twitter:label2\" content=\"Tiempo de lectura\" \/>\n\t<meta name=\"twitter:data2\" content=\"2 minutos\" \/>\n<script type=\"application\/ld+json\" class=\"yoast-schema-graph\">{\"@context\":\"https:\\\/\\\/schema.org\",\"@graph\":[{\"@type\":\"Article\",\"@id\":\"https:\\\/\\\/infopba247.com.ar\\\/index.php\\\/2025\\\/08\\\/05\\\/alak-y-kicillof-inauguraron-la-obra-vial-en-la-avenida-31-de-hernandez\\\/#article\",\"isPartOf\":{\"@id\":\"https:\\\/\\\/infopba247.com.ar\\\/index.php\\\/2025\\\/08\\\/05\\\/alak-y-kicillof-inauguraron-la-obra-vial-en-la-avenida-31-de-hernandez\\\/\"},\"author\":{\"name\":\"Editor\",\"@id\":\"https:\\\/\\\/infopba247.com.ar\\\/#\\\/schema\\\/person\\\/4975f1343a413e57bf839b3eed0099f2\"},\"headline\":\"Alak y Kicillof inauguraron la obra vial en la Avenida 31 de Hern\u00e1ndez\",\"datePublished\":\"2025-08-05T18:15:15+00:00\",\"dateModified\":\"2025-08-05T18:15:16+00:00\",\"mainEntityOfPage\":{\"@id\":\"https:\\\/\\\/infopba247.com.ar\\\/index.php\\\/2025\\\/08\\\/05\\\/alak-y-kicillof-inauguraron-la-obra-vial-en-la-avenida-31-de-hernandez\\\/\"},\"wordCount\":393,\"commentCount\":0,\"publisher\":{\"@id\":\"https:\\\/\\\/infopba247.com.ar\\\/#organization\"},\"image\":{\"@id\":\"https:\\\/\\\/infopba247.com.ar\\\/index.php\\\/2025\\\/08\\\/05\\\/alak-y-kicillof-inauguraron-la-obra-vial-en-la-avenida-31-de-hernandez\\\/#primaryimage\"},\"thumbnailUrl\":\"https:\\\/\\\/infopba247.com.ar\\\/wp-content\\\/uploads\\\/2025\\\/08\\\/unnamed-2025-08-05T144300.027.jpg\",\"articleSection\":[\"8va Secci\u00f3n\",\"Destacadas\",\"Pol\u00edtica\"],\"inLanguage\":\"es\",\"potentialAction\":[{\"@type\":\"CommentAction\",\"name\":\"Comment\",\"target\":[\"https:\\\/\\\/infopba247.com.ar\\\/index.php\\\/2025\\\/08\\\/05\\\/alak-y-kicillof-inauguraron-la-obra-vial-en-la-avenida-31-de-hernandez\\\/#respond\"]}]},{\"@type\":\"WebPage\",\"@id\":\"https:\\\/\\\/infopba247.com.ar\\\/index.php\\\/2025\\\/08\\\/05\\\/alak-y-kicillof-inauguraron-la-obra-vial-en-la-avenida-31-de-hernandez\\\/\",\"url\":\"https:\\\/\\\/infopba247.com.ar\\\/index.php\\\/2025\\\/08\\\/05\\\/alak-y-kicillof-inauguraron-la-obra-vial-en-la-avenida-31-de-hernandez\\\/\",\"name\":\"Alak y Kicillof inauguraron la obra vial en la Avenida 31 de Hern\u00e1ndez - InfoPBA247\",\"isPartOf\":{\"@id\":\"https:\\\/\\\/infopba247.com.ar\\\/#website\"},\"primaryImageOfPage\":{\"@id\":\"https:\\\/\\\/infopba247.com.ar\\\/index.php\\\/2025\\\/08\\\/05\\\/alak-y-kicillof-inauguraron-la-obra-vial-en-la-avenida-31-de-hernandez\\\/#primaryimage\"},\"image\":{\"@id\":\"https:\\\/\\\/infopba247.com.ar\\\/index.php\\\/2025\\\/08\\\/05\\\/alak-y-kicillof-inauguraron-la-obra-vial-en-la-avenida-31-de-hernandez\\\/#primaryimage\"},\"thumbnailUrl\":\"https:\\\/\\\/infopba247.com.ar\\\/wp-content\\\/uploads\\\/2025\\\/08\\\/unnamed-2025-08-05T144300.027.jpg\",\"datePublished\":\"2025-08-05T18:15:15+00:00\",\"dateModified\":\"2025-08-05T18:15:16+00:00\",\"breadcrumb\":{\"@id\":\"https:\\\/\\\/infopba247.com.ar\\\/index.php\\\/2025\\\/08\\\/05\\\/alak-y-kicillof-inauguraron-la-obra-vial-en-la-avenida-31-de-hernandez\\\/#breadcrumb\"},\"inLanguage\":\"es\",\"potentialAction\":[{\"@type\":\"ReadAction\",\"target\":[\"https:\\\/\\\/infopba247.com.ar\\\/index.php\\\/2025\\\/08\\\/05\\\/alak-y-kicillof-inauguraron-la-obra-vial-en-la-avenida-31-de-hernandez\\\/\"]}]},{\"@type\":\"ImageObject\",\"inLanguage\":\"es\",\"@id\":\"https:\\\/\\\/infopba247.com.ar\\\/index.php\\\/2025\\\/08\\\/05\\\/alak-y-kicillof-inauguraron-la-obra-vial-en-la-avenida-31-de-hernandez\\\/#primaryimage\",\"url\":\"https:\\\/\\\/infopba247.com.ar\\\/wp-content\\\/uploads\\\/2025\\\/08\\\/unnamed-2025-08-05T144300.027.jpg\",\"contentUrl\":\"https:\\\/\\\/infopba247.com.ar\\\/wp-content\\\/uploads\\\/2025\\\/08\\\/unnamed-2025-08-05T144300.027.jpg\",\"width\":1280,\"height\":720},{\"@type\":\"BreadcrumbList\",\"@id\":\"https:\\\/\\\/infopba247.com.ar\\\/index.php\\\/2025\\\/08\\\/05\\\/alak-y-kicillof-inauguraron-la-obra-vial-en-la-avenida-31-de-hernandez\\\/#breadcrumb\",\"itemListElement\":[{\"@type\":\"ListItem\",\"position\":1,\"name\":\"Portada\",\"item\":\"https:\\\/\\\/infopba247.com.ar\\\/\"},{\"@type\":\"ListItem\",\"position\":2,\"name\":\"Alak y Kicillof inauguraron la obra vial en la Avenida 31 de Hern\u00e1ndez\"}]},{\"@type\":\"WebSite\",\"@id\":\"https:\\\/\\\/infopba247.com.ar\\\/#website\",\"url\":\"https:\\\/\\\/infopba247.com.ar\\\/\",\"name\":\"InfoPBA247\",\"description\":\"Toda la actualidad bonaerense\",\"publisher\":{\"@id\":\"https:\\\/\\\/infopba247.com.ar\\\/#organization\"},\"potentialAction\":[{\"@type\":\"SearchAction\",\"target\":{\"@type\":\"EntryPoint\",\"urlTemplate\":\"https:\\\/\\\/infopba247.com.ar\\\/?s={search_term_string}\"},\"query-input\":{\"@type\":\"PropertyValueSpecification\",\"valueRequired\":true,\"valueName\":\"search_term_string\"}}],\"inLanguage\":\"es\"},{\"@type\":\"Organization\",\"@id\":\"https:\\\/\\\/infopba247.com.ar\\\/#organization\",\"name\":\"InfoPBA247\",\"url\":\"https:\\\/\\\/infopba247.com.ar\\\/\",\"logo\":{\"@type\":\"ImageObject\",\"inLanguage\":\"es\",\"@id\":\"https:\\\/\\\/infopba247.com.ar\\\/#\\\/schema\\\/logo\\\/image\\\/\",\"url\":\"https:\\\/\\\/infopba247.com.ar\\\/wp-content\\\/uploads\\\/2022\\\/03\\\/cropped-InfoPBA247-1.png\",\"contentUrl\":\"https:\\\/\\\/infopba247.com.ar\\\/wp-content\\\/uploads\\\/2022\\\/03\\\/cropped-InfoPBA247-1.png\",\"width\":500,\"height\":122,\"caption\":\"InfoPBA247\"},\"image\":{\"@id\":\"https:\\\/\\\/infopba247.com.ar\\\/#\\\/schema\\\/logo\\\/image\\\/\"},\"sameAs\":[\"https:\\\/\\\/www.facebook.com\\\/InfoPBA\"]},{\"@type\":\"Person\",\"@id\":\"https:\\\/\\\/infopba247.com.ar\\\/#\\\/schema\\\/person\\\/4975f1343a413e57bf839b3eed0099f2\",\"name\":\"Editor\",\"image\":{\"@type\":\"ImageObject\",\"inLanguage\":\"es\",\"@id\":\"https:\\\/\\\/secure.gravatar.com\\\/avatar\\\/d27fe9520667ca53441d36627a1d6b0fa4a813571ec4803687a7a3a7744685ac?s=96&d=mm&r=g\",\"url\":\"https:\\\/\\\/secure.gravatar.com\\\/avatar\\\/d27fe9520667ca53441d36627a1d6b0fa4a813571ec4803687a7a3a7744685ac?s=96&d=mm&r=g\",\"contentUrl\":\"https:\\\/\\\/secure.gravatar.com\\\/avatar\\\/d27fe9520667ca53441d36627a1d6b0fa4a813571ec4803687a7a3a7744685ac?s=96&d=mm&r=g\",\"caption\":\"Editor\"},\"url\":\"https:\\\/\\\/infopba247.com.ar\\\/index.php\\\/author\\\/editor\\\/\"}]}<\/script>\n<!-- \/ Yoast SEO plugin. -->","yoast_head_json":{"title":"Alak y Kicillof inauguraron la obra vial en la Avenida 31 de Hern\u00e1ndez - InfoPBA247","robots":{"index":"index","follow":"follow","max-snippet":"max-snippet:-1","max-image-preview":"max-image-preview:large","max-video-preview":"max-video-preview:-1"},"canonical":"https:\/\/infopba247.com.ar\/index.php\/2025\/08\/05\/alak-y-kicillof-inauguraron-la-obra-vial-en-la-avenida-31-de-hernandez\/","og_locale":"es_ES","og_type":"article","og_title":"Alak y Kicillof inauguraron la obra vial en la Avenida 31 de Hern\u00e1ndez - InfoPBA247","og_description":"La nueva pavimentaci\u00f3n optimizar\u00e1 el tr\u00e1nsito y la conectividad en la zona norte. La intervenci\u00f3n contempl\u00f3 demarcaci\u00f3n, paisajismo e iluminaci\u00f3n.","og_url":"https:\/\/infopba247.com.ar\/index.php\/2025\/08\/05\/alak-y-kicillof-inauguraron-la-obra-vial-en-la-avenida-31-de-hernandez\/","og_site_name":"InfoPBA247","article_publisher":"https:\/\/www.facebook.com\/InfoPBA","article_published_time":"2025-08-05T18:15:15+00:00","article_modified_time":"2025-08-05T18:15:16+00:00","og_image":[{"width":1280,"height":720,"url":"https:\/\/infopba247.com.ar\/wp-content\/uploads\/2025\/08\/unnamed-2025-08-05T144300.027.jpg","type":"image\/jpeg"}],"author":"Editor","twitter_card":"summary_large_image","twitter_misc":{"Escrito por":"Editor","Tiempo de lectura":"2 minutos"},"schema":{"@context":"https:\/\/schema.org","@graph":[{"@type":"Article","@id":"https:\/\/infopba247.com.ar\/index.php\/2025\/08\/05\/alak-y-kicillof-inauguraron-la-obra-vial-en-la-avenida-31-de-hernandez\/#article","isPartOf":{"@id":"https:\/\/infopba247.com.ar\/index.php\/2025\/08\/05\/alak-y-kicillof-inauguraron-la-obra-vial-en-la-avenida-31-de-hernandez\/"},"author":{"name":"Editor","@id":"https:\/\/infopba247.com.ar\/#\/schema\/person\/4975f1343a413e57bf839b3eed0099f2"},"headline":"Alak y Kicillof inauguraron la obra vial en la Avenida 31 de Hern\u00e1ndez","datePublished":"2025-08-05T18:15:15+00:00","dateModified":"2025-08-05T18:15:16+00:00","mainEntityOfPage":{"@id":"https:\/\/infopba247.com.ar\/index.php\/2025\/08\/05\/alak-y-kicillof-inauguraron-la-obra-vial-en-la-avenida-31-de-hernandez\/"},"wordCount":393,"commentCount":0,"publisher":{"@id":"https:\/\/infopba247.com.ar\/#organization"},"image":{"@id":"https:\/\/infopba247.com.ar\/index.php\/2025\/08\/05\/alak-y-kicillof-inauguraron-la-obra-vial-en-la-avenida-31-de-hernandez\/#primaryimage"},"thumbnailUrl":"https:\/\/infopba247.com.ar\/wp-content\/uploads\/2025\/08\/unnamed-2025-08-05T144300.027.jpg","articleSection":["8va Secci\u00f3n","Destacadas","Pol\u00edtica"],"inLanguage":"es","potentialAction":[{"@type":"CommentAction","name":"Comment","target":["https:\/\/infopba247.com.ar\/index.php\/2025\/08\/05\/alak-y-kicillof-inauguraron-la-obra-vial-en-la-avenida-31-de-hernandez\/#respond"]}]},{"@type":"WebPage","@id":"https:\/\/infopba247.com.ar\/index.php\/2025\/08\/05\/alak-y-kicillof-inauguraron-la-obra-vial-en-la-avenida-31-de-hernandez\/","url":"https:\/\/infopba247.com.ar\/index.php\/2025\/08\/05\/alak-y-kicillof-inauguraron-la-obra-vial-en-la-avenida-31-de-hernandez\/","name":"Alak y Kicillof inauguraron la obra vial en la Avenida 31 de Hern\u00e1ndez - InfoPBA247","isPartOf":{"@id":"https:\/\/infopba247.com.ar\/#website"},"primaryImageOfPage":{"@id":"https:\/\/infopba247.com.ar\/index.php\/2025\/08\/05\/alak-y-kicillof-inauguraron-la-obra-vial-en-la-avenida-31-de-hernandez\/#primaryimage"},"image":{"@id":"https:\/\/infopba247.com.ar\/index.php\/2025\/08\/05\/alak-y-kicillof-inauguraron-la-obra-vial-en-la-avenida-31-de-hernandez\/#primaryimage"},"thumbnailUrl":"https:\/\/infopba247.com.ar\/wp-content\/uploads\/2025\/08\/unnamed-2025-08-05T144300.027.jpg","datePublished":"2025-08-05T18:15:15+00:00","dateModified":"2025-08-05T18:15:16+00:00","breadcrumb":{"@id":"https:\/\/infopba247.com.ar\/index.php\/2025\/08\/05\/alak-y-kicillof-inauguraron-la-obra-vial-en-la-avenida-31-de-hernandez\/#breadcrumb"},"inLanguage":"es","potentialAction":[{"@type":"ReadAction","target":["https:\/\/infopba247.com.ar\/index.php\/2025\/08\/05\/alak-y-kicillof-inauguraron-la-obra-vial-en-la-avenida-31-de-hernandez\/"]}]},{"@type":"ImageObject","inLanguage":"es","@id":"https:\/\/infopba247.com.ar\/index.php\/2025\/08\/05\/alak-y-kicillof-inauguraron-la-obra-vial-en-la-avenida-31-de-hernandez\/#primaryimage","url":"https:\/\/infopba247.com.ar\/wp-content\/uploads\/2025\/08\/unnamed-2025-08-05T144300.027.jpg","contentUrl":"https:\/\/infopba247.com.ar\/wp-content\/uploads\/2025\/08\/unnamed-2025-08-05T144300.027.jpg","width":1280,"height":720},{"@type":"BreadcrumbList","@id":"https:\/\/infopba247.com.ar\/index.php\/2025\/08\/05\/alak-y-kicillof-inauguraron-la-obra-vial-en-la-avenida-31-de-hernandez\/#breadcrumb","itemListElement":[{"@type":"ListItem","position":1,"name":"Portada","item":"https:\/\/infopba247.com.ar\/"},{"@type":"ListItem","position":2,"name":"Alak y Kicillof inauguraron la obra vial en la Avenida 31 de Hern\u00e1ndez"}]},{"@type":"WebSite","@id":"https:\/\/infopba247.com.ar\/#website","url":"https:\/\/infopba247.com.ar\/","name":"InfoPBA247","description":"Toda la actualidad bonaerense","publisher":{"@id":"https:\/\/infopba247.com.ar\/#organization"},"potentialAction":[{"@type":"SearchAction","target":{"@type":"EntryPoint","urlTemplate":"https:\/\/infopba247.com.ar\/?s={search_term_string}"},"query-input":{"@type":"PropertyValueSpecification","valueRequired":true,"valueName":"search_term_string"}}],"inLanguage":"es"},{"@type":"Organization","@id":"https:\/\/infopba247.com.ar\/#organization","name":"InfoPBA247","url":"https:\/\/infopba247.com.ar\/","logo":{"@type":"ImageObject","inLanguage":"es","@id":"https:\/\/infopba247.com.ar\/#\/schema\/logo\/image\/","url":"https:\/\/infopba247.com.ar\/wp-content\/uploads\/2022\/03\/cropped-InfoPBA247-1.png","contentUrl":"https:\/\/infopba247.com.ar\/wp-content\/uploads\/2022\/03\/cropped-InfoPBA247-1.png","width":500,"height":122,"caption":"InfoPBA247"},"image":{"@id":"https:\/\/infopba247.com.ar\/#\/schema\/logo\/image\/"},"sameAs":["https:\/\/www.facebook.com\/InfoPBA"]},{"@type":"Person","@id":"https:\/\/infopba247.com.ar\/#\/schema\/person\/4975f1343a413e57bf839b3eed0099f2","name":"Editor","image":{"@type":"ImageObject","inLanguage":"es","@id":"https:\/\/secure.gravatar.com\/avatar\/d27fe9520667ca53441d36627a1d6b0fa4a813571ec4803687a7a3a7744685ac?s=96&d=mm&r=g","url":"https:\/\/secure.gravatar.com\/avatar\/d27fe9520667ca53441d36627a1d6b0fa4a813571ec4803687a7a3a7744685ac?s=96&d=mm&r=g","contentUrl":"https:\/\/secure.gravatar.com\/avatar\/d27fe9520667ca53441d36627a1d6b0fa4a813571ec4803687a7a3a7744685ac?s=96&d=mm&r=g","caption":"Editor"},"url":"https:\/\/infopba247.com.ar\/index.php\/author\/editor\/"}]}},"_links":{"self":[{"href":"https:\/\/infopba247.com.ar\/index.php\/wp-json\/wp\/v2\/posts\/7695","targetHints":{"allow":["GET"]}}],"collection":[{"href":"https:\/\/infopba247.com.ar\/index.php\/wp-json\/wp\/v2\/posts"}],"about":[{"href":"https:\/\/infopba247.com.ar\/index.php\/wp-json\/wp\/v2\/types\/post"}],"author":[{"embeddable":true,"href":"https:\/\/infopba247.com.ar\/index.php\/wp-json\/wp\/v2\/users\/3"}],"replies":[{"embeddable":true,"href":"https:\/\/infopba247.com.ar\/index.php\/wp-json\/wp\/v2\/comments?post=7695"}],"version-history":[{"count":1,"href":"https:\/\/infopba247.com.ar\/index.php\/wp-json\/wp\/v2\/posts\/7695\/revisions"}],"predecessor-version":[{"id":7696,"href":"https:\/\/infopba247.com.ar\/index.php\/wp-json\/wp\/v2\/posts\/7695\/revisions\/7696"}],"wp:featuredmedia":[{"embeddable":true,"href":"https:\/\/infopba247.com.ar\/index.php\/wp-json\/wp\/v2\/media\/7688"}],"wp:attachment":[{"href":"https:\/\/infopba247.com.ar\/index.php\/wp-json\/wp\/v2\/media?parent=7695"}],"wp:term":[{"taxonomy":"category","embeddable":true,"href":"https:\/\/infopba247.com.ar\/index.php\/wp-json\/wp\/v2\/categories?post=7695"},{"taxonomy":"post_tag","embeddable":true,"href":"https:\/\/infopba247.com.ar\/index.php\/wp-json\/wp\/v2\/tags?post=7695"}],"curies":[{"name":"wp","href":"https:\/\/api.w.org\/{rel}","templated":true}]}}