{"id":7685,"date":"2025-08-04T15:23:32","date_gmt":"2025-08-04T18:23:32","guid":{"rendered":"https:\/\/infopba247.com.ar\/?p=7685"},"modified":"2025-08-04T15:23:43","modified_gmt":"2025-08-04T18:23:43","slug":"otro-dia-mas-sin-sandra-y-ruben-a-7-anos-de-la-explosion-de-la-escuela-no-49","status":"publish","type":"post","link":"https:\/\/infopba247.com.ar\/index.php\/2025\/08\/04\/otro-dia-mas-sin-sandra-y-ruben-a-7-anos-de-la-explosion-de-la-escuela-no-49\/","title":{"rendered":"Otro d\u00eda m\u00e1s sin Sandra y Rub\u00e9n, a 7 a\u00f1os de la explosi\u00f3n de la Escuela N\u00ba 49"},"content":{"rendered":"\n<p>Este 2 de agosto se cumplieron 7 a\u00f1os de la explosi\u00f3n de la Escuela N\u00ba 49 \u201cNicol\u00e1s Avellaneda\u201d, que se llev\u00f3 la vida de la vicedirectora Sandra Calamano y el auxiliar de porter\u00eda, Rub\u00e9n Rodriguez. El suceso conmocion\u00f3 al pa\u00eds entero y, en particular, a la comunidad educativa, vecinas y vecinos de Moreno.<\/p>\n\n\n\n<p>Se cumplieron 7 a\u00f1os de aquella tr\u00e1gica ma\u00f1ana del 2 de agosto, donde Sandra Calamano y Rub\u00e9n Rodriguez perdieron la vida en la explosi\u00f3n de la Escuela N\u00b0 49 de Moreno. En estos a\u00f1os se logr\u00f3 un juicio que termin\u00f3 con cuatro condenados y un pedido a la justicia para que se sigan investigando las responsabilidades pol\u00edticas, cuya cabeza m\u00e1xima es Mar\u00eda Eugenia Vidal.<\/p>\n\n\n\n<p>Hace poco, la exgobernadora de la provincia de Buenos Aires, Mar\u00eda Eugenia Vidal, sostuvo en una entrevista que \u201cYo no me siento responsable de la muerte de Sandra y Rub\u00e9n\u201d, y entre risas, agreg\u00f3: \u201cA eso le dediqu\u00e9 un cap\u00edtulo de mi libro\u201d, banalizando una tragedia que se cobr\u00f3 la vida de dos trabajadores morenenses.<\/p>\n\n\n\n<p>Vidal olvid\u00f3 mencionar que tambi\u00e9n se ausent\u00f3 a la \u00faltima audiencia que se realiz\u00f3 en el juicio en septiembre de 2023, donde deb\u00eda declarar de forma virtual frente a los jueces del Tribunal Oral Criminal N\u00b04 de Mercedes, Patricia Viviana Guerrieri, Fabi\u00e1n Fernando Brahim y Claudia Esquivel, que investigaron las responsabilidades administrativas en las muertes de Sandra y Rub\u00e9n.<\/p>\n\n\n\n<p>Nuevamente, este 2 de agosto son\u00f3 fuerte la sirena del recuerdo en conmemoraci\u00f3n a lo sucedido, y las calles se poblar\u00e1n al grito de Justicia por Sandra y Rub\u00e9n.<\/p>\n","protected":false},"excerpt":{"rendered":"<p>Este 2 de agosto se cumplieron 7 a\u00f1os de la explosi\u00f3n de la Escuela N\u00ba 49 \u201cNicol\u00e1s Avellaneda\u201d, que se<\/p>\n","protected":false},"author":3,"featured_media":7672,"comment_status":"open","ping_status":"open","sticky":false,"template":"","format":"standard","meta":{"colormag_page_container_layout":"default_layout","colormag_page_sidebar_layout":"default_layout","footnotes":""},"categories":[5,1,14],"tags":[],"class_list":["post-7685","post","type-post","status-publish","format-standard","has-post-thumbnail","hentry","category-1ra-seccion","category-destacadas","category-politica"],"yoast_head":"<!-- This site is optimized with the Yoast SEO plugin v27.4 - https:\/\/yoast.com\/product\/yoast-seo-wordpress\/ -->\n<title>Otro d\u00eda m\u00e1s sin Sandra y Rub\u00e9n, a 7 a\u00f1os de la explosi\u00f3n de la Escuela N\u00ba 49 - InfoPBA247<\/title>\n<meta name=\"robots\" content=\"index, follow, max-snippet:-1, max-image-preview:large, max-video-preview:-1\" \/>\n<link rel=\"canonical\" href=\"https:\/\/infopba247.com.ar\/index.php\/2025\/08\/04\/otro-dia-mas-sin-sandra-y-ruben-a-7-anos-de-la-explosion-de-la-escuela-no-49\/\" \/>\n<meta property=\"og:locale\" content=\"es_ES\" \/>\n<meta property=\"og:type\" content=\"article\" \/>\n<meta property=\"og:title\" content=\"Otro d\u00eda m\u00e1s sin Sandra y Rub\u00e9n, a 7 a\u00f1os de la explosi\u00f3n de la Escuela N\u00ba 49 - InfoPBA247\" \/>\n<meta property=\"og:description\" content=\"Este 2 de agosto se cumplieron 7 a\u00f1os de la explosi\u00f3n de la Escuela N\u00ba 49 \u201cNicol\u00e1s Avellaneda\u201d, que se\" \/>\n<meta property=\"og:url\" content=\"https:\/\/infopba247.com.ar\/index.php\/2025\/08\/04\/otro-dia-mas-sin-sandra-y-ruben-a-7-anos-de-la-explosion-de-la-escuela-no-49\/\" \/>\n<meta property=\"og:site_name\" content=\"InfoPBA247\" \/>\n<meta property=\"article:publisher\" content=\"https:\/\/www.facebook.com\/InfoPBA\" \/>\n<meta property=\"article:published_time\" content=\"2025-08-04T18:23:32+00:00\" \/>\n<meta property=\"article:modified_time\" content=\"2025-08-04T18:23:43+00:00\" \/>\n<meta property=\"og:image\" content=\"https:\/\/infopba247.com.ar\/wp-content\/uploads\/2025\/08\/sandra-y-ruben-649x445-1.jpg\" \/>\n\t<meta property=\"og:image:width\" content=\"649\" \/>\n\t<meta property=\"og:image:height\" content=\"445\" \/>\n\t<meta property=\"og:image:type\" content=\"image\/jpeg\" \/>\n<meta name=\"author\" content=\"Editor\" \/>\n<meta name=\"twitter:card\" content=\"summary_large_image\" \/>\n<meta name=\"twitter:label1\" content=\"Escrito por\" \/>\n\t<meta name=\"twitter:data1\" content=\"Editor\" \/>\n\t<meta name=\"twitter:label2\" content=\"Tiempo de lectura\" \/>\n\t<meta name=\"twitter:data2\" content=\"2 minutos\" \/>\n<script type=\"application\/ld+json\" class=\"yoast-schema-graph\">{\"@context\":\"https:\\\/\\\/schema.org\",\"@graph\":[{\"@type\":\"Article\",\"@id\":\"https:\\\/\\\/infopba247.com.ar\\\/index.php\\\/2025\\\/08\\\/04\\\/otro-dia-mas-sin-sandra-y-ruben-a-7-anos-de-la-explosion-de-la-escuela-no-49\\\/#article\",\"isPartOf\":{\"@id\":\"https:\\\/\\\/infopba247.com.ar\\\/index.php\\\/2025\\\/08\\\/04\\\/otro-dia-mas-sin-sandra-y-ruben-a-7-anos-de-la-explosion-de-la-escuela-no-49\\\/\"},\"author\":{\"name\":\"Editor\",\"@id\":\"https:\\\/\\\/infopba247.com.ar\\\/#\\\/schema\\\/person\\\/4975f1343a413e57bf839b3eed0099f2\"},\"headline\":\"Otro d\u00eda m\u00e1s sin Sandra y Rub\u00e9n, a 7 a\u00f1os de la explosi\u00f3n de la Escuela N\u00ba 49\",\"datePublished\":\"2025-08-04T18:23:32+00:00\",\"dateModified\":\"2025-08-04T18:23:43+00:00\",\"mainEntityOfPage\":{\"@id\":\"https:\\\/\\\/infopba247.com.ar\\\/index.php\\\/2025\\\/08\\\/04\\\/otro-dia-mas-sin-sandra-y-ruben-a-7-anos-de-la-explosion-de-la-escuela-no-49\\\/\"},\"wordCount\":298,\"commentCount\":0,\"publisher\":{\"@id\":\"https:\\\/\\\/infopba247.com.ar\\\/#organization\"},\"image\":{\"@id\":\"https:\\\/\\\/infopba247.com.ar\\\/index.php\\\/2025\\\/08\\\/04\\\/otro-dia-mas-sin-sandra-y-ruben-a-7-anos-de-la-explosion-de-la-escuela-no-49\\\/#primaryimage\"},\"thumbnailUrl\":\"https:\\\/\\\/infopba247.com.ar\\\/wp-content\\\/uploads\\\/2025\\\/08\\\/sandra-y-ruben-649x445-1.jpg\",\"articleSection\":[\"1ra Secci\u00f3n\",\"Destacadas\",\"Pol\u00edtica\"],\"inLanguage\":\"es\",\"potentialAction\":[{\"@type\":\"CommentAction\",\"name\":\"Comment\",\"target\":[\"https:\\\/\\\/infopba247.com.ar\\\/index.php\\\/2025\\\/08\\\/04\\\/otro-dia-mas-sin-sandra-y-ruben-a-7-anos-de-la-explosion-de-la-escuela-no-49\\\/#respond\"]}]},{\"@type\":\"WebPage\",\"@id\":\"https:\\\/\\\/infopba247.com.ar\\\/index.php\\\/2025\\\/08\\\/04\\\/otro-dia-mas-sin-sandra-y-ruben-a-7-anos-de-la-explosion-de-la-escuela-no-49\\\/\",\"url\":\"https:\\\/\\\/infopba247.com.ar\\\/index.php\\\/2025\\\/08\\\/04\\\/otro-dia-mas-sin-sandra-y-ruben-a-7-anos-de-la-explosion-de-la-escuela-no-49\\\/\",\"name\":\"Otro d\u00eda m\u00e1s sin Sandra y Rub\u00e9n, a 7 a\u00f1os de la explosi\u00f3n de la Escuela N\u00ba 49 - InfoPBA247\",\"isPartOf\":{\"@id\":\"https:\\\/\\\/infopba247.com.ar\\\/#website\"},\"primaryImageOfPage\":{\"@id\":\"https:\\\/\\\/infopba247.com.ar\\\/index.php\\\/2025\\\/08\\\/04\\\/otro-dia-mas-sin-sandra-y-ruben-a-7-anos-de-la-explosion-de-la-escuela-no-49\\\/#primaryimage\"},\"image\":{\"@id\":\"https:\\\/\\\/infopba247.com.ar\\\/index.php\\\/2025\\\/08\\\/04\\\/otro-dia-mas-sin-sandra-y-ruben-a-7-anos-de-la-explosion-de-la-escuela-no-49\\\/#primaryimage\"},\"thumbnailUrl\":\"https:\\\/\\\/infopba247.com.ar\\\/wp-content\\\/uploads\\\/2025\\\/08\\\/sandra-y-ruben-649x445-1.jpg\",\"datePublished\":\"2025-08-04T18:23:32+00:00\",\"dateModified\":\"2025-08-04T18:23:43+00:00\",\"breadcrumb\":{\"@id\":\"https:\\\/\\\/infopba247.com.ar\\\/index.php\\\/2025\\\/08\\\/04\\\/otro-dia-mas-sin-sandra-y-ruben-a-7-anos-de-la-explosion-de-la-escuela-no-49\\\/#breadcrumb\"},\"inLanguage\":\"es\",\"potentialAction\":[{\"@type\":\"ReadAction\",\"target\":[\"https:\\\/\\\/infopba247.com.ar\\\/index.php\\\/2025\\\/08\\\/04\\\/otro-dia-mas-sin-sandra-y-ruben-a-7-anos-de-la-explosion-de-la-escuela-no-49\\\/\"]}]},{\"@type\":\"ImageObject\",\"inLanguage\":\"es\",\"@id\":\"https:\\\/\\\/infopba247.com.ar\\\/index.php\\\/2025\\\/08\\\/04\\\/otro-dia-mas-sin-sandra-y-ruben-a-7-anos-de-la-explosion-de-la-escuela-no-49\\\/#primaryimage\",\"url\":\"https:\\\/\\\/infopba247.com.ar\\\/wp-content\\\/uploads\\\/2025\\\/08\\\/sandra-y-ruben-649x445-1.jpg\",\"contentUrl\":\"https:\\\/\\\/infopba247.com.ar\\\/wp-content\\\/uploads\\\/2025\\\/08\\\/sandra-y-ruben-649x445-1.jpg\",\"width\":649,\"height\":445},{\"@type\":\"BreadcrumbList\",\"@id\":\"https:\\\/\\\/infopba247.com.ar\\\/index.php\\\/2025\\\/08\\\/04\\\/otro-dia-mas-sin-sandra-y-ruben-a-7-anos-de-la-explosion-de-la-escuela-no-49\\\/#breadcrumb\",\"itemListElement\":[{\"@type\":\"ListItem\",\"position\":1,\"name\":\"Portada\",\"item\":\"https:\\\/\\\/infopba247.com.ar\\\/\"},{\"@type\":\"ListItem\",\"position\":2,\"name\":\"Otro d\u00eda m\u00e1s sin Sandra y Rub\u00e9n, a 7 a\u00f1os de la explosi\u00f3n de la Escuela N\u00ba 49\"}]},{\"@type\":\"WebSite\",\"@id\":\"https:\\\/\\\/infopba247.com.ar\\\/#website\",\"url\":\"https:\\\/\\\/infopba247.com.ar\\\/\",\"name\":\"InfoPBA247\",\"description\":\"Toda la actualidad bonaerense\",\"publisher\":{\"@id\":\"https:\\\/\\\/infopba247.com.ar\\\/#organization\"},\"potentialAction\":[{\"@type\":\"SearchAction\",\"target\":{\"@type\":\"EntryPoint\",\"urlTemplate\":\"https:\\\/\\\/infopba247.com.ar\\\/?s={search_term_string}\"},\"query-input\":{\"@type\":\"PropertyValueSpecification\",\"valueRequired\":true,\"valueName\":\"search_term_string\"}}],\"inLanguage\":\"es\"},{\"@type\":\"Organization\",\"@id\":\"https:\\\/\\\/infopba247.com.ar\\\/#organization\",\"name\":\"InfoPBA247\",\"url\":\"https:\\\/\\\/infopba247.com.ar\\\/\",\"logo\":{\"@type\":\"ImageObject\",\"inLanguage\":\"es\",\"@id\":\"https:\\\/\\\/infopba247.com.ar\\\/#\\\/schema\\\/logo\\\/image\\\/\",\"url\":\"https:\\\/\\\/infopba247.com.ar\\\/wp-content\\\/uploads\\\/2022\\\/03\\\/cropped-InfoPBA247-1.png\",\"contentUrl\":\"https:\\\/\\\/infopba247.com.ar\\\/wp-content\\\/uploads\\\/2022\\\/03\\\/cropped-InfoPBA247-1.png\",\"width\":500,\"height\":122,\"caption\":\"InfoPBA247\"},\"image\":{\"@id\":\"https:\\\/\\\/infopba247.com.ar\\\/#\\\/schema\\\/logo\\\/image\\\/\"},\"sameAs\":[\"https:\\\/\\\/www.facebook.com\\\/InfoPBA\"]},{\"@type\":\"Person\",\"@id\":\"https:\\\/\\\/infopba247.com.ar\\\/#\\\/schema\\\/person\\\/4975f1343a413e57bf839b3eed0099f2\",\"name\":\"Editor\",\"image\":{\"@type\":\"ImageObject\",\"inLanguage\":\"es\",\"@id\":\"https:\\\/\\\/secure.gravatar.com\\\/avatar\\\/d27fe9520667ca53441d36627a1d6b0fa4a813571ec4803687a7a3a7744685ac?s=96&d=mm&r=g\",\"url\":\"https:\\\/\\\/secure.gravatar.com\\\/avatar\\\/d27fe9520667ca53441d36627a1d6b0fa4a813571ec4803687a7a3a7744685ac?s=96&d=mm&r=g\",\"contentUrl\":\"https:\\\/\\\/secure.gravatar.com\\\/avatar\\\/d27fe9520667ca53441d36627a1d6b0fa4a813571ec4803687a7a3a7744685ac?s=96&d=mm&r=g\",\"caption\":\"Editor\"},\"url\":\"https:\\\/\\\/infopba247.com.ar\\\/index.php\\\/author\\\/editor\\\/\"}]}<\/script>\n<!-- \/ Yoast SEO plugin. -->","yoast_head_json":{"title":"Otro d\u00eda m\u00e1s sin Sandra y Rub\u00e9n, a 7 a\u00f1os de la explosi\u00f3n de la Escuela N\u00ba 49 - InfoPBA247","robots":{"index":"index","follow":"follow","max-snippet":"max-snippet:-1","max-image-preview":"max-image-preview:large","max-video-preview":"max-video-preview:-1"},"canonical":"https:\/\/infopba247.com.ar\/index.php\/2025\/08\/04\/otro-dia-mas-sin-sandra-y-ruben-a-7-anos-de-la-explosion-de-la-escuela-no-49\/","og_locale":"es_ES","og_type":"article","og_title":"Otro d\u00eda m\u00e1s sin Sandra y Rub\u00e9n, a 7 a\u00f1os de la explosi\u00f3n de la Escuela N\u00ba 49 - InfoPBA247","og_description":"Este 2 de agosto se cumplieron 7 a\u00f1os de la explosi\u00f3n de la Escuela N\u00ba 49 \u201cNicol\u00e1s Avellaneda\u201d, que se","og_url":"https:\/\/infopba247.com.ar\/index.php\/2025\/08\/04\/otro-dia-mas-sin-sandra-y-ruben-a-7-anos-de-la-explosion-de-la-escuela-no-49\/","og_site_name":"InfoPBA247","article_publisher":"https:\/\/www.facebook.com\/InfoPBA","article_published_time":"2025-08-04T18:23:32+00:00","article_modified_time":"2025-08-04T18:23:43+00:00","og_image":[{"width":649,"height":445,"url":"https:\/\/infopba247.com.ar\/wp-content\/uploads\/2025\/08\/sandra-y-ruben-649x445-1.jpg","type":"image\/jpeg"}],"author":"Editor","twitter_card":"summary_large_image","twitter_misc":{"Escrito por":"Editor","Tiempo de lectura":"2 minutos"},"schema":{"@context":"https:\/\/schema.org","@graph":[{"@type":"Article","@id":"https:\/\/infopba247.com.ar\/index.php\/2025\/08\/04\/otro-dia-mas-sin-sandra-y-ruben-a-7-anos-de-la-explosion-de-la-escuela-no-49\/#article","isPartOf":{"@id":"https:\/\/infopba247.com.ar\/index.php\/2025\/08\/04\/otro-dia-mas-sin-sandra-y-ruben-a-7-anos-de-la-explosion-de-la-escuela-no-49\/"},"author":{"name":"Editor","@id":"https:\/\/infopba247.com.ar\/#\/schema\/person\/4975f1343a413e57bf839b3eed0099f2"},"headline":"Otro d\u00eda m\u00e1s sin Sandra y Rub\u00e9n, a 7 a\u00f1os de la explosi\u00f3n de la Escuela N\u00ba 49","datePublished":"2025-08-04T18:23:32+00:00","dateModified":"2025-08-04T18:23:43+00:00","mainEntityOfPage":{"@id":"https:\/\/infopba247.com.ar\/index.php\/2025\/08\/04\/otro-dia-mas-sin-sandra-y-ruben-a-7-anos-de-la-explosion-de-la-escuela-no-49\/"},"wordCount":298,"commentCount":0,"publisher":{"@id":"https:\/\/infopba247.com.ar\/#organization"},"image":{"@id":"https:\/\/infopba247.com.ar\/index.php\/2025\/08\/04\/otro-dia-mas-sin-sandra-y-ruben-a-7-anos-de-la-explosion-de-la-escuela-no-49\/#primaryimage"},"thumbnailUrl":"https:\/\/infopba247.com.ar\/wp-content\/uploads\/2025\/08\/sandra-y-ruben-649x445-1.jpg","articleSection":["1ra Secci\u00f3n","Destacadas","Pol\u00edtica"],"inLanguage":"es","potentialAction":[{"@type":"CommentAction","name":"Comment","target":["https:\/\/infopba247.com.ar\/index.php\/2025\/08\/04\/otro-dia-mas-sin-sandra-y-ruben-a-7-anos-de-la-explosion-de-la-escuela-no-49\/#respond"]}]},{"@type":"WebPage","@id":"https:\/\/infopba247.com.ar\/index.php\/2025\/08\/04\/otro-dia-mas-sin-sandra-y-ruben-a-7-anos-de-la-explosion-de-la-escuela-no-49\/","url":"https:\/\/infopba247.com.ar\/index.php\/2025\/08\/04\/otro-dia-mas-sin-sandra-y-ruben-a-7-anos-de-la-explosion-de-la-escuela-no-49\/","name":"Otro d\u00eda m\u00e1s sin Sandra y Rub\u00e9n, a 7 a\u00f1os de la explosi\u00f3n de la Escuela N\u00ba 49 - InfoPBA247","isPartOf":{"@id":"https:\/\/infopba247.com.ar\/#website"},"primaryImageOfPage":{"@id":"https:\/\/infopba247.com.ar\/index.php\/2025\/08\/04\/otro-dia-mas-sin-sandra-y-ruben-a-7-anos-de-la-explosion-de-la-escuela-no-49\/#primaryimage"},"image":{"@id":"https:\/\/infopba247.com.ar\/index.php\/2025\/08\/04\/otro-dia-mas-sin-sandra-y-ruben-a-7-anos-de-la-explosion-de-la-escuela-no-49\/#primaryimage"},"thumbnailUrl":"https:\/\/infopba247.com.ar\/wp-content\/uploads\/2025\/08\/sandra-y-ruben-649x445-1.jpg","datePublished":"2025-08-04T18:23:32+00:00","dateModified":"2025-08-04T18:23:43+00:00","breadcrumb":{"@id":"https:\/\/infopba247.com.ar\/index.php\/2025\/08\/04\/otro-dia-mas-sin-sandra-y-ruben-a-7-anos-de-la-explosion-de-la-escuela-no-49\/#breadcrumb"},"inLanguage":"es","potentialAction":[{"@type":"ReadAction","target":["https:\/\/infopba247.com.ar\/index.php\/2025\/08\/04\/otro-dia-mas-sin-sandra-y-ruben-a-7-anos-de-la-explosion-de-la-escuela-no-49\/"]}]},{"@type":"ImageObject","inLanguage":"es","@id":"https:\/\/infopba247.com.ar\/index.php\/2025\/08\/04\/otro-dia-mas-sin-sandra-y-ruben-a-7-anos-de-la-explosion-de-la-escuela-no-49\/#primaryimage","url":"https:\/\/infopba247.com.ar\/wp-content\/uploads\/2025\/08\/sandra-y-ruben-649x445-1.jpg","contentUrl":"https:\/\/infopba247.com.ar\/wp-content\/uploads\/2025\/08\/sandra-y-ruben-649x445-1.jpg","width":649,"height":445},{"@type":"BreadcrumbList","@id":"https:\/\/infopba247.com.ar\/index.php\/2025\/08\/04\/otro-dia-mas-sin-sandra-y-ruben-a-7-anos-de-la-explosion-de-la-escuela-no-49\/#breadcrumb","itemListElement":[{"@type":"ListItem","position":1,"name":"Portada","item":"https:\/\/infopba247.com.ar\/"},{"@type":"ListItem","position":2,"name":"Otro d\u00eda m\u00e1s sin Sandra y Rub\u00e9n, a 7 a\u00f1os de la explosi\u00f3n de la Escuela N\u00ba 49"}]},{"@type":"WebSite","@id":"https:\/\/infopba247.com.ar\/#website","url":"https:\/\/infopba247.com.ar\/","name":"InfoPBA247","description":"Toda la actualidad bonaerense","publisher":{"@id":"https:\/\/infopba247.com.ar\/#organization"},"potentialAction":[{"@type":"SearchAction","target":{"@type":"EntryPoint","urlTemplate":"https:\/\/infopba247.com.ar\/?s={search_term_string}"},"query-input":{"@type":"PropertyValueSpecification","valueRequired":true,"valueName":"search_term_string"}}],"inLanguage":"es"},{"@type":"Organization","@id":"https:\/\/infopba247.com.ar\/#organization","name":"InfoPBA247","url":"https:\/\/infopba247.com.ar\/","logo":{"@type":"ImageObject","inLanguage":"es","@id":"https:\/\/infopba247.com.ar\/#\/schema\/logo\/image\/","url":"https:\/\/infopba247.com.ar\/wp-content\/uploads\/2022\/03\/cropped-InfoPBA247-1.png","contentUrl":"https:\/\/infopba247.com.ar\/wp-content\/uploads\/2022\/03\/cropped-InfoPBA247-1.png","width":500,"height":122,"caption":"InfoPBA247"},"image":{"@id":"https:\/\/infopba247.com.ar\/#\/schema\/logo\/image\/"},"sameAs":["https:\/\/www.facebook.com\/InfoPBA"]},{"@type":"Person","@id":"https:\/\/infopba247.com.ar\/#\/schema\/person\/4975f1343a413e57bf839b3eed0099f2","name":"Editor","image":{"@type":"ImageObject","inLanguage":"es","@id":"https:\/\/secure.gravatar.com\/avatar\/d27fe9520667ca53441d36627a1d6b0fa4a813571ec4803687a7a3a7744685ac?s=96&d=mm&r=g","url":"https:\/\/secure.gravatar.com\/avatar\/d27fe9520667ca53441d36627a1d6b0fa4a813571ec4803687a7a3a7744685ac?s=96&d=mm&r=g","contentUrl":"https:\/\/secure.gravatar.com\/avatar\/d27fe9520667ca53441d36627a1d6b0fa4a813571ec4803687a7a3a7744685ac?s=96&d=mm&r=g","caption":"Editor"},"url":"https:\/\/infopba247.com.ar\/index.php\/author\/editor\/"}]}},"_links":{"self":[{"href":"https:\/\/infopba247.com.ar\/index.php\/wp-json\/wp\/v2\/posts\/7685","targetHints":{"allow":["GET"]}}],"collection":[{"href":"https:\/\/infopba247.com.ar\/index.php\/wp-json\/wp\/v2\/posts"}],"about":[{"href":"https:\/\/infopba247.com.ar\/index.php\/wp-json\/wp\/v2\/types\/post"}],"author":[{"embeddable":true,"href":"https:\/\/infopba247.com.ar\/index.php\/wp-json\/wp\/v2\/users\/3"}],"replies":[{"embeddable":true,"href":"https:\/\/infopba247.com.ar\/index.php\/wp-json\/wp\/v2\/comments?post=7685"}],"version-history":[{"count":1,"href":"https:\/\/infopba247.com.ar\/index.php\/wp-json\/wp\/v2\/posts\/7685\/revisions"}],"predecessor-version":[{"id":7686,"href":"https:\/\/infopba247.com.ar\/index.php\/wp-json\/wp\/v2\/posts\/7685\/revisions\/7686"}],"wp:featuredmedia":[{"embeddable":true,"href":"https:\/\/infopba247.com.ar\/index.php\/wp-json\/wp\/v2\/media\/7672"}],"wp:attachment":[{"href":"https:\/\/infopba247.com.ar\/index.php\/wp-json\/wp\/v2\/media?parent=7685"}],"wp:term":[{"taxonomy":"category","embeddable":true,"href":"https:\/\/infopba247.com.ar\/index.php\/wp-json\/wp\/v2\/categories?post=7685"},{"taxonomy":"post_tag","embeddable":true,"href":"https:\/\/infopba247.com.ar\/index.php\/wp-json\/wp\/v2\/tags?post=7685"}],"curies":[{"name":"wp","href":"https:\/\/api.w.org\/{rel}","templated":true}]}}