{"id":7655,"date":"2025-07-31T14:54:52","date_gmt":"2025-07-31T17:54:52","guid":{"rendered":"https:\/\/infopba247.com.ar\/?p=7655"},"modified":"2025-07-31T14:54:53","modified_gmt":"2025-07-31T17:54:53","slug":"kicillof-inauguro-en-pilar-una-nueva-base-de-la-fuerza-barrial","status":"publish","type":"post","link":"https:\/\/infopba247.com.ar\/index.php\/2025\/07\/31\/kicillof-inauguro-en-pilar-una-nueva-base-de-la-fuerza-barrial\/","title":{"rendered":"Kicillof inaugur\u00f3 en Pilar una nueva base de la Fuerza Barrial"},"content":{"rendered":"\n<p>El gobernador Axel Kicillof encabez\u00f3 en Pilar la entrega de m\u00f3viles y la puesta en marcha de una nueva sede operativa de la Fuerza Barrial de Aproximaci\u00f3n. Adem\u00e1s cuestion\u00f3 el desfinanciamiento del gobierno nacional y llam\u00f3 a defender los recursos provinciales en las pr\u00f3ximas elecciones.<\/p>\n\n\n\n<p>Con la entrega de 20 patrulleros, 20 motos y un fuerte discurso contra el ajuste nacional, el gobernador Axel Kicillof inaugur\u00f3 este mi\u00e9rcoles en Pilar una nueva base operativa de la Fuerza Barrial de Aproximaci\u00f3n (FBA). Estuvo acompa\u00f1ado por el ministro de Seguridad bonaerense, Javier Alonso, y el intendente local, Federico Ach\u00e1val.<\/p>\n\n\n\n<p>Desde el flamante edificio que ya aloja a m\u00e1s de 150 efectivos desplegados en el distrito, Kicillof advirti\u00f3: \u201cPodemos discutir sobre teor\u00edas e ideolog\u00edas, pero a las y los bonaerenses se los cuida con inversi\u00f3n y con un Estado presente en todos los barrios de la provincia\u201d. Y denunci\u00f3 que la \u201cmotosierra\u201d del Gobierno nacional le quit\u00f3 a la Provincia un fondo de $750 mil millones destinado a seguridad.<\/p>\n\n\n\n<p>\u201cNo nos quedamos de brazos cruzados: estamos inaugurando una nueva base policial en Pilar y alcanzando ya la entrega de 7.300 veh\u00edculos cero kil\u00f3metro\u201d, remarc\u00f3. En ese marco, llam\u00f3 a defender los logros alcanzados: \u201cNo es campa\u00f1a del miedo: si Milei se queda con un cheque en blanco va a profundizar el ajuste contra los bonaerenses\u201d.<\/p>\n\n\n\n<p>La nueva infraestructura de la FBA busca fortalecer la proximidad entre agentes y comunidad, uno de los pilares del plan de seguridad provincial. Adem\u00e1s, durante la jornada se entreg\u00f3 un cami\u00f3n de caja abierta para la gesti\u00f3n de residuos y equipamiento para cooperativas de reciclado, en una muestra de articulaci\u00f3n entre pol\u00edticas sociales y de seguridad.<\/p>\n\n\n\n<p>Por su parte, el ministro Alonso subray\u00f3 que \u201cnada de esto se podr\u00eda sostener sin la enorme inversi\u00f3n que lleva adelante la Provincia, en un contexto donde el Gobierno nacional deserta de sus responsabilidades\u201d. A su turno, Ach\u00e1val se\u00f1al\u00f3 que \u201cm\u00e1s all\u00e1 de las palabras, los hechos respaldan el trabajo conjunto con la Provincia\u201d y que \u201cel bienestar de nuestra gente es nuestra prioridad\u201d.<\/p>\n\n\n\n<p>Finalmente, Kicillof cerr\u00f3 con un mensaje directo de cara a los comicios del 7 de septiembre: \u201cLo que tenemos que decidir es a d\u00f3nde queremos que se destinen los recursos: si a la timba financiera o a nuevos patrulleros, escuelas y hospitales\u201d.<\/p>\n","protected":false},"excerpt":{"rendered":"<p>El gobernador Axel Kicillof encabez\u00f3 en Pilar la entrega de m\u00f3viles y la puesta en marcha de una nueva sede<\/p>\n","protected":false},"author":3,"featured_media":7658,"comment_status":"open","ping_status":"open","sticky":false,"template":"","format":"standard","meta":{"colormag_page_container_layout":"default_layout","colormag_page_sidebar_layout":"default_layout","footnotes":""},"categories":[1,14],"tags":[],"class_list":["post-7655","post","type-post","status-publish","format-standard","has-post-thumbnail","hentry","category-destacadas","category-politica"],"yoast_head":"<!-- This site is optimized with the Yoast SEO plugin v27.4 - https:\/\/yoast.com\/product\/yoast-seo-wordpress\/ -->\n<title>Kicillof inaugur\u00f3 en Pilar una nueva base de la Fuerza Barrial - InfoPBA247<\/title>\n<meta name=\"robots\" content=\"index, follow, max-snippet:-1, max-image-preview:large, max-video-preview:-1\" \/>\n<link rel=\"canonical\" href=\"https:\/\/infopba247.com.ar\/index.php\/2025\/07\/31\/kicillof-inauguro-en-pilar-una-nueva-base-de-la-fuerza-barrial\/\" \/>\n<meta property=\"og:locale\" content=\"es_ES\" \/>\n<meta property=\"og:type\" content=\"article\" \/>\n<meta property=\"og:title\" content=\"Kicillof inaugur\u00f3 en Pilar una nueva base de la Fuerza Barrial - InfoPBA247\" \/>\n<meta property=\"og:description\" content=\"El gobernador Axel Kicillof encabez\u00f3 en Pilar la entrega de m\u00f3viles y la puesta en marcha de una nueva sede\" \/>\n<meta property=\"og:url\" content=\"https:\/\/infopba247.com.ar\/index.php\/2025\/07\/31\/kicillof-inauguro-en-pilar-una-nueva-base-de-la-fuerza-barrial\/\" \/>\n<meta property=\"og:site_name\" content=\"InfoPBA247\" \/>\n<meta property=\"article:publisher\" content=\"https:\/\/www.facebook.com\/InfoPBA\" \/>\n<meta property=\"article:published_time\" content=\"2025-07-31T17:54:52+00:00\" \/>\n<meta property=\"article:modified_time\" content=\"2025-07-31T17:54:53+00:00\" \/>\n<meta property=\"og:image\" content=\"https:\/\/infopba247.com.ar\/wp-content\/uploads\/2025\/07\/GxHqI_vWAAA09VP-scaled.jpg\" \/>\n\t<meta property=\"og:image:width\" content=\"2560\" \/>\n\t<meta property=\"og:image:height\" content=\"1707\" \/>\n\t<meta property=\"og:image:type\" content=\"image\/jpeg\" \/>\n<meta name=\"author\" content=\"Editor\" \/>\n<meta name=\"twitter:card\" content=\"summary_large_image\" \/>\n<meta name=\"twitter:label1\" content=\"Escrito por\" \/>\n\t<meta name=\"twitter:data1\" content=\"Editor\" \/>\n\t<meta name=\"twitter:label2\" content=\"Tiempo de lectura\" \/>\n\t<meta name=\"twitter:data2\" content=\"2 minutos\" \/>\n<script type=\"application\/ld+json\" class=\"yoast-schema-graph\">{\"@context\":\"https:\\\/\\\/schema.org\",\"@graph\":[{\"@type\":\"Article\",\"@id\":\"https:\\\/\\\/infopba247.com.ar\\\/index.php\\\/2025\\\/07\\\/31\\\/kicillof-inauguro-en-pilar-una-nueva-base-de-la-fuerza-barrial\\\/#article\",\"isPartOf\":{\"@id\":\"https:\\\/\\\/infopba247.com.ar\\\/index.php\\\/2025\\\/07\\\/31\\\/kicillof-inauguro-en-pilar-una-nueva-base-de-la-fuerza-barrial\\\/\"},\"author\":{\"name\":\"Editor\",\"@id\":\"https:\\\/\\\/infopba247.com.ar\\\/#\\\/schema\\\/person\\\/4975f1343a413e57bf839b3eed0099f2\"},\"headline\":\"Kicillof inaugur\u00f3 en Pilar una nueva base de la Fuerza Barrial\",\"datePublished\":\"2025-07-31T17:54:52+00:00\",\"dateModified\":\"2025-07-31T17:54:53+00:00\",\"mainEntityOfPage\":{\"@id\":\"https:\\\/\\\/infopba247.com.ar\\\/index.php\\\/2025\\\/07\\\/31\\\/kicillof-inauguro-en-pilar-una-nueva-base-de-la-fuerza-barrial\\\/\"},\"wordCount\":415,\"commentCount\":0,\"publisher\":{\"@id\":\"https:\\\/\\\/infopba247.com.ar\\\/#organization\"},\"image\":{\"@id\":\"https:\\\/\\\/infopba247.com.ar\\\/index.php\\\/2025\\\/07\\\/31\\\/kicillof-inauguro-en-pilar-una-nueva-base-de-la-fuerza-barrial\\\/#primaryimage\"},\"thumbnailUrl\":\"https:\\\/\\\/infopba247.com.ar\\\/wp-content\\\/uploads\\\/2025\\\/07\\\/GxHqI_vWAAA09VP-scaled.jpg\",\"articleSection\":[\"Destacadas\",\"Pol\u00edtica\"],\"inLanguage\":\"es\",\"potentialAction\":[{\"@type\":\"CommentAction\",\"name\":\"Comment\",\"target\":[\"https:\\\/\\\/infopba247.com.ar\\\/index.php\\\/2025\\\/07\\\/31\\\/kicillof-inauguro-en-pilar-una-nueva-base-de-la-fuerza-barrial\\\/#respond\"]}]},{\"@type\":\"WebPage\",\"@id\":\"https:\\\/\\\/infopba247.com.ar\\\/index.php\\\/2025\\\/07\\\/31\\\/kicillof-inauguro-en-pilar-una-nueva-base-de-la-fuerza-barrial\\\/\",\"url\":\"https:\\\/\\\/infopba247.com.ar\\\/index.php\\\/2025\\\/07\\\/31\\\/kicillof-inauguro-en-pilar-una-nueva-base-de-la-fuerza-barrial\\\/\",\"name\":\"Kicillof inaugur\u00f3 en Pilar una nueva base de la Fuerza Barrial - InfoPBA247\",\"isPartOf\":{\"@id\":\"https:\\\/\\\/infopba247.com.ar\\\/#website\"},\"primaryImageOfPage\":{\"@id\":\"https:\\\/\\\/infopba247.com.ar\\\/index.php\\\/2025\\\/07\\\/31\\\/kicillof-inauguro-en-pilar-una-nueva-base-de-la-fuerza-barrial\\\/#primaryimage\"},\"image\":{\"@id\":\"https:\\\/\\\/infopba247.com.ar\\\/index.php\\\/2025\\\/07\\\/31\\\/kicillof-inauguro-en-pilar-una-nueva-base-de-la-fuerza-barrial\\\/#primaryimage\"},\"thumbnailUrl\":\"https:\\\/\\\/infopba247.com.ar\\\/wp-content\\\/uploads\\\/2025\\\/07\\\/GxHqI_vWAAA09VP-scaled.jpg\",\"datePublished\":\"2025-07-31T17:54:52+00:00\",\"dateModified\":\"2025-07-31T17:54:53+00:00\",\"breadcrumb\":{\"@id\":\"https:\\\/\\\/infopba247.com.ar\\\/index.php\\\/2025\\\/07\\\/31\\\/kicillof-inauguro-en-pilar-una-nueva-base-de-la-fuerza-barrial\\\/#breadcrumb\"},\"inLanguage\":\"es\",\"potentialAction\":[{\"@type\":\"ReadAction\",\"target\":[\"https:\\\/\\\/infopba247.com.ar\\\/index.php\\\/2025\\\/07\\\/31\\\/kicillof-inauguro-en-pilar-una-nueva-base-de-la-fuerza-barrial\\\/\"]}]},{\"@type\":\"ImageObject\",\"inLanguage\":\"es\",\"@id\":\"https:\\\/\\\/infopba247.com.ar\\\/index.php\\\/2025\\\/07\\\/31\\\/kicillof-inauguro-en-pilar-una-nueva-base-de-la-fuerza-barrial\\\/#primaryimage\",\"url\":\"https:\\\/\\\/infopba247.com.ar\\\/wp-content\\\/uploads\\\/2025\\\/07\\\/GxHqI_vWAAA09VP-scaled.jpg\",\"contentUrl\":\"https:\\\/\\\/infopba247.com.ar\\\/wp-content\\\/uploads\\\/2025\\\/07\\\/GxHqI_vWAAA09VP-scaled.jpg\",\"width\":2560,\"height\":1707},{\"@type\":\"BreadcrumbList\",\"@id\":\"https:\\\/\\\/infopba247.com.ar\\\/index.php\\\/2025\\\/07\\\/31\\\/kicillof-inauguro-en-pilar-una-nueva-base-de-la-fuerza-barrial\\\/#breadcrumb\",\"itemListElement\":[{\"@type\":\"ListItem\",\"position\":1,\"name\":\"Portada\",\"item\":\"https:\\\/\\\/infopba247.com.ar\\\/\"},{\"@type\":\"ListItem\",\"position\":2,\"name\":\"Kicillof inaugur\u00f3 en Pilar una nueva base de la Fuerza Barrial\"}]},{\"@type\":\"WebSite\",\"@id\":\"https:\\\/\\\/infopba247.com.ar\\\/#website\",\"url\":\"https:\\\/\\\/infopba247.com.ar\\\/\",\"name\":\"InfoPBA247\",\"description\":\"Toda la actualidad bonaerense\",\"publisher\":{\"@id\":\"https:\\\/\\\/infopba247.com.ar\\\/#organization\"},\"potentialAction\":[{\"@type\":\"SearchAction\",\"target\":{\"@type\":\"EntryPoint\",\"urlTemplate\":\"https:\\\/\\\/infopba247.com.ar\\\/?s={search_term_string}\"},\"query-input\":{\"@type\":\"PropertyValueSpecification\",\"valueRequired\":true,\"valueName\":\"search_term_string\"}}],\"inLanguage\":\"es\"},{\"@type\":\"Organization\",\"@id\":\"https:\\\/\\\/infopba247.com.ar\\\/#organization\",\"name\":\"InfoPBA247\",\"url\":\"https:\\\/\\\/infopba247.com.ar\\\/\",\"logo\":{\"@type\":\"ImageObject\",\"inLanguage\":\"es\",\"@id\":\"https:\\\/\\\/infopba247.com.ar\\\/#\\\/schema\\\/logo\\\/image\\\/\",\"url\":\"https:\\\/\\\/infopba247.com.ar\\\/wp-content\\\/uploads\\\/2022\\\/03\\\/cropped-InfoPBA247-1.png\",\"contentUrl\":\"https:\\\/\\\/infopba247.com.ar\\\/wp-content\\\/uploads\\\/2022\\\/03\\\/cropped-InfoPBA247-1.png\",\"width\":500,\"height\":122,\"caption\":\"InfoPBA247\"},\"image\":{\"@id\":\"https:\\\/\\\/infopba247.com.ar\\\/#\\\/schema\\\/logo\\\/image\\\/\"},\"sameAs\":[\"https:\\\/\\\/www.facebook.com\\\/InfoPBA\"]},{\"@type\":\"Person\",\"@id\":\"https:\\\/\\\/infopba247.com.ar\\\/#\\\/schema\\\/person\\\/4975f1343a413e57bf839b3eed0099f2\",\"name\":\"Editor\",\"image\":{\"@type\":\"ImageObject\",\"inLanguage\":\"es\",\"@id\":\"https:\\\/\\\/secure.gravatar.com\\\/avatar\\\/d27fe9520667ca53441d36627a1d6b0fa4a813571ec4803687a7a3a7744685ac?s=96&d=mm&r=g\",\"url\":\"https:\\\/\\\/secure.gravatar.com\\\/avatar\\\/d27fe9520667ca53441d36627a1d6b0fa4a813571ec4803687a7a3a7744685ac?s=96&d=mm&r=g\",\"contentUrl\":\"https:\\\/\\\/secure.gravatar.com\\\/avatar\\\/d27fe9520667ca53441d36627a1d6b0fa4a813571ec4803687a7a3a7744685ac?s=96&d=mm&r=g\",\"caption\":\"Editor\"},\"url\":\"https:\\\/\\\/infopba247.com.ar\\\/index.php\\\/author\\\/editor\\\/\"}]}<\/script>\n<!-- \/ Yoast SEO plugin. -->","yoast_head_json":{"title":"Kicillof inaugur\u00f3 en Pilar una nueva base de la Fuerza Barrial - InfoPBA247","robots":{"index":"index","follow":"follow","max-snippet":"max-snippet:-1","max-image-preview":"max-image-preview:large","max-video-preview":"max-video-preview:-1"},"canonical":"https:\/\/infopba247.com.ar\/index.php\/2025\/07\/31\/kicillof-inauguro-en-pilar-una-nueva-base-de-la-fuerza-barrial\/","og_locale":"es_ES","og_type":"article","og_title":"Kicillof inaugur\u00f3 en Pilar una nueva base de la Fuerza Barrial - InfoPBA247","og_description":"El gobernador Axel Kicillof encabez\u00f3 en Pilar la entrega de m\u00f3viles y la puesta en marcha de una nueva sede","og_url":"https:\/\/infopba247.com.ar\/index.php\/2025\/07\/31\/kicillof-inauguro-en-pilar-una-nueva-base-de-la-fuerza-barrial\/","og_site_name":"InfoPBA247","article_publisher":"https:\/\/www.facebook.com\/InfoPBA","article_published_time":"2025-07-31T17:54:52+00:00","article_modified_time":"2025-07-31T17:54:53+00:00","og_image":[{"width":2560,"height":1707,"url":"https:\/\/infopba247.com.ar\/wp-content\/uploads\/2025\/07\/GxHqI_vWAAA09VP-scaled.jpg","type":"image\/jpeg"}],"author":"Editor","twitter_card":"summary_large_image","twitter_misc":{"Escrito por":"Editor","Tiempo de lectura":"2 minutos"},"schema":{"@context":"https:\/\/schema.org","@graph":[{"@type":"Article","@id":"https:\/\/infopba247.com.ar\/index.php\/2025\/07\/31\/kicillof-inauguro-en-pilar-una-nueva-base-de-la-fuerza-barrial\/#article","isPartOf":{"@id":"https:\/\/infopba247.com.ar\/index.php\/2025\/07\/31\/kicillof-inauguro-en-pilar-una-nueva-base-de-la-fuerza-barrial\/"},"author":{"name":"Editor","@id":"https:\/\/infopba247.com.ar\/#\/schema\/person\/4975f1343a413e57bf839b3eed0099f2"},"headline":"Kicillof inaugur\u00f3 en Pilar una nueva base de la Fuerza Barrial","datePublished":"2025-07-31T17:54:52+00:00","dateModified":"2025-07-31T17:54:53+00:00","mainEntityOfPage":{"@id":"https:\/\/infopba247.com.ar\/index.php\/2025\/07\/31\/kicillof-inauguro-en-pilar-una-nueva-base-de-la-fuerza-barrial\/"},"wordCount":415,"commentCount":0,"publisher":{"@id":"https:\/\/infopba247.com.ar\/#organization"},"image":{"@id":"https:\/\/infopba247.com.ar\/index.php\/2025\/07\/31\/kicillof-inauguro-en-pilar-una-nueva-base-de-la-fuerza-barrial\/#primaryimage"},"thumbnailUrl":"https:\/\/infopba247.com.ar\/wp-content\/uploads\/2025\/07\/GxHqI_vWAAA09VP-scaled.jpg","articleSection":["Destacadas","Pol\u00edtica"],"inLanguage":"es","potentialAction":[{"@type":"CommentAction","name":"Comment","target":["https:\/\/infopba247.com.ar\/index.php\/2025\/07\/31\/kicillof-inauguro-en-pilar-una-nueva-base-de-la-fuerza-barrial\/#respond"]}]},{"@type":"WebPage","@id":"https:\/\/infopba247.com.ar\/index.php\/2025\/07\/31\/kicillof-inauguro-en-pilar-una-nueva-base-de-la-fuerza-barrial\/","url":"https:\/\/infopba247.com.ar\/index.php\/2025\/07\/31\/kicillof-inauguro-en-pilar-una-nueva-base-de-la-fuerza-barrial\/","name":"Kicillof inaugur\u00f3 en Pilar una nueva base de la Fuerza Barrial - InfoPBA247","isPartOf":{"@id":"https:\/\/infopba247.com.ar\/#website"},"primaryImageOfPage":{"@id":"https:\/\/infopba247.com.ar\/index.php\/2025\/07\/31\/kicillof-inauguro-en-pilar-una-nueva-base-de-la-fuerza-barrial\/#primaryimage"},"image":{"@id":"https:\/\/infopba247.com.ar\/index.php\/2025\/07\/31\/kicillof-inauguro-en-pilar-una-nueva-base-de-la-fuerza-barrial\/#primaryimage"},"thumbnailUrl":"https:\/\/infopba247.com.ar\/wp-content\/uploads\/2025\/07\/GxHqI_vWAAA09VP-scaled.jpg","datePublished":"2025-07-31T17:54:52+00:00","dateModified":"2025-07-31T17:54:53+00:00","breadcrumb":{"@id":"https:\/\/infopba247.com.ar\/index.php\/2025\/07\/31\/kicillof-inauguro-en-pilar-una-nueva-base-de-la-fuerza-barrial\/#breadcrumb"},"inLanguage":"es","potentialAction":[{"@type":"ReadAction","target":["https:\/\/infopba247.com.ar\/index.php\/2025\/07\/31\/kicillof-inauguro-en-pilar-una-nueva-base-de-la-fuerza-barrial\/"]}]},{"@type":"ImageObject","inLanguage":"es","@id":"https:\/\/infopba247.com.ar\/index.php\/2025\/07\/31\/kicillof-inauguro-en-pilar-una-nueva-base-de-la-fuerza-barrial\/#primaryimage","url":"https:\/\/infopba247.com.ar\/wp-content\/uploads\/2025\/07\/GxHqI_vWAAA09VP-scaled.jpg","contentUrl":"https:\/\/infopba247.com.ar\/wp-content\/uploads\/2025\/07\/GxHqI_vWAAA09VP-scaled.jpg","width":2560,"height":1707},{"@type":"BreadcrumbList","@id":"https:\/\/infopba247.com.ar\/index.php\/2025\/07\/31\/kicillof-inauguro-en-pilar-una-nueva-base-de-la-fuerza-barrial\/#breadcrumb","itemListElement":[{"@type":"ListItem","position":1,"name":"Portada","item":"https:\/\/infopba247.com.ar\/"},{"@type":"ListItem","position":2,"name":"Kicillof inaugur\u00f3 en Pilar una nueva base de la Fuerza Barrial"}]},{"@type":"WebSite","@id":"https:\/\/infopba247.com.ar\/#website","url":"https:\/\/infopba247.com.ar\/","name":"InfoPBA247","description":"Toda la actualidad bonaerense","publisher":{"@id":"https:\/\/infopba247.com.ar\/#organization"},"potentialAction":[{"@type":"SearchAction","target":{"@type":"EntryPoint","urlTemplate":"https:\/\/infopba247.com.ar\/?s={search_term_string}"},"query-input":{"@type":"PropertyValueSpecification","valueRequired":true,"valueName":"search_term_string"}}],"inLanguage":"es"},{"@type":"Organization","@id":"https:\/\/infopba247.com.ar\/#organization","name":"InfoPBA247","url":"https:\/\/infopba247.com.ar\/","logo":{"@type":"ImageObject","inLanguage":"es","@id":"https:\/\/infopba247.com.ar\/#\/schema\/logo\/image\/","url":"https:\/\/infopba247.com.ar\/wp-content\/uploads\/2022\/03\/cropped-InfoPBA247-1.png","contentUrl":"https:\/\/infopba247.com.ar\/wp-content\/uploads\/2022\/03\/cropped-InfoPBA247-1.png","width":500,"height":122,"caption":"InfoPBA247"},"image":{"@id":"https:\/\/infopba247.com.ar\/#\/schema\/logo\/image\/"},"sameAs":["https:\/\/www.facebook.com\/InfoPBA"]},{"@type":"Person","@id":"https:\/\/infopba247.com.ar\/#\/schema\/person\/4975f1343a413e57bf839b3eed0099f2","name":"Editor","image":{"@type":"ImageObject","inLanguage":"es","@id":"https:\/\/secure.gravatar.com\/avatar\/d27fe9520667ca53441d36627a1d6b0fa4a813571ec4803687a7a3a7744685ac?s=96&d=mm&r=g","url":"https:\/\/secure.gravatar.com\/avatar\/d27fe9520667ca53441d36627a1d6b0fa4a813571ec4803687a7a3a7744685ac?s=96&d=mm&r=g","contentUrl":"https:\/\/secure.gravatar.com\/avatar\/d27fe9520667ca53441d36627a1d6b0fa4a813571ec4803687a7a3a7744685ac?s=96&d=mm&r=g","caption":"Editor"},"url":"https:\/\/infopba247.com.ar\/index.php\/author\/editor\/"}]}},"_links":{"self":[{"href":"https:\/\/infopba247.com.ar\/index.php\/wp-json\/wp\/v2\/posts\/7655","targetHints":{"allow":["GET"]}}],"collection":[{"href":"https:\/\/infopba247.com.ar\/index.php\/wp-json\/wp\/v2\/posts"}],"about":[{"href":"https:\/\/infopba247.com.ar\/index.php\/wp-json\/wp\/v2\/types\/post"}],"author":[{"embeddable":true,"href":"https:\/\/infopba247.com.ar\/index.php\/wp-json\/wp\/v2\/users\/3"}],"replies":[{"embeddable":true,"href":"https:\/\/infopba247.com.ar\/index.php\/wp-json\/wp\/v2\/comments?post=7655"}],"version-history":[{"count":1,"href":"https:\/\/infopba247.com.ar\/index.php\/wp-json\/wp\/v2\/posts\/7655\/revisions"}],"predecessor-version":[{"id":7660,"href":"https:\/\/infopba247.com.ar\/index.php\/wp-json\/wp\/v2\/posts\/7655\/revisions\/7660"}],"wp:featuredmedia":[{"embeddable":true,"href":"https:\/\/infopba247.com.ar\/index.php\/wp-json\/wp\/v2\/media\/7658"}],"wp:attachment":[{"href":"https:\/\/infopba247.com.ar\/index.php\/wp-json\/wp\/v2\/media?parent=7655"}],"wp:term":[{"taxonomy":"category","embeddable":true,"href":"https:\/\/infopba247.com.ar\/index.php\/wp-json\/wp\/v2\/categories?post=7655"},{"taxonomy":"post_tag","embeddable":true,"href":"https:\/\/infopba247.com.ar\/index.php\/wp-json\/wp\/v2\/tags?post=7655"}],"curies":[{"name":"wp","href":"https:\/\/api.w.org\/{rel}","templated":true}]}}