{"id":7554,"date":"2025-07-21T15:28:59","date_gmt":"2025-07-21T18:28:59","guid":{"rendered":"https:\/\/infopba247.com.ar\/?p=7554"},"modified":"2025-07-21T15:29:01","modified_gmt":"2025-07-21T18:29:01","slug":"el-intendente-de-junin-rompio-con-el-pro-y-salto-a-somos-buenos-airesavatar","status":"publish","type":"post","link":"https:\/\/infopba247.com.ar\/index.php\/2025\/07\/21\/el-intendente-de-junin-rompio-con-el-pro-y-salto-a-somos-buenos-airesavatar\/","title":{"rendered":"El intendente de Jun\u00edn rompi\u00f3 con el PRO y salt\u00f3 a \u201cSomos Buenos Aires\u201dAvatar"},"content":{"rendered":"\n<p>El jefe comunal Pablo Petrecca es del ri\u00f1\u00f3n PRO, fue presidente de la juventud partidaria y accedi\u00f3 a la intendencia de Jun\u00edn en 2015, con la ola amarilla que llev\u00f3 a Mauricio Macri a la Presidencia de la Naci\u00f3n. Ante la imposibilidad de negociar con los libertarios decidi\u00f3 desconocer el acuerdo partidario y se sum\u00f3 a Somos Buenos Aires, la alianza encabezada por el radicalismo.<\/p>\n\n\n\n<p>Aunque la decisi\u00f3n a\u00fan no fue oficializada, medios de Jun\u00edn dan por hecho el salto y aseguran que incluso ya le fue comunicada a Mauricio Macri. Su salto a Somos, le permitir\u00eda encabezar la lista de senadores bonaerense por la cuarta.<\/p>\n\n\n\n<p>La salida de Petrecca se suma a la de los Passaglia en San Nicol\u00e1s que decidieron armar un partido propio para competir en la Segunda y a la de Javier Mart\u00ednez en Pergamino que adopt\u00f3 el mismo camino. Lo mismo hizo el intendente de Puan, Diego Reyes y a\u00fan quedan otros alcaldes amarillos en duda.<\/p>\n\n\n\n<p>En todos los casos, los intendentes del PRO argumentan esta decisi\u00f3n en la imposibilidad de negociar con los referentes libertarios locales que fueron ferreos opositores a sus gestiones durante los \u00faltimos dos a\u00f1os y que se niegan a respetar el poder territorial de los jefes comunales como factor determinante a la hora del armado de listas.<\/p>\n\n\n\n<p>El desmembramiento del PRO deja en un lugar inc\u00f3modo a Diego Santilli y Cristian Ritondo, los designados por Mauricio Macri para negociar la integraci\u00f3n con LLA. Los intedentes disgustados aseguran que no alcanz\u00f3 el objetivo de llegar a un \u00abacuerdo digno\u00bb y que ni siquiera se pudo garantizar la premisa b\u00e1sica que pone en mano de los intendentes la lapicera para el armado de las listas locales.<\/p>\n\n\n\n<p>Este salto debilita el armado prolibertario en la cuarta secci\u00f3n electoral ya que la segunda ciudad m\u00e1s habitada, Chivilcoy, es gobernada por el intendente Guillermo Britos que tambi\u00e9n decidi\u00f3 encolumnar su partido vecinalista dentro de Somos.<\/p>\n","protected":false},"excerpt":{"rendered":"<p>El jefe comunal Pablo Petrecca es del ri\u00f1\u00f3n PRO, fue presidente de la juventud partidaria y accedi\u00f3 a la intendencia<\/p>\n","protected":false},"author":3,"featured_media":7557,"comment_status":"open","ping_status":"open","sticky":false,"template":"","format":"standard","meta":{"colormag_page_container_layout":"default_layout","colormag_page_sidebar_layout":"default_layout","footnotes":""},"categories":[8,1,14],"tags":[],"class_list":["post-7554","post","type-post","status-publish","format-standard","has-post-thumbnail","hentry","category-4ta-seccion","category-destacadas","category-politica"],"yoast_head":"<!-- This site is optimized with the Yoast SEO plugin v27.5 - https:\/\/yoast.com\/product\/yoast-seo-wordpress\/ -->\n<title>El intendente de Jun\u00edn rompi\u00f3 con el PRO y salt\u00f3 a \u201cSomos Buenos Aires\u201dAvatar - InfoPBA247<\/title>\n<meta name=\"robots\" content=\"index, follow, max-snippet:-1, max-image-preview:large, max-video-preview:-1\" \/>\n<link rel=\"canonical\" href=\"https:\/\/infopba247.com.ar\/index.php\/2025\/07\/21\/el-intendente-de-junin-rompio-con-el-pro-y-salto-a-somos-buenos-airesavatar\/\" \/>\n<meta property=\"og:locale\" content=\"es_ES\" \/>\n<meta property=\"og:type\" content=\"article\" \/>\n<meta property=\"og:title\" content=\"El intendente de Jun\u00edn rompi\u00f3 con el PRO y salt\u00f3 a \u201cSomos Buenos Aires\u201dAvatar - InfoPBA247\" \/>\n<meta property=\"og:description\" content=\"El jefe comunal Pablo Petrecca es del ri\u00f1\u00f3n PRO, fue presidente de la juventud partidaria y accedi\u00f3 a la intendencia\" \/>\n<meta property=\"og:url\" content=\"https:\/\/infopba247.com.ar\/index.php\/2025\/07\/21\/el-intendente-de-junin-rompio-con-el-pro-y-salto-a-somos-buenos-airesavatar\/\" \/>\n<meta property=\"og:site_name\" content=\"InfoPBA247\" \/>\n<meta property=\"article:publisher\" content=\"https:\/\/www.facebook.com\/InfoPBA\" \/>\n<meta property=\"article:published_time\" content=\"2025-07-21T18:28:59+00:00\" \/>\n<meta property=\"article:modified_time\" content=\"2025-07-21T18:29:01+00:00\" \/>\n<meta property=\"og:image\" content=\"https:\/\/infopba247.com.ar\/wp-content\/uploads\/2025\/07\/937153-5a-2.jpeg\" \/>\n\t<meta property=\"og:image:width\" content=\"960\" \/>\n\t<meta property=\"og:image:height\" content=\"540\" \/>\n\t<meta property=\"og:image:type\" content=\"image\/jpeg\" \/>\n<meta name=\"author\" content=\"Editor\" \/>\n<meta name=\"twitter:card\" content=\"summary_large_image\" \/>\n<meta name=\"twitter:label1\" content=\"Escrito por\" \/>\n\t<meta name=\"twitter:data1\" content=\"Editor\" \/>\n\t<meta name=\"twitter:label2\" content=\"Tiempo de lectura\" \/>\n\t<meta name=\"twitter:data2\" content=\"2 minutos\" \/>\n<script type=\"application\/ld+json\" class=\"yoast-schema-graph\">{\"@context\":\"https:\\\/\\\/schema.org\",\"@graph\":[{\"@type\":\"Article\",\"@id\":\"https:\\\/\\\/infopba247.com.ar\\\/index.php\\\/2025\\\/07\\\/21\\\/el-intendente-de-junin-rompio-con-el-pro-y-salto-a-somos-buenos-airesavatar\\\/#article\",\"isPartOf\":{\"@id\":\"https:\\\/\\\/infopba247.com.ar\\\/index.php\\\/2025\\\/07\\\/21\\\/el-intendente-de-junin-rompio-con-el-pro-y-salto-a-somos-buenos-airesavatar\\\/\"},\"author\":{\"name\":\"Editor\",\"@id\":\"https:\\\/\\\/infopba247.com.ar\\\/#\\\/schema\\\/person\\\/4975f1343a413e57bf839b3eed0099f2\"},\"headline\":\"El intendente de Jun\u00edn rompi\u00f3 con el PRO y salt\u00f3 a \u201cSomos Buenos Aires\u201dAvatar\",\"datePublished\":\"2025-07-21T18:28:59+00:00\",\"dateModified\":\"2025-07-21T18:29:01+00:00\",\"mainEntityOfPage\":{\"@id\":\"https:\\\/\\\/infopba247.com.ar\\\/index.php\\\/2025\\\/07\\\/21\\\/el-intendente-de-junin-rompio-con-el-pro-y-salto-a-somos-buenos-airesavatar\\\/\"},\"wordCount\":353,\"commentCount\":0,\"publisher\":{\"@id\":\"https:\\\/\\\/infopba247.com.ar\\\/#organization\"},\"image\":{\"@id\":\"https:\\\/\\\/infopba247.com.ar\\\/index.php\\\/2025\\\/07\\\/21\\\/el-intendente-de-junin-rompio-con-el-pro-y-salto-a-somos-buenos-airesavatar\\\/#primaryimage\"},\"thumbnailUrl\":\"https:\\\/\\\/infopba247.com.ar\\\/wp-content\\\/uploads\\\/2025\\\/07\\\/937153-5a-2.jpeg\",\"articleSection\":[\"4ta Secci\u00f3n\",\"Destacadas\",\"Pol\u00edtica\"],\"inLanguage\":\"es\",\"potentialAction\":[{\"@type\":\"CommentAction\",\"name\":\"Comment\",\"target\":[\"https:\\\/\\\/infopba247.com.ar\\\/index.php\\\/2025\\\/07\\\/21\\\/el-intendente-de-junin-rompio-con-el-pro-y-salto-a-somos-buenos-airesavatar\\\/#respond\"]}]},{\"@type\":\"WebPage\",\"@id\":\"https:\\\/\\\/infopba247.com.ar\\\/index.php\\\/2025\\\/07\\\/21\\\/el-intendente-de-junin-rompio-con-el-pro-y-salto-a-somos-buenos-airesavatar\\\/\",\"url\":\"https:\\\/\\\/infopba247.com.ar\\\/index.php\\\/2025\\\/07\\\/21\\\/el-intendente-de-junin-rompio-con-el-pro-y-salto-a-somos-buenos-airesavatar\\\/\",\"name\":\"El intendente de Jun\u00edn rompi\u00f3 con el PRO y salt\u00f3 a \u201cSomos Buenos Aires\u201dAvatar - InfoPBA247\",\"isPartOf\":{\"@id\":\"https:\\\/\\\/infopba247.com.ar\\\/#website\"},\"primaryImageOfPage\":{\"@id\":\"https:\\\/\\\/infopba247.com.ar\\\/index.php\\\/2025\\\/07\\\/21\\\/el-intendente-de-junin-rompio-con-el-pro-y-salto-a-somos-buenos-airesavatar\\\/#primaryimage\"},\"image\":{\"@id\":\"https:\\\/\\\/infopba247.com.ar\\\/index.php\\\/2025\\\/07\\\/21\\\/el-intendente-de-junin-rompio-con-el-pro-y-salto-a-somos-buenos-airesavatar\\\/#primaryimage\"},\"thumbnailUrl\":\"https:\\\/\\\/infopba247.com.ar\\\/wp-content\\\/uploads\\\/2025\\\/07\\\/937153-5a-2.jpeg\",\"datePublished\":\"2025-07-21T18:28:59+00:00\",\"dateModified\":\"2025-07-21T18:29:01+00:00\",\"breadcrumb\":{\"@id\":\"https:\\\/\\\/infopba247.com.ar\\\/index.php\\\/2025\\\/07\\\/21\\\/el-intendente-de-junin-rompio-con-el-pro-y-salto-a-somos-buenos-airesavatar\\\/#breadcrumb\"},\"inLanguage\":\"es\",\"potentialAction\":[{\"@type\":\"ReadAction\",\"target\":[\"https:\\\/\\\/infopba247.com.ar\\\/index.php\\\/2025\\\/07\\\/21\\\/el-intendente-de-junin-rompio-con-el-pro-y-salto-a-somos-buenos-airesavatar\\\/\"]}]},{\"@type\":\"ImageObject\",\"inLanguage\":\"es\",\"@id\":\"https:\\\/\\\/infopba247.com.ar\\\/index.php\\\/2025\\\/07\\\/21\\\/el-intendente-de-junin-rompio-con-el-pro-y-salto-a-somos-buenos-airesavatar\\\/#primaryimage\",\"url\":\"https:\\\/\\\/infopba247.com.ar\\\/wp-content\\\/uploads\\\/2025\\\/07\\\/937153-5a-2.jpeg\",\"contentUrl\":\"https:\\\/\\\/infopba247.com.ar\\\/wp-content\\\/uploads\\\/2025\\\/07\\\/937153-5a-2.jpeg\",\"width\":960,\"height\":540},{\"@type\":\"BreadcrumbList\",\"@id\":\"https:\\\/\\\/infopba247.com.ar\\\/index.php\\\/2025\\\/07\\\/21\\\/el-intendente-de-junin-rompio-con-el-pro-y-salto-a-somos-buenos-airesavatar\\\/#breadcrumb\",\"itemListElement\":[{\"@type\":\"ListItem\",\"position\":1,\"name\":\"Portada\",\"item\":\"https:\\\/\\\/infopba247.com.ar\\\/\"},{\"@type\":\"ListItem\",\"position\":2,\"name\":\"El intendente de Jun\u00edn rompi\u00f3 con el PRO y salt\u00f3 a \u201cSomos Buenos Aires\u201dAvatar\"}]},{\"@type\":\"WebSite\",\"@id\":\"https:\\\/\\\/infopba247.com.ar\\\/#website\",\"url\":\"https:\\\/\\\/infopba247.com.ar\\\/\",\"name\":\"InfoPBA247\",\"description\":\"Toda la actualidad bonaerense\",\"publisher\":{\"@id\":\"https:\\\/\\\/infopba247.com.ar\\\/#organization\"},\"potentialAction\":[{\"@type\":\"SearchAction\",\"target\":{\"@type\":\"EntryPoint\",\"urlTemplate\":\"https:\\\/\\\/infopba247.com.ar\\\/?s={search_term_string}\"},\"query-input\":{\"@type\":\"PropertyValueSpecification\",\"valueRequired\":true,\"valueName\":\"search_term_string\"}}],\"inLanguage\":\"es\"},{\"@type\":\"Organization\",\"@id\":\"https:\\\/\\\/infopba247.com.ar\\\/#organization\",\"name\":\"InfoPBA247\",\"url\":\"https:\\\/\\\/infopba247.com.ar\\\/\",\"logo\":{\"@type\":\"ImageObject\",\"inLanguage\":\"es\",\"@id\":\"https:\\\/\\\/infopba247.com.ar\\\/#\\\/schema\\\/logo\\\/image\\\/\",\"url\":\"https:\\\/\\\/infopba247.com.ar\\\/wp-content\\\/uploads\\\/2022\\\/03\\\/cropped-InfoPBA247-1.png\",\"contentUrl\":\"https:\\\/\\\/infopba247.com.ar\\\/wp-content\\\/uploads\\\/2022\\\/03\\\/cropped-InfoPBA247-1.png\",\"width\":500,\"height\":122,\"caption\":\"InfoPBA247\"},\"image\":{\"@id\":\"https:\\\/\\\/infopba247.com.ar\\\/#\\\/schema\\\/logo\\\/image\\\/\"},\"sameAs\":[\"https:\\\/\\\/www.facebook.com\\\/InfoPBA\"]},{\"@type\":\"Person\",\"@id\":\"https:\\\/\\\/infopba247.com.ar\\\/#\\\/schema\\\/person\\\/4975f1343a413e57bf839b3eed0099f2\",\"name\":\"Editor\",\"image\":{\"@type\":\"ImageObject\",\"inLanguage\":\"es\",\"@id\":\"https:\\\/\\\/secure.gravatar.com\\\/avatar\\\/d27fe9520667ca53441d36627a1d6b0fa4a813571ec4803687a7a3a7744685ac?s=96&d=mm&r=g\",\"url\":\"https:\\\/\\\/secure.gravatar.com\\\/avatar\\\/d27fe9520667ca53441d36627a1d6b0fa4a813571ec4803687a7a3a7744685ac?s=96&d=mm&r=g\",\"contentUrl\":\"https:\\\/\\\/secure.gravatar.com\\\/avatar\\\/d27fe9520667ca53441d36627a1d6b0fa4a813571ec4803687a7a3a7744685ac?s=96&d=mm&r=g\",\"caption\":\"Editor\"},\"url\":\"https:\\\/\\\/infopba247.com.ar\\\/index.php\\\/author\\\/editor\\\/\"}]}<\/script>\n<!-- \/ Yoast SEO plugin. -->","yoast_head_json":{"title":"El intendente de Jun\u00edn rompi\u00f3 con el PRO y salt\u00f3 a \u201cSomos Buenos Aires\u201dAvatar - InfoPBA247","robots":{"index":"index","follow":"follow","max-snippet":"max-snippet:-1","max-image-preview":"max-image-preview:large","max-video-preview":"max-video-preview:-1"},"canonical":"https:\/\/infopba247.com.ar\/index.php\/2025\/07\/21\/el-intendente-de-junin-rompio-con-el-pro-y-salto-a-somos-buenos-airesavatar\/","og_locale":"es_ES","og_type":"article","og_title":"El intendente de Jun\u00edn rompi\u00f3 con el PRO y salt\u00f3 a \u201cSomos Buenos Aires\u201dAvatar - InfoPBA247","og_description":"El jefe comunal Pablo Petrecca es del ri\u00f1\u00f3n PRO, fue presidente de la juventud partidaria y accedi\u00f3 a la intendencia","og_url":"https:\/\/infopba247.com.ar\/index.php\/2025\/07\/21\/el-intendente-de-junin-rompio-con-el-pro-y-salto-a-somos-buenos-airesavatar\/","og_site_name":"InfoPBA247","article_publisher":"https:\/\/www.facebook.com\/InfoPBA","article_published_time":"2025-07-21T18:28:59+00:00","article_modified_time":"2025-07-21T18:29:01+00:00","og_image":[{"width":960,"height":540,"url":"https:\/\/infopba247.com.ar\/wp-content\/uploads\/2025\/07\/937153-5a-2.jpeg","type":"image\/jpeg"}],"author":"Editor","twitter_card":"summary_large_image","twitter_misc":{"Escrito por":"Editor","Tiempo de lectura":"2 minutos"},"schema":{"@context":"https:\/\/schema.org","@graph":[{"@type":"Article","@id":"https:\/\/infopba247.com.ar\/index.php\/2025\/07\/21\/el-intendente-de-junin-rompio-con-el-pro-y-salto-a-somos-buenos-airesavatar\/#article","isPartOf":{"@id":"https:\/\/infopba247.com.ar\/index.php\/2025\/07\/21\/el-intendente-de-junin-rompio-con-el-pro-y-salto-a-somos-buenos-airesavatar\/"},"author":{"name":"Editor","@id":"https:\/\/infopba247.com.ar\/#\/schema\/person\/4975f1343a413e57bf839b3eed0099f2"},"headline":"El intendente de Jun\u00edn rompi\u00f3 con el PRO y salt\u00f3 a \u201cSomos Buenos Aires\u201dAvatar","datePublished":"2025-07-21T18:28:59+00:00","dateModified":"2025-07-21T18:29:01+00:00","mainEntityOfPage":{"@id":"https:\/\/infopba247.com.ar\/index.php\/2025\/07\/21\/el-intendente-de-junin-rompio-con-el-pro-y-salto-a-somos-buenos-airesavatar\/"},"wordCount":353,"commentCount":0,"publisher":{"@id":"https:\/\/infopba247.com.ar\/#organization"},"image":{"@id":"https:\/\/infopba247.com.ar\/index.php\/2025\/07\/21\/el-intendente-de-junin-rompio-con-el-pro-y-salto-a-somos-buenos-airesavatar\/#primaryimage"},"thumbnailUrl":"https:\/\/infopba247.com.ar\/wp-content\/uploads\/2025\/07\/937153-5a-2.jpeg","articleSection":["4ta Secci\u00f3n","Destacadas","Pol\u00edtica"],"inLanguage":"es","potentialAction":[{"@type":"CommentAction","name":"Comment","target":["https:\/\/infopba247.com.ar\/index.php\/2025\/07\/21\/el-intendente-de-junin-rompio-con-el-pro-y-salto-a-somos-buenos-airesavatar\/#respond"]}]},{"@type":"WebPage","@id":"https:\/\/infopba247.com.ar\/index.php\/2025\/07\/21\/el-intendente-de-junin-rompio-con-el-pro-y-salto-a-somos-buenos-airesavatar\/","url":"https:\/\/infopba247.com.ar\/index.php\/2025\/07\/21\/el-intendente-de-junin-rompio-con-el-pro-y-salto-a-somos-buenos-airesavatar\/","name":"El intendente de Jun\u00edn rompi\u00f3 con el PRO y salt\u00f3 a \u201cSomos Buenos Aires\u201dAvatar - InfoPBA247","isPartOf":{"@id":"https:\/\/infopba247.com.ar\/#website"},"primaryImageOfPage":{"@id":"https:\/\/infopba247.com.ar\/index.php\/2025\/07\/21\/el-intendente-de-junin-rompio-con-el-pro-y-salto-a-somos-buenos-airesavatar\/#primaryimage"},"image":{"@id":"https:\/\/infopba247.com.ar\/index.php\/2025\/07\/21\/el-intendente-de-junin-rompio-con-el-pro-y-salto-a-somos-buenos-airesavatar\/#primaryimage"},"thumbnailUrl":"https:\/\/infopba247.com.ar\/wp-content\/uploads\/2025\/07\/937153-5a-2.jpeg","datePublished":"2025-07-21T18:28:59+00:00","dateModified":"2025-07-21T18:29:01+00:00","breadcrumb":{"@id":"https:\/\/infopba247.com.ar\/index.php\/2025\/07\/21\/el-intendente-de-junin-rompio-con-el-pro-y-salto-a-somos-buenos-airesavatar\/#breadcrumb"},"inLanguage":"es","potentialAction":[{"@type":"ReadAction","target":["https:\/\/infopba247.com.ar\/index.php\/2025\/07\/21\/el-intendente-de-junin-rompio-con-el-pro-y-salto-a-somos-buenos-airesavatar\/"]}]},{"@type":"ImageObject","inLanguage":"es","@id":"https:\/\/infopba247.com.ar\/index.php\/2025\/07\/21\/el-intendente-de-junin-rompio-con-el-pro-y-salto-a-somos-buenos-airesavatar\/#primaryimage","url":"https:\/\/infopba247.com.ar\/wp-content\/uploads\/2025\/07\/937153-5a-2.jpeg","contentUrl":"https:\/\/infopba247.com.ar\/wp-content\/uploads\/2025\/07\/937153-5a-2.jpeg","width":960,"height":540},{"@type":"BreadcrumbList","@id":"https:\/\/infopba247.com.ar\/index.php\/2025\/07\/21\/el-intendente-de-junin-rompio-con-el-pro-y-salto-a-somos-buenos-airesavatar\/#breadcrumb","itemListElement":[{"@type":"ListItem","position":1,"name":"Portada","item":"https:\/\/infopba247.com.ar\/"},{"@type":"ListItem","position":2,"name":"El intendente de Jun\u00edn rompi\u00f3 con el PRO y salt\u00f3 a \u201cSomos Buenos Aires\u201dAvatar"}]},{"@type":"WebSite","@id":"https:\/\/infopba247.com.ar\/#website","url":"https:\/\/infopba247.com.ar\/","name":"InfoPBA247","description":"Toda la actualidad bonaerense","publisher":{"@id":"https:\/\/infopba247.com.ar\/#organization"},"potentialAction":[{"@type":"SearchAction","target":{"@type":"EntryPoint","urlTemplate":"https:\/\/infopba247.com.ar\/?s={search_term_string}"},"query-input":{"@type":"PropertyValueSpecification","valueRequired":true,"valueName":"search_term_string"}}],"inLanguage":"es"},{"@type":"Organization","@id":"https:\/\/infopba247.com.ar\/#organization","name":"InfoPBA247","url":"https:\/\/infopba247.com.ar\/","logo":{"@type":"ImageObject","inLanguage":"es","@id":"https:\/\/infopba247.com.ar\/#\/schema\/logo\/image\/","url":"https:\/\/infopba247.com.ar\/wp-content\/uploads\/2022\/03\/cropped-InfoPBA247-1.png","contentUrl":"https:\/\/infopba247.com.ar\/wp-content\/uploads\/2022\/03\/cropped-InfoPBA247-1.png","width":500,"height":122,"caption":"InfoPBA247"},"image":{"@id":"https:\/\/infopba247.com.ar\/#\/schema\/logo\/image\/"},"sameAs":["https:\/\/www.facebook.com\/InfoPBA"]},{"@type":"Person","@id":"https:\/\/infopba247.com.ar\/#\/schema\/person\/4975f1343a413e57bf839b3eed0099f2","name":"Editor","image":{"@type":"ImageObject","inLanguage":"es","@id":"https:\/\/secure.gravatar.com\/avatar\/d27fe9520667ca53441d36627a1d6b0fa4a813571ec4803687a7a3a7744685ac?s=96&d=mm&r=g","url":"https:\/\/secure.gravatar.com\/avatar\/d27fe9520667ca53441d36627a1d6b0fa4a813571ec4803687a7a3a7744685ac?s=96&d=mm&r=g","contentUrl":"https:\/\/secure.gravatar.com\/avatar\/d27fe9520667ca53441d36627a1d6b0fa4a813571ec4803687a7a3a7744685ac?s=96&d=mm&r=g","caption":"Editor"},"url":"https:\/\/infopba247.com.ar\/index.php\/author\/editor\/"}]}},"_links":{"self":[{"href":"https:\/\/infopba247.com.ar\/index.php\/wp-json\/wp\/v2\/posts\/7554","targetHints":{"allow":["GET"]}}],"collection":[{"href":"https:\/\/infopba247.com.ar\/index.php\/wp-json\/wp\/v2\/posts"}],"about":[{"href":"https:\/\/infopba247.com.ar\/index.php\/wp-json\/wp\/v2\/types\/post"}],"author":[{"embeddable":true,"href":"https:\/\/infopba247.com.ar\/index.php\/wp-json\/wp\/v2\/users\/3"}],"replies":[{"embeddable":true,"href":"https:\/\/infopba247.com.ar\/index.php\/wp-json\/wp\/v2\/comments?post=7554"}],"version-history":[{"count":1,"href":"https:\/\/infopba247.com.ar\/index.php\/wp-json\/wp\/v2\/posts\/7554\/revisions"}],"predecessor-version":[{"id":7560,"href":"https:\/\/infopba247.com.ar\/index.php\/wp-json\/wp\/v2\/posts\/7554\/revisions\/7560"}],"wp:featuredmedia":[{"embeddable":true,"href":"https:\/\/infopba247.com.ar\/index.php\/wp-json\/wp\/v2\/media\/7557"}],"wp:attachment":[{"href":"https:\/\/infopba247.com.ar\/index.php\/wp-json\/wp\/v2\/media?parent=7554"}],"wp:term":[{"taxonomy":"category","embeddable":true,"href":"https:\/\/infopba247.com.ar\/index.php\/wp-json\/wp\/v2\/categories?post=7554"},{"taxonomy":"post_tag","embeddable":true,"href":"https:\/\/infopba247.com.ar\/index.php\/wp-json\/wp\/v2\/tags?post=7554"}],"curies":[{"name":"wp","href":"https:\/\/api.w.org\/{rel}","templated":true}]}}