{"id":7526,"date":"2025-07-16T09:27:43","date_gmt":"2025-07-16T12:27:43","guid":{"rendered":"https:\/\/infopba247.com.ar\/?p=7526"},"modified":"2025-07-16T09:27:44","modified_gmt":"2025-07-16T12:27:44","slug":"alak-presento-el-plan-de-compactacion-de-vehiculos-mas-grande-de-la-historia-de-la-ciudad","status":"publish","type":"post","link":"https:\/\/infopba247.com.ar\/index.php\/2025\/07\/16\/alak-presento-el-plan-de-compactacion-de-vehiculos-mas-grande-de-la-historia-de-la-ciudad\/","title":{"rendered":"Alak present\u00f3 el plan de compactaci\u00f3n de veh\u00edculos m\u00e1s grande de la historia de la ciudad"},"content":{"rendered":"\n<p>El intendente de La Plata, Julio Alak, puso en marcha hoy el Programa Municipal de Compactaci\u00f3n (PROMUCO), dando continuidad al Plan Integral de Remoci\u00f3n de Veh\u00edculos Quemados y Abandonados en la V\u00eda P\u00fablica. La actividad se desarroll\u00f3 en el Polo de Seguridad, que se encuentra en proceso de reconversi\u00f3n a Predio Log\u00edstico Municipal.<\/p>\n\n\n\n<p>De esta manera, se dio inicio formal a una pol\u00edtica ambiental, urbana y de seguridad que permitir\u00e1 dar destino final a veh\u00edculos quemados o abandonados en distintos barrios de la ciudad, m\u00f3viles oficiales dados de baja por ordenanza y rodados secuestrados desde hace m\u00e1s de seis meses en el predio de 526 y 21.<\/p>\n\n\n\n<p>\u00abEs importante agradecer al Programa Nacional PRO.DE.CO del Ministerio de Seguridad, que nos permiti\u00f3 adherir a este programa de compactaci\u00f3n\u00bb, expres\u00f3 Alak, y remarc\u00f3: \u00abEste hecho tiene connotaciones hist\u00f3ricas para la ciudad porque nunca antes se pudo compactar este volumen de autos, motos, camiones, micros abandonados, que rondar\u00e1n los dos mil entre los que est\u00e1n para compactar y los que est\u00e1n en espera\u00bb.<\/p>\n\n\n\n<p>\u00abDesde hace unos meses comenzamos una tarea sostenida de remoci\u00f3n de veh\u00edculos abandonados con operativos en cientos de puntos del partido, una pol\u00edtica ambiental urbana y de seguridad que ya logr\u00f3 retirar m\u00e1s de mil rodados en todos los barrios de la ciudad a trav\u00e9s de procedimientos que incluyeron cuatro pasos: identificaci\u00f3n, notificaci\u00f3n, remoci\u00f3n y traslado de veh\u00edculos y chatarras a este lugar\u00bb, agreg\u00f3.<\/p>\n\n\n\n<p>Seg\u00fan se inform\u00f3, ya se removieron de la v\u00eda p\u00fablica y est\u00e1n disponibles para compactar un total de 1678 veh\u00edculos, entre los que se encuentran 680 autos quemados, 256 autos secuestrados, 600 motos y 142 veh\u00edculos oficiales. Esta pol\u00edtica, impulsada por la gesti\u00f3n del intendente Julio Alak, busca reducir la contaminaci\u00f3n, liberar el espacio p\u00fablico y mejorar la convivencia ciudadana.<\/p>\n\n\n\n<p>Adem\u00e1s, el destino de los ingresos obtenidos a partir de la chatarra ser\u00e1 destinado a entidades de bien p\u00fablico. La primera entidad beneficiaria ser\u00e1 la Cooperadora del Hospital de Ni\u00f1os Sor Mar\u00eda Ludovica.<\/p>\n\n\n\n<p>Alak estuvo acompa\u00f1ado por el secretario de Seguridad local, Diego Pepe; el secretario de Control Urbano y Convivencia, V\u00edctor Hortel; y funcionarios del Ministerio de Seguridad de la Naci\u00f3n.<\/p>\n\n\n\n<p>REMOCI\u00d3N Y COMPACTACI\u00d3N DE VEH\u00cdCULOS<\/p>\n\n\n\n<p>El proceso de remoci\u00f3n y compactaci\u00f3n de autos y motos abandonados contempla la previa identificaci\u00f3n con una oblea, la notificaci\u00f3n a su titular registral y su acarreo en caso de no ser retirado por el propietario. Asimismo, los veh\u00edculos quemados son compactados sin tr\u00e1mite previo por considerarse chatarra.<\/p>\n\n\n\n<p>Las tareas de relevamiento y remoci\u00f3n son coordinadas por la Secretar\u00eda de Seguridad con colaboraci\u00f3n de la Secretar\u00eda General y la Secretar\u00eda de Control Urbano y Convivencia. El registro y la notificaci\u00f3n est\u00e1n a cargo de agentes de Control Urbano, mientras que el acarreo se realiza en conjunto con el programa Ciudad Limpia.<\/p>\n\n\n\n<p>Los automotores pueden ser detectados por vecinos, conductores o transe\u00fantes, quienes tienen la posibilidad de concretar la denuncia a trav\u00e9s de la l\u00ednea municipal; o por agentes de diversas \u00e1reas de la Comuna en el marco de operativos de limpieza, poda o control vehicular. Todos los rodados retirados son trasladados al Polo de Seguridad.<\/p>\n\n\n\n<p>Tras constatar que hayan pasado 15 d\u00edas sin que el m\u00f3vil se haya movido del lugar, la denuncia es registrada por la Oficina de Gesti\u00f3n de Reclamos y redirigida al \u00e1rea de Tr\u00e1nsito para que los inspectores le coloquen una oblea de notificaci\u00f3n y abran un acta de comprobaci\u00f3n con sus datos.<\/p>\n\n\n\n<p>A partir de ese momento, y de acuerdo con el art\u00edculo 48 de la Ley de Tr\u00e1nsito 24.449, el propietario cuenta con un plazo de 10 d\u00edas h\u00e1biles para retirarlo de la v\u00eda p\u00fablica. Caso contrario, y seg\u00fan el art\u00edculo 5 de la mencionada norma, el mismo es removido y trasladado al dep\u00f3sito municipal ubicado en calle 21 y 526 de Tolosa, y se labra un acta de infracci\u00f3n.<\/p>\n\n\n\n<p>DE POLO DE SEGURIDAD A PREDIO LOG\u00cdSTICO MUNICIPAL<\/p>\n\n\n\n<p>En el Polo de Seguridad de 526 y 21 se llevar\u00e1n adelante diferentes obras para su transformaci\u00f3n en el nuevo Predio Log\u00edstico Municipal. Ese ser\u00e1 el lugar donde, en el marco del PROMUCO, se concretar\u00e1 la etapa final del procedimiento legal correspondiente a los rodados.<\/p>\n\n\n\n<p>Adem\u00e1s, el nuevo espacio oficiar\u00e1 de dep\u00f3sito central de todas las \u00e1reas municipales, concentrando talleres, maquinarias, m\u00f3viles y herramientas, lo que representa un importante ahorro para la Comuna al suspender el alquiler de m\u00faltiples y dispersos galpones en los que hasta ahora se manten\u00edan a resguardo esos bienes.<\/p>\n","protected":false},"excerpt":{"rendered":"<p>El intendente de La Plata, Julio Alak, puso en marcha hoy el Programa Municipal de Compactaci\u00f3n (PROMUCO), dando continuidad al<\/p>\n","protected":false},"author":3,"featured_media":7523,"comment_status":"open","ping_status":"open","sticky":false,"template":"","format":"standard","meta":{"colormag_page_container_layout":"default_layout","colormag_page_sidebar_layout":"default_layout","footnotes":""},"categories":[12,1,14],"tags":[],"class_list":["post-7526","post","type-post","status-publish","format-standard","has-post-thumbnail","hentry","category-8va-seccion","category-destacadas","category-politica"],"yoast_head":"<!-- This site is optimized with the Yoast SEO plugin v27.4 - https:\/\/yoast.com\/product\/yoast-seo-wordpress\/ -->\n<title>Alak present\u00f3 el plan de compactaci\u00f3n de veh\u00edculos m\u00e1s grande de la historia de la ciudad - InfoPBA247<\/title>\n<meta name=\"robots\" content=\"index, follow, max-snippet:-1, max-image-preview:large, max-video-preview:-1\" \/>\n<link rel=\"canonical\" href=\"https:\/\/infopba247.com.ar\/index.php\/2025\/07\/16\/alak-presento-el-plan-de-compactacion-de-vehiculos-mas-grande-de-la-historia-de-la-ciudad\/\" \/>\n<meta property=\"og:locale\" content=\"es_ES\" \/>\n<meta property=\"og:type\" content=\"article\" \/>\n<meta property=\"og:title\" content=\"Alak present\u00f3 el plan de compactaci\u00f3n de veh\u00edculos m\u00e1s grande de la historia de la ciudad - InfoPBA247\" \/>\n<meta property=\"og:description\" content=\"El intendente de La Plata, Julio Alak, puso en marcha hoy el Programa Municipal de Compactaci\u00f3n (PROMUCO), dando continuidad al\" \/>\n<meta property=\"og:url\" content=\"https:\/\/infopba247.com.ar\/index.php\/2025\/07\/16\/alak-presento-el-plan-de-compactacion-de-vehiculos-mas-grande-de-la-historia-de-la-ciudad\/\" \/>\n<meta property=\"og:site_name\" content=\"InfoPBA247\" \/>\n<meta property=\"article:publisher\" content=\"https:\/\/www.facebook.com\/InfoPBA\" \/>\n<meta property=\"article:published_time\" content=\"2025-07-16T12:27:43+00:00\" \/>\n<meta property=\"article:modified_time\" content=\"2025-07-16T12:27:44+00:00\" \/>\n<meta property=\"og:image\" content=\"https:\/\/infopba247.com.ar\/wp-content\/uploads\/2025\/07\/unnamed-2025-07-16T085702.282.jpg\" \/>\n\t<meta property=\"og:image:width\" content=\"1600\" \/>\n\t<meta property=\"og:image:height\" content=\"1066\" \/>\n\t<meta property=\"og:image:type\" content=\"image\/jpeg\" \/>\n<meta name=\"author\" content=\"Editor\" \/>\n<meta name=\"twitter:card\" content=\"summary_large_image\" \/>\n<meta name=\"twitter:label1\" content=\"Escrito por\" \/>\n\t<meta name=\"twitter:data1\" content=\"Editor\" \/>\n\t<meta name=\"twitter:label2\" content=\"Tiempo de lectura\" \/>\n\t<meta name=\"twitter:data2\" content=\"4 minutos\" \/>\n<script type=\"application\/ld+json\" class=\"yoast-schema-graph\">{\"@context\":\"https:\\\/\\\/schema.org\",\"@graph\":[{\"@type\":\"Article\",\"@id\":\"https:\\\/\\\/infopba247.com.ar\\\/index.php\\\/2025\\\/07\\\/16\\\/alak-presento-el-plan-de-compactacion-de-vehiculos-mas-grande-de-la-historia-de-la-ciudad\\\/#article\",\"isPartOf\":{\"@id\":\"https:\\\/\\\/infopba247.com.ar\\\/index.php\\\/2025\\\/07\\\/16\\\/alak-presento-el-plan-de-compactacion-de-vehiculos-mas-grande-de-la-historia-de-la-ciudad\\\/\"},\"author\":{\"name\":\"Editor\",\"@id\":\"https:\\\/\\\/infopba247.com.ar\\\/#\\\/schema\\\/person\\\/4975f1343a413e57bf839b3eed0099f2\"},\"headline\":\"Alak present\u00f3 el plan de compactaci\u00f3n de veh\u00edculos m\u00e1s grande de la historia de la ciudad\",\"datePublished\":\"2025-07-16T12:27:43+00:00\",\"dateModified\":\"2025-07-16T12:27:44+00:00\",\"mainEntityOfPage\":{\"@id\":\"https:\\\/\\\/infopba247.com.ar\\\/index.php\\\/2025\\\/07\\\/16\\\/alak-presento-el-plan-de-compactacion-de-vehiculos-mas-grande-de-la-historia-de-la-ciudad\\\/\"},\"wordCount\":829,\"commentCount\":0,\"publisher\":{\"@id\":\"https:\\\/\\\/infopba247.com.ar\\\/#organization\"},\"image\":{\"@id\":\"https:\\\/\\\/infopba247.com.ar\\\/index.php\\\/2025\\\/07\\\/16\\\/alak-presento-el-plan-de-compactacion-de-vehiculos-mas-grande-de-la-historia-de-la-ciudad\\\/#primaryimage\"},\"thumbnailUrl\":\"https:\\\/\\\/infopba247.com.ar\\\/wp-content\\\/uploads\\\/2025\\\/07\\\/unnamed-2025-07-16T085702.282.jpg\",\"articleSection\":[\"8va Secci\u00f3n\",\"Destacadas\",\"Pol\u00edtica\"],\"inLanguage\":\"es\",\"potentialAction\":[{\"@type\":\"CommentAction\",\"name\":\"Comment\",\"target\":[\"https:\\\/\\\/infopba247.com.ar\\\/index.php\\\/2025\\\/07\\\/16\\\/alak-presento-el-plan-de-compactacion-de-vehiculos-mas-grande-de-la-historia-de-la-ciudad\\\/#respond\"]}]},{\"@type\":\"WebPage\",\"@id\":\"https:\\\/\\\/infopba247.com.ar\\\/index.php\\\/2025\\\/07\\\/16\\\/alak-presento-el-plan-de-compactacion-de-vehiculos-mas-grande-de-la-historia-de-la-ciudad\\\/\",\"url\":\"https:\\\/\\\/infopba247.com.ar\\\/index.php\\\/2025\\\/07\\\/16\\\/alak-presento-el-plan-de-compactacion-de-vehiculos-mas-grande-de-la-historia-de-la-ciudad\\\/\",\"name\":\"Alak present\u00f3 el plan de compactaci\u00f3n de veh\u00edculos m\u00e1s grande de la historia de la ciudad - InfoPBA247\",\"isPartOf\":{\"@id\":\"https:\\\/\\\/infopba247.com.ar\\\/#website\"},\"primaryImageOfPage\":{\"@id\":\"https:\\\/\\\/infopba247.com.ar\\\/index.php\\\/2025\\\/07\\\/16\\\/alak-presento-el-plan-de-compactacion-de-vehiculos-mas-grande-de-la-historia-de-la-ciudad\\\/#primaryimage\"},\"image\":{\"@id\":\"https:\\\/\\\/infopba247.com.ar\\\/index.php\\\/2025\\\/07\\\/16\\\/alak-presento-el-plan-de-compactacion-de-vehiculos-mas-grande-de-la-historia-de-la-ciudad\\\/#primaryimage\"},\"thumbnailUrl\":\"https:\\\/\\\/infopba247.com.ar\\\/wp-content\\\/uploads\\\/2025\\\/07\\\/unnamed-2025-07-16T085702.282.jpg\",\"datePublished\":\"2025-07-16T12:27:43+00:00\",\"dateModified\":\"2025-07-16T12:27:44+00:00\",\"breadcrumb\":{\"@id\":\"https:\\\/\\\/infopba247.com.ar\\\/index.php\\\/2025\\\/07\\\/16\\\/alak-presento-el-plan-de-compactacion-de-vehiculos-mas-grande-de-la-historia-de-la-ciudad\\\/#breadcrumb\"},\"inLanguage\":\"es\",\"potentialAction\":[{\"@type\":\"ReadAction\",\"target\":[\"https:\\\/\\\/infopba247.com.ar\\\/index.php\\\/2025\\\/07\\\/16\\\/alak-presento-el-plan-de-compactacion-de-vehiculos-mas-grande-de-la-historia-de-la-ciudad\\\/\"]}]},{\"@type\":\"ImageObject\",\"inLanguage\":\"es\",\"@id\":\"https:\\\/\\\/infopba247.com.ar\\\/index.php\\\/2025\\\/07\\\/16\\\/alak-presento-el-plan-de-compactacion-de-vehiculos-mas-grande-de-la-historia-de-la-ciudad\\\/#primaryimage\",\"url\":\"https:\\\/\\\/infopba247.com.ar\\\/wp-content\\\/uploads\\\/2025\\\/07\\\/unnamed-2025-07-16T085702.282.jpg\",\"contentUrl\":\"https:\\\/\\\/infopba247.com.ar\\\/wp-content\\\/uploads\\\/2025\\\/07\\\/unnamed-2025-07-16T085702.282.jpg\",\"width\":1600,\"height\":1066},{\"@type\":\"BreadcrumbList\",\"@id\":\"https:\\\/\\\/infopba247.com.ar\\\/index.php\\\/2025\\\/07\\\/16\\\/alak-presento-el-plan-de-compactacion-de-vehiculos-mas-grande-de-la-historia-de-la-ciudad\\\/#breadcrumb\",\"itemListElement\":[{\"@type\":\"ListItem\",\"position\":1,\"name\":\"Portada\",\"item\":\"https:\\\/\\\/infopba247.com.ar\\\/\"},{\"@type\":\"ListItem\",\"position\":2,\"name\":\"Alak present\u00f3 el plan de compactaci\u00f3n de veh\u00edculos m\u00e1s grande de la historia de la ciudad\"}]},{\"@type\":\"WebSite\",\"@id\":\"https:\\\/\\\/infopba247.com.ar\\\/#website\",\"url\":\"https:\\\/\\\/infopba247.com.ar\\\/\",\"name\":\"InfoPBA247\",\"description\":\"Toda la actualidad bonaerense\",\"publisher\":{\"@id\":\"https:\\\/\\\/infopba247.com.ar\\\/#organization\"},\"potentialAction\":[{\"@type\":\"SearchAction\",\"target\":{\"@type\":\"EntryPoint\",\"urlTemplate\":\"https:\\\/\\\/infopba247.com.ar\\\/?s={search_term_string}\"},\"query-input\":{\"@type\":\"PropertyValueSpecification\",\"valueRequired\":true,\"valueName\":\"search_term_string\"}}],\"inLanguage\":\"es\"},{\"@type\":\"Organization\",\"@id\":\"https:\\\/\\\/infopba247.com.ar\\\/#organization\",\"name\":\"InfoPBA247\",\"url\":\"https:\\\/\\\/infopba247.com.ar\\\/\",\"logo\":{\"@type\":\"ImageObject\",\"inLanguage\":\"es\",\"@id\":\"https:\\\/\\\/infopba247.com.ar\\\/#\\\/schema\\\/logo\\\/image\\\/\",\"url\":\"https:\\\/\\\/infopba247.com.ar\\\/wp-content\\\/uploads\\\/2022\\\/03\\\/cropped-InfoPBA247-1.png\",\"contentUrl\":\"https:\\\/\\\/infopba247.com.ar\\\/wp-content\\\/uploads\\\/2022\\\/03\\\/cropped-InfoPBA247-1.png\",\"width\":500,\"height\":122,\"caption\":\"InfoPBA247\"},\"image\":{\"@id\":\"https:\\\/\\\/infopba247.com.ar\\\/#\\\/schema\\\/logo\\\/image\\\/\"},\"sameAs\":[\"https:\\\/\\\/www.facebook.com\\\/InfoPBA\"]},{\"@type\":\"Person\",\"@id\":\"https:\\\/\\\/infopba247.com.ar\\\/#\\\/schema\\\/person\\\/4975f1343a413e57bf839b3eed0099f2\",\"name\":\"Editor\",\"image\":{\"@type\":\"ImageObject\",\"inLanguage\":\"es\",\"@id\":\"https:\\\/\\\/secure.gravatar.com\\\/avatar\\\/d27fe9520667ca53441d36627a1d6b0fa4a813571ec4803687a7a3a7744685ac?s=96&d=mm&r=g\",\"url\":\"https:\\\/\\\/secure.gravatar.com\\\/avatar\\\/d27fe9520667ca53441d36627a1d6b0fa4a813571ec4803687a7a3a7744685ac?s=96&d=mm&r=g\",\"contentUrl\":\"https:\\\/\\\/secure.gravatar.com\\\/avatar\\\/d27fe9520667ca53441d36627a1d6b0fa4a813571ec4803687a7a3a7744685ac?s=96&d=mm&r=g\",\"caption\":\"Editor\"},\"url\":\"https:\\\/\\\/infopba247.com.ar\\\/index.php\\\/author\\\/editor\\\/\"}]}<\/script>\n<!-- \/ Yoast SEO plugin. -->","yoast_head_json":{"title":"Alak present\u00f3 el plan de compactaci\u00f3n de veh\u00edculos m\u00e1s grande de la historia de la ciudad - InfoPBA247","robots":{"index":"index","follow":"follow","max-snippet":"max-snippet:-1","max-image-preview":"max-image-preview:large","max-video-preview":"max-video-preview:-1"},"canonical":"https:\/\/infopba247.com.ar\/index.php\/2025\/07\/16\/alak-presento-el-plan-de-compactacion-de-vehiculos-mas-grande-de-la-historia-de-la-ciudad\/","og_locale":"es_ES","og_type":"article","og_title":"Alak present\u00f3 el plan de compactaci\u00f3n de veh\u00edculos m\u00e1s grande de la historia de la ciudad - InfoPBA247","og_description":"El intendente de La Plata, Julio Alak, puso en marcha hoy el Programa Municipal de Compactaci\u00f3n (PROMUCO), dando continuidad al","og_url":"https:\/\/infopba247.com.ar\/index.php\/2025\/07\/16\/alak-presento-el-plan-de-compactacion-de-vehiculos-mas-grande-de-la-historia-de-la-ciudad\/","og_site_name":"InfoPBA247","article_publisher":"https:\/\/www.facebook.com\/InfoPBA","article_published_time":"2025-07-16T12:27:43+00:00","article_modified_time":"2025-07-16T12:27:44+00:00","og_image":[{"width":1600,"height":1066,"url":"https:\/\/infopba247.com.ar\/wp-content\/uploads\/2025\/07\/unnamed-2025-07-16T085702.282.jpg","type":"image\/jpeg"}],"author":"Editor","twitter_card":"summary_large_image","twitter_misc":{"Escrito por":"Editor","Tiempo de lectura":"4 minutos"},"schema":{"@context":"https:\/\/schema.org","@graph":[{"@type":"Article","@id":"https:\/\/infopba247.com.ar\/index.php\/2025\/07\/16\/alak-presento-el-plan-de-compactacion-de-vehiculos-mas-grande-de-la-historia-de-la-ciudad\/#article","isPartOf":{"@id":"https:\/\/infopba247.com.ar\/index.php\/2025\/07\/16\/alak-presento-el-plan-de-compactacion-de-vehiculos-mas-grande-de-la-historia-de-la-ciudad\/"},"author":{"name":"Editor","@id":"https:\/\/infopba247.com.ar\/#\/schema\/person\/4975f1343a413e57bf839b3eed0099f2"},"headline":"Alak present\u00f3 el plan de compactaci\u00f3n de veh\u00edculos m\u00e1s grande de la historia de la ciudad","datePublished":"2025-07-16T12:27:43+00:00","dateModified":"2025-07-16T12:27:44+00:00","mainEntityOfPage":{"@id":"https:\/\/infopba247.com.ar\/index.php\/2025\/07\/16\/alak-presento-el-plan-de-compactacion-de-vehiculos-mas-grande-de-la-historia-de-la-ciudad\/"},"wordCount":829,"commentCount":0,"publisher":{"@id":"https:\/\/infopba247.com.ar\/#organization"},"image":{"@id":"https:\/\/infopba247.com.ar\/index.php\/2025\/07\/16\/alak-presento-el-plan-de-compactacion-de-vehiculos-mas-grande-de-la-historia-de-la-ciudad\/#primaryimage"},"thumbnailUrl":"https:\/\/infopba247.com.ar\/wp-content\/uploads\/2025\/07\/unnamed-2025-07-16T085702.282.jpg","articleSection":["8va Secci\u00f3n","Destacadas","Pol\u00edtica"],"inLanguage":"es","potentialAction":[{"@type":"CommentAction","name":"Comment","target":["https:\/\/infopba247.com.ar\/index.php\/2025\/07\/16\/alak-presento-el-plan-de-compactacion-de-vehiculos-mas-grande-de-la-historia-de-la-ciudad\/#respond"]}]},{"@type":"WebPage","@id":"https:\/\/infopba247.com.ar\/index.php\/2025\/07\/16\/alak-presento-el-plan-de-compactacion-de-vehiculos-mas-grande-de-la-historia-de-la-ciudad\/","url":"https:\/\/infopba247.com.ar\/index.php\/2025\/07\/16\/alak-presento-el-plan-de-compactacion-de-vehiculos-mas-grande-de-la-historia-de-la-ciudad\/","name":"Alak present\u00f3 el plan de compactaci\u00f3n de veh\u00edculos m\u00e1s grande de la historia de la ciudad - InfoPBA247","isPartOf":{"@id":"https:\/\/infopba247.com.ar\/#website"},"primaryImageOfPage":{"@id":"https:\/\/infopba247.com.ar\/index.php\/2025\/07\/16\/alak-presento-el-plan-de-compactacion-de-vehiculos-mas-grande-de-la-historia-de-la-ciudad\/#primaryimage"},"image":{"@id":"https:\/\/infopba247.com.ar\/index.php\/2025\/07\/16\/alak-presento-el-plan-de-compactacion-de-vehiculos-mas-grande-de-la-historia-de-la-ciudad\/#primaryimage"},"thumbnailUrl":"https:\/\/infopba247.com.ar\/wp-content\/uploads\/2025\/07\/unnamed-2025-07-16T085702.282.jpg","datePublished":"2025-07-16T12:27:43+00:00","dateModified":"2025-07-16T12:27:44+00:00","breadcrumb":{"@id":"https:\/\/infopba247.com.ar\/index.php\/2025\/07\/16\/alak-presento-el-plan-de-compactacion-de-vehiculos-mas-grande-de-la-historia-de-la-ciudad\/#breadcrumb"},"inLanguage":"es","potentialAction":[{"@type":"ReadAction","target":["https:\/\/infopba247.com.ar\/index.php\/2025\/07\/16\/alak-presento-el-plan-de-compactacion-de-vehiculos-mas-grande-de-la-historia-de-la-ciudad\/"]}]},{"@type":"ImageObject","inLanguage":"es","@id":"https:\/\/infopba247.com.ar\/index.php\/2025\/07\/16\/alak-presento-el-plan-de-compactacion-de-vehiculos-mas-grande-de-la-historia-de-la-ciudad\/#primaryimage","url":"https:\/\/infopba247.com.ar\/wp-content\/uploads\/2025\/07\/unnamed-2025-07-16T085702.282.jpg","contentUrl":"https:\/\/infopba247.com.ar\/wp-content\/uploads\/2025\/07\/unnamed-2025-07-16T085702.282.jpg","width":1600,"height":1066},{"@type":"BreadcrumbList","@id":"https:\/\/infopba247.com.ar\/index.php\/2025\/07\/16\/alak-presento-el-plan-de-compactacion-de-vehiculos-mas-grande-de-la-historia-de-la-ciudad\/#breadcrumb","itemListElement":[{"@type":"ListItem","position":1,"name":"Portada","item":"https:\/\/infopba247.com.ar\/"},{"@type":"ListItem","position":2,"name":"Alak present\u00f3 el plan de compactaci\u00f3n de veh\u00edculos m\u00e1s grande de la historia de la ciudad"}]},{"@type":"WebSite","@id":"https:\/\/infopba247.com.ar\/#website","url":"https:\/\/infopba247.com.ar\/","name":"InfoPBA247","description":"Toda la actualidad bonaerense","publisher":{"@id":"https:\/\/infopba247.com.ar\/#organization"},"potentialAction":[{"@type":"SearchAction","target":{"@type":"EntryPoint","urlTemplate":"https:\/\/infopba247.com.ar\/?s={search_term_string}"},"query-input":{"@type":"PropertyValueSpecification","valueRequired":true,"valueName":"search_term_string"}}],"inLanguage":"es"},{"@type":"Organization","@id":"https:\/\/infopba247.com.ar\/#organization","name":"InfoPBA247","url":"https:\/\/infopba247.com.ar\/","logo":{"@type":"ImageObject","inLanguage":"es","@id":"https:\/\/infopba247.com.ar\/#\/schema\/logo\/image\/","url":"https:\/\/infopba247.com.ar\/wp-content\/uploads\/2022\/03\/cropped-InfoPBA247-1.png","contentUrl":"https:\/\/infopba247.com.ar\/wp-content\/uploads\/2022\/03\/cropped-InfoPBA247-1.png","width":500,"height":122,"caption":"InfoPBA247"},"image":{"@id":"https:\/\/infopba247.com.ar\/#\/schema\/logo\/image\/"},"sameAs":["https:\/\/www.facebook.com\/InfoPBA"]},{"@type":"Person","@id":"https:\/\/infopba247.com.ar\/#\/schema\/person\/4975f1343a413e57bf839b3eed0099f2","name":"Editor","image":{"@type":"ImageObject","inLanguage":"es","@id":"https:\/\/secure.gravatar.com\/avatar\/d27fe9520667ca53441d36627a1d6b0fa4a813571ec4803687a7a3a7744685ac?s=96&d=mm&r=g","url":"https:\/\/secure.gravatar.com\/avatar\/d27fe9520667ca53441d36627a1d6b0fa4a813571ec4803687a7a3a7744685ac?s=96&d=mm&r=g","contentUrl":"https:\/\/secure.gravatar.com\/avatar\/d27fe9520667ca53441d36627a1d6b0fa4a813571ec4803687a7a3a7744685ac?s=96&d=mm&r=g","caption":"Editor"},"url":"https:\/\/infopba247.com.ar\/index.php\/author\/editor\/"}]}},"_links":{"self":[{"href":"https:\/\/infopba247.com.ar\/index.php\/wp-json\/wp\/v2\/posts\/7526","targetHints":{"allow":["GET"]}}],"collection":[{"href":"https:\/\/infopba247.com.ar\/index.php\/wp-json\/wp\/v2\/posts"}],"about":[{"href":"https:\/\/infopba247.com.ar\/index.php\/wp-json\/wp\/v2\/types\/post"}],"author":[{"embeddable":true,"href":"https:\/\/infopba247.com.ar\/index.php\/wp-json\/wp\/v2\/users\/3"}],"replies":[{"embeddable":true,"href":"https:\/\/infopba247.com.ar\/index.php\/wp-json\/wp\/v2\/comments?post=7526"}],"version-history":[{"count":1,"href":"https:\/\/infopba247.com.ar\/index.php\/wp-json\/wp\/v2\/posts\/7526\/revisions"}],"predecessor-version":[{"id":7527,"href":"https:\/\/infopba247.com.ar\/index.php\/wp-json\/wp\/v2\/posts\/7526\/revisions\/7527"}],"wp:featuredmedia":[{"embeddable":true,"href":"https:\/\/infopba247.com.ar\/index.php\/wp-json\/wp\/v2\/media\/7523"}],"wp:attachment":[{"href":"https:\/\/infopba247.com.ar\/index.php\/wp-json\/wp\/v2\/media?parent=7526"}],"wp:term":[{"taxonomy":"category","embeddable":true,"href":"https:\/\/infopba247.com.ar\/index.php\/wp-json\/wp\/v2\/categories?post=7526"},{"taxonomy":"post_tag","embeddable":true,"href":"https:\/\/infopba247.com.ar\/index.php\/wp-json\/wp\/v2\/tags?post=7526"}],"curies":[{"name":"wp","href":"https:\/\/api.w.org\/{rel}","templated":true}]}}