{"id":7516,"date":"2025-07-15T09:53:40","date_gmt":"2025-07-15T12:53:40","guid":{"rendered":"https:\/\/infopba247.com.ar\/?p=7516"},"modified":"2025-07-15T09:53:41","modified_gmt":"2025-07-15T12:53:41","slug":"mariel-fernandez-inauguro-la-casa-museo-rancho-los-estribos-en-moreno","status":"publish","type":"post","link":"https:\/\/infopba247.com.ar\/index.php\/2025\/07\/15\/mariel-fernandez-inauguro-la-casa-museo-rancho-los-estribos-en-moreno\/","title":{"rendered":"Mariel Fern\u00e1ndez inaugur\u00f3 la Casa Museo Rancho Los Estribos en Moreno"},"content":{"rendered":"\n<p>La intendenta Mariel Fern\u00e1ndez, encabez\u00f3 la inauguraci\u00f3n de la Casa Museo Rancho Los Estribos, el hist\u00f3rico hogar de Florencio Molina Campos y Elvira Ponce en la localidad de La Reja.<\/p>\n\n\n\n<p>Este nuevo espacio cultural est\u00e1 ubicado en L\u00f3pez Buchardo y El Maestro, a la vera del R\u00edo Reconquista y fue el lugar donde Molina Campos vivi\u00f3, cre\u00f3 y retrat\u00f3 los paisajes, personajes y tradiciones que hoy forman parte esencial de la identidad cultural de Moreno.<\/p>\n\n\n\n<p>Durante la celebraci\u00f3n junto a Centros Tradicionalistas y vecinas y vecinos del barrio Cascallares, la jefa comunal expres\u00f3 que: \u201cEs un d\u00eda de mucha emoci\u00f3n y mucha felicidad, porque era un deseo de antes de ser intendenta: poder recuperar toda la historia y la obra de Molina Campos y, principalmente, la casa donde vivi\u00f3 y el atelier donde pint\u00f3 sus cuadros\u201d y agreg\u00f3 \u201cPrimero comenzamos con la recuperaci\u00f3n de las obras, lo que fue un camino dif\u00edcil pero que logramos. Recuperamos el Museo tambi\u00e9n, que est\u00e1 precioso. Ahora, lleg\u00f3 el momento de la Casa que la recuperamos junto a la comunidad\u201d.<\/p>\n\n\n\n<p>La Casa Museo conserva no solo objetos personales del artista, sino tambi\u00e9n la atm\u00f3sfera y el entorno que rodearon su vida. Permite a las y los visitantes poder recorrer el mismo espacio en el que Molina Campos vivi\u00f3 y cre\u00f3, brindando una experiencia inmersiva que enriquece el v\u00ednculo con su obra. As\u00ed, cada rinc\u00f3n de la casa contribuye a comprender mejor la sensibilidad del artista, su mirada sobre la vida rural y su profundo arraigo con el territorio morenense.<\/p>\n\n\n\n<p>La restauraci\u00f3n del inmueble comenz\u00f3 en 2022 con trabajos de puesta en valor y planificaci\u00f3n arquitect\u00f3nica. En 2023 se logr\u00f3 la recuperaci\u00f3n de las obras del artista y, en 2024, la reapertura del Museo Molina Campos situado en Moreno Centro. Este proceso de reconstrucci\u00f3n patrimonial forma parte de una pol\u00edtica que pone en valor las ra\u00edces, la memoria y la cultura argentina.<\/p>\n\n\n\n<p>Pr\u00f3ximamente, se publicar\u00e1n los d\u00edas y horarios de atenci\u00f3n para quienes quieran visitar la Casa Museo Ranchos Los Estribos.<\/p>\n\n\n\n<p>Estuvieron presentes Cynthia Mu\u00f1oz, secretaria de Cultura, Educaci\u00f3n y Deportes; Mar\u00eda Gim\u00e9nez, secretaria de Obras y Servicios P\u00fablicos; Hern\u00e1n Tulissi, director de Museos y Patrimonio; Gonzalo Molina, nieto del artista, junto a familiares de Molina Campos y autoridades del Instituto Cultural de la Provincia de Buenos Aires.<\/p>\n","protected":false},"excerpt":{"rendered":"<p>La intendenta Mariel Fern\u00e1ndez, encabez\u00f3 la inauguraci\u00f3n de la Casa Museo Rancho Los Estribos, el hist\u00f3rico hogar de Florencio Molina<\/p>\n","protected":false},"author":3,"featured_media":7510,"comment_status":"open","ping_status":"open","sticky":false,"template":"","format":"standard","meta":{"colormag_page_container_layout":"default_layout","colormag_page_sidebar_layout":"default_layout","footnotes":""},"categories":[5,1,14],"tags":[],"class_list":["post-7516","post","type-post","status-publish","format-standard","has-post-thumbnail","hentry","category-1ra-seccion","category-destacadas","category-politica"],"yoast_head":"<!-- This site is optimized with the Yoast SEO plugin v27.4 - https:\/\/yoast.com\/product\/yoast-seo-wordpress\/ -->\n<title>Mariel Fern\u00e1ndez inaugur\u00f3 la Casa Museo Rancho Los Estribos en Moreno - InfoPBA247<\/title>\n<meta name=\"robots\" content=\"index, follow, max-snippet:-1, max-image-preview:large, max-video-preview:-1\" \/>\n<link rel=\"canonical\" href=\"https:\/\/infopba247.com.ar\/index.php\/2025\/07\/15\/mariel-fernandez-inauguro-la-casa-museo-rancho-los-estribos-en-moreno\/\" \/>\n<meta property=\"og:locale\" content=\"es_ES\" \/>\n<meta property=\"og:type\" content=\"article\" \/>\n<meta property=\"og:title\" content=\"Mariel Fern\u00e1ndez inaugur\u00f3 la Casa Museo Rancho Los Estribos en Moreno - InfoPBA247\" \/>\n<meta property=\"og:description\" content=\"La intendenta Mariel Fern\u00e1ndez, encabez\u00f3 la inauguraci\u00f3n de la Casa Museo Rancho Los Estribos, el hist\u00f3rico hogar de Florencio Molina\" \/>\n<meta property=\"og:url\" content=\"https:\/\/infopba247.com.ar\/index.php\/2025\/07\/15\/mariel-fernandez-inauguro-la-casa-museo-rancho-los-estribos-en-moreno\/\" \/>\n<meta property=\"og:site_name\" content=\"InfoPBA247\" \/>\n<meta property=\"article:publisher\" content=\"https:\/\/www.facebook.com\/InfoPBA\" \/>\n<meta property=\"article:published_time\" content=\"2025-07-15T12:53:40+00:00\" \/>\n<meta property=\"article:modified_time\" content=\"2025-07-15T12:53:41+00:00\" \/>\n<meta property=\"og:image\" content=\"https:\/\/infopba247.com.ar\/wp-content\/uploads\/2025\/07\/rancho-los-estribos-web3-scaled.jpg\" \/>\n\t<meta property=\"og:image:width\" content=\"2560\" \/>\n\t<meta property=\"og:image:height\" content=\"1440\" \/>\n\t<meta property=\"og:image:type\" content=\"image\/jpeg\" \/>\n<meta name=\"author\" content=\"Editor\" \/>\n<meta name=\"twitter:card\" content=\"summary_large_image\" \/>\n<meta name=\"twitter:label1\" content=\"Escrito por\" \/>\n\t<meta name=\"twitter:data1\" content=\"Editor\" \/>\n\t<meta name=\"twitter:label2\" content=\"Tiempo de lectura\" \/>\n\t<meta name=\"twitter:data2\" content=\"2 minutos\" \/>\n<script type=\"application\/ld+json\" class=\"yoast-schema-graph\">{\"@context\":\"https:\\\/\\\/schema.org\",\"@graph\":[{\"@type\":\"Article\",\"@id\":\"https:\\\/\\\/infopba247.com.ar\\\/index.php\\\/2025\\\/07\\\/15\\\/mariel-fernandez-inauguro-la-casa-museo-rancho-los-estribos-en-moreno\\\/#article\",\"isPartOf\":{\"@id\":\"https:\\\/\\\/infopba247.com.ar\\\/index.php\\\/2025\\\/07\\\/15\\\/mariel-fernandez-inauguro-la-casa-museo-rancho-los-estribos-en-moreno\\\/\"},\"author\":{\"name\":\"Editor\",\"@id\":\"https:\\\/\\\/infopba247.com.ar\\\/#\\\/schema\\\/person\\\/4975f1343a413e57bf839b3eed0099f2\"},\"headline\":\"Mariel Fern\u00e1ndez inaugur\u00f3 la Casa Museo Rancho Los Estribos en Moreno\",\"datePublished\":\"2025-07-15T12:53:40+00:00\",\"dateModified\":\"2025-07-15T12:53:41+00:00\",\"mainEntityOfPage\":{\"@id\":\"https:\\\/\\\/infopba247.com.ar\\\/index.php\\\/2025\\\/07\\\/15\\\/mariel-fernandez-inauguro-la-casa-museo-rancho-los-estribos-en-moreno\\\/\"},\"wordCount\":424,\"commentCount\":0,\"publisher\":{\"@id\":\"https:\\\/\\\/infopba247.com.ar\\\/#organization\"},\"image\":{\"@id\":\"https:\\\/\\\/infopba247.com.ar\\\/index.php\\\/2025\\\/07\\\/15\\\/mariel-fernandez-inauguro-la-casa-museo-rancho-los-estribos-en-moreno\\\/#primaryimage\"},\"thumbnailUrl\":\"https:\\\/\\\/infopba247.com.ar\\\/wp-content\\\/uploads\\\/2025\\\/07\\\/rancho-los-estribos-web3-scaled.jpg\",\"articleSection\":[\"1ra Secci\u00f3n\",\"Destacadas\",\"Pol\u00edtica\"],\"inLanguage\":\"es\",\"potentialAction\":[{\"@type\":\"CommentAction\",\"name\":\"Comment\",\"target\":[\"https:\\\/\\\/infopba247.com.ar\\\/index.php\\\/2025\\\/07\\\/15\\\/mariel-fernandez-inauguro-la-casa-museo-rancho-los-estribos-en-moreno\\\/#respond\"]}]},{\"@type\":\"WebPage\",\"@id\":\"https:\\\/\\\/infopba247.com.ar\\\/index.php\\\/2025\\\/07\\\/15\\\/mariel-fernandez-inauguro-la-casa-museo-rancho-los-estribos-en-moreno\\\/\",\"url\":\"https:\\\/\\\/infopba247.com.ar\\\/index.php\\\/2025\\\/07\\\/15\\\/mariel-fernandez-inauguro-la-casa-museo-rancho-los-estribos-en-moreno\\\/\",\"name\":\"Mariel Fern\u00e1ndez inaugur\u00f3 la Casa Museo Rancho Los Estribos en Moreno - InfoPBA247\",\"isPartOf\":{\"@id\":\"https:\\\/\\\/infopba247.com.ar\\\/#website\"},\"primaryImageOfPage\":{\"@id\":\"https:\\\/\\\/infopba247.com.ar\\\/index.php\\\/2025\\\/07\\\/15\\\/mariel-fernandez-inauguro-la-casa-museo-rancho-los-estribos-en-moreno\\\/#primaryimage\"},\"image\":{\"@id\":\"https:\\\/\\\/infopba247.com.ar\\\/index.php\\\/2025\\\/07\\\/15\\\/mariel-fernandez-inauguro-la-casa-museo-rancho-los-estribos-en-moreno\\\/#primaryimage\"},\"thumbnailUrl\":\"https:\\\/\\\/infopba247.com.ar\\\/wp-content\\\/uploads\\\/2025\\\/07\\\/rancho-los-estribos-web3-scaled.jpg\",\"datePublished\":\"2025-07-15T12:53:40+00:00\",\"dateModified\":\"2025-07-15T12:53:41+00:00\",\"breadcrumb\":{\"@id\":\"https:\\\/\\\/infopba247.com.ar\\\/index.php\\\/2025\\\/07\\\/15\\\/mariel-fernandez-inauguro-la-casa-museo-rancho-los-estribos-en-moreno\\\/#breadcrumb\"},\"inLanguage\":\"es\",\"potentialAction\":[{\"@type\":\"ReadAction\",\"target\":[\"https:\\\/\\\/infopba247.com.ar\\\/index.php\\\/2025\\\/07\\\/15\\\/mariel-fernandez-inauguro-la-casa-museo-rancho-los-estribos-en-moreno\\\/\"]}]},{\"@type\":\"ImageObject\",\"inLanguage\":\"es\",\"@id\":\"https:\\\/\\\/infopba247.com.ar\\\/index.php\\\/2025\\\/07\\\/15\\\/mariel-fernandez-inauguro-la-casa-museo-rancho-los-estribos-en-moreno\\\/#primaryimage\",\"url\":\"https:\\\/\\\/infopba247.com.ar\\\/wp-content\\\/uploads\\\/2025\\\/07\\\/rancho-los-estribos-web3-scaled.jpg\",\"contentUrl\":\"https:\\\/\\\/infopba247.com.ar\\\/wp-content\\\/uploads\\\/2025\\\/07\\\/rancho-los-estribos-web3-scaled.jpg\",\"width\":2560,\"height\":1440},{\"@type\":\"BreadcrumbList\",\"@id\":\"https:\\\/\\\/infopba247.com.ar\\\/index.php\\\/2025\\\/07\\\/15\\\/mariel-fernandez-inauguro-la-casa-museo-rancho-los-estribos-en-moreno\\\/#breadcrumb\",\"itemListElement\":[{\"@type\":\"ListItem\",\"position\":1,\"name\":\"Portada\",\"item\":\"https:\\\/\\\/infopba247.com.ar\\\/\"},{\"@type\":\"ListItem\",\"position\":2,\"name\":\"Mariel Fern\u00e1ndez inaugur\u00f3 la Casa Museo Rancho Los Estribos en Moreno\"}]},{\"@type\":\"WebSite\",\"@id\":\"https:\\\/\\\/infopba247.com.ar\\\/#website\",\"url\":\"https:\\\/\\\/infopba247.com.ar\\\/\",\"name\":\"InfoPBA247\",\"description\":\"Toda la actualidad bonaerense\",\"publisher\":{\"@id\":\"https:\\\/\\\/infopba247.com.ar\\\/#organization\"},\"potentialAction\":[{\"@type\":\"SearchAction\",\"target\":{\"@type\":\"EntryPoint\",\"urlTemplate\":\"https:\\\/\\\/infopba247.com.ar\\\/?s={search_term_string}\"},\"query-input\":{\"@type\":\"PropertyValueSpecification\",\"valueRequired\":true,\"valueName\":\"search_term_string\"}}],\"inLanguage\":\"es\"},{\"@type\":\"Organization\",\"@id\":\"https:\\\/\\\/infopba247.com.ar\\\/#organization\",\"name\":\"InfoPBA247\",\"url\":\"https:\\\/\\\/infopba247.com.ar\\\/\",\"logo\":{\"@type\":\"ImageObject\",\"inLanguage\":\"es\",\"@id\":\"https:\\\/\\\/infopba247.com.ar\\\/#\\\/schema\\\/logo\\\/image\\\/\",\"url\":\"https:\\\/\\\/infopba247.com.ar\\\/wp-content\\\/uploads\\\/2022\\\/03\\\/cropped-InfoPBA247-1.png\",\"contentUrl\":\"https:\\\/\\\/infopba247.com.ar\\\/wp-content\\\/uploads\\\/2022\\\/03\\\/cropped-InfoPBA247-1.png\",\"width\":500,\"height\":122,\"caption\":\"InfoPBA247\"},\"image\":{\"@id\":\"https:\\\/\\\/infopba247.com.ar\\\/#\\\/schema\\\/logo\\\/image\\\/\"},\"sameAs\":[\"https:\\\/\\\/www.facebook.com\\\/InfoPBA\"]},{\"@type\":\"Person\",\"@id\":\"https:\\\/\\\/infopba247.com.ar\\\/#\\\/schema\\\/person\\\/4975f1343a413e57bf839b3eed0099f2\",\"name\":\"Editor\",\"image\":{\"@type\":\"ImageObject\",\"inLanguage\":\"es\",\"@id\":\"https:\\\/\\\/secure.gravatar.com\\\/avatar\\\/d27fe9520667ca53441d36627a1d6b0fa4a813571ec4803687a7a3a7744685ac?s=96&d=mm&r=g\",\"url\":\"https:\\\/\\\/secure.gravatar.com\\\/avatar\\\/d27fe9520667ca53441d36627a1d6b0fa4a813571ec4803687a7a3a7744685ac?s=96&d=mm&r=g\",\"contentUrl\":\"https:\\\/\\\/secure.gravatar.com\\\/avatar\\\/d27fe9520667ca53441d36627a1d6b0fa4a813571ec4803687a7a3a7744685ac?s=96&d=mm&r=g\",\"caption\":\"Editor\"},\"url\":\"https:\\\/\\\/infopba247.com.ar\\\/index.php\\\/author\\\/editor\\\/\"}]}<\/script>\n<!-- \/ Yoast SEO plugin. -->","yoast_head_json":{"title":"Mariel Fern\u00e1ndez inaugur\u00f3 la Casa Museo Rancho Los Estribos en Moreno - InfoPBA247","robots":{"index":"index","follow":"follow","max-snippet":"max-snippet:-1","max-image-preview":"max-image-preview:large","max-video-preview":"max-video-preview:-1"},"canonical":"https:\/\/infopba247.com.ar\/index.php\/2025\/07\/15\/mariel-fernandez-inauguro-la-casa-museo-rancho-los-estribos-en-moreno\/","og_locale":"es_ES","og_type":"article","og_title":"Mariel Fern\u00e1ndez inaugur\u00f3 la Casa Museo Rancho Los Estribos en Moreno - InfoPBA247","og_description":"La intendenta Mariel Fern\u00e1ndez, encabez\u00f3 la inauguraci\u00f3n de la Casa Museo Rancho Los Estribos, el hist\u00f3rico hogar de Florencio Molina","og_url":"https:\/\/infopba247.com.ar\/index.php\/2025\/07\/15\/mariel-fernandez-inauguro-la-casa-museo-rancho-los-estribos-en-moreno\/","og_site_name":"InfoPBA247","article_publisher":"https:\/\/www.facebook.com\/InfoPBA","article_published_time":"2025-07-15T12:53:40+00:00","article_modified_time":"2025-07-15T12:53:41+00:00","og_image":[{"width":2560,"height":1440,"url":"https:\/\/infopba247.com.ar\/wp-content\/uploads\/2025\/07\/rancho-los-estribos-web3-scaled.jpg","type":"image\/jpeg"}],"author":"Editor","twitter_card":"summary_large_image","twitter_misc":{"Escrito por":"Editor","Tiempo de lectura":"2 minutos"},"schema":{"@context":"https:\/\/schema.org","@graph":[{"@type":"Article","@id":"https:\/\/infopba247.com.ar\/index.php\/2025\/07\/15\/mariel-fernandez-inauguro-la-casa-museo-rancho-los-estribos-en-moreno\/#article","isPartOf":{"@id":"https:\/\/infopba247.com.ar\/index.php\/2025\/07\/15\/mariel-fernandez-inauguro-la-casa-museo-rancho-los-estribos-en-moreno\/"},"author":{"name":"Editor","@id":"https:\/\/infopba247.com.ar\/#\/schema\/person\/4975f1343a413e57bf839b3eed0099f2"},"headline":"Mariel Fern\u00e1ndez inaugur\u00f3 la Casa Museo Rancho Los Estribos en Moreno","datePublished":"2025-07-15T12:53:40+00:00","dateModified":"2025-07-15T12:53:41+00:00","mainEntityOfPage":{"@id":"https:\/\/infopba247.com.ar\/index.php\/2025\/07\/15\/mariel-fernandez-inauguro-la-casa-museo-rancho-los-estribos-en-moreno\/"},"wordCount":424,"commentCount":0,"publisher":{"@id":"https:\/\/infopba247.com.ar\/#organization"},"image":{"@id":"https:\/\/infopba247.com.ar\/index.php\/2025\/07\/15\/mariel-fernandez-inauguro-la-casa-museo-rancho-los-estribos-en-moreno\/#primaryimage"},"thumbnailUrl":"https:\/\/infopba247.com.ar\/wp-content\/uploads\/2025\/07\/rancho-los-estribos-web3-scaled.jpg","articleSection":["1ra Secci\u00f3n","Destacadas","Pol\u00edtica"],"inLanguage":"es","potentialAction":[{"@type":"CommentAction","name":"Comment","target":["https:\/\/infopba247.com.ar\/index.php\/2025\/07\/15\/mariel-fernandez-inauguro-la-casa-museo-rancho-los-estribos-en-moreno\/#respond"]}]},{"@type":"WebPage","@id":"https:\/\/infopba247.com.ar\/index.php\/2025\/07\/15\/mariel-fernandez-inauguro-la-casa-museo-rancho-los-estribos-en-moreno\/","url":"https:\/\/infopba247.com.ar\/index.php\/2025\/07\/15\/mariel-fernandez-inauguro-la-casa-museo-rancho-los-estribos-en-moreno\/","name":"Mariel Fern\u00e1ndez inaugur\u00f3 la Casa Museo Rancho Los Estribos en Moreno - InfoPBA247","isPartOf":{"@id":"https:\/\/infopba247.com.ar\/#website"},"primaryImageOfPage":{"@id":"https:\/\/infopba247.com.ar\/index.php\/2025\/07\/15\/mariel-fernandez-inauguro-la-casa-museo-rancho-los-estribos-en-moreno\/#primaryimage"},"image":{"@id":"https:\/\/infopba247.com.ar\/index.php\/2025\/07\/15\/mariel-fernandez-inauguro-la-casa-museo-rancho-los-estribos-en-moreno\/#primaryimage"},"thumbnailUrl":"https:\/\/infopba247.com.ar\/wp-content\/uploads\/2025\/07\/rancho-los-estribos-web3-scaled.jpg","datePublished":"2025-07-15T12:53:40+00:00","dateModified":"2025-07-15T12:53:41+00:00","breadcrumb":{"@id":"https:\/\/infopba247.com.ar\/index.php\/2025\/07\/15\/mariel-fernandez-inauguro-la-casa-museo-rancho-los-estribos-en-moreno\/#breadcrumb"},"inLanguage":"es","potentialAction":[{"@type":"ReadAction","target":["https:\/\/infopba247.com.ar\/index.php\/2025\/07\/15\/mariel-fernandez-inauguro-la-casa-museo-rancho-los-estribos-en-moreno\/"]}]},{"@type":"ImageObject","inLanguage":"es","@id":"https:\/\/infopba247.com.ar\/index.php\/2025\/07\/15\/mariel-fernandez-inauguro-la-casa-museo-rancho-los-estribos-en-moreno\/#primaryimage","url":"https:\/\/infopba247.com.ar\/wp-content\/uploads\/2025\/07\/rancho-los-estribos-web3-scaled.jpg","contentUrl":"https:\/\/infopba247.com.ar\/wp-content\/uploads\/2025\/07\/rancho-los-estribos-web3-scaled.jpg","width":2560,"height":1440},{"@type":"BreadcrumbList","@id":"https:\/\/infopba247.com.ar\/index.php\/2025\/07\/15\/mariel-fernandez-inauguro-la-casa-museo-rancho-los-estribos-en-moreno\/#breadcrumb","itemListElement":[{"@type":"ListItem","position":1,"name":"Portada","item":"https:\/\/infopba247.com.ar\/"},{"@type":"ListItem","position":2,"name":"Mariel Fern\u00e1ndez inaugur\u00f3 la Casa Museo Rancho Los Estribos en Moreno"}]},{"@type":"WebSite","@id":"https:\/\/infopba247.com.ar\/#website","url":"https:\/\/infopba247.com.ar\/","name":"InfoPBA247","description":"Toda la actualidad bonaerense","publisher":{"@id":"https:\/\/infopba247.com.ar\/#organization"},"potentialAction":[{"@type":"SearchAction","target":{"@type":"EntryPoint","urlTemplate":"https:\/\/infopba247.com.ar\/?s={search_term_string}"},"query-input":{"@type":"PropertyValueSpecification","valueRequired":true,"valueName":"search_term_string"}}],"inLanguage":"es"},{"@type":"Organization","@id":"https:\/\/infopba247.com.ar\/#organization","name":"InfoPBA247","url":"https:\/\/infopba247.com.ar\/","logo":{"@type":"ImageObject","inLanguage":"es","@id":"https:\/\/infopba247.com.ar\/#\/schema\/logo\/image\/","url":"https:\/\/infopba247.com.ar\/wp-content\/uploads\/2022\/03\/cropped-InfoPBA247-1.png","contentUrl":"https:\/\/infopba247.com.ar\/wp-content\/uploads\/2022\/03\/cropped-InfoPBA247-1.png","width":500,"height":122,"caption":"InfoPBA247"},"image":{"@id":"https:\/\/infopba247.com.ar\/#\/schema\/logo\/image\/"},"sameAs":["https:\/\/www.facebook.com\/InfoPBA"]},{"@type":"Person","@id":"https:\/\/infopba247.com.ar\/#\/schema\/person\/4975f1343a413e57bf839b3eed0099f2","name":"Editor","image":{"@type":"ImageObject","inLanguage":"es","@id":"https:\/\/secure.gravatar.com\/avatar\/d27fe9520667ca53441d36627a1d6b0fa4a813571ec4803687a7a3a7744685ac?s=96&d=mm&r=g","url":"https:\/\/secure.gravatar.com\/avatar\/d27fe9520667ca53441d36627a1d6b0fa4a813571ec4803687a7a3a7744685ac?s=96&d=mm&r=g","contentUrl":"https:\/\/secure.gravatar.com\/avatar\/d27fe9520667ca53441d36627a1d6b0fa4a813571ec4803687a7a3a7744685ac?s=96&d=mm&r=g","caption":"Editor"},"url":"https:\/\/infopba247.com.ar\/index.php\/author\/editor\/"}]}},"_links":{"self":[{"href":"https:\/\/infopba247.com.ar\/index.php\/wp-json\/wp\/v2\/posts\/7516","targetHints":{"allow":["GET"]}}],"collection":[{"href":"https:\/\/infopba247.com.ar\/index.php\/wp-json\/wp\/v2\/posts"}],"about":[{"href":"https:\/\/infopba247.com.ar\/index.php\/wp-json\/wp\/v2\/types\/post"}],"author":[{"embeddable":true,"href":"https:\/\/infopba247.com.ar\/index.php\/wp-json\/wp\/v2\/users\/3"}],"replies":[{"embeddable":true,"href":"https:\/\/infopba247.com.ar\/index.php\/wp-json\/wp\/v2\/comments?post=7516"}],"version-history":[{"count":1,"href":"https:\/\/infopba247.com.ar\/index.php\/wp-json\/wp\/v2\/posts\/7516\/revisions"}],"predecessor-version":[{"id":7517,"href":"https:\/\/infopba247.com.ar\/index.php\/wp-json\/wp\/v2\/posts\/7516\/revisions\/7517"}],"wp:featuredmedia":[{"embeddable":true,"href":"https:\/\/infopba247.com.ar\/index.php\/wp-json\/wp\/v2\/media\/7510"}],"wp:attachment":[{"href":"https:\/\/infopba247.com.ar\/index.php\/wp-json\/wp\/v2\/media?parent=7516"}],"wp:term":[{"taxonomy":"category","embeddable":true,"href":"https:\/\/infopba247.com.ar\/index.php\/wp-json\/wp\/v2\/categories?post=7516"},{"taxonomy":"post_tag","embeddable":true,"href":"https:\/\/infopba247.com.ar\/index.php\/wp-json\/wp\/v2\/tags?post=7516"}],"curies":[{"name":"wp","href":"https:\/\/api.w.org\/{rel}","templated":true}]}}