{"id":7504,"date":"2025-07-14T09:12:24","date_gmt":"2025-07-14T12:12:24","guid":{"rendered":"https:\/\/infopba247.com.ar\/?p=7504"},"modified":"2025-07-14T09:12:25","modified_gmt":"2025-07-14T12:12:25","slug":"elecciones-bonaerenses-cuales-son-las-10-alianzas-que-competiran-el-7-de-septiembre","status":"publish","type":"post","link":"https:\/\/infopba247.com.ar\/index.php\/2025\/07\/14\/elecciones-bonaerenses-cuales-son-las-10-alianzas-que-competiran-el-7-de-septiembre\/","title":{"rendered":"Elecciones bonaerenses: cu\u00e1les son las 10 alianzas que competir\u00e1n el 7 de septiembre"},"content":{"rendered":"\n<p>Con el cierre del plazo para la presentaci\u00f3n de frentes electorales ante la Justicia Electoral, quedaron definidas las alianzas pol\u00edticas que competir\u00e1n en las elecciones legislativas de la provincia de Buenos Aires el pr\u00f3ximo 7 de septiembre. El 19 de julio vence el plazo para la presentaci\u00f3n de listas.<\/p>\n\n\n\n<p>Estas son las coaliciones que participar\u00e1n de los comicios provinciales, en los que se renovar\u00e1n 46 bancas de la Legislatura bonaerense.<\/p>\n\n\n\n<p>Fuerza Patria<\/p>\n\n\n\n<p>Espacio oficialista del peronismo bonaerense.<\/p>\n\n\n\n<p>Integrado por el PJ, Frente Renovador, La C\u00e1mpora, Frente Grande, Kolina, Unidad Popular, Patria de los Comunes, entre otros.<\/p>\n\n\n\n<p>Fue acordado por Axel Kicillof, M\u00e1ximo Kirchner y Sergio Massa.<\/p>\n\n\n\n<p>Junta electoral: Carlos Bianco, Leo Nardini y Rub\u00e9n Eslaiman.<\/p>\n\n\n\n<p>Deja atr\u00e1s las marcas \u201cFrente de Todos\u201d y \u201cUni\u00f3n por la Patria\u201d.<\/p>\n\n\n\n<p>Frente La Libertad Avanza<\/p>\n\n\n\n<p>Alianza entre La Libertad Avanza y el PRO.<\/p>\n\n\n\n<p>Firmada por Sebasti\u00e1n Pareja (por LLA) y Cristian Ritondo (por el PRO).<\/p>\n\n\n\n<p>Participaron del acto: Karina Milei, Mart\u00edn Menem, Diego Santilli y Guillermo Montenegro.<\/p>\n\n\n\n<p>Usar\u00e1 la boleta violeta.<\/p>\n\n\n\n<p>Lema de campa\u00f1a: \u201cEs kirchnerismo o libertad\u201d.<\/p>\n\n\n\n<p>Somos Buenos Aires<\/p>\n\n\n\n<p>Frente con eje en la Uni\u00f3n C\u00edvica Radical.<\/p>\n\n\n\n<p>Incluye a Hacemos por Nuestro Pa\u00eds, Coalici\u00f3n C\u00edvica, Partido del Di\u00e1logo, GEN, Partido Socialista, Para Adelante y partidos vecinales.<\/p>\n\n\n\n<p>Tambi\u00e9n participan intendentes como Fernando Gray, Julio Zamora y Guillermo Britos, y el senador Joaqu\u00edn De la Torre.<\/p>\n\n\n\n<p>Propone una alternativa moderada y democr\u00e1tica, lejos de los extremos.<\/p>\n\n\n\n<p>Frente de Izquierda y de Trabajadores \u2013 Unidad (FIT-U)<\/p>\n\n\n\n<p>Integrado por el Partido Obrero (PO), PTS, MST e Izquierda Socialista.<\/p>\n\n\n\n<p>Candidaturas destacadas: Nicol\u00e1s del Ca\u00f1o (Tercera Secci\u00f3n) y Romina del Pl\u00e1 (Primera Secci\u00f3n).<\/p>\n\n\n\n<p>Se present\u00f3 en un acto con militancia y una olla popular.<\/p>\n\n\n\n<p>Competir\u00e1 de forma separada del Nuevo MAS.<\/p>\n\n\n\n<p>Nuevo MAS<\/p>\n\n\n\n<p>Competir\u00e1 por fuera del FIT-U.<\/p>\n\n\n\n<p>Liderado por Manuela Casta\u00f1eira.<\/p>\n\n\n\n<p>Denunci\u00f3 falta de respuesta a su propuesta de unidad.<\/p>\n\n\n\n<p>Presentar\u00e1 listas propias.<\/p>\n\n\n\n<p>Nuevos Aires<\/p>\n\n\n\n<p>Espacio formado por Renovador Federal y Uni\u00f3n Celeste y Blanco.<\/p>\n\n\n\n<p>Libertarios disidentes, exaliados de La Libertad Avanza.<\/p>\n\n\n\n<p>Principales referentes: Luc\u00eda G\u00f3mez, Gustavo Cuervo y Fabi\u00e1n Luayza Troncozo.<\/p>\n\n\n\n<p>Potencia BA<\/p>\n\n\n\n<p>Alianza entre el MID (Movimiento de Integraci\u00f3n y Desarrollo) y UNIR.<\/p>\n\n\n\n<p>Dirigida por Mar\u00eda Eugenia Talerico (exfuncionaria del gobierno de Macri).<\/p>\n\n\n\n<p>A nivel nacional, su figura m\u00e1s conocida es el diputado Oscar Zago.<\/p>\n\n\n\n<p>Se definen como antikirchneristas y contrarios a \u201clos pol\u00edticos de siempre\u201d.<\/p>\n\n\n\n<p>Pol\u00edtica Obrera<\/p>\n\n\n\n<p>Espacio de izquierda liderado por Jorge Altamira, ex l\u00edder del Partido Obrero que rompi\u00f3 con el espacio en 2019.<\/p>\n\n\n\n<p>Marcelo Ramal, docente universitario, exlegislador y dirigente de Pol\u00edtica Obrera, encabezar\u00e1 la lista de diputados en la 3\u00aa secci\u00f3n electoral, junto a Mariela Arri, profesora de teatro y delegada del SUTEBA La Matanza. Pablo Busch, trabajador de la Alimentaci\u00f3n y organizador de la oposici\u00f3n en ese sindicato a trav\u00e9s de la Agrupaci\u00f3n Naranja, ser\u00e1 el primer candidato a Senador por la primera secci\u00f3n, junto a Patricia Urones, delegada docente en Merlo.<\/p>\n\n\n\n<p>Es con vos, es con nosotros<\/p>\n\n\n\n<p>Frente conformado por Encuentro Republicano Federal y Uni\u00f3n Popular Federal.<\/p>\n\n\n\n<p>Impulsado por dirigentes de ambos partidos, aunque Miguel \u00c1ngel Pichetto no dio su aval.<\/p>\n\n\n\n<p>Participaci\u00f3n destacada de Graciela Devita, presidenta del partido en Buenos Aires.<\/p>\n\n\n\n<p>Frente Liberal Bonaerense<\/p>\n\n\n\n<p>Se trata de otro espacio libertario \u00abblue\u00bb que re\u00fane a Uni\u00f3n Liberal, ex UCeDe, y a otros dirigentes de la pol\u00edtica libertaria, y publicamente aseguran tener el apoyo de Javier Milei.<\/p>\n\n\n\n<p>Tambi\u00e9n est\u00e1 integrado por dirigentes de Avanza Libertad, del Partido Dem\u00f3crata, y de otros sectores como autonomistas, republicanos y vecinalistas.<\/p>\n","protected":false},"excerpt":{"rendered":"<p>Con el cierre del plazo para la presentaci\u00f3n de frentes electorales ante la Justicia Electoral, quedaron definidas las alianzas pol\u00edticas<\/p>\n","protected":false},"author":3,"featured_media":7496,"comment_status":"open","ping_status":"open","sticky":false,"template":"","format":"standard","meta":{"colormag_page_container_layout":"default_layout","colormag_page_sidebar_layout":"default_layout","footnotes":""},"categories":[1,14],"tags":[],"class_list":["post-7504","post","type-post","status-publish","format-standard","has-post-thumbnail","hentry","category-destacadas","category-politica"],"yoast_head":"<!-- This site is optimized with the Yoast SEO plugin v27.4 - https:\/\/yoast.com\/product\/yoast-seo-wordpress\/ -->\n<title>Elecciones bonaerenses: cu\u00e1les son las 10 alianzas que competir\u00e1n el 7 de septiembre - InfoPBA247<\/title>\n<meta name=\"robots\" content=\"index, follow, max-snippet:-1, max-image-preview:large, max-video-preview:-1\" \/>\n<link rel=\"canonical\" href=\"https:\/\/infopba247.com.ar\/index.php\/2025\/07\/14\/elecciones-bonaerenses-cuales-son-las-10-alianzas-que-competiran-el-7-de-septiembre\/\" \/>\n<meta property=\"og:locale\" content=\"es_ES\" \/>\n<meta property=\"og:type\" content=\"article\" \/>\n<meta property=\"og:title\" content=\"Elecciones bonaerenses: cu\u00e1les son las 10 alianzas que competir\u00e1n el 7 de septiembre - InfoPBA247\" \/>\n<meta property=\"og:description\" content=\"Con el cierre del plazo para la presentaci\u00f3n de frentes electorales ante la Justicia Electoral, quedaron definidas las alianzas pol\u00edticas\" \/>\n<meta property=\"og:url\" content=\"https:\/\/infopba247.com.ar\/index.php\/2025\/07\/14\/elecciones-bonaerenses-cuales-son-las-10-alianzas-que-competiran-el-7-de-septiembre\/\" \/>\n<meta property=\"og:site_name\" content=\"InfoPBA247\" \/>\n<meta property=\"article:publisher\" content=\"https:\/\/www.facebook.com\/InfoPBA\" \/>\n<meta property=\"article:published_time\" content=\"2025-07-14T12:12:24+00:00\" \/>\n<meta property=\"article:modified_time\" content=\"2025-07-14T12:12:25+00:00\" \/>\n<meta property=\"og:image\" content=\"https:\/\/infopba247.com.ar\/wp-content\/uploads\/2025\/07\/frentes-electorales.jpg\" \/>\n\t<meta property=\"og:image:width\" content=\"1300\" \/>\n\t<meta property=\"og:image:height\" content=\"783\" \/>\n\t<meta property=\"og:image:type\" content=\"image\/jpeg\" \/>\n<meta name=\"author\" content=\"Editor\" \/>\n<meta name=\"twitter:card\" content=\"summary_large_image\" \/>\n<meta name=\"twitter:label1\" content=\"Escrito por\" \/>\n\t<meta name=\"twitter:data1\" content=\"Editor\" \/>\n\t<meta name=\"twitter:label2\" content=\"Tiempo de lectura\" \/>\n\t<meta name=\"twitter:data2\" content=\"3 minutos\" \/>\n<script type=\"application\/ld+json\" class=\"yoast-schema-graph\">{\"@context\":\"https:\\\/\\\/schema.org\",\"@graph\":[{\"@type\":\"Article\",\"@id\":\"https:\\\/\\\/infopba247.com.ar\\\/index.php\\\/2025\\\/07\\\/14\\\/elecciones-bonaerenses-cuales-son-las-10-alianzas-que-competiran-el-7-de-septiembre\\\/#article\",\"isPartOf\":{\"@id\":\"https:\\\/\\\/infopba247.com.ar\\\/index.php\\\/2025\\\/07\\\/14\\\/elecciones-bonaerenses-cuales-son-las-10-alianzas-que-competiran-el-7-de-septiembre\\\/\"},\"author\":{\"name\":\"Editor\",\"@id\":\"https:\\\/\\\/infopba247.com.ar\\\/#\\\/schema\\\/person\\\/4975f1343a413e57bf839b3eed0099f2\"},\"headline\":\"Elecciones bonaerenses: cu\u00e1les son las 10 alianzas que competir\u00e1n el 7 de septiembre\",\"datePublished\":\"2025-07-14T12:12:24+00:00\",\"dateModified\":\"2025-07-14T12:12:25+00:00\",\"mainEntityOfPage\":{\"@id\":\"https:\\\/\\\/infopba247.com.ar\\\/index.php\\\/2025\\\/07\\\/14\\\/elecciones-bonaerenses-cuales-son-las-10-alianzas-que-competiran-el-7-de-septiembre\\\/\"},\"wordCount\":628,\"commentCount\":0,\"publisher\":{\"@id\":\"https:\\\/\\\/infopba247.com.ar\\\/#organization\"},\"image\":{\"@id\":\"https:\\\/\\\/infopba247.com.ar\\\/index.php\\\/2025\\\/07\\\/14\\\/elecciones-bonaerenses-cuales-son-las-10-alianzas-que-competiran-el-7-de-septiembre\\\/#primaryimage\"},\"thumbnailUrl\":\"https:\\\/\\\/infopba247.com.ar\\\/wp-content\\\/uploads\\\/2025\\\/07\\\/frentes-electorales.jpg\",\"articleSection\":[\"Destacadas\",\"Pol\u00edtica\"],\"inLanguage\":\"es\",\"potentialAction\":[{\"@type\":\"CommentAction\",\"name\":\"Comment\",\"target\":[\"https:\\\/\\\/infopba247.com.ar\\\/index.php\\\/2025\\\/07\\\/14\\\/elecciones-bonaerenses-cuales-son-las-10-alianzas-que-competiran-el-7-de-septiembre\\\/#respond\"]}]},{\"@type\":\"WebPage\",\"@id\":\"https:\\\/\\\/infopba247.com.ar\\\/index.php\\\/2025\\\/07\\\/14\\\/elecciones-bonaerenses-cuales-son-las-10-alianzas-que-competiran-el-7-de-septiembre\\\/\",\"url\":\"https:\\\/\\\/infopba247.com.ar\\\/index.php\\\/2025\\\/07\\\/14\\\/elecciones-bonaerenses-cuales-son-las-10-alianzas-que-competiran-el-7-de-septiembre\\\/\",\"name\":\"Elecciones bonaerenses: cu\u00e1les son las 10 alianzas que competir\u00e1n el 7 de septiembre - InfoPBA247\",\"isPartOf\":{\"@id\":\"https:\\\/\\\/infopba247.com.ar\\\/#website\"},\"primaryImageOfPage\":{\"@id\":\"https:\\\/\\\/infopba247.com.ar\\\/index.php\\\/2025\\\/07\\\/14\\\/elecciones-bonaerenses-cuales-son-las-10-alianzas-que-competiran-el-7-de-septiembre\\\/#primaryimage\"},\"image\":{\"@id\":\"https:\\\/\\\/infopba247.com.ar\\\/index.php\\\/2025\\\/07\\\/14\\\/elecciones-bonaerenses-cuales-son-las-10-alianzas-que-competiran-el-7-de-septiembre\\\/#primaryimage\"},\"thumbnailUrl\":\"https:\\\/\\\/infopba247.com.ar\\\/wp-content\\\/uploads\\\/2025\\\/07\\\/frentes-electorales.jpg\",\"datePublished\":\"2025-07-14T12:12:24+00:00\",\"dateModified\":\"2025-07-14T12:12:25+00:00\",\"breadcrumb\":{\"@id\":\"https:\\\/\\\/infopba247.com.ar\\\/index.php\\\/2025\\\/07\\\/14\\\/elecciones-bonaerenses-cuales-son-las-10-alianzas-que-competiran-el-7-de-septiembre\\\/#breadcrumb\"},\"inLanguage\":\"es\",\"potentialAction\":[{\"@type\":\"ReadAction\",\"target\":[\"https:\\\/\\\/infopba247.com.ar\\\/index.php\\\/2025\\\/07\\\/14\\\/elecciones-bonaerenses-cuales-son-las-10-alianzas-que-competiran-el-7-de-septiembre\\\/\"]}]},{\"@type\":\"ImageObject\",\"inLanguage\":\"es\",\"@id\":\"https:\\\/\\\/infopba247.com.ar\\\/index.php\\\/2025\\\/07\\\/14\\\/elecciones-bonaerenses-cuales-son-las-10-alianzas-que-competiran-el-7-de-septiembre\\\/#primaryimage\",\"url\":\"https:\\\/\\\/infopba247.com.ar\\\/wp-content\\\/uploads\\\/2025\\\/07\\\/frentes-electorales.jpg\",\"contentUrl\":\"https:\\\/\\\/infopba247.com.ar\\\/wp-content\\\/uploads\\\/2025\\\/07\\\/frentes-electorales.jpg\",\"width\":1300,\"height\":783},{\"@type\":\"BreadcrumbList\",\"@id\":\"https:\\\/\\\/infopba247.com.ar\\\/index.php\\\/2025\\\/07\\\/14\\\/elecciones-bonaerenses-cuales-son-las-10-alianzas-que-competiran-el-7-de-septiembre\\\/#breadcrumb\",\"itemListElement\":[{\"@type\":\"ListItem\",\"position\":1,\"name\":\"Portada\",\"item\":\"https:\\\/\\\/infopba247.com.ar\\\/\"},{\"@type\":\"ListItem\",\"position\":2,\"name\":\"Elecciones bonaerenses: cu\u00e1les son las 10 alianzas que competir\u00e1n el 7 de septiembre\"}]},{\"@type\":\"WebSite\",\"@id\":\"https:\\\/\\\/infopba247.com.ar\\\/#website\",\"url\":\"https:\\\/\\\/infopba247.com.ar\\\/\",\"name\":\"InfoPBA247\",\"description\":\"Toda la actualidad bonaerense\",\"publisher\":{\"@id\":\"https:\\\/\\\/infopba247.com.ar\\\/#organization\"},\"potentialAction\":[{\"@type\":\"SearchAction\",\"target\":{\"@type\":\"EntryPoint\",\"urlTemplate\":\"https:\\\/\\\/infopba247.com.ar\\\/?s={search_term_string}\"},\"query-input\":{\"@type\":\"PropertyValueSpecification\",\"valueRequired\":true,\"valueName\":\"search_term_string\"}}],\"inLanguage\":\"es\"},{\"@type\":\"Organization\",\"@id\":\"https:\\\/\\\/infopba247.com.ar\\\/#organization\",\"name\":\"InfoPBA247\",\"url\":\"https:\\\/\\\/infopba247.com.ar\\\/\",\"logo\":{\"@type\":\"ImageObject\",\"inLanguage\":\"es\",\"@id\":\"https:\\\/\\\/infopba247.com.ar\\\/#\\\/schema\\\/logo\\\/image\\\/\",\"url\":\"https:\\\/\\\/infopba247.com.ar\\\/wp-content\\\/uploads\\\/2022\\\/03\\\/cropped-InfoPBA247-1.png\",\"contentUrl\":\"https:\\\/\\\/infopba247.com.ar\\\/wp-content\\\/uploads\\\/2022\\\/03\\\/cropped-InfoPBA247-1.png\",\"width\":500,\"height\":122,\"caption\":\"InfoPBA247\"},\"image\":{\"@id\":\"https:\\\/\\\/infopba247.com.ar\\\/#\\\/schema\\\/logo\\\/image\\\/\"},\"sameAs\":[\"https:\\\/\\\/www.facebook.com\\\/InfoPBA\"]},{\"@type\":\"Person\",\"@id\":\"https:\\\/\\\/infopba247.com.ar\\\/#\\\/schema\\\/person\\\/4975f1343a413e57bf839b3eed0099f2\",\"name\":\"Editor\",\"image\":{\"@type\":\"ImageObject\",\"inLanguage\":\"es\",\"@id\":\"https:\\\/\\\/secure.gravatar.com\\\/avatar\\\/d27fe9520667ca53441d36627a1d6b0fa4a813571ec4803687a7a3a7744685ac?s=96&d=mm&r=g\",\"url\":\"https:\\\/\\\/secure.gravatar.com\\\/avatar\\\/d27fe9520667ca53441d36627a1d6b0fa4a813571ec4803687a7a3a7744685ac?s=96&d=mm&r=g\",\"contentUrl\":\"https:\\\/\\\/secure.gravatar.com\\\/avatar\\\/d27fe9520667ca53441d36627a1d6b0fa4a813571ec4803687a7a3a7744685ac?s=96&d=mm&r=g\",\"caption\":\"Editor\"},\"url\":\"https:\\\/\\\/infopba247.com.ar\\\/index.php\\\/author\\\/editor\\\/\"}]}<\/script>\n<!-- \/ Yoast SEO plugin. -->","yoast_head_json":{"title":"Elecciones bonaerenses: cu\u00e1les son las 10 alianzas que competir\u00e1n el 7 de septiembre - InfoPBA247","robots":{"index":"index","follow":"follow","max-snippet":"max-snippet:-1","max-image-preview":"max-image-preview:large","max-video-preview":"max-video-preview:-1"},"canonical":"https:\/\/infopba247.com.ar\/index.php\/2025\/07\/14\/elecciones-bonaerenses-cuales-son-las-10-alianzas-que-competiran-el-7-de-septiembre\/","og_locale":"es_ES","og_type":"article","og_title":"Elecciones bonaerenses: cu\u00e1les son las 10 alianzas que competir\u00e1n el 7 de septiembre - InfoPBA247","og_description":"Con el cierre del plazo para la presentaci\u00f3n de frentes electorales ante la Justicia Electoral, quedaron definidas las alianzas pol\u00edticas","og_url":"https:\/\/infopba247.com.ar\/index.php\/2025\/07\/14\/elecciones-bonaerenses-cuales-son-las-10-alianzas-que-competiran-el-7-de-septiembre\/","og_site_name":"InfoPBA247","article_publisher":"https:\/\/www.facebook.com\/InfoPBA","article_published_time":"2025-07-14T12:12:24+00:00","article_modified_time":"2025-07-14T12:12:25+00:00","og_image":[{"width":1300,"height":783,"url":"https:\/\/infopba247.com.ar\/wp-content\/uploads\/2025\/07\/frentes-electorales.jpg","type":"image\/jpeg"}],"author":"Editor","twitter_card":"summary_large_image","twitter_misc":{"Escrito por":"Editor","Tiempo de lectura":"3 minutos"},"schema":{"@context":"https:\/\/schema.org","@graph":[{"@type":"Article","@id":"https:\/\/infopba247.com.ar\/index.php\/2025\/07\/14\/elecciones-bonaerenses-cuales-son-las-10-alianzas-que-competiran-el-7-de-septiembre\/#article","isPartOf":{"@id":"https:\/\/infopba247.com.ar\/index.php\/2025\/07\/14\/elecciones-bonaerenses-cuales-son-las-10-alianzas-que-competiran-el-7-de-septiembre\/"},"author":{"name":"Editor","@id":"https:\/\/infopba247.com.ar\/#\/schema\/person\/4975f1343a413e57bf839b3eed0099f2"},"headline":"Elecciones bonaerenses: cu\u00e1les son las 10 alianzas que competir\u00e1n el 7 de septiembre","datePublished":"2025-07-14T12:12:24+00:00","dateModified":"2025-07-14T12:12:25+00:00","mainEntityOfPage":{"@id":"https:\/\/infopba247.com.ar\/index.php\/2025\/07\/14\/elecciones-bonaerenses-cuales-son-las-10-alianzas-que-competiran-el-7-de-septiembre\/"},"wordCount":628,"commentCount":0,"publisher":{"@id":"https:\/\/infopba247.com.ar\/#organization"},"image":{"@id":"https:\/\/infopba247.com.ar\/index.php\/2025\/07\/14\/elecciones-bonaerenses-cuales-son-las-10-alianzas-que-competiran-el-7-de-septiembre\/#primaryimage"},"thumbnailUrl":"https:\/\/infopba247.com.ar\/wp-content\/uploads\/2025\/07\/frentes-electorales.jpg","articleSection":["Destacadas","Pol\u00edtica"],"inLanguage":"es","potentialAction":[{"@type":"CommentAction","name":"Comment","target":["https:\/\/infopba247.com.ar\/index.php\/2025\/07\/14\/elecciones-bonaerenses-cuales-son-las-10-alianzas-que-competiran-el-7-de-septiembre\/#respond"]}]},{"@type":"WebPage","@id":"https:\/\/infopba247.com.ar\/index.php\/2025\/07\/14\/elecciones-bonaerenses-cuales-son-las-10-alianzas-que-competiran-el-7-de-septiembre\/","url":"https:\/\/infopba247.com.ar\/index.php\/2025\/07\/14\/elecciones-bonaerenses-cuales-son-las-10-alianzas-que-competiran-el-7-de-septiembre\/","name":"Elecciones bonaerenses: cu\u00e1les son las 10 alianzas que competir\u00e1n el 7 de septiembre - InfoPBA247","isPartOf":{"@id":"https:\/\/infopba247.com.ar\/#website"},"primaryImageOfPage":{"@id":"https:\/\/infopba247.com.ar\/index.php\/2025\/07\/14\/elecciones-bonaerenses-cuales-son-las-10-alianzas-que-competiran-el-7-de-septiembre\/#primaryimage"},"image":{"@id":"https:\/\/infopba247.com.ar\/index.php\/2025\/07\/14\/elecciones-bonaerenses-cuales-son-las-10-alianzas-que-competiran-el-7-de-septiembre\/#primaryimage"},"thumbnailUrl":"https:\/\/infopba247.com.ar\/wp-content\/uploads\/2025\/07\/frentes-electorales.jpg","datePublished":"2025-07-14T12:12:24+00:00","dateModified":"2025-07-14T12:12:25+00:00","breadcrumb":{"@id":"https:\/\/infopba247.com.ar\/index.php\/2025\/07\/14\/elecciones-bonaerenses-cuales-son-las-10-alianzas-que-competiran-el-7-de-septiembre\/#breadcrumb"},"inLanguage":"es","potentialAction":[{"@type":"ReadAction","target":["https:\/\/infopba247.com.ar\/index.php\/2025\/07\/14\/elecciones-bonaerenses-cuales-son-las-10-alianzas-que-competiran-el-7-de-septiembre\/"]}]},{"@type":"ImageObject","inLanguage":"es","@id":"https:\/\/infopba247.com.ar\/index.php\/2025\/07\/14\/elecciones-bonaerenses-cuales-son-las-10-alianzas-que-competiran-el-7-de-septiembre\/#primaryimage","url":"https:\/\/infopba247.com.ar\/wp-content\/uploads\/2025\/07\/frentes-electorales.jpg","contentUrl":"https:\/\/infopba247.com.ar\/wp-content\/uploads\/2025\/07\/frentes-electorales.jpg","width":1300,"height":783},{"@type":"BreadcrumbList","@id":"https:\/\/infopba247.com.ar\/index.php\/2025\/07\/14\/elecciones-bonaerenses-cuales-son-las-10-alianzas-que-competiran-el-7-de-septiembre\/#breadcrumb","itemListElement":[{"@type":"ListItem","position":1,"name":"Portada","item":"https:\/\/infopba247.com.ar\/"},{"@type":"ListItem","position":2,"name":"Elecciones bonaerenses: cu\u00e1les son las 10 alianzas que competir\u00e1n el 7 de septiembre"}]},{"@type":"WebSite","@id":"https:\/\/infopba247.com.ar\/#website","url":"https:\/\/infopba247.com.ar\/","name":"InfoPBA247","description":"Toda la actualidad bonaerense","publisher":{"@id":"https:\/\/infopba247.com.ar\/#organization"},"potentialAction":[{"@type":"SearchAction","target":{"@type":"EntryPoint","urlTemplate":"https:\/\/infopba247.com.ar\/?s={search_term_string}"},"query-input":{"@type":"PropertyValueSpecification","valueRequired":true,"valueName":"search_term_string"}}],"inLanguage":"es"},{"@type":"Organization","@id":"https:\/\/infopba247.com.ar\/#organization","name":"InfoPBA247","url":"https:\/\/infopba247.com.ar\/","logo":{"@type":"ImageObject","inLanguage":"es","@id":"https:\/\/infopba247.com.ar\/#\/schema\/logo\/image\/","url":"https:\/\/infopba247.com.ar\/wp-content\/uploads\/2022\/03\/cropped-InfoPBA247-1.png","contentUrl":"https:\/\/infopba247.com.ar\/wp-content\/uploads\/2022\/03\/cropped-InfoPBA247-1.png","width":500,"height":122,"caption":"InfoPBA247"},"image":{"@id":"https:\/\/infopba247.com.ar\/#\/schema\/logo\/image\/"},"sameAs":["https:\/\/www.facebook.com\/InfoPBA"]},{"@type":"Person","@id":"https:\/\/infopba247.com.ar\/#\/schema\/person\/4975f1343a413e57bf839b3eed0099f2","name":"Editor","image":{"@type":"ImageObject","inLanguage":"es","@id":"https:\/\/secure.gravatar.com\/avatar\/d27fe9520667ca53441d36627a1d6b0fa4a813571ec4803687a7a3a7744685ac?s=96&d=mm&r=g","url":"https:\/\/secure.gravatar.com\/avatar\/d27fe9520667ca53441d36627a1d6b0fa4a813571ec4803687a7a3a7744685ac?s=96&d=mm&r=g","contentUrl":"https:\/\/secure.gravatar.com\/avatar\/d27fe9520667ca53441d36627a1d6b0fa4a813571ec4803687a7a3a7744685ac?s=96&d=mm&r=g","caption":"Editor"},"url":"https:\/\/infopba247.com.ar\/index.php\/author\/editor\/"}]}},"_links":{"self":[{"href":"https:\/\/infopba247.com.ar\/index.php\/wp-json\/wp\/v2\/posts\/7504","targetHints":{"allow":["GET"]}}],"collection":[{"href":"https:\/\/infopba247.com.ar\/index.php\/wp-json\/wp\/v2\/posts"}],"about":[{"href":"https:\/\/infopba247.com.ar\/index.php\/wp-json\/wp\/v2\/types\/post"}],"author":[{"embeddable":true,"href":"https:\/\/infopba247.com.ar\/index.php\/wp-json\/wp\/v2\/users\/3"}],"replies":[{"embeddable":true,"href":"https:\/\/infopba247.com.ar\/index.php\/wp-json\/wp\/v2\/comments?post=7504"}],"version-history":[{"count":1,"href":"https:\/\/infopba247.com.ar\/index.php\/wp-json\/wp\/v2\/posts\/7504\/revisions"}],"predecessor-version":[{"id":7505,"href":"https:\/\/infopba247.com.ar\/index.php\/wp-json\/wp\/v2\/posts\/7504\/revisions\/7505"}],"wp:featuredmedia":[{"embeddable":true,"href":"https:\/\/infopba247.com.ar\/index.php\/wp-json\/wp\/v2\/media\/7496"}],"wp:attachment":[{"href":"https:\/\/infopba247.com.ar\/index.php\/wp-json\/wp\/v2\/media?parent=7504"}],"wp:term":[{"taxonomy":"category","embeddable":true,"href":"https:\/\/infopba247.com.ar\/index.php\/wp-json\/wp\/v2\/categories?post=7504"},{"taxonomy":"post_tag","embeddable":true,"href":"https:\/\/infopba247.com.ar\/index.php\/wp-json\/wp\/v2\/tags?post=7504"}],"curies":[{"name":"wp","href":"https:\/\/api.w.org\/{rel}","templated":true}]}}