{"id":749,"date":"2022-09-22T11:04:00","date_gmt":"2022-09-22T14:04:00","guid":{"rendered":"https:\/\/infopba247.com.ar\/?p=749"},"modified":"2022-09-29T11:04:59","modified_gmt":"2022-09-29T14:04:59","slug":"50-mil-personas-vibraron-en-el-festival-urbano-de-moreno","status":"publish","type":"post","link":"https:\/\/infopba247.com.ar\/index.php\/2022\/09\/22\/50-mil-personas-vibraron-en-el-festival-urbano-de-moreno\/","title":{"rendered":"50 MIL PERSONAS VIBRARON EN EL FESTIVAL URBANO DE MORENO"},"content":{"rendered":"\n<p><em>Nicki Nicole coron\u00f3 el festejo por el d\u00eda de la primavera, donde tambi\u00e9n se presentaron artistas emergentes de m\u00fasica urbana<\/em><\/p>\n\n\n\n<p>El mi\u00e9rcoles 21 de septiembre en la Plaza Buj\u00e1n se llev\u00f3 a cabo la tercera edici\u00f3n del Festival Urbano (FU) de Moreno donde artistas destacados, tanto de la escena internacional como local, se presentaron ante 50 mil personas que disfrutaron de un d\u00eda a pura cultura urbana.<\/p>\n\n\n\n<p>El FU es una iniciativa del Municipio de Moreno y su intendenta Mariel Fern\u00e1ndez, que tiene como objetivo acercar al pueblo de Moreno, de forma libre y gratuita, espect\u00e1culos de primer nivel y apoyar a las y los j\u00f3venes artistas morenenses que comparten el mismo escenario con artistas consagrados.<\/p>\n\n\n\n<p>Desde las 16 horas el FU comenz\u00f3 con las presentaciones en vivo de las y los artistas emergentes Don Real, Mendo, Tizi Shi, Dec Anc, Skan, Tuviyanya, El Roper y Activista, Mary Jane, Nancy Arts, Alquimistas de Barro y Shitstem. El cierre estuvo a cargo del rapero argentino, Bandido, el representante emblem\u00e1tico del rap en Venezuela, Akapellah y la gran referenta de m\u00fasica urbana argentina, Nicki Nicole.<\/p>\n\n\n\n<p>\u201cNos da mucha felicidad ver disfrutar a todas y todos. La gente est\u00e1 muy agradecida porque comprenden que no es solamente un recital, sino que es parte de una pol\u00edtica p\u00fablica municipal\u201d asegur\u00f3 Mariel Fern\u00e1ndez y explic\u00f3 que \u201cDurante la pandemia el contexto de encierro para las y los j\u00f3venes ha sido muy dif\u00edcil entonces pensamos como traerles momentos de felicidad adem\u00e1s de las distintas pol\u00edticas que tiene el Municipio para la juventud, como el acompa\u00f1amiento para el desarrollo de la cultura urbana. En las distintas localidades de Moreno vamos trabajando la tem\u00e1tica de m\u00fasica urbana y hoy las y los artistas tuvieron la oportunidad de ser teloneros de Nicki Nicole.\u201d<\/p>\n\n\n\n<p>\u201cEstamos ante un espect\u00e1culo con miles de personas, de pibes, de pibas, y esto es gratis porque hay una decisi\u00f3n del Estado provincial y municipal de defender la idea de que la cultura es un derecho. No es una mercanc\u00eda que simplemente se compra y se vende, el que puede comprar la compra y el que no se queda afuera. La cultura un derecho donde tenemos que entrar todas y todos\u201d afirm\u00f3 la presidenta del Instituto Cultural de la Provincia de Buenos Aires, Florencia Saintout, quien tambi\u00e9n estuvo presente durante el Festival.&nbsp;<\/p>\n\n\n\n<p>Durante la jornada tambi\u00e9n se realiz\u00f3 expo de grafitti en vivo, exhibici\u00f3n de freestyle, expo de tatuajes, belleza de manos, trenzas y barber\u00eda y miles de ni\u00f1as, ni\u00f1os y j\u00f3venes disfrutaron de un \u00e1rea de juegos virtuales. Adem\u00e1s, hubo sector gastron\u00f3mico y feria con m\u00e1s de 25 stands de emprendedoras y emprendedores locales que ofrecieron una amplia variedad de productos y servicios.&nbsp;<\/p>\n\n\n\n<p>Una vez m\u00e1s el evento m\u00e1s importante y multitudinario de la cultura urbana en la zona oeste de la Provincia de Buenos Aires ofreci\u00f3 un impactante Festival para el disfrute de miles de familias, ni\u00f1as, ni\u00f1os y j\u00f3venes.<\/p>\n","protected":false},"excerpt":{"rendered":"<p>Nicki Nicole coron\u00f3 el festejo por el d\u00eda de la primavera, donde tambi\u00e9n se presentaron artistas emergentes de m\u00fasica urbana<\/p>\n","protected":false},"author":3,"featured_media":750,"comment_status":"closed","ping_status":"closed","sticky":false,"template":"","format":"standard","meta":{"colormag_page_container_layout":"default_layout","colormag_page_sidebar_layout":"default_layout","footnotes":""},"categories":[5],"tags":[],"class_list":["post-749","post","type-post","status-publish","format-standard","has-post-thumbnail","hentry","category-1ra-seccion"],"yoast_head":"<!-- This site is optimized with the Yoast SEO plugin v27.4 - https:\/\/yoast.com\/product\/yoast-seo-wordpress\/ -->\n<title>50 MIL PERSONAS VIBRARON EN EL FESTIVAL URBANO DE MORENO - InfoPBA247<\/title>\n<meta name=\"robots\" content=\"index, follow, max-snippet:-1, max-image-preview:large, max-video-preview:-1\" \/>\n<link rel=\"canonical\" href=\"https:\/\/infopba247.com.ar\/index.php\/2022\/09\/22\/50-mil-personas-vibraron-en-el-festival-urbano-de-moreno\/\" \/>\n<meta property=\"og:locale\" content=\"es_ES\" \/>\n<meta property=\"og:type\" content=\"article\" \/>\n<meta property=\"og:title\" content=\"50 MIL PERSONAS VIBRARON EN EL FESTIVAL URBANO DE MORENO - InfoPBA247\" \/>\n<meta property=\"og:description\" content=\"Nicki Nicole coron\u00f3 el festejo por el d\u00eda de la primavera, donde tambi\u00e9n se presentaron artistas emergentes de m\u00fasica urbana\" \/>\n<meta property=\"og:url\" content=\"https:\/\/infopba247.com.ar\/index.php\/2022\/09\/22\/50-mil-personas-vibraron-en-el-festival-urbano-de-moreno\/\" \/>\n<meta property=\"og:site_name\" content=\"InfoPBA247\" \/>\n<meta property=\"article:publisher\" content=\"https:\/\/www.facebook.com\/InfoPBA\" \/>\n<meta property=\"article:published_time\" content=\"2022-09-22T14:04:00+00:00\" \/>\n<meta property=\"article:modified_time\" content=\"2022-09-29T14:04:59+00:00\" \/>\n<meta property=\"og:image\" content=\"https:\/\/infopba247.com.ar\/wp-content\/uploads\/2022\/09\/5-1.jpeg\" \/>\n\t<meta property=\"og:image:width\" content=\"1280\" \/>\n\t<meta property=\"og:image:height\" content=\"853\" \/>\n\t<meta property=\"og:image:type\" content=\"image\/jpeg\" \/>\n<meta name=\"author\" content=\"Editor\" \/>\n<meta name=\"twitter:card\" content=\"summary_large_image\" \/>\n<meta name=\"twitter:label1\" content=\"Escrito por\" \/>\n\t<meta name=\"twitter:data1\" content=\"Editor\" \/>\n\t<meta name=\"twitter:label2\" content=\"Tiempo de lectura\" \/>\n\t<meta name=\"twitter:data2\" content=\"3 minutos\" \/>\n<script type=\"application\/ld+json\" class=\"yoast-schema-graph\">{\"@context\":\"https:\\\/\\\/schema.org\",\"@graph\":[{\"@type\":\"Article\",\"@id\":\"https:\\\/\\\/infopba247.com.ar\\\/index.php\\\/2022\\\/09\\\/22\\\/50-mil-personas-vibraron-en-el-festival-urbano-de-moreno\\\/#article\",\"isPartOf\":{\"@id\":\"https:\\\/\\\/infopba247.com.ar\\\/index.php\\\/2022\\\/09\\\/22\\\/50-mil-personas-vibraron-en-el-festival-urbano-de-moreno\\\/\"},\"author\":{\"name\":\"Editor\",\"@id\":\"https:\\\/\\\/infopba247.com.ar\\\/#\\\/schema\\\/person\\\/4975f1343a413e57bf839b3eed0099f2\"},\"headline\":\"50 MIL PERSONAS VIBRARON EN EL FESTIVAL URBANO DE MORENO\",\"datePublished\":\"2022-09-22T14:04:00+00:00\",\"dateModified\":\"2022-09-29T14:04:59+00:00\",\"mainEntityOfPage\":{\"@id\":\"https:\\\/\\\/infopba247.com.ar\\\/index.php\\\/2022\\\/09\\\/22\\\/50-mil-personas-vibraron-en-el-festival-urbano-de-moreno\\\/\"},\"wordCount\":533,\"publisher\":{\"@id\":\"https:\\\/\\\/infopba247.com.ar\\\/#organization\"},\"image\":{\"@id\":\"https:\\\/\\\/infopba247.com.ar\\\/index.php\\\/2022\\\/09\\\/22\\\/50-mil-personas-vibraron-en-el-festival-urbano-de-moreno\\\/#primaryimage\"},\"thumbnailUrl\":\"https:\\\/\\\/infopba247.com.ar\\\/wp-content\\\/uploads\\\/2022\\\/09\\\/5-1.jpeg\",\"articleSection\":[\"1ra Secci\u00f3n\"],\"inLanguage\":\"es\"},{\"@type\":\"WebPage\",\"@id\":\"https:\\\/\\\/infopba247.com.ar\\\/index.php\\\/2022\\\/09\\\/22\\\/50-mil-personas-vibraron-en-el-festival-urbano-de-moreno\\\/\",\"url\":\"https:\\\/\\\/infopba247.com.ar\\\/index.php\\\/2022\\\/09\\\/22\\\/50-mil-personas-vibraron-en-el-festival-urbano-de-moreno\\\/\",\"name\":\"50 MIL PERSONAS VIBRARON EN EL FESTIVAL URBANO DE MORENO - InfoPBA247\",\"isPartOf\":{\"@id\":\"https:\\\/\\\/infopba247.com.ar\\\/#website\"},\"primaryImageOfPage\":{\"@id\":\"https:\\\/\\\/infopba247.com.ar\\\/index.php\\\/2022\\\/09\\\/22\\\/50-mil-personas-vibraron-en-el-festival-urbano-de-moreno\\\/#primaryimage\"},\"image\":{\"@id\":\"https:\\\/\\\/infopba247.com.ar\\\/index.php\\\/2022\\\/09\\\/22\\\/50-mil-personas-vibraron-en-el-festival-urbano-de-moreno\\\/#primaryimage\"},\"thumbnailUrl\":\"https:\\\/\\\/infopba247.com.ar\\\/wp-content\\\/uploads\\\/2022\\\/09\\\/5-1.jpeg\",\"datePublished\":\"2022-09-22T14:04:00+00:00\",\"dateModified\":\"2022-09-29T14:04:59+00:00\",\"breadcrumb\":{\"@id\":\"https:\\\/\\\/infopba247.com.ar\\\/index.php\\\/2022\\\/09\\\/22\\\/50-mil-personas-vibraron-en-el-festival-urbano-de-moreno\\\/#breadcrumb\"},\"inLanguage\":\"es\",\"potentialAction\":[{\"@type\":\"ReadAction\",\"target\":[\"https:\\\/\\\/infopba247.com.ar\\\/index.php\\\/2022\\\/09\\\/22\\\/50-mil-personas-vibraron-en-el-festival-urbano-de-moreno\\\/\"]}]},{\"@type\":\"ImageObject\",\"inLanguage\":\"es\",\"@id\":\"https:\\\/\\\/infopba247.com.ar\\\/index.php\\\/2022\\\/09\\\/22\\\/50-mil-personas-vibraron-en-el-festival-urbano-de-moreno\\\/#primaryimage\",\"url\":\"https:\\\/\\\/infopba247.com.ar\\\/wp-content\\\/uploads\\\/2022\\\/09\\\/5-1.jpeg\",\"contentUrl\":\"https:\\\/\\\/infopba247.com.ar\\\/wp-content\\\/uploads\\\/2022\\\/09\\\/5-1.jpeg\",\"width\":1280,\"height\":853},{\"@type\":\"BreadcrumbList\",\"@id\":\"https:\\\/\\\/infopba247.com.ar\\\/index.php\\\/2022\\\/09\\\/22\\\/50-mil-personas-vibraron-en-el-festival-urbano-de-moreno\\\/#breadcrumb\",\"itemListElement\":[{\"@type\":\"ListItem\",\"position\":1,\"name\":\"Portada\",\"item\":\"https:\\\/\\\/infopba247.com.ar\\\/\"},{\"@type\":\"ListItem\",\"position\":2,\"name\":\"50 MIL PERSONAS VIBRARON EN EL FESTIVAL URBANO DE MORENO\"}]},{\"@type\":\"WebSite\",\"@id\":\"https:\\\/\\\/infopba247.com.ar\\\/#website\",\"url\":\"https:\\\/\\\/infopba247.com.ar\\\/\",\"name\":\"InfoPBA247\",\"description\":\"Toda la actualidad bonaerense\",\"publisher\":{\"@id\":\"https:\\\/\\\/infopba247.com.ar\\\/#organization\"},\"potentialAction\":[{\"@type\":\"SearchAction\",\"target\":{\"@type\":\"EntryPoint\",\"urlTemplate\":\"https:\\\/\\\/infopba247.com.ar\\\/?s={search_term_string}\"},\"query-input\":{\"@type\":\"PropertyValueSpecification\",\"valueRequired\":true,\"valueName\":\"search_term_string\"}}],\"inLanguage\":\"es\"},{\"@type\":\"Organization\",\"@id\":\"https:\\\/\\\/infopba247.com.ar\\\/#organization\",\"name\":\"InfoPBA247\",\"url\":\"https:\\\/\\\/infopba247.com.ar\\\/\",\"logo\":{\"@type\":\"ImageObject\",\"inLanguage\":\"es\",\"@id\":\"https:\\\/\\\/infopba247.com.ar\\\/#\\\/schema\\\/logo\\\/image\\\/\",\"url\":\"https:\\\/\\\/infopba247.com.ar\\\/wp-content\\\/uploads\\\/2022\\\/03\\\/cropped-InfoPBA247-1.png\",\"contentUrl\":\"https:\\\/\\\/infopba247.com.ar\\\/wp-content\\\/uploads\\\/2022\\\/03\\\/cropped-InfoPBA247-1.png\",\"width\":500,\"height\":122,\"caption\":\"InfoPBA247\"},\"image\":{\"@id\":\"https:\\\/\\\/infopba247.com.ar\\\/#\\\/schema\\\/logo\\\/image\\\/\"},\"sameAs\":[\"https:\\\/\\\/www.facebook.com\\\/InfoPBA\"]},{\"@type\":\"Person\",\"@id\":\"https:\\\/\\\/infopba247.com.ar\\\/#\\\/schema\\\/person\\\/4975f1343a413e57bf839b3eed0099f2\",\"name\":\"Editor\",\"image\":{\"@type\":\"ImageObject\",\"inLanguage\":\"es\",\"@id\":\"https:\\\/\\\/secure.gravatar.com\\\/avatar\\\/d27fe9520667ca53441d36627a1d6b0fa4a813571ec4803687a7a3a7744685ac?s=96&d=mm&r=g\",\"url\":\"https:\\\/\\\/secure.gravatar.com\\\/avatar\\\/d27fe9520667ca53441d36627a1d6b0fa4a813571ec4803687a7a3a7744685ac?s=96&d=mm&r=g\",\"contentUrl\":\"https:\\\/\\\/secure.gravatar.com\\\/avatar\\\/d27fe9520667ca53441d36627a1d6b0fa4a813571ec4803687a7a3a7744685ac?s=96&d=mm&r=g\",\"caption\":\"Editor\"},\"url\":\"https:\\\/\\\/infopba247.com.ar\\\/index.php\\\/author\\\/editor\\\/\"}]}<\/script>\n<!-- \/ Yoast SEO plugin. -->","yoast_head_json":{"title":"50 MIL PERSONAS VIBRARON EN EL FESTIVAL URBANO DE MORENO - InfoPBA247","robots":{"index":"index","follow":"follow","max-snippet":"max-snippet:-1","max-image-preview":"max-image-preview:large","max-video-preview":"max-video-preview:-1"},"canonical":"https:\/\/infopba247.com.ar\/index.php\/2022\/09\/22\/50-mil-personas-vibraron-en-el-festival-urbano-de-moreno\/","og_locale":"es_ES","og_type":"article","og_title":"50 MIL PERSONAS VIBRARON EN EL FESTIVAL URBANO DE MORENO - InfoPBA247","og_description":"Nicki Nicole coron\u00f3 el festejo por el d\u00eda de la primavera, donde tambi\u00e9n se presentaron artistas emergentes de m\u00fasica urbana","og_url":"https:\/\/infopba247.com.ar\/index.php\/2022\/09\/22\/50-mil-personas-vibraron-en-el-festival-urbano-de-moreno\/","og_site_name":"InfoPBA247","article_publisher":"https:\/\/www.facebook.com\/InfoPBA","article_published_time":"2022-09-22T14:04:00+00:00","article_modified_time":"2022-09-29T14:04:59+00:00","og_image":[{"width":1280,"height":853,"url":"https:\/\/infopba247.com.ar\/wp-content\/uploads\/2022\/09\/5-1.jpeg","type":"image\/jpeg"}],"author":"Editor","twitter_card":"summary_large_image","twitter_misc":{"Escrito por":"Editor","Tiempo de lectura":"3 minutos"},"schema":{"@context":"https:\/\/schema.org","@graph":[{"@type":"Article","@id":"https:\/\/infopba247.com.ar\/index.php\/2022\/09\/22\/50-mil-personas-vibraron-en-el-festival-urbano-de-moreno\/#article","isPartOf":{"@id":"https:\/\/infopba247.com.ar\/index.php\/2022\/09\/22\/50-mil-personas-vibraron-en-el-festival-urbano-de-moreno\/"},"author":{"name":"Editor","@id":"https:\/\/infopba247.com.ar\/#\/schema\/person\/4975f1343a413e57bf839b3eed0099f2"},"headline":"50 MIL PERSONAS VIBRARON EN EL FESTIVAL URBANO DE MORENO","datePublished":"2022-09-22T14:04:00+00:00","dateModified":"2022-09-29T14:04:59+00:00","mainEntityOfPage":{"@id":"https:\/\/infopba247.com.ar\/index.php\/2022\/09\/22\/50-mil-personas-vibraron-en-el-festival-urbano-de-moreno\/"},"wordCount":533,"publisher":{"@id":"https:\/\/infopba247.com.ar\/#organization"},"image":{"@id":"https:\/\/infopba247.com.ar\/index.php\/2022\/09\/22\/50-mil-personas-vibraron-en-el-festival-urbano-de-moreno\/#primaryimage"},"thumbnailUrl":"https:\/\/infopba247.com.ar\/wp-content\/uploads\/2022\/09\/5-1.jpeg","articleSection":["1ra Secci\u00f3n"],"inLanguage":"es"},{"@type":"WebPage","@id":"https:\/\/infopba247.com.ar\/index.php\/2022\/09\/22\/50-mil-personas-vibraron-en-el-festival-urbano-de-moreno\/","url":"https:\/\/infopba247.com.ar\/index.php\/2022\/09\/22\/50-mil-personas-vibraron-en-el-festival-urbano-de-moreno\/","name":"50 MIL PERSONAS VIBRARON EN EL FESTIVAL URBANO DE MORENO - InfoPBA247","isPartOf":{"@id":"https:\/\/infopba247.com.ar\/#website"},"primaryImageOfPage":{"@id":"https:\/\/infopba247.com.ar\/index.php\/2022\/09\/22\/50-mil-personas-vibraron-en-el-festival-urbano-de-moreno\/#primaryimage"},"image":{"@id":"https:\/\/infopba247.com.ar\/index.php\/2022\/09\/22\/50-mil-personas-vibraron-en-el-festival-urbano-de-moreno\/#primaryimage"},"thumbnailUrl":"https:\/\/infopba247.com.ar\/wp-content\/uploads\/2022\/09\/5-1.jpeg","datePublished":"2022-09-22T14:04:00+00:00","dateModified":"2022-09-29T14:04:59+00:00","breadcrumb":{"@id":"https:\/\/infopba247.com.ar\/index.php\/2022\/09\/22\/50-mil-personas-vibraron-en-el-festival-urbano-de-moreno\/#breadcrumb"},"inLanguage":"es","potentialAction":[{"@type":"ReadAction","target":["https:\/\/infopba247.com.ar\/index.php\/2022\/09\/22\/50-mil-personas-vibraron-en-el-festival-urbano-de-moreno\/"]}]},{"@type":"ImageObject","inLanguage":"es","@id":"https:\/\/infopba247.com.ar\/index.php\/2022\/09\/22\/50-mil-personas-vibraron-en-el-festival-urbano-de-moreno\/#primaryimage","url":"https:\/\/infopba247.com.ar\/wp-content\/uploads\/2022\/09\/5-1.jpeg","contentUrl":"https:\/\/infopba247.com.ar\/wp-content\/uploads\/2022\/09\/5-1.jpeg","width":1280,"height":853},{"@type":"BreadcrumbList","@id":"https:\/\/infopba247.com.ar\/index.php\/2022\/09\/22\/50-mil-personas-vibraron-en-el-festival-urbano-de-moreno\/#breadcrumb","itemListElement":[{"@type":"ListItem","position":1,"name":"Portada","item":"https:\/\/infopba247.com.ar\/"},{"@type":"ListItem","position":2,"name":"50 MIL PERSONAS VIBRARON EN EL FESTIVAL URBANO DE MORENO"}]},{"@type":"WebSite","@id":"https:\/\/infopba247.com.ar\/#website","url":"https:\/\/infopba247.com.ar\/","name":"InfoPBA247","description":"Toda la actualidad bonaerense","publisher":{"@id":"https:\/\/infopba247.com.ar\/#organization"},"potentialAction":[{"@type":"SearchAction","target":{"@type":"EntryPoint","urlTemplate":"https:\/\/infopba247.com.ar\/?s={search_term_string}"},"query-input":{"@type":"PropertyValueSpecification","valueRequired":true,"valueName":"search_term_string"}}],"inLanguage":"es"},{"@type":"Organization","@id":"https:\/\/infopba247.com.ar\/#organization","name":"InfoPBA247","url":"https:\/\/infopba247.com.ar\/","logo":{"@type":"ImageObject","inLanguage":"es","@id":"https:\/\/infopba247.com.ar\/#\/schema\/logo\/image\/","url":"https:\/\/infopba247.com.ar\/wp-content\/uploads\/2022\/03\/cropped-InfoPBA247-1.png","contentUrl":"https:\/\/infopba247.com.ar\/wp-content\/uploads\/2022\/03\/cropped-InfoPBA247-1.png","width":500,"height":122,"caption":"InfoPBA247"},"image":{"@id":"https:\/\/infopba247.com.ar\/#\/schema\/logo\/image\/"},"sameAs":["https:\/\/www.facebook.com\/InfoPBA"]},{"@type":"Person","@id":"https:\/\/infopba247.com.ar\/#\/schema\/person\/4975f1343a413e57bf839b3eed0099f2","name":"Editor","image":{"@type":"ImageObject","inLanguage":"es","@id":"https:\/\/secure.gravatar.com\/avatar\/d27fe9520667ca53441d36627a1d6b0fa4a813571ec4803687a7a3a7744685ac?s=96&d=mm&r=g","url":"https:\/\/secure.gravatar.com\/avatar\/d27fe9520667ca53441d36627a1d6b0fa4a813571ec4803687a7a3a7744685ac?s=96&d=mm&r=g","contentUrl":"https:\/\/secure.gravatar.com\/avatar\/d27fe9520667ca53441d36627a1d6b0fa4a813571ec4803687a7a3a7744685ac?s=96&d=mm&r=g","caption":"Editor"},"url":"https:\/\/infopba247.com.ar\/index.php\/author\/editor\/"}]}},"_links":{"self":[{"href":"https:\/\/infopba247.com.ar\/index.php\/wp-json\/wp\/v2\/posts\/749","targetHints":{"allow":["GET"]}}],"collection":[{"href":"https:\/\/infopba247.com.ar\/index.php\/wp-json\/wp\/v2\/posts"}],"about":[{"href":"https:\/\/infopba247.com.ar\/index.php\/wp-json\/wp\/v2\/types\/post"}],"author":[{"embeddable":true,"href":"https:\/\/infopba247.com.ar\/index.php\/wp-json\/wp\/v2\/users\/3"}],"replies":[{"embeddable":true,"href":"https:\/\/infopba247.com.ar\/index.php\/wp-json\/wp\/v2\/comments?post=749"}],"version-history":[{"count":1,"href":"https:\/\/infopba247.com.ar\/index.php\/wp-json\/wp\/v2\/posts\/749\/revisions"}],"predecessor-version":[{"id":751,"href":"https:\/\/infopba247.com.ar\/index.php\/wp-json\/wp\/v2\/posts\/749\/revisions\/751"}],"wp:featuredmedia":[{"embeddable":true,"href":"https:\/\/infopba247.com.ar\/index.php\/wp-json\/wp\/v2\/media\/750"}],"wp:attachment":[{"href":"https:\/\/infopba247.com.ar\/index.php\/wp-json\/wp\/v2\/media?parent=749"}],"wp:term":[{"taxonomy":"category","embeddable":true,"href":"https:\/\/infopba247.com.ar\/index.php\/wp-json\/wp\/v2\/categories?post=749"},{"taxonomy":"post_tag","embeddable":true,"href":"https:\/\/infopba247.com.ar\/index.php\/wp-json\/wp\/v2\/tags?post=749"}],"curies":[{"name":"wp","href":"https:\/\/api.w.org\/{rel}","templated":true}]}}