{"id":7483,"date":"2025-07-11T13:48:53","date_gmt":"2025-07-11T16:48:53","guid":{"rendered":"https:\/\/infopba247.com.ar\/?p=7483"},"modified":"2025-07-11T13:48:54","modified_gmt":"2025-07-11T16:48:54","slug":"provincia-avanza-con-la-implementacion-del-nuevo-regimen-academico","status":"publish","type":"post","link":"https:\/\/infopba247.com.ar\/index.php\/2025\/07\/11\/provincia-avanza-con-la-implementacion-del-nuevo-regimen-academico\/","title":{"rendered":"Provincia avanza con la implementaci\u00f3n del nuevo R\u00e9gimen Acad\u00e9mico"},"content":{"rendered":"\n<p>La Direcci\u00f3n General de Cultura y Educaci\u00f3n de la provincia de Buenos Aires contin\u00faa implementando el nuevo R\u00e9gimen Acad\u00e9mico (RA), una de las pol\u00edticas educativas clave para transformar la escuela secundaria, fortalecer las trayectorias escolares y garantizar el derecho a la educaci\u00f3n.<\/p>\n\n\n\n<p>En un encuentro con periodistas, el titular de la cartera educativa Alberto Sileoni present\u00f3 un balance de la implementaci\u00f3n de esta pol\u00edtica p\u00fablica que ya se encuentra en marcha en todo el territorio bonaerense.<\/p>\n\n\n\n<p>\u201cHemos hecho estos cambios y estamos sobrellevando la implementaci\u00f3n en di\u00e1logo estrecho con docentes, directivos, preceptores y estudiantes. El r\u00e9gimen acad\u00e9mico es una pol\u00edtica p\u00fablica que est\u00e1 en las escuelas, en las aulas, en el trabajo diario de las y los docentes, en el compromiso de los equipos directivos. Hay muchos aspectos para revisar y mejorar, en la construcci\u00f3n de una escuela secundaria que acompa\u00f1e y exija m\u00e1s y no expulse a las y los estudiantes\u201d, sostuvo Sileoni.<\/p>\n\n\n\n<p>Desde la aprobaci\u00f3n de la Resoluci\u00f3n 1650\/24, la implementaci\u00f3n del RA se desarrolla de manera progresiva con m\u00faltiples dispositivos institucionales. M\u00e1s de 620 Conversaciones Pedag\u00f3gicas se llevaron a cabo con la participaci\u00f3n de 18.600 docentes y equipos supervisivos, junto con Jornadas Institucionales que continuar\u00e1n en 2024 y 2025. Tambi\u00e9n se sumaron encuentros con el Consejo Consultivo de Estudiantes y reuniones espec\u00edficas con directivos de escuelas de alta matr\u00edcula.<\/p>\n\n\n\n<p>La transformaci\u00f3n del r\u00e9gimen acad\u00e9mico est\u00e1 respaldada por una importante inversi\u00f3n estatal. En 2024 se destinaron 5.100 millones de pesos para 35.000 m\u00f3dulos FORTE (Fortalecimiento de Trayectorias Educativas) y en 2025 el presupuesto crecer\u00e1 a 8.770 millones de pesos. A ello se suma la incorporaci\u00f3n de 750 Coordinadores y Coordinadoras de Trayectorias Educativas, con una inversi\u00f3n de 3.688 millones de pesos.<\/p>\n\n\n\n<p>El nuevo RA introduce modificaciones sustanciales en la ense\u00f1anza, la evaluaci\u00f3n y el acompa\u00f1amiento a las y los estudiantes. Uno de sus pilares es la intensificaci\u00f3n presencial de saberes, con formaci\u00f3n espec\u00edfica para docentes. M\u00e1s de 14.800 docentes completaron el curso virtual \u201cIntensificaci\u00f3n y profundizaci\u00f3n de la ense\u00f1anza en la escuela secundaria\u201d.<\/p>\n\n\n\n<p>Tambi\u00e9n se implementaron acciones espec\u00edficas en 1\u00b0 y 6\u00b0 a\u00f1o, como el operativo \u201cToma de Escritura\u201d en el primer a\u00f1o, y el proyecto \u201cCoordenadas\u201d en sexto, que articula con universidades y el mundo del trabajo.<\/p>\n\n\n\n<p>Entre las herramientas tecnol\u00f3gicas incorporadas se destaca la Libreta Digital, que permite a estudiantes y familias realizar un seguimiento personalizado de calificaciones, asistencia y pendientes, fortaleciendo as\u00ed el v\u00ednculo con la escuela y el acompa\u00f1amiento a las trayectorias.<\/p>\n\n\n\n<p>La implementaci\u00f3n del RA forma parte de una pol\u00edtica integral de transformaci\u00f3n educativa, que incluye nuevos dise\u00f1os curriculares, concursos de titularizaci\u00f3n con formaci\u00f3n a trav\u00e9s de la Universidad Pedag\u00f3gica Nacional (UNIPE) \u2013con m\u00e1s de 8.000 aspirantes\u2013, pruebas escolares en 3\u00b0 y 6\u00b0 a\u00f1o, apertura de secciones, creaci\u00f3n de cargos y construcci\u00f3n de nuevos edificios escolares.<\/p>\n\n\n\n<p>En la presentaci\u00f3n, Sileoni estuvo acompa\u00f1ado por el subsecretario de Educaci\u00f3n Pablo Urquiza, el director provincial de Educaci\u00f3n Secundaria Gustavo Galli y el jefe de Gabinete Gustavo Alcaraz.<\/p>\n","protected":false},"excerpt":{"rendered":"<p>La Direcci\u00f3n General de Cultura y Educaci\u00f3n de la provincia de Buenos Aires contin\u00faa implementando el nuevo R\u00e9gimen Acad\u00e9mico (RA),<\/p>\n","protected":false},"author":3,"featured_media":7484,"comment_status":"open","ping_status":"open","sticky":false,"template":"","format":"standard","meta":{"colormag_page_container_layout":"default_layout","colormag_page_sidebar_layout":"default_layout","footnotes":""},"categories":[1,14],"tags":[],"class_list":["post-7483","post","type-post","status-publish","format-standard","has-post-thumbnail","hentry","category-destacadas","category-politica"],"yoast_head":"<!-- This site is optimized with the Yoast SEO plugin v27.4 - https:\/\/yoast.com\/product\/yoast-seo-wordpress\/ -->\n<title>Provincia avanza con la implementaci\u00f3n del nuevo R\u00e9gimen Acad\u00e9mico - InfoPBA247<\/title>\n<meta name=\"robots\" content=\"index, follow, max-snippet:-1, max-image-preview:large, max-video-preview:-1\" \/>\n<link rel=\"canonical\" href=\"https:\/\/infopba247.com.ar\/index.php\/2025\/07\/11\/provincia-avanza-con-la-implementacion-del-nuevo-regimen-academico\/\" \/>\n<meta property=\"og:locale\" content=\"es_ES\" \/>\n<meta property=\"og:type\" content=\"article\" \/>\n<meta property=\"og:title\" content=\"Provincia avanza con la implementaci\u00f3n del nuevo R\u00e9gimen Acad\u00e9mico - InfoPBA247\" \/>\n<meta property=\"og:description\" content=\"La Direcci\u00f3n General de Cultura y Educaci\u00f3n de la provincia de Buenos Aires contin\u00faa implementando el nuevo R\u00e9gimen Acad\u00e9mico (RA),\" \/>\n<meta property=\"og:url\" content=\"https:\/\/infopba247.com.ar\/index.php\/2025\/07\/11\/provincia-avanza-con-la-implementacion-del-nuevo-regimen-academico\/\" \/>\n<meta property=\"og:site_name\" content=\"InfoPBA247\" \/>\n<meta property=\"article:publisher\" content=\"https:\/\/www.facebook.com\/InfoPBA\" \/>\n<meta property=\"article:published_time\" content=\"2025-07-11T16:48:53+00:00\" \/>\n<meta property=\"article:modified_time\" content=\"2025-07-11T16:48:54+00:00\" \/>\n<meta property=\"og:image\" content=\"https:\/\/infopba247.com.ar\/wp-content\/uploads\/2025\/07\/54640038753_42a20b32d2_b.jpg\" \/>\n\t<meta property=\"og:image:width\" content=\"1200\" \/>\n\t<meta property=\"og:image:height\" content=\"798\" \/>\n\t<meta property=\"og:image:type\" content=\"image\/jpeg\" \/>\n<meta name=\"author\" content=\"Editor\" \/>\n<meta name=\"twitter:card\" content=\"summary_large_image\" \/>\n<meta name=\"twitter:label1\" content=\"Escrito por\" \/>\n\t<meta name=\"twitter:data1\" content=\"Editor\" \/>\n\t<meta name=\"twitter:label2\" content=\"Tiempo de lectura\" \/>\n\t<meta name=\"twitter:data2\" content=\"3 minutos\" \/>\n<script type=\"application\/ld+json\" class=\"yoast-schema-graph\">{\"@context\":\"https:\\\/\\\/schema.org\",\"@graph\":[{\"@type\":\"Article\",\"@id\":\"https:\\\/\\\/infopba247.com.ar\\\/index.php\\\/2025\\\/07\\\/11\\\/provincia-avanza-con-la-implementacion-del-nuevo-regimen-academico\\\/#article\",\"isPartOf\":{\"@id\":\"https:\\\/\\\/infopba247.com.ar\\\/index.php\\\/2025\\\/07\\\/11\\\/provincia-avanza-con-la-implementacion-del-nuevo-regimen-academico\\\/\"},\"author\":{\"name\":\"Editor\",\"@id\":\"https:\\\/\\\/infopba247.com.ar\\\/#\\\/schema\\\/person\\\/4975f1343a413e57bf839b3eed0099f2\"},\"headline\":\"Provincia avanza con la implementaci\u00f3n del nuevo R\u00e9gimen Acad\u00e9mico\",\"datePublished\":\"2025-07-11T16:48:53+00:00\",\"dateModified\":\"2025-07-11T16:48:54+00:00\",\"mainEntityOfPage\":{\"@id\":\"https:\\\/\\\/infopba247.com.ar\\\/index.php\\\/2025\\\/07\\\/11\\\/provincia-avanza-con-la-implementacion-del-nuevo-regimen-academico\\\/\"},\"wordCount\":555,\"commentCount\":0,\"publisher\":{\"@id\":\"https:\\\/\\\/infopba247.com.ar\\\/#organization\"},\"image\":{\"@id\":\"https:\\\/\\\/infopba247.com.ar\\\/index.php\\\/2025\\\/07\\\/11\\\/provincia-avanza-con-la-implementacion-del-nuevo-regimen-academico\\\/#primaryimage\"},\"thumbnailUrl\":\"https:\\\/\\\/infopba247.com.ar\\\/wp-content\\\/uploads\\\/2025\\\/07\\\/54640038753_42a20b32d2_b.jpg\",\"articleSection\":[\"Destacadas\",\"Pol\u00edtica\"],\"inLanguage\":\"es\",\"potentialAction\":[{\"@type\":\"CommentAction\",\"name\":\"Comment\",\"target\":[\"https:\\\/\\\/infopba247.com.ar\\\/index.php\\\/2025\\\/07\\\/11\\\/provincia-avanza-con-la-implementacion-del-nuevo-regimen-academico\\\/#respond\"]}]},{\"@type\":\"WebPage\",\"@id\":\"https:\\\/\\\/infopba247.com.ar\\\/index.php\\\/2025\\\/07\\\/11\\\/provincia-avanza-con-la-implementacion-del-nuevo-regimen-academico\\\/\",\"url\":\"https:\\\/\\\/infopba247.com.ar\\\/index.php\\\/2025\\\/07\\\/11\\\/provincia-avanza-con-la-implementacion-del-nuevo-regimen-academico\\\/\",\"name\":\"Provincia avanza con la implementaci\u00f3n del nuevo R\u00e9gimen Acad\u00e9mico - InfoPBA247\",\"isPartOf\":{\"@id\":\"https:\\\/\\\/infopba247.com.ar\\\/#website\"},\"primaryImageOfPage\":{\"@id\":\"https:\\\/\\\/infopba247.com.ar\\\/index.php\\\/2025\\\/07\\\/11\\\/provincia-avanza-con-la-implementacion-del-nuevo-regimen-academico\\\/#primaryimage\"},\"image\":{\"@id\":\"https:\\\/\\\/infopba247.com.ar\\\/index.php\\\/2025\\\/07\\\/11\\\/provincia-avanza-con-la-implementacion-del-nuevo-regimen-academico\\\/#primaryimage\"},\"thumbnailUrl\":\"https:\\\/\\\/infopba247.com.ar\\\/wp-content\\\/uploads\\\/2025\\\/07\\\/54640038753_42a20b32d2_b.jpg\",\"datePublished\":\"2025-07-11T16:48:53+00:00\",\"dateModified\":\"2025-07-11T16:48:54+00:00\",\"breadcrumb\":{\"@id\":\"https:\\\/\\\/infopba247.com.ar\\\/index.php\\\/2025\\\/07\\\/11\\\/provincia-avanza-con-la-implementacion-del-nuevo-regimen-academico\\\/#breadcrumb\"},\"inLanguage\":\"es\",\"potentialAction\":[{\"@type\":\"ReadAction\",\"target\":[\"https:\\\/\\\/infopba247.com.ar\\\/index.php\\\/2025\\\/07\\\/11\\\/provincia-avanza-con-la-implementacion-del-nuevo-regimen-academico\\\/\"]}]},{\"@type\":\"ImageObject\",\"inLanguage\":\"es\",\"@id\":\"https:\\\/\\\/infopba247.com.ar\\\/index.php\\\/2025\\\/07\\\/11\\\/provincia-avanza-con-la-implementacion-del-nuevo-regimen-academico\\\/#primaryimage\",\"url\":\"https:\\\/\\\/infopba247.com.ar\\\/wp-content\\\/uploads\\\/2025\\\/07\\\/54640038753_42a20b32d2_b.jpg\",\"contentUrl\":\"https:\\\/\\\/infopba247.com.ar\\\/wp-content\\\/uploads\\\/2025\\\/07\\\/54640038753_42a20b32d2_b.jpg\",\"width\":1200,\"height\":798},{\"@type\":\"BreadcrumbList\",\"@id\":\"https:\\\/\\\/infopba247.com.ar\\\/index.php\\\/2025\\\/07\\\/11\\\/provincia-avanza-con-la-implementacion-del-nuevo-regimen-academico\\\/#breadcrumb\",\"itemListElement\":[{\"@type\":\"ListItem\",\"position\":1,\"name\":\"Portada\",\"item\":\"https:\\\/\\\/infopba247.com.ar\\\/\"},{\"@type\":\"ListItem\",\"position\":2,\"name\":\"Provincia avanza con la implementaci\u00f3n del nuevo R\u00e9gimen Acad\u00e9mico\"}]},{\"@type\":\"WebSite\",\"@id\":\"https:\\\/\\\/infopba247.com.ar\\\/#website\",\"url\":\"https:\\\/\\\/infopba247.com.ar\\\/\",\"name\":\"InfoPBA247\",\"description\":\"Toda la actualidad bonaerense\",\"publisher\":{\"@id\":\"https:\\\/\\\/infopba247.com.ar\\\/#organization\"},\"potentialAction\":[{\"@type\":\"SearchAction\",\"target\":{\"@type\":\"EntryPoint\",\"urlTemplate\":\"https:\\\/\\\/infopba247.com.ar\\\/?s={search_term_string}\"},\"query-input\":{\"@type\":\"PropertyValueSpecification\",\"valueRequired\":true,\"valueName\":\"search_term_string\"}}],\"inLanguage\":\"es\"},{\"@type\":\"Organization\",\"@id\":\"https:\\\/\\\/infopba247.com.ar\\\/#organization\",\"name\":\"InfoPBA247\",\"url\":\"https:\\\/\\\/infopba247.com.ar\\\/\",\"logo\":{\"@type\":\"ImageObject\",\"inLanguage\":\"es\",\"@id\":\"https:\\\/\\\/infopba247.com.ar\\\/#\\\/schema\\\/logo\\\/image\\\/\",\"url\":\"https:\\\/\\\/infopba247.com.ar\\\/wp-content\\\/uploads\\\/2022\\\/03\\\/cropped-InfoPBA247-1.png\",\"contentUrl\":\"https:\\\/\\\/infopba247.com.ar\\\/wp-content\\\/uploads\\\/2022\\\/03\\\/cropped-InfoPBA247-1.png\",\"width\":500,\"height\":122,\"caption\":\"InfoPBA247\"},\"image\":{\"@id\":\"https:\\\/\\\/infopba247.com.ar\\\/#\\\/schema\\\/logo\\\/image\\\/\"},\"sameAs\":[\"https:\\\/\\\/www.facebook.com\\\/InfoPBA\"]},{\"@type\":\"Person\",\"@id\":\"https:\\\/\\\/infopba247.com.ar\\\/#\\\/schema\\\/person\\\/4975f1343a413e57bf839b3eed0099f2\",\"name\":\"Editor\",\"image\":{\"@type\":\"ImageObject\",\"inLanguage\":\"es\",\"@id\":\"https:\\\/\\\/secure.gravatar.com\\\/avatar\\\/d27fe9520667ca53441d36627a1d6b0fa4a813571ec4803687a7a3a7744685ac?s=96&d=mm&r=g\",\"url\":\"https:\\\/\\\/secure.gravatar.com\\\/avatar\\\/d27fe9520667ca53441d36627a1d6b0fa4a813571ec4803687a7a3a7744685ac?s=96&d=mm&r=g\",\"contentUrl\":\"https:\\\/\\\/secure.gravatar.com\\\/avatar\\\/d27fe9520667ca53441d36627a1d6b0fa4a813571ec4803687a7a3a7744685ac?s=96&d=mm&r=g\",\"caption\":\"Editor\"},\"url\":\"https:\\\/\\\/infopba247.com.ar\\\/index.php\\\/author\\\/editor\\\/\"}]}<\/script>\n<!-- \/ Yoast SEO plugin. -->","yoast_head_json":{"title":"Provincia avanza con la implementaci\u00f3n del nuevo R\u00e9gimen Acad\u00e9mico - InfoPBA247","robots":{"index":"index","follow":"follow","max-snippet":"max-snippet:-1","max-image-preview":"max-image-preview:large","max-video-preview":"max-video-preview:-1"},"canonical":"https:\/\/infopba247.com.ar\/index.php\/2025\/07\/11\/provincia-avanza-con-la-implementacion-del-nuevo-regimen-academico\/","og_locale":"es_ES","og_type":"article","og_title":"Provincia avanza con la implementaci\u00f3n del nuevo R\u00e9gimen Acad\u00e9mico - InfoPBA247","og_description":"La Direcci\u00f3n General de Cultura y Educaci\u00f3n de la provincia de Buenos Aires contin\u00faa implementando el nuevo R\u00e9gimen Acad\u00e9mico (RA),","og_url":"https:\/\/infopba247.com.ar\/index.php\/2025\/07\/11\/provincia-avanza-con-la-implementacion-del-nuevo-regimen-academico\/","og_site_name":"InfoPBA247","article_publisher":"https:\/\/www.facebook.com\/InfoPBA","article_published_time":"2025-07-11T16:48:53+00:00","article_modified_time":"2025-07-11T16:48:54+00:00","og_image":[{"width":1200,"height":798,"url":"https:\/\/infopba247.com.ar\/wp-content\/uploads\/2025\/07\/54640038753_42a20b32d2_b.jpg","type":"image\/jpeg"}],"author":"Editor","twitter_card":"summary_large_image","twitter_misc":{"Escrito por":"Editor","Tiempo de lectura":"3 minutos"},"schema":{"@context":"https:\/\/schema.org","@graph":[{"@type":"Article","@id":"https:\/\/infopba247.com.ar\/index.php\/2025\/07\/11\/provincia-avanza-con-la-implementacion-del-nuevo-regimen-academico\/#article","isPartOf":{"@id":"https:\/\/infopba247.com.ar\/index.php\/2025\/07\/11\/provincia-avanza-con-la-implementacion-del-nuevo-regimen-academico\/"},"author":{"name":"Editor","@id":"https:\/\/infopba247.com.ar\/#\/schema\/person\/4975f1343a413e57bf839b3eed0099f2"},"headline":"Provincia avanza con la implementaci\u00f3n del nuevo R\u00e9gimen Acad\u00e9mico","datePublished":"2025-07-11T16:48:53+00:00","dateModified":"2025-07-11T16:48:54+00:00","mainEntityOfPage":{"@id":"https:\/\/infopba247.com.ar\/index.php\/2025\/07\/11\/provincia-avanza-con-la-implementacion-del-nuevo-regimen-academico\/"},"wordCount":555,"commentCount":0,"publisher":{"@id":"https:\/\/infopba247.com.ar\/#organization"},"image":{"@id":"https:\/\/infopba247.com.ar\/index.php\/2025\/07\/11\/provincia-avanza-con-la-implementacion-del-nuevo-regimen-academico\/#primaryimage"},"thumbnailUrl":"https:\/\/infopba247.com.ar\/wp-content\/uploads\/2025\/07\/54640038753_42a20b32d2_b.jpg","articleSection":["Destacadas","Pol\u00edtica"],"inLanguage":"es","potentialAction":[{"@type":"CommentAction","name":"Comment","target":["https:\/\/infopba247.com.ar\/index.php\/2025\/07\/11\/provincia-avanza-con-la-implementacion-del-nuevo-regimen-academico\/#respond"]}]},{"@type":"WebPage","@id":"https:\/\/infopba247.com.ar\/index.php\/2025\/07\/11\/provincia-avanza-con-la-implementacion-del-nuevo-regimen-academico\/","url":"https:\/\/infopba247.com.ar\/index.php\/2025\/07\/11\/provincia-avanza-con-la-implementacion-del-nuevo-regimen-academico\/","name":"Provincia avanza con la implementaci\u00f3n del nuevo R\u00e9gimen Acad\u00e9mico - InfoPBA247","isPartOf":{"@id":"https:\/\/infopba247.com.ar\/#website"},"primaryImageOfPage":{"@id":"https:\/\/infopba247.com.ar\/index.php\/2025\/07\/11\/provincia-avanza-con-la-implementacion-del-nuevo-regimen-academico\/#primaryimage"},"image":{"@id":"https:\/\/infopba247.com.ar\/index.php\/2025\/07\/11\/provincia-avanza-con-la-implementacion-del-nuevo-regimen-academico\/#primaryimage"},"thumbnailUrl":"https:\/\/infopba247.com.ar\/wp-content\/uploads\/2025\/07\/54640038753_42a20b32d2_b.jpg","datePublished":"2025-07-11T16:48:53+00:00","dateModified":"2025-07-11T16:48:54+00:00","breadcrumb":{"@id":"https:\/\/infopba247.com.ar\/index.php\/2025\/07\/11\/provincia-avanza-con-la-implementacion-del-nuevo-regimen-academico\/#breadcrumb"},"inLanguage":"es","potentialAction":[{"@type":"ReadAction","target":["https:\/\/infopba247.com.ar\/index.php\/2025\/07\/11\/provincia-avanza-con-la-implementacion-del-nuevo-regimen-academico\/"]}]},{"@type":"ImageObject","inLanguage":"es","@id":"https:\/\/infopba247.com.ar\/index.php\/2025\/07\/11\/provincia-avanza-con-la-implementacion-del-nuevo-regimen-academico\/#primaryimage","url":"https:\/\/infopba247.com.ar\/wp-content\/uploads\/2025\/07\/54640038753_42a20b32d2_b.jpg","contentUrl":"https:\/\/infopba247.com.ar\/wp-content\/uploads\/2025\/07\/54640038753_42a20b32d2_b.jpg","width":1200,"height":798},{"@type":"BreadcrumbList","@id":"https:\/\/infopba247.com.ar\/index.php\/2025\/07\/11\/provincia-avanza-con-la-implementacion-del-nuevo-regimen-academico\/#breadcrumb","itemListElement":[{"@type":"ListItem","position":1,"name":"Portada","item":"https:\/\/infopba247.com.ar\/"},{"@type":"ListItem","position":2,"name":"Provincia avanza con la implementaci\u00f3n del nuevo R\u00e9gimen Acad\u00e9mico"}]},{"@type":"WebSite","@id":"https:\/\/infopba247.com.ar\/#website","url":"https:\/\/infopba247.com.ar\/","name":"InfoPBA247","description":"Toda la actualidad bonaerense","publisher":{"@id":"https:\/\/infopba247.com.ar\/#organization"},"potentialAction":[{"@type":"SearchAction","target":{"@type":"EntryPoint","urlTemplate":"https:\/\/infopba247.com.ar\/?s={search_term_string}"},"query-input":{"@type":"PropertyValueSpecification","valueRequired":true,"valueName":"search_term_string"}}],"inLanguage":"es"},{"@type":"Organization","@id":"https:\/\/infopba247.com.ar\/#organization","name":"InfoPBA247","url":"https:\/\/infopba247.com.ar\/","logo":{"@type":"ImageObject","inLanguage":"es","@id":"https:\/\/infopba247.com.ar\/#\/schema\/logo\/image\/","url":"https:\/\/infopba247.com.ar\/wp-content\/uploads\/2022\/03\/cropped-InfoPBA247-1.png","contentUrl":"https:\/\/infopba247.com.ar\/wp-content\/uploads\/2022\/03\/cropped-InfoPBA247-1.png","width":500,"height":122,"caption":"InfoPBA247"},"image":{"@id":"https:\/\/infopba247.com.ar\/#\/schema\/logo\/image\/"},"sameAs":["https:\/\/www.facebook.com\/InfoPBA"]},{"@type":"Person","@id":"https:\/\/infopba247.com.ar\/#\/schema\/person\/4975f1343a413e57bf839b3eed0099f2","name":"Editor","image":{"@type":"ImageObject","inLanguage":"es","@id":"https:\/\/secure.gravatar.com\/avatar\/d27fe9520667ca53441d36627a1d6b0fa4a813571ec4803687a7a3a7744685ac?s=96&d=mm&r=g","url":"https:\/\/secure.gravatar.com\/avatar\/d27fe9520667ca53441d36627a1d6b0fa4a813571ec4803687a7a3a7744685ac?s=96&d=mm&r=g","contentUrl":"https:\/\/secure.gravatar.com\/avatar\/d27fe9520667ca53441d36627a1d6b0fa4a813571ec4803687a7a3a7744685ac?s=96&d=mm&r=g","caption":"Editor"},"url":"https:\/\/infopba247.com.ar\/index.php\/author\/editor\/"}]}},"_links":{"self":[{"href":"https:\/\/infopba247.com.ar\/index.php\/wp-json\/wp\/v2\/posts\/7483","targetHints":{"allow":["GET"]}}],"collection":[{"href":"https:\/\/infopba247.com.ar\/index.php\/wp-json\/wp\/v2\/posts"}],"about":[{"href":"https:\/\/infopba247.com.ar\/index.php\/wp-json\/wp\/v2\/types\/post"}],"author":[{"embeddable":true,"href":"https:\/\/infopba247.com.ar\/index.php\/wp-json\/wp\/v2\/users\/3"}],"replies":[{"embeddable":true,"href":"https:\/\/infopba247.com.ar\/index.php\/wp-json\/wp\/v2\/comments?post=7483"}],"version-history":[{"count":1,"href":"https:\/\/infopba247.com.ar\/index.php\/wp-json\/wp\/v2\/posts\/7483\/revisions"}],"predecessor-version":[{"id":7488,"href":"https:\/\/infopba247.com.ar\/index.php\/wp-json\/wp\/v2\/posts\/7483\/revisions\/7488"}],"wp:featuredmedia":[{"embeddable":true,"href":"https:\/\/infopba247.com.ar\/index.php\/wp-json\/wp\/v2\/media\/7484"}],"wp:attachment":[{"href":"https:\/\/infopba247.com.ar\/index.php\/wp-json\/wp\/v2\/media?parent=7483"}],"wp:term":[{"taxonomy":"category","embeddable":true,"href":"https:\/\/infopba247.com.ar\/index.php\/wp-json\/wp\/v2\/categories?post=7483"},{"taxonomy":"post_tag","embeddable":true,"href":"https:\/\/infopba247.com.ar\/index.php\/wp-json\/wp\/v2\/tags?post=7483"}],"curies":[{"name":"wp","href":"https:\/\/api.w.org\/{rel}","templated":true}]}}