{"id":7480,"date":"2025-07-10T16:41:59","date_gmt":"2025-07-10T19:41:59","guid":{"rendered":"https:\/\/infopba247.com.ar\/?p=7480"},"modified":"2025-07-10T16:42:00","modified_gmt":"2025-07-10T19:42:00","slug":"mariel-fernandez-inauguro-obras-en-barrio-arca-de-paso-del-rey","status":"publish","type":"post","link":"https:\/\/infopba247.com.ar\/index.php\/2025\/07\/10\/mariel-fernandez-inauguro-obras-en-barrio-arca-de-paso-del-rey\/","title":{"rendered":"Mariel Fern\u00e1ndez inaugur\u00f3 obras en barrio Arca de Paso del Rey"},"content":{"rendered":"\n<p>En el Boulevard San Antonio de Padua se erradic\u00f3 un hist\u00f3rico basural y en su lugar se cre\u00f3 una plaza. Adem\u00e1s, se asfaltaron cuadras y se refaccion\u00f3 la Casa de Derechos Humanos<\/p>\n\n\n\n<p>La intendenta Mariel Fern\u00e1ndez junto a vecinas y vecinos inaugur\u00f3 obras en el barrio Arca de Paso del Rey, con el objetivo de garantizar derechos y mejorar la calidad de vida de la comunidad.<\/p>\n\n\n\n<p>Se erradic\u00f3 un basural hist\u00f3rico en el boulevard San Antonio de Padua, entre Avenida de la Ribera y S\u00e1enz Pe\u00f1a. En su lugar, se construy\u00f3 una nueva plaza con juegos infantiles, veredas, mobiliario urbano, luminarias LED, c\u00e1maras de seguridad y conexi\u00f3n WiFi gratuita. Adem\u00e1s, se asfaltaron 750 metros en las calles aleda\u00f1as, optimizando la circulaci\u00f3n peatonal y vehicular.<\/p>\n\n\n\n<p>Tambi\u00e9n se realizaron trabajos de perfilado y estabilizado en dos tramos clave para la conectividad barrial: 700 metros sobre la calle Ameghino, desde La Ribera hasta Haedo y 200 metros sobre Roca, desde Ameghino hasta La Ribera.<\/p>\n\n\n\n<p>Durante la jornada, la jefa comunal destac\u00f3: \u201cCelebramos estas obras que dignifican los espacios recreativos y de trabajo, y que mejoran la vida de nuestras vecinas y vecinos\u201d.<\/p>\n\n\n\n<p>Otro hecho relevante fue la recuperaci\u00f3n de un inmueble que se encontraba usurpado, el cual fue reacondicionado y transformado en la nueva Casa de Derechos Humanos del Municipio. Este espacio funciona como centro de promoci\u00f3n y defensa de los derechos humanos, preservaci\u00f3n de la memoria colectiva y acompa\u00f1amiento a personas en situaci\u00f3n de vulnerabilidad. Adem\u00e1s, ofrece atenci\u00f3n jur\u00eddica gratuita dos veces por semana a trav\u00e9s del programa Casas de Justicia.<\/p>\n\n\n\n<p>La Casa de Derechos Humanos est\u00e1 ubicada en la intersecci\u00f3n de S\u00e1enz Pe\u00f1a y San Antonio de Padua, y atiende al p\u00fablico de lunes a viernes, de 8 a 16 horas. Para consultas, est\u00e1 disponible el n\u00famero (0237) 410-9347.<\/p>\n\n\n\n<p>Con estas obras, el Gobierno local reafirma su compromiso con la recuperaci\u00f3n de espacios p\u00fablicos, el acceso equitativo a derechos fundamentales y el fortalecimiento del entramado comunitario en todo el distrito.<\/p>\n","protected":false},"excerpt":{"rendered":"<p>En el Boulevard San Antonio de Padua se erradic\u00f3 un hist\u00f3rico basural y en su lugar se cre\u00f3 una plaza.<\/p>\n","protected":false},"author":3,"featured_media":7481,"comment_status":"open","ping_status":"open","sticky":false,"template":"","format":"standard","meta":{"colormag_page_container_layout":"default_layout","colormag_page_sidebar_layout":"default_layout","footnotes":""},"categories":[5,1,14],"tags":[],"class_list":["post-7480","post","type-post","status-publish","format-standard","has-post-thumbnail","hentry","category-1ra-seccion","category-destacadas","category-politica"],"yoast_head":"<!-- This site is optimized with the Yoast SEO plugin v27.4 - https:\/\/yoast.com\/product\/yoast-seo-wordpress\/ -->\n<title>Mariel Fern\u00e1ndez inaugur\u00f3 obras en barrio Arca de Paso del Rey - InfoPBA247<\/title>\n<meta name=\"robots\" content=\"index, follow, max-snippet:-1, max-image-preview:large, max-video-preview:-1\" \/>\n<link rel=\"canonical\" href=\"https:\/\/infopba247.com.ar\/index.php\/2025\/07\/10\/mariel-fernandez-inauguro-obras-en-barrio-arca-de-paso-del-rey\/\" \/>\n<meta property=\"og:locale\" content=\"es_ES\" \/>\n<meta property=\"og:type\" content=\"article\" \/>\n<meta property=\"og:title\" content=\"Mariel Fern\u00e1ndez inaugur\u00f3 obras en barrio Arca de Paso del Rey - InfoPBA247\" \/>\n<meta property=\"og:description\" content=\"En el Boulevard San Antonio de Padua se erradic\u00f3 un hist\u00f3rico basural y en su lugar se cre\u00f3 una plaza.\" \/>\n<meta property=\"og:url\" content=\"https:\/\/infopba247.com.ar\/index.php\/2025\/07\/10\/mariel-fernandez-inauguro-obras-en-barrio-arca-de-paso-del-rey\/\" \/>\n<meta property=\"og:site_name\" content=\"InfoPBA247\" \/>\n<meta property=\"article:publisher\" content=\"https:\/\/www.facebook.com\/InfoPBA\" \/>\n<meta property=\"article:published_time\" content=\"2025-07-10T19:41:59+00:00\" \/>\n<meta property=\"article:modified_time\" content=\"2025-07-10T19:42:00+00:00\" \/>\n<meta property=\"og:image\" content=\"https:\/\/infopba247.com.ar\/wp-content\/uploads\/2025\/07\/casa-derechos-humanos.jpg\" \/>\n\t<meta property=\"og:image:width\" content=\"1920\" \/>\n\t<meta property=\"og:image:height\" content=\"1080\" \/>\n\t<meta property=\"og:image:type\" content=\"image\/jpeg\" \/>\n<meta name=\"author\" content=\"Editor\" \/>\n<meta name=\"twitter:card\" content=\"summary_large_image\" \/>\n<meta name=\"twitter:label1\" content=\"Escrito por\" \/>\n\t<meta name=\"twitter:data1\" content=\"Editor\" \/>\n\t<meta name=\"twitter:label2\" content=\"Tiempo de lectura\" \/>\n\t<meta name=\"twitter:data2\" content=\"2 minutos\" \/>\n<script type=\"application\/ld+json\" class=\"yoast-schema-graph\">{\"@context\":\"https:\\\/\\\/schema.org\",\"@graph\":[{\"@type\":\"Article\",\"@id\":\"https:\\\/\\\/infopba247.com.ar\\\/index.php\\\/2025\\\/07\\\/10\\\/mariel-fernandez-inauguro-obras-en-barrio-arca-de-paso-del-rey\\\/#article\",\"isPartOf\":{\"@id\":\"https:\\\/\\\/infopba247.com.ar\\\/index.php\\\/2025\\\/07\\\/10\\\/mariel-fernandez-inauguro-obras-en-barrio-arca-de-paso-del-rey\\\/\"},\"author\":{\"name\":\"Editor\",\"@id\":\"https:\\\/\\\/infopba247.com.ar\\\/#\\\/schema\\\/person\\\/4975f1343a413e57bf839b3eed0099f2\"},\"headline\":\"Mariel Fern\u00e1ndez inaugur\u00f3 obras en barrio Arca de Paso del Rey\",\"datePublished\":\"2025-07-10T19:41:59+00:00\",\"dateModified\":\"2025-07-10T19:42:00+00:00\",\"mainEntityOfPage\":{\"@id\":\"https:\\\/\\\/infopba247.com.ar\\\/index.php\\\/2025\\\/07\\\/10\\\/mariel-fernandez-inauguro-obras-en-barrio-arca-de-paso-del-rey\\\/\"},\"wordCount\":363,\"commentCount\":0,\"publisher\":{\"@id\":\"https:\\\/\\\/infopba247.com.ar\\\/#organization\"},\"image\":{\"@id\":\"https:\\\/\\\/infopba247.com.ar\\\/index.php\\\/2025\\\/07\\\/10\\\/mariel-fernandez-inauguro-obras-en-barrio-arca-de-paso-del-rey\\\/#primaryimage\"},\"thumbnailUrl\":\"https:\\\/\\\/infopba247.com.ar\\\/wp-content\\\/uploads\\\/2025\\\/07\\\/casa-derechos-humanos.jpg\",\"articleSection\":[\"1ra Secci\u00f3n\",\"Destacadas\",\"Pol\u00edtica\"],\"inLanguage\":\"es\",\"potentialAction\":[{\"@type\":\"CommentAction\",\"name\":\"Comment\",\"target\":[\"https:\\\/\\\/infopba247.com.ar\\\/index.php\\\/2025\\\/07\\\/10\\\/mariel-fernandez-inauguro-obras-en-barrio-arca-de-paso-del-rey\\\/#respond\"]}]},{\"@type\":\"WebPage\",\"@id\":\"https:\\\/\\\/infopba247.com.ar\\\/index.php\\\/2025\\\/07\\\/10\\\/mariel-fernandez-inauguro-obras-en-barrio-arca-de-paso-del-rey\\\/\",\"url\":\"https:\\\/\\\/infopba247.com.ar\\\/index.php\\\/2025\\\/07\\\/10\\\/mariel-fernandez-inauguro-obras-en-barrio-arca-de-paso-del-rey\\\/\",\"name\":\"Mariel Fern\u00e1ndez inaugur\u00f3 obras en barrio Arca de Paso del Rey - InfoPBA247\",\"isPartOf\":{\"@id\":\"https:\\\/\\\/infopba247.com.ar\\\/#website\"},\"primaryImageOfPage\":{\"@id\":\"https:\\\/\\\/infopba247.com.ar\\\/index.php\\\/2025\\\/07\\\/10\\\/mariel-fernandez-inauguro-obras-en-barrio-arca-de-paso-del-rey\\\/#primaryimage\"},\"image\":{\"@id\":\"https:\\\/\\\/infopba247.com.ar\\\/index.php\\\/2025\\\/07\\\/10\\\/mariel-fernandez-inauguro-obras-en-barrio-arca-de-paso-del-rey\\\/#primaryimage\"},\"thumbnailUrl\":\"https:\\\/\\\/infopba247.com.ar\\\/wp-content\\\/uploads\\\/2025\\\/07\\\/casa-derechos-humanos.jpg\",\"datePublished\":\"2025-07-10T19:41:59+00:00\",\"dateModified\":\"2025-07-10T19:42:00+00:00\",\"breadcrumb\":{\"@id\":\"https:\\\/\\\/infopba247.com.ar\\\/index.php\\\/2025\\\/07\\\/10\\\/mariel-fernandez-inauguro-obras-en-barrio-arca-de-paso-del-rey\\\/#breadcrumb\"},\"inLanguage\":\"es\",\"potentialAction\":[{\"@type\":\"ReadAction\",\"target\":[\"https:\\\/\\\/infopba247.com.ar\\\/index.php\\\/2025\\\/07\\\/10\\\/mariel-fernandez-inauguro-obras-en-barrio-arca-de-paso-del-rey\\\/\"]}]},{\"@type\":\"ImageObject\",\"inLanguage\":\"es\",\"@id\":\"https:\\\/\\\/infopba247.com.ar\\\/index.php\\\/2025\\\/07\\\/10\\\/mariel-fernandez-inauguro-obras-en-barrio-arca-de-paso-del-rey\\\/#primaryimage\",\"url\":\"https:\\\/\\\/infopba247.com.ar\\\/wp-content\\\/uploads\\\/2025\\\/07\\\/casa-derechos-humanos.jpg\",\"contentUrl\":\"https:\\\/\\\/infopba247.com.ar\\\/wp-content\\\/uploads\\\/2025\\\/07\\\/casa-derechos-humanos.jpg\",\"width\":1920,\"height\":1080},{\"@type\":\"BreadcrumbList\",\"@id\":\"https:\\\/\\\/infopba247.com.ar\\\/index.php\\\/2025\\\/07\\\/10\\\/mariel-fernandez-inauguro-obras-en-barrio-arca-de-paso-del-rey\\\/#breadcrumb\",\"itemListElement\":[{\"@type\":\"ListItem\",\"position\":1,\"name\":\"Portada\",\"item\":\"https:\\\/\\\/infopba247.com.ar\\\/\"},{\"@type\":\"ListItem\",\"position\":2,\"name\":\"Mariel Fern\u00e1ndez inaugur\u00f3 obras en barrio Arca de Paso del Rey\"}]},{\"@type\":\"WebSite\",\"@id\":\"https:\\\/\\\/infopba247.com.ar\\\/#website\",\"url\":\"https:\\\/\\\/infopba247.com.ar\\\/\",\"name\":\"InfoPBA247\",\"description\":\"Toda la actualidad bonaerense\",\"publisher\":{\"@id\":\"https:\\\/\\\/infopba247.com.ar\\\/#organization\"},\"potentialAction\":[{\"@type\":\"SearchAction\",\"target\":{\"@type\":\"EntryPoint\",\"urlTemplate\":\"https:\\\/\\\/infopba247.com.ar\\\/?s={search_term_string}\"},\"query-input\":{\"@type\":\"PropertyValueSpecification\",\"valueRequired\":true,\"valueName\":\"search_term_string\"}}],\"inLanguage\":\"es\"},{\"@type\":\"Organization\",\"@id\":\"https:\\\/\\\/infopba247.com.ar\\\/#organization\",\"name\":\"InfoPBA247\",\"url\":\"https:\\\/\\\/infopba247.com.ar\\\/\",\"logo\":{\"@type\":\"ImageObject\",\"inLanguage\":\"es\",\"@id\":\"https:\\\/\\\/infopba247.com.ar\\\/#\\\/schema\\\/logo\\\/image\\\/\",\"url\":\"https:\\\/\\\/infopba247.com.ar\\\/wp-content\\\/uploads\\\/2022\\\/03\\\/cropped-InfoPBA247-1.png\",\"contentUrl\":\"https:\\\/\\\/infopba247.com.ar\\\/wp-content\\\/uploads\\\/2022\\\/03\\\/cropped-InfoPBA247-1.png\",\"width\":500,\"height\":122,\"caption\":\"InfoPBA247\"},\"image\":{\"@id\":\"https:\\\/\\\/infopba247.com.ar\\\/#\\\/schema\\\/logo\\\/image\\\/\"},\"sameAs\":[\"https:\\\/\\\/www.facebook.com\\\/InfoPBA\"]},{\"@type\":\"Person\",\"@id\":\"https:\\\/\\\/infopba247.com.ar\\\/#\\\/schema\\\/person\\\/4975f1343a413e57bf839b3eed0099f2\",\"name\":\"Editor\",\"image\":{\"@type\":\"ImageObject\",\"inLanguage\":\"es\",\"@id\":\"https:\\\/\\\/secure.gravatar.com\\\/avatar\\\/d27fe9520667ca53441d36627a1d6b0fa4a813571ec4803687a7a3a7744685ac?s=96&d=mm&r=g\",\"url\":\"https:\\\/\\\/secure.gravatar.com\\\/avatar\\\/d27fe9520667ca53441d36627a1d6b0fa4a813571ec4803687a7a3a7744685ac?s=96&d=mm&r=g\",\"contentUrl\":\"https:\\\/\\\/secure.gravatar.com\\\/avatar\\\/d27fe9520667ca53441d36627a1d6b0fa4a813571ec4803687a7a3a7744685ac?s=96&d=mm&r=g\",\"caption\":\"Editor\"},\"url\":\"https:\\\/\\\/infopba247.com.ar\\\/index.php\\\/author\\\/editor\\\/\"}]}<\/script>\n<!-- \/ Yoast SEO plugin. -->","yoast_head_json":{"title":"Mariel Fern\u00e1ndez inaugur\u00f3 obras en barrio Arca de Paso del Rey - InfoPBA247","robots":{"index":"index","follow":"follow","max-snippet":"max-snippet:-1","max-image-preview":"max-image-preview:large","max-video-preview":"max-video-preview:-1"},"canonical":"https:\/\/infopba247.com.ar\/index.php\/2025\/07\/10\/mariel-fernandez-inauguro-obras-en-barrio-arca-de-paso-del-rey\/","og_locale":"es_ES","og_type":"article","og_title":"Mariel Fern\u00e1ndez inaugur\u00f3 obras en barrio Arca de Paso del Rey - InfoPBA247","og_description":"En el Boulevard San Antonio de Padua se erradic\u00f3 un hist\u00f3rico basural y en su lugar se cre\u00f3 una plaza.","og_url":"https:\/\/infopba247.com.ar\/index.php\/2025\/07\/10\/mariel-fernandez-inauguro-obras-en-barrio-arca-de-paso-del-rey\/","og_site_name":"InfoPBA247","article_publisher":"https:\/\/www.facebook.com\/InfoPBA","article_published_time":"2025-07-10T19:41:59+00:00","article_modified_time":"2025-07-10T19:42:00+00:00","og_image":[{"width":1920,"height":1080,"url":"https:\/\/infopba247.com.ar\/wp-content\/uploads\/2025\/07\/casa-derechos-humanos.jpg","type":"image\/jpeg"}],"author":"Editor","twitter_card":"summary_large_image","twitter_misc":{"Escrito por":"Editor","Tiempo de lectura":"2 minutos"},"schema":{"@context":"https:\/\/schema.org","@graph":[{"@type":"Article","@id":"https:\/\/infopba247.com.ar\/index.php\/2025\/07\/10\/mariel-fernandez-inauguro-obras-en-barrio-arca-de-paso-del-rey\/#article","isPartOf":{"@id":"https:\/\/infopba247.com.ar\/index.php\/2025\/07\/10\/mariel-fernandez-inauguro-obras-en-barrio-arca-de-paso-del-rey\/"},"author":{"name":"Editor","@id":"https:\/\/infopba247.com.ar\/#\/schema\/person\/4975f1343a413e57bf839b3eed0099f2"},"headline":"Mariel Fern\u00e1ndez inaugur\u00f3 obras en barrio Arca de Paso del Rey","datePublished":"2025-07-10T19:41:59+00:00","dateModified":"2025-07-10T19:42:00+00:00","mainEntityOfPage":{"@id":"https:\/\/infopba247.com.ar\/index.php\/2025\/07\/10\/mariel-fernandez-inauguro-obras-en-barrio-arca-de-paso-del-rey\/"},"wordCount":363,"commentCount":0,"publisher":{"@id":"https:\/\/infopba247.com.ar\/#organization"},"image":{"@id":"https:\/\/infopba247.com.ar\/index.php\/2025\/07\/10\/mariel-fernandez-inauguro-obras-en-barrio-arca-de-paso-del-rey\/#primaryimage"},"thumbnailUrl":"https:\/\/infopba247.com.ar\/wp-content\/uploads\/2025\/07\/casa-derechos-humanos.jpg","articleSection":["1ra Secci\u00f3n","Destacadas","Pol\u00edtica"],"inLanguage":"es","potentialAction":[{"@type":"CommentAction","name":"Comment","target":["https:\/\/infopba247.com.ar\/index.php\/2025\/07\/10\/mariel-fernandez-inauguro-obras-en-barrio-arca-de-paso-del-rey\/#respond"]}]},{"@type":"WebPage","@id":"https:\/\/infopba247.com.ar\/index.php\/2025\/07\/10\/mariel-fernandez-inauguro-obras-en-barrio-arca-de-paso-del-rey\/","url":"https:\/\/infopba247.com.ar\/index.php\/2025\/07\/10\/mariel-fernandez-inauguro-obras-en-barrio-arca-de-paso-del-rey\/","name":"Mariel Fern\u00e1ndez inaugur\u00f3 obras en barrio Arca de Paso del Rey - InfoPBA247","isPartOf":{"@id":"https:\/\/infopba247.com.ar\/#website"},"primaryImageOfPage":{"@id":"https:\/\/infopba247.com.ar\/index.php\/2025\/07\/10\/mariel-fernandez-inauguro-obras-en-barrio-arca-de-paso-del-rey\/#primaryimage"},"image":{"@id":"https:\/\/infopba247.com.ar\/index.php\/2025\/07\/10\/mariel-fernandez-inauguro-obras-en-barrio-arca-de-paso-del-rey\/#primaryimage"},"thumbnailUrl":"https:\/\/infopba247.com.ar\/wp-content\/uploads\/2025\/07\/casa-derechos-humanos.jpg","datePublished":"2025-07-10T19:41:59+00:00","dateModified":"2025-07-10T19:42:00+00:00","breadcrumb":{"@id":"https:\/\/infopba247.com.ar\/index.php\/2025\/07\/10\/mariel-fernandez-inauguro-obras-en-barrio-arca-de-paso-del-rey\/#breadcrumb"},"inLanguage":"es","potentialAction":[{"@type":"ReadAction","target":["https:\/\/infopba247.com.ar\/index.php\/2025\/07\/10\/mariel-fernandez-inauguro-obras-en-barrio-arca-de-paso-del-rey\/"]}]},{"@type":"ImageObject","inLanguage":"es","@id":"https:\/\/infopba247.com.ar\/index.php\/2025\/07\/10\/mariel-fernandez-inauguro-obras-en-barrio-arca-de-paso-del-rey\/#primaryimage","url":"https:\/\/infopba247.com.ar\/wp-content\/uploads\/2025\/07\/casa-derechos-humanos.jpg","contentUrl":"https:\/\/infopba247.com.ar\/wp-content\/uploads\/2025\/07\/casa-derechos-humanos.jpg","width":1920,"height":1080},{"@type":"BreadcrumbList","@id":"https:\/\/infopba247.com.ar\/index.php\/2025\/07\/10\/mariel-fernandez-inauguro-obras-en-barrio-arca-de-paso-del-rey\/#breadcrumb","itemListElement":[{"@type":"ListItem","position":1,"name":"Portada","item":"https:\/\/infopba247.com.ar\/"},{"@type":"ListItem","position":2,"name":"Mariel Fern\u00e1ndez inaugur\u00f3 obras en barrio Arca de Paso del Rey"}]},{"@type":"WebSite","@id":"https:\/\/infopba247.com.ar\/#website","url":"https:\/\/infopba247.com.ar\/","name":"InfoPBA247","description":"Toda la actualidad bonaerense","publisher":{"@id":"https:\/\/infopba247.com.ar\/#organization"},"potentialAction":[{"@type":"SearchAction","target":{"@type":"EntryPoint","urlTemplate":"https:\/\/infopba247.com.ar\/?s={search_term_string}"},"query-input":{"@type":"PropertyValueSpecification","valueRequired":true,"valueName":"search_term_string"}}],"inLanguage":"es"},{"@type":"Organization","@id":"https:\/\/infopba247.com.ar\/#organization","name":"InfoPBA247","url":"https:\/\/infopba247.com.ar\/","logo":{"@type":"ImageObject","inLanguage":"es","@id":"https:\/\/infopba247.com.ar\/#\/schema\/logo\/image\/","url":"https:\/\/infopba247.com.ar\/wp-content\/uploads\/2022\/03\/cropped-InfoPBA247-1.png","contentUrl":"https:\/\/infopba247.com.ar\/wp-content\/uploads\/2022\/03\/cropped-InfoPBA247-1.png","width":500,"height":122,"caption":"InfoPBA247"},"image":{"@id":"https:\/\/infopba247.com.ar\/#\/schema\/logo\/image\/"},"sameAs":["https:\/\/www.facebook.com\/InfoPBA"]},{"@type":"Person","@id":"https:\/\/infopba247.com.ar\/#\/schema\/person\/4975f1343a413e57bf839b3eed0099f2","name":"Editor","image":{"@type":"ImageObject","inLanguage":"es","@id":"https:\/\/secure.gravatar.com\/avatar\/d27fe9520667ca53441d36627a1d6b0fa4a813571ec4803687a7a3a7744685ac?s=96&d=mm&r=g","url":"https:\/\/secure.gravatar.com\/avatar\/d27fe9520667ca53441d36627a1d6b0fa4a813571ec4803687a7a3a7744685ac?s=96&d=mm&r=g","contentUrl":"https:\/\/secure.gravatar.com\/avatar\/d27fe9520667ca53441d36627a1d6b0fa4a813571ec4803687a7a3a7744685ac?s=96&d=mm&r=g","caption":"Editor"},"url":"https:\/\/infopba247.com.ar\/index.php\/author\/editor\/"}]}},"_links":{"self":[{"href":"https:\/\/infopba247.com.ar\/index.php\/wp-json\/wp\/v2\/posts\/7480","targetHints":{"allow":["GET"]}}],"collection":[{"href":"https:\/\/infopba247.com.ar\/index.php\/wp-json\/wp\/v2\/posts"}],"about":[{"href":"https:\/\/infopba247.com.ar\/index.php\/wp-json\/wp\/v2\/types\/post"}],"author":[{"embeddable":true,"href":"https:\/\/infopba247.com.ar\/index.php\/wp-json\/wp\/v2\/users\/3"}],"replies":[{"embeddable":true,"href":"https:\/\/infopba247.com.ar\/index.php\/wp-json\/wp\/v2\/comments?post=7480"}],"version-history":[{"count":1,"href":"https:\/\/infopba247.com.ar\/index.php\/wp-json\/wp\/v2\/posts\/7480\/revisions"}],"predecessor-version":[{"id":7482,"href":"https:\/\/infopba247.com.ar\/index.php\/wp-json\/wp\/v2\/posts\/7480\/revisions\/7482"}],"wp:featuredmedia":[{"embeddable":true,"href":"https:\/\/infopba247.com.ar\/index.php\/wp-json\/wp\/v2\/media\/7481"}],"wp:attachment":[{"href":"https:\/\/infopba247.com.ar\/index.php\/wp-json\/wp\/v2\/media?parent=7480"}],"wp:term":[{"taxonomy":"category","embeddable":true,"href":"https:\/\/infopba247.com.ar\/index.php\/wp-json\/wp\/v2\/categories?post=7480"},{"taxonomy":"post_tag","embeddable":true,"href":"https:\/\/infopba247.com.ar\/index.php\/wp-json\/wp\/v2\/tags?post=7480"}],"curies":[{"name":"wp","href":"https:\/\/api.w.org\/{rel}","templated":true}]}}