{"id":7477,"date":"2025-07-10T15:34:00","date_gmt":"2025-07-10T18:34:00","guid":{"rendered":"https:\/\/infopba247.com.ar\/?p=7477"},"modified":"2025-07-10T16:37:49","modified_gmt":"2025-07-10T19:37:49","slug":"barrios-mussi-bianco-y-urquiza-recorrieron-el-polo-educativo-del-barrio-once","status":"publish","type":"post","link":"https:\/\/infopba247.com.ar\/index.php\/2025\/07\/10\/barrios-mussi-bianco-y-urquiza-recorrieron-el-polo-educativo-del-barrio-once\/","title":{"rendered":"Barrios, Mussi, Bianco y Urquiza recorrieron el polo educativo del barrio Once"},"content":{"rendered":"\n<p>Los funcionarios visitaron la obra que brindar\u00e1 m\u00e1s de 1.300 vacantes nuevas para ni\u00f1os, ni\u00f1as y j\u00f3venes en el Jard\u00edn de Infantes, Primaria y Secundaria que se est\u00e1n ejecutando.<\/p>\n\n\n\n<p>La directora ejecutiva, Romina Barrios, recorri\u00f3 hoy junto al intendente de Berazategui, Juan Jos\u00e9 Mussi, el ministro de Gobierno, Carlos Bianco, y el subsecretario de Educaci\u00f3n bonaerense, Pablo Urquiza, las obras del polo educativo que estamos desarrollando en la localidad de El Pato.<\/p>\n\n\n\n<p>Este complejo brindar\u00e1 m\u00e1s de 1.300 vacantes nuevas para ni\u00f1os, ni\u00f1as y j\u00f3venes de la zona, e incluir\u00e1 un Jard\u00edn de Infantes, una Primaria y una Secundaria, adem\u00e1s de un SUM, una plaza, un circuito deportivo y una cancha semicubierta. Todo en un mismo espacio, para que puedan formarse, crecer y compartir en un entorno accesible y de calidad.<\/p>\n\n\n\n<p>Actualmente, se est\u00e1n realizando distintos trabajos que permitir\u00e1n seguir avanzando con la construcci\u00f3n: colocaci\u00f3n de ductos de aire centralizado, aberturas de aluminio y portones corredizos en el jard\u00edn; revoques y colocaci\u00f3n de carpinter\u00edas y rejas en la primaria y secundaria; armado del sistema de provisi\u00f3n de agua potable; colocaci\u00f3n de ca\u00f1os para el tendido el\u00e9ctrico del espacio p\u00fablico y ajustes en las rejas de los portones del SUM, donde tambi\u00e9n se instal\u00f3 un termotanque.<\/p>\n\n\n\n<p>Desde la Provincia, junto a cada Municipio, impulsamos pol\u00edticas p\u00fablicas que fortalezcan la educaci\u00f3n y promuevan la igualdad de oportunidades para todos y todas. Porque un nuevo edificio escolar no es solo una obra: es futuro, inclusi\u00f3n y m\u00e1s derechos para la vida cotidiana de cada familia bonaerense.<\/p>\n\n\n\n<p>En el barrio Libertador de San Mart\u00edn, San Jos\u00e9 de San Vicente y Villa Luj\u00e1n de Pilar inauguramos escuelas y jardines para que cada vez m\u00e1s comunidades cuenten con educaci\u00f3n p\u00fablica m\u00e1s cerca de sus hogares. Al igual que en Berazategui, en el barrio La Carolina de Florencio Varela tambi\u00e9n estamos construyendo un polo educativo para las familias.<\/p>\n","protected":false},"excerpt":{"rendered":"<p>Los funcionarios visitaron la obra que brindar\u00e1 m\u00e1s de 1.300 vacantes nuevas para ni\u00f1os, ni\u00f1as y j\u00f3venes en el Jard\u00edn<\/p>\n","protected":false},"author":3,"featured_media":7478,"comment_status":"open","ping_status":"open","sticky":false,"template":"","format":"standard","meta":{"colormag_page_container_layout":"default_layout","colormag_page_sidebar_layout":"default_layout","footnotes":""},"categories":[7,1,14],"tags":[],"class_list":["post-7477","post","type-post","status-publish","format-standard","has-post-thumbnail","hentry","category-3ra-seccion","category-destacadas","category-politica"],"yoast_head":"<!-- This site is optimized with the Yoast SEO plugin v27.4 - https:\/\/yoast.com\/product\/yoast-seo-wordpress\/ -->\n<title>Barrios, Mussi, Bianco y Urquiza recorrieron el polo educativo del barrio Once - InfoPBA247<\/title>\n<meta name=\"robots\" content=\"index, follow, max-snippet:-1, max-image-preview:large, max-video-preview:-1\" \/>\n<link rel=\"canonical\" href=\"https:\/\/infopba247.com.ar\/index.php\/2025\/07\/10\/barrios-mussi-bianco-y-urquiza-recorrieron-el-polo-educativo-del-barrio-once\/\" \/>\n<meta property=\"og:locale\" content=\"es_ES\" \/>\n<meta property=\"og:type\" content=\"article\" \/>\n<meta property=\"og:title\" content=\"Barrios, Mussi, Bianco y Urquiza recorrieron el polo educativo del barrio Once - InfoPBA247\" \/>\n<meta property=\"og:description\" content=\"Los funcionarios visitaron la obra que brindar\u00e1 m\u00e1s de 1.300 vacantes nuevas para ni\u00f1os, ni\u00f1as y j\u00f3venes en el Jard\u00edn\" \/>\n<meta property=\"og:url\" content=\"https:\/\/infopba247.com.ar\/index.php\/2025\/07\/10\/barrios-mussi-bianco-y-urquiza-recorrieron-el-polo-educativo-del-barrio-once\/\" \/>\n<meta property=\"og:site_name\" content=\"InfoPBA247\" \/>\n<meta property=\"article:publisher\" content=\"https:\/\/www.facebook.com\/InfoPBA\" \/>\n<meta property=\"article:published_time\" content=\"2025-07-10T18:34:00+00:00\" \/>\n<meta property=\"article:modified_time\" content=\"2025-07-10T19:37:49+00:00\" \/>\n<meta property=\"og:image\" content=\"https:\/\/infopba247.com.ar\/wp-content\/uploads\/2025\/07\/unnamed-2025-07-10T163647.970.jpg\" \/>\n\t<meta property=\"og:image:width\" content=\"1120\" \/>\n\t<meta property=\"og:image:height\" content=\"746\" \/>\n\t<meta property=\"og:image:type\" content=\"image\/jpeg\" \/>\n<meta name=\"author\" content=\"Editor\" \/>\n<meta name=\"twitter:card\" content=\"summary_large_image\" \/>\n<meta name=\"twitter:label1\" content=\"Escrito por\" \/>\n\t<meta name=\"twitter:data1\" content=\"Editor\" \/>\n\t<meta name=\"twitter:label2\" content=\"Tiempo de lectura\" \/>\n\t<meta name=\"twitter:data2\" content=\"2 minutos\" \/>\n<script type=\"application\/ld+json\" class=\"yoast-schema-graph\">{\"@context\":\"https:\\\/\\\/schema.org\",\"@graph\":[{\"@type\":\"Article\",\"@id\":\"https:\\\/\\\/infopba247.com.ar\\\/index.php\\\/2025\\\/07\\\/10\\\/barrios-mussi-bianco-y-urquiza-recorrieron-el-polo-educativo-del-barrio-once\\\/#article\",\"isPartOf\":{\"@id\":\"https:\\\/\\\/infopba247.com.ar\\\/index.php\\\/2025\\\/07\\\/10\\\/barrios-mussi-bianco-y-urquiza-recorrieron-el-polo-educativo-del-barrio-once\\\/\"},\"author\":{\"name\":\"Editor\",\"@id\":\"https:\\\/\\\/infopba247.com.ar\\\/#\\\/schema\\\/person\\\/4975f1343a413e57bf839b3eed0099f2\"},\"headline\":\"Barrios, Mussi, Bianco y Urquiza recorrieron el polo educativo del barrio Once\",\"datePublished\":\"2025-07-10T18:34:00+00:00\",\"dateModified\":\"2025-07-10T19:37:49+00:00\",\"mainEntityOfPage\":{\"@id\":\"https:\\\/\\\/infopba247.com.ar\\\/index.php\\\/2025\\\/07\\\/10\\\/barrios-mussi-bianco-y-urquiza-recorrieron-el-polo-educativo-del-barrio-once\\\/\"},\"wordCount\":359,\"commentCount\":0,\"publisher\":{\"@id\":\"https:\\\/\\\/infopba247.com.ar\\\/#organization\"},\"image\":{\"@id\":\"https:\\\/\\\/infopba247.com.ar\\\/index.php\\\/2025\\\/07\\\/10\\\/barrios-mussi-bianco-y-urquiza-recorrieron-el-polo-educativo-del-barrio-once\\\/#primaryimage\"},\"thumbnailUrl\":\"https:\\\/\\\/infopba247.com.ar\\\/wp-content\\\/uploads\\\/2025\\\/07\\\/unnamed-2025-07-10T163647.970.jpg\",\"articleSection\":[\"3ra Secci\u00f3n\",\"Destacadas\",\"Pol\u00edtica\"],\"inLanguage\":\"es\",\"potentialAction\":[{\"@type\":\"CommentAction\",\"name\":\"Comment\",\"target\":[\"https:\\\/\\\/infopba247.com.ar\\\/index.php\\\/2025\\\/07\\\/10\\\/barrios-mussi-bianco-y-urquiza-recorrieron-el-polo-educativo-del-barrio-once\\\/#respond\"]}]},{\"@type\":\"WebPage\",\"@id\":\"https:\\\/\\\/infopba247.com.ar\\\/index.php\\\/2025\\\/07\\\/10\\\/barrios-mussi-bianco-y-urquiza-recorrieron-el-polo-educativo-del-barrio-once\\\/\",\"url\":\"https:\\\/\\\/infopba247.com.ar\\\/index.php\\\/2025\\\/07\\\/10\\\/barrios-mussi-bianco-y-urquiza-recorrieron-el-polo-educativo-del-barrio-once\\\/\",\"name\":\"Barrios, Mussi, Bianco y Urquiza recorrieron el polo educativo del barrio Once - InfoPBA247\",\"isPartOf\":{\"@id\":\"https:\\\/\\\/infopba247.com.ar\\\/#website\"},\"primaryImageOfPage\":{\"@id\":\"https:\\\/\\\/infopba247.com.ar\\\/index.php\\\/2025\\\/07\\\/10\\\/barrios-mussi-bianco-y-urquiza-recorrieron-el-polo-educativo-del-barrio-once\\\/#primaryimage\"},\"image\":{\"@id\":\"https:\\\/\\\/infopba247.com.ar\\\/index.php\\\/2025\\\/07\\\/10\\\/barrios-mussi-bianco-y-urquiza-recorrieron-el-polo-educativo-del-barrio-once\\\/#primaryimage\"},\"thumbnailUrl\":\"https:\\\/\\\/infopba247.com.ar\\\/wp-content\\\/uploads\\\/2025\\\/07\\\/unnamed-2025-07-10T163647.970.jpg\",\"datePublished\":\"2025-07-10T18:34:00+00:00\",\"dateModified\":\"2025-07-10T19:37:49+00:00\",\"breadcrumb\":{\"@id\":\"https:\\\/\\\/infopba247.com.ar\\\/index.php\\\/2025\\\/07\\\/10\\\/barrios-mussi-bianco-y-urquiza-recorrieron-el-polo-educativo-del-barrio-once\\\/#breadcrumb\"},\"inLanguage\":\"es\",\"potentialAction\":[{\"@type\":\"ReadAction\",\"target\":[\"https:\\\/\\\/infopba247.com.ar\\\/index.php\\\/2025\\\/07\\\/10\\\/barrios-mussi-bianco-y-urquiza-recorrieron-el-polo-educativo-del-barrio-once\\\/\"]}]},{\"@type\":\"ImageObject\",\"inLanguage\":\"es\",\"@id\":\"https:\\\/\\\/infopba247.com.ar\\\/index.php\\\/2025\\\/07\\\/10\\\/barrios-mussi-bianco-y-urquiza-recorrieron-el-polo-educativo-del-barrio-once\\\/#primaryimage\",\"url\":\"https:\\\/\\\/infopba247.com.ar\\\/wp-content\\\/uploads\\\/2025\\\/07\\\/unnamed-2025-07-10T163647.970.jpg\",\"contentUrl\":\"https:\\\/\\\/infopba247.com.ar\\\/wp-content\\\/uploads\\\/2025\\\/07\\\/unnamed-2025-07-10T163647.970.jpg\",\"width\":1120,\"height\":746},{\"@type\":\"BreadcrumbList\",\"@id\":\"https:\\\/\\\/infopba247.com.ar\\\/index.php\\\/2025\\\/07\\\/10\\\/barrios-mussi-bianco-y-urquiza-recorrieron-el-polo-educativo-del-barrio-once\\\/#breadcrumb\",\"itemListElement\":[{\"@type\":\"ListItem\",\"position\":1,\"name\":\"Portada\",\"item\":\"https:\\\/\\\/infopba247.com.ar\\\/\"},{\"@type\":\"ListItem\",\"position\":2,\"name\":\"Barrios, Mussi, Bianco y Urquiza recorrieron el polo educativo del barrio Once\"}]},{\"@type\":\"WebSite\",\"@id\":\"https:\\\/\\\/infopba247.com.ar\\\/#website\",\"url\":\"https:\\\/\\\/infopba247.com.ar\\\/\",\"name\":\"InfoPBA247\",\"description\":\"Toda la actualidad bonaerense\",\"publisher\":{\"@id\":\"https:\\\/\\\/infopba247.com.ar\\\/#organization\"},\"potentialAction\":[{\"@type\":\"SearchAction\",\"target\":{\"@type\":\"EntryPoint\",\"urlTemplate\":\"https:\\\/\\\/infopba247.com.ar\\\/?s={search_term_string}\"},\"query-input\":{\"@type\":\"PropertyValueSpecification\",\"valueRequired\":true,\"valueName\":\"search_term_string\"}}],\"inLanguage\":\"es\"},{\"@type\":\"Organization\",\"@id\":\"https:\\\/\\\/infopba247.com.ar\\\/#organization\",\"name\":\"InfoPBA247\",\"url\":\"https:\\\/\\\/infopba247.com.ar\\\/\",\"logo\":{\"@type\":\"ImageObject\",\"inLanguage\":\"es\",\"@id\":\"https:\\\/\\\/infopba247.com.ar\\\/#\\\/schema\\\/logo\\\/image\\\/\",\"url\":\"https:\\\/\\\/infopba247.com.ar\\\/wp-content\\\/uploads\\\/2022\\\/03\\\/cropped-InfoPBA247-1.png\",\"contentUrl\":\"https:\\\/\\\/infopba247.com.ar\\\/wp-content\\\/uploads\\\/2022\\\/03\\\/cropped-InfoPBA247-1.png\",\"width\":500,\"height\":122,\"caption\":\"InfoPBA247\"},\"image\":{\"@id\":\"https:\\\/\\\/infopba247.com.ar\\\/#\\\/schema\\\/logo\\\/image\\\/\"},\"sameAs\":[\"https:\\\/\\\/www.facebook.com\\\/InfoPBA\"]},{\"@type\":\"Person\",\"@id\":\"https:\\\/\\\/infopba247.com.ar\\\/#\\\/schema\\\/person\\\/4975f1343a413e57bf839b3eed0099f2\",\"name\":\"Editor\",\"image\":{\"@type\":\"ImageObject\",\"inLanguage\":\"es\",\"@id\":\"https:\\\/\\\/secure.gravatar.com\\\/avatar\\\/d27fe9520667ca53441d36627a1d6b0fa4a813571ec4803687a7a3a7744685ac?s=96&d=mm&r=g\",\"url\":\"https:\\\/\\\/secure.gravatar.com\\\/avatar\\\/d27fe9520667ca53441d36627a1d6b0fa4a813571ec4803687a7a3a7744685ac?s=96&d=mm&r=g\",\"contentUrl\":\"https:\\\/\\\/secure.gravatar.com\\\/avatar\\\/d27fe9520667ca53441d36627a1d6b0fa4a813571ec4803687a7a3a7744685ac?s=96&d=mm&r=g\",\"caption\":\"Editor\"},\"url\":\"https:\\\/\\\/infopba247.com.ar\\\/index.php\\\/author\\\/editor\\\/\"}]}<\/script>\n<!-- \/ Yoast SEO plugin. -->","yoast_head_json":{"title":"Barrios, Mussi, Bianco y Urquiza recorrieron el polo educativo del barrio Once - InfoPBA247","robots":{"index":"index","follow":"follow","max-snippet":"max-snippet:-1","max-image-preview":"max-image-preview:large","max-video-preview":"max-video-preview:-1"},"canonical":"https:\/\/infopba247.com.ar\/index.php\/2025\/07\/10\/barrios-mussi-bianco-y-urquiza-recorrieron-el-polo-educativo-del-barrio-once\/","og_locale":"es_ES","og_type":"article","og_title":"Barrios, Mussi, Bianco y Urquiza recorrieron el polo educativo del barrio Once - InfoPBA247","og_description":"Los funcionarios visitaron la obra que brindar\u00e1 m\u00e1s de 1.300 vacantes nuevas para ni\u00f1os, ni\u00f1as y j\u00f3venes en el Jard\u00edn","og_url":"https:\/\/infopba247.com.ar\/index.php\/2025\/07\/10\/barrios-mussi-bianco-y-urquiza-recorrieron-el-polo-educativo-del-barrio-once\/","og_site_name":"InfoPBA247","article_publisher":"https:\/\/www.facebook.com\/InfoPBA","article_published_time":"2025-07-10T18:34:00+00:00","article_modified_time":"2025-07-10T19:37:49+00:00","og_image":[{"width":1120,"height":746,"url":"https:\/\/infopba247.com.ar\/wp-content\/uploads\/2025\/07\/unnamed-2025-07-10T163647.970.jpg","type":"image\/jpeg"}],"author":"Editor","twitter_card":"summary_large_image","twitter_misc":{"Escrito por":"Editor","Tiempo de lectura":"2 minutos"},"schema":{"@context":"https:\/\/schema.org","@graph":[{"@type":"Article","@id":"https:\/\/infopba247.com.ar\/index.php\/2025\/07\/10\/barrios-mussi-bianco-y-urquiza-recorrieron-el-polo-educativo-del-barrio-once\/#article","isPartOf":{"@id":"https:\/\/infopba247.com.ar\/index.php\/2025\/07\/10\/barrios-mussi-bianco-y-urquiza-recorrieron-el-polo-educativo-del-barrio-once\/"},"author":{"name":"Editor","@id":"https:\/\/infopba247.com.ar\/#\/schema\/person\/4975f1343a413e57bf839b3eed0099f2"},"headline":"Barrios, Mussi, Bianco y Urquiza recorrieron el polo educativo del barrio Once","datePublished":"2025-07-10T18:34:00+00:00","dateModified":"2025-07-10T19:37:49+00:00","mainEntityOfPage":{"@id":"https:\/\/infopba247.com.ar\/index.php\/2025\/07\/10\/barrios-mussi-bianco-y-urquiza-recorrieron-el-polo-educativo-del-barrio-once\/"},"wordCount":359,"commentCount":0,"publisher":{"@id":"https:\/\/infopba247.com.ar\/#organization"},"image":{"@id":"https:\/\/infopba247.com.ar\/index.php\/2025\/07\/10\/barrios-mussi-bianco-y-urquiza-recorrieron-el-polo-educativo-del-barrio-once\/#primaryimage"},"thumbnailUrl":"https:\/\/infopba247.com.ar\/wp-content\/uploads\/2025\/07\/unnamed-2025-07-10T163647.970.jpg","articleSection":["3ra Secci\u00f3n","Destacadas","Pol\u00edtica"],"inLanguage":"es","potentialAction":[{"@type":"CommentAction","name":"Comment","target":["https:\/\/infopba247.com.ar\/index.php\/2025\/07\/10\/barrios-mussi-bianco-y-urquiza-recorrieron-el-polo-educativo-del-barrio-once\/#respond"]}]},{"@type":"WebPage","@id":"https:\/\/infopba247.com.ar\/index.php\/2025\/07\/10\/barrios-mussi-bianco-y-urquiza-recorrieron-el-polo-educativo-del-barrio-once\/","url":"https:\/\/infopba247.com.ar\/index.php\/2025\/07\/10\/barrios-mussi-bianco-y-urquiza-recorrieron-el-polo-educativo-del-barrio-once\/","name":"Barrios, Mussi, Bianco y Urquiza recorrieron el polo educativo del barrio Once - InfoPBA247","isPartOf":{"@id":"https:\/\/infopba247.com.ar\/#website"},"primaryImageOfPage":{"@id":"https:\/\/infopba247.com.ar\/index.php\/2025\/07\/10\/barrios-mussi-bianco-y-urquiza-recorrieron-el-polo-educativo-del-barrio-once\/#primaryimage"},"image":{"@id":"https:\/\/infopba247.com.ar\/index.php\/2025\/07\/10\/barrios-mussi-bianco-y-urquiza-recorrieron-el-polo-educativo-del-barrio-once\/#primaryimage"},"thumbnailUrl":"https:\/\/infopba247.com.ar\/wp-content\/uploads\/2025\/07\/unnamed-2025-07-10T163647.970.jpg","datePublished":"2025-07-10T18:34:00+00:00","dateModified":"2025-07-10T19:37:49+00:00","breadcrumb":{"@id":"https:\/\/infopba247.com.ar\/index.php\/2025\/07\/10\/barrios-mussi-bianco-y-urquiza-recorrieron-el-polo-educativo-del-barrio-once\/#breadcrumb"},"inLanguage":"es","potentialAction":[{"@type":"ReadAction","target":["https:\/\/infopba247.com.ar\/index.php\/2025\/07\/10\/barrios-mussi-bianco-y-urquiza-recorrieron-el-polo-educativo-del-barrio-once\/"]}]},{"@type":"ImageObject","inLanguage":"es","@id":"https:\/\/infopba247.com.ar\/index.php\/2025\/07\/10\/barrios-mussi-bianco-y-urquiza-recorrieron-el-polo-educativo-del-barrio-once\/#primaryimage","url":"https:\/\/infopba247.com.ar\/wp-content\/uploads\/2025\/07\/unnamed-2025-07-10T163647.970.jpg","contentUrl":"https:\/\/infopba247.com.ar\/wp-content\/uploads\/2025\/07\/unnamed-2025-07-10T163647.970.jpg","width":1120,"height":746},{"@type":"BreadcrumbList","@id":"https:\/\/infopba247.com.ar\/index.php\/2025\/07\/10\/barrios-mussi-bianco-y-urquiza-recorrieron-el-polo-educativo-del-barrio-once\/#breadcrumb","itemListElement":[{"@type":"ListItem","position":1,"name":"Portada","item":"https:\/\/infopba247.com.ar\/"},{"@type":"ListItem","position":2,"name":"Barrios, Mussi, Bianco y Urquiza recorrieron el polo educativo del barrio Once"}]},{"@type":"WebSite","@id":"https:\/\/infopba247.com.ar\/#website","url":"https:\/\/infopba247.com.ar\/","name":"InfoPBA247","description":"Toda la actualidad bonaerense","publisher":{"@id":"https:\/\/infopba247.com.ar\/#organization"},"potentialAction":[{"@type":"SearchAction","target":{"@type":"EntryPoint","urlTemplate":"https:\/\/infopba247.com.ar\/?s={search_term_string}"},"query-input":{"@type":"PropertyValueSpecification","valueRequired":true,"valueName":"search_term_string"}}],"inLanguage":"es"},{"@type":"Organization","@id":"https:\/\/infopba247.com.ar\/#organization","name":"InfoPBA247","url":"https:\/\/infopba247.com.ar\/","logo":{"@type":"ImageObject","inLanguage":"es","@id":"https:\/\/infopba247.com.ar\/#\/schema\/logo\/image\/","url":"https:\/\/infopba247.com.ar\/wp-content\/uploads\/2022\/03\/cropped-InfoPBA247-1.png","contentUrl":"https:\/\/infopba247.com.ar\/wp-content\/uploads\/2022\/03\/cropped-InfoPBA247-1.png","width":500,"height":122,"caption":"InfoPBA247"},"image":{"@id":"https:\/\/infopba247.com.ar\/#\/schema\/logo\/image\/"},"sameAs":["https:\/\/www.facebook.com\/InfoPBA"]},{"@type":"Person","@id":"https:\/\/infopba247.com.ar\/#\/schema\/person\/4975f1343a413e57bf839b3eed0099f2","name":"Editor","image":{"@type":"ImageObject","inLanguage":"es","@id":"https:\/\/secure.gravatar.com\/avatar\/d27fe9520667ca53441d36627a1d6b0fa4a813571ec4803687a7a3a7744685ac?s=96&d=mm&r=g","url":"https:\/\/secure.gravatar.com\/avatar\/d27fe9520667ca53441d36627a1d6b0fa4a813571ec4803687a7a3a7744685ac?s=96&d=mm&r=g","contentUrl":"https:\/\/secure.gravatar.com\/avatar\/d27fe9520667ca53441d36627a1d6b0fa4a813571ec4803687a7a3a7744685ac?s=96&d=mm&r=g","caption":"Editor"},"url":"https:\/\/infopba247.com.ar\/index.php\/author\/editor\/"}]}},"_links":{"self":[{"href":"https:\/\/infopba247.com.ar\/index.php\/wp-json\/wp\/v2\/posts\/7477","targetHints":{"allow":["GET"]}}],"collection":[{"href":"https:\/\/infopba247.com.ar\/index.php\/wp-json\/wp\/v2\/posts"}],"about":[{"href":"https:\/\/infopba247.com.ar\/index.php\/wp-json\/wp\/v2\/types\/post"}],"author":[{"embeddable":true,"href":"https:\/\/infopba247.com.ar\/index.php\/wp-json\/wp\/v2\/users\/3"}],"replies":[{"embeddable":true,"href":"https:\/\/infopba247.com.ar\/index.php\/wp-json\/wp\/v2\/comments?post=7477"}],"version-history":[{"count":1,"href":"https:\/\/infopba247.com.ar\/index.php\/wp-json\/wp\/v2\/posts\/7477\/revisions"}],"predecessor-version":[{"id":7479,"href":"https:\/\/infopba247.com.ar\/index.php\/wp-json\/wp\/v2\/posts\/7477\/revisions\/7479"}],"wp:featuredmedia":[{"embeddable":true,"href":"https:\/\/infopba247.com.ar\/index.php\/wp-json\/wp\/v2\/media\/7478"}],"wp:attachment":[{"href":"https:\/\/infopba247.com.ar\/index.php\/wp-json\/wp\/v2\/media?parent=7477"}],"wp:term":[{"taxonomy":"category","embeddable":true,"href":"https:\/\/infopba247.com.ar\/index.php\/wp-json\/wp\/v2\/categories?post=7477"},{"taxonomy":"post_tag","embeddable":true,"href":"https:\/\/infopba247.com.ar\/index.php\/wp-json\/wp\/v2\/tags?post=7477"}],"curies":[{"name":"wp","href":"https:\/\/api.w.org\/{rel}","templated":true}]}}