{"id":7453,"date":"2025-07-04T10:18:18","date_gmt":"2025-07-04T13:18:18","guid":{"rendered":"https:\/\/infopba247.com.ar\/?p=7453"},"modified":"2025-07-04T10:18:19","modified_gmt":"2025-07-04T13:18:19","slug":"alak-y-referentes-del-sector-productivo-analizaron-planes-para-el-desarrollo-de-la-plata","status":"publish","type":"post","link":"https:\/\/infopba247.com.ar\/index.php\/2025\/07\/04\/alak-y-referentes-del-sector-productivo-analizaron-planes-para-el-desarrollo-de-la-plata\/","title":{"rendered":"Alak y referentes del sector productivo analizaron planes para el desarrollo de La Plata"},"content":{"rendered":"\n<p>El intendente municipal Julio Alak particip\u00f3 de una nueva reuni\u00f3n del Consejo Consultivo para el Desarrollo del Partido de La Plata, que tuvo lugar ayer en el Camping SOSBA de Ensenada.<\/p>\n\n\n\n<p>Este espacio, que se re\u00fane de manera mensual, funciona como un \u00f3rgano de consulta y opini\u00f3n para el dise\u00f1o y el seguimiento de pol\u00edticas p\u00fablicas locales, con especial atenci\u00f3n en programas y planes orientados al desarrollo productivo, social y econ\u00f3mico de la regi\u00f3n.<\/p>\n\n\n\n<p>\u201cEl di\u00e1logo y el trabajo conjunto son fundamentales para que podamos dar un empuje real a los distintos sectores econ\u00f3micos de nuestra ciudad: la producci\u00f3n primaria, la industria, el comercio, los servicios\u201d, destac\u00f3 el jefe comunal.<\/p>\n\n\n\n<p>\u201cPara que sean efectivas, las pol\u00edticas p\u00fablicas que el Municipio dirige hacia la promoci\u00f3n de cada uno de estos sectores tiene que contar con la visi\u00f3n, el aporte y, en definitiva, la participaci\u00f3n de todos los actores involucrados en el entramado productivo\u201d, agreg\u00f3 Alak.<\/p>\n\n\n\n<p>Durante el encuentro, se abordaron tem\u00e1ticas vinculadas a la planificaci\u00f3n estrat\u00e9gica y el desarrollo. En ese marco, se anticip\u00f3 el lanzamiento de una campa\u00f1a de vacaciones de invierno y se realiz\u00f3 un repaso de la gesti\u00f3n. Adem\u00e1s, se destac\u00f3 la articulaci\u00f3n entre la Comuna, el sector privado, el \u00e1mbito universitario y las asociaciones civiles.<\/p>\n\n\n\n<p>Creado en 2019, el Consejo Consultivo re\u00fane a c\u00e1maras empresariales, asociaciones industriales, gremios, instituciones acad\u00e9micas y distintos actores para promover un trabajo conjunto que fortalezca el crecimiento integral del partido.<\/p>\n\n\n\n<p>Acompa\u00f1aron al intendente Alak el jefe de Gabinete, Carlos Bonicatto, la secretaria de Producci\u00f3n e Innovaci\u00f3n Tecnol\u00f3gica, Mercedes La Gioiosa, y el presidente del Concejo Deliberante, Marcelo Galland, entre otras autoridades.<\/p>\n","protected":false},"excerpt":{"rendered":"<p>El intendente municipal Julio Alak particip\u00f3 de una nueva reuni\u00f3n del Consejo Consultivo para el Desarrollo del Partido de La<\/p>\n","protected":false},"author":3,"featured_media":7451,"comment_status":"open","ping_status":"open","sticky":false,"template":"","format":"standard","meta":{"colormag_page_container_layout":"default_layout","colormag_page_sidebar_layout":"default_layout","footnotes":""},"categories":[12,1,14],"tags":[],"class_list":["post-7453","post","type-post","status-publish","format-standard","has-post-thumbnail","hentry","category-8va-seccion","category-destacadas","category-politica"],"yoast_head":"<!-- This site is optimized with the Yoast SEO plugin v27.4 - https:\/\/yoast.com\/product\/yoast-seo-wordpress\/ -->\n<title>Alak y referentes del sector productivo analizaron planes para el desarrollo de La Plata - InfoPBA247<\/title>\n<meta name=\"robots\" content=\"index, follow, max-snippet:-1, max-image-preview:large, max-video-preview:-1\" \/>\n<link rel=\"canonical\" href=\"https:\/\/infopba247.com.ar\/index.php\/2025\/07\/04\/alak-y-referentes-del-sector-productivo-analizaron-planes-para-el-desarrollo-de-la-plata\/\" \/>\n<meta property=\"og:locale\" content=\"es_ES\" \/>\n<meta property=\"og:type\" content=\"article\" \/>\n<meta property=\"og:title\" content=\"Alak y referentes del sector productivo analizaron planes para el desarrollo de La Plata - InfoPBA247\" \/>\n<meta property=\"og:description\" content=\"El intendente municipal Julio Alak particip\u00f3 de una nueva reuni\u00f3n del Consejo Consultivo para el Desarrollo del Partido de La\" \/>\n<meta property=\"og:url\" content=\"https:\/\/infopba247.com.ar\/index.php\/2025\/07\/04\/alak-y-referentes-del-sector-productivo-analizaron-planes-para-el-desarrollo-de-la-plata\/\" \/>\n<meta property=\"og:site_name\" content=\"InfoPBA247\" \/>\n<meta property=\"article:publisher\" content=\"https:\/\/www.facebook.com\/InfoPBA\" \/>\n<meta property=\"article:published_time\" content=\"2025-07-04T13:18:18+00:00\" \/>\n<meta property=\"article:modified_time\" content=\"2025-07-04T13:18:19+00:00\" \/>\n<meta property=\"og:image\" content=\"https:\/\/infopba247.com.ar\/wp-content\/uploads\/2025\/07\/unnamed-2025-07-04T095956.595.jpg\" \/>\n\t<meta property=\"og:image:width\" content=\"1600\" \/>\n\t<meta property=\"og:image:height\" content=\"1063\" \/>\n\t<meta property=\"og:image:type\" content=\"image\/jpeg\" \/>\n<meta name=\"author\" content=\"Editor\" \/>\n<meta name=\"twitter:card\" content=\"summary_large_image\" \/>\n<meta name=\"twitter:label1\" content=\"Escrito por\" \/>\n\t<meta name=\"twitter:data1\" content=\"Editor\" \/>\n\t<meta name=\"twitter:label2\" content=\"Tiempo de lectura\" \/>\n\t<meta name=\"twitter:data2\" content=\"2 minutos\" \/>\n<script type=\"application\/ld+json\" class=\"yoast-schema-graph\">{\"@context\":\"https:\\\/\\\/schema.org\",\"@graph\":[{\"@type\":\"Article\",\"@id\":\"https:\\\/\\\/infopba247.com.ar\\\/index.php\\\/2025\\\/07\\\/04\\\/alak-y-referentes-del-sector-productivo-analizaron-planes-para-el-desarrollo-de-la-plata\\\/#article\",\"isPartOf\":{\"@id\":\"https:\\\/\\\/infopba247.com.ar\\\/index.php\\\/2025\\\/07\\\/04\\\/alak-y-referentes-del-sector-productivo-analizaron-planes-para-el-desarrollo-de-la-plata\\\/\"},\"author\":{\"name\":\"Editor\",\"@id\":\"https:\\\/\\\/infopba247.com.ar\\\/#\\\/schema\\\/person\\\/4975f1343a413e57bf839b3eed0099f2\"},\"headline\":\"Alak y referentes del sector productivo analizaron planes para el desarrollo de La Plata\",\"datePublished\":\"2025-07-04T13:18:18+00:00\",\"dateModified\":\"2025-07-04T13:18:19+00:00\",\"mainEntityOfPage\":{\"@id\":\"https:\\\/\\\/infopba247.com.ar\\\/index.php\\\/2025\\\/07\\\/04\\\/alak-y-referentes-del-sector-productivo-analizaron-planes-para-el-desarrollo-de-la-plata\\\/\"},\"wordCount\":313,\"commentCount\":0,\"publisher\":{\"@id\":\"https:\\\/\\\/infopba247.com.ar\\\/#organization\"},\"image\":{\"@id\":\"https:\\\/\\\/infopba247.com.ar\\\/index.php\\\/2025\\\/07\\\/04\\\/alak-y-referentes-del-sector-productivo-analizaron-planes-para-el-desarrollo-de-la-plata\\\/#primaryimage\"},\"thumbnailUrl\":\"https:\\\/\\\/infopba247.com.ar\\\/wp-content\\\/uploads\\\/2025\\\/07\\\/unnamed-2025-07-04T095956.595.jpg\",\"articleSection\":[\"8va Secci\u00f3n\",\"Destacadas\",\"Pol\u00edtica\"],\"inLanguage\":\"es\",\"potentialAction\":[{\"@type\":\"CommentAction\",\"name\":\"Comment\",\"target\":[\"https:\\\/\\\/infopba247.com.ar\\\/index.php\\\/2025\\\/07\\\/04\\\/alak-y-referentes-del-sector-productivo-analizaron-planes-para-el-desarrollo-de-la-plata\\\/#respond\"]}]},{\"@type\":\"WebPage\",\"@id\":\"https:\\\/\\\/infopba247.com.ar\\\/index.php\\\/2025\\\/07\\\/04\\\/alak-y-referentes-del-sector-productivo-analizaron-planes-para-el-desarrollo-de-la-plata\\\/\",\"url\":\"https:\\\/\\\/infopba247.com.ar\\\/index.php\\\/2025\\\/07\\\/04\\\/alak-y-referentes-del-sector-productivo-analizaron-planes-para-el-desarrollo-de-la-plata\\\/\",\"name\":\"Alak y referentes del sector productivo analizaron planes para el desarrollo de La Plata - InfoPBA247\",\"isPartOf\":{\"@id\":\"https:\\\/\\\/infopba247.com.ar\\\/#website\"},\"primaryImageOfPage\":{\"@id\":\"https:\\\/\\\/infopba247.com.ar\\\/index.php\\\/2025\\\/07\\\/04\\\/alak-y-referentes-del-sector-productivo-analizaron-planes-para-el-desarrollo-de-la-plata\\\/#primaryimage\"},\"image\":{\"@id\":\"https:\\\/\\\/infopba247.com.ar\\\/index.php\\\/2025\\\/07\\\/04\\\/alak-y-referentes-del-sector-productivo-analizaron-planes-para-el-desarrollo-de-la-plata\\\/#primaryimage\"},\"thumbnailUrl\":\"https:\\\/\\\/infopba247.com.ar\\\/wp-content\\\/uploads\\\/2025\\\/07\\\/unnamed-2025-07-04T095956.595.jpg\",\"datePublished\":\"2025-07-04T13:18:18+00:00\",\"dateModified\":\"2025-07-04T13:18:19+00:00\",\"breadcrumb\":{\"@id\":\"https:\\\/\\\/infopba247.com.ar\\\/index.php\\\/2025\\\/07\\\/04\\\/alak-y-referentes-del-sector-productivo-analizaron-planes-para-el-desarrollo-de-la-plata\\\/#breadcrumb\"},\"inLanguage\":\"es\",\"potentialAction\":[{\"@type\":\"ReadAction\",\"target\":[\"https:\\\/\\\/infopba247.com.ar\\\/index.php\\\/2025\\\/07\\\/04\\\/alak-y-referentes-del-sector-productivo-analizaron-planes-para-el-desarrollo-de-la-plata\\\/\"]}]},{\"@type\":\"ImageObject\",\"inLanguage\":\"es\",\"@id\":\"https:\\\/\\\/infopba247.com.ar\\\/index.php\\\/2025\\\/07\\\/04\\\/alak-y-referentes-del-sector-productivo-analizaron-planes-para-el-desarrollo-de-la-plata\\\/#primaryimage\",\"url\":\"https:\\\/\\\/infopba247.com.ar\\\/wp-content\\\/uploads\\\/2025\\\/07\\\/unnamed-2025-07-04T095956.595.jpg\",\"contentUrl\":\"https:\\\/\\\/infopba247.com.ar\\\/wp-content\\\/uploads\\\/2025\\\/07\\\/unnamed-2025-07-04T095956.595.jpg\",\"width\":1600,\"height\":1063},{\"@type\":\"BreadcrumbList\",\"@id\":\"https:\\\/\\\/infopba247.com.ar\\\/index.php\\\/2025\\\/07\\\/04\\\/alak-y-referentes-del-sector-productivo-analizaron-planes-para-el-desarrollo-de-la-plata\\\/#breadcrumb\",\"itemListElement\":[{\"@type\":\"ListItem\",\"position\":1,\"name\":\"Portada\",\"item\":\"https:\\\/\\\/infopba247.com.ar\\\/\"},{\"@type\":\"ListItem\",\"position\":2,\"name\":\"Alak y referentes del sector productivo analizaron planes para el desarrollo de La Plata\"}]},{\"@type\":\"WebSite\",\"@id\":\"https:\\\/\\\/infopba247.com.ar\\\/#website\",\"url\":\"https:\\\/\\\/infopba247.com.ar\\\/\",\"name\":\"InfoPBA247\",\"description\":\"Toda la actualidad bonaerense\",\"publisher\":{\"@id\":\"https:\\\/\\\/infopba247.com.ar\\\/#organization\"},\"potentialAction\":[{\"@type\":\"SearchAction\",\"target\":{\"@type\":\"EntryPoint\",\"urlTemplate\":\"https:\\\/\\\/infopba247.com.ar\\\/?s={search_term_string}\"},\"query-input\":{\"@type\":\"PropertyValueSpecification\",\"valueRequired\":true,\"valueName\":\"search_term_string\"}}],\"inLanguage\":\"es\"},{\"@type\":\"Organization\",\"@id\":\"https:\\\/\\\/infopba247.com.ar\\\/#organization\",\"name\":\"InfoPBA247\",\"url\":\"https:\\\/\\\/infopba247.com.ar\\\/\",\"logo\":{\"@type\":\"ImageObject\",\"inLanguage\":\"es\",\"@id\":\"https:\\\/\\\/infopba247.com.ar\\\/#\\\/schema\\\/logo\\\/image\\\/\",\"url\":\"https:\\\/\\\/infopba247.com.ar\\\/wp-content\\\/uploads\\\/2022\\\/03\\\/cropped-InfoPBA247-1.png\",\"contentUrl\":\"https:\\\/\\\/infopba247.com.ar\\\/wp-content\\\/uploads\\\/2022\\\/03\\\/cropped-InfoPBA247-1.png\",\"width\":500,\"height\":122,\"caption\":\"InfoPBA247\"},\"image\":{\"@id\":\"https:\\\/\\\/infopba247.com.ar\\\/#\\\/schema\\\/logo\\\/image\\\/\"},\"sameAs\":[\"https:\\\/\\\/www.facebook.com\\\/InfoPBA\"]},{\"@type\":\"Person\",\"@id\":\"https:\\\/\\\/infopba247.com.ar\\\/#\\\/schema\\\/person\\\/4975f1343a413e57bf839b3eed0099f2\",\"name\":\"Editor\",\"image\":{\"@type\":\"ImageObject\",\"inLanguage\":\"es\",\"@id\":\"https:\\\/\\\/secure.gravatar.com\\\/avatar\\\/d27fe9520667ca53441d36627a1d6b0fa4a813571ec4803687a7a3a7744685ac?s=96&d=mm&r=g\",\"url\":\"https:\\\/\\\/secure.gravatar.com\\\/avatar\\\/d27fe9520667ca53441d36627a1d6b0fa4a813571ec4803687a7a3a7744685ac?s=96&d=mm&r=g\",\"contentUrl\":\"https:\\\/\\\/secure.gravatar.com\\\/avatar\\\/d27fe9520667ca53441d36627a1d6b0fa4a813571ec4803687a7a3a7744685ac?s=96&d=mm&r=g\",\"caption\":\"Editor\"},\"url\":\"https:\\\/\\\/infopba247.com.ar\\\/index.php\\\/author\\\/editor\\\/\"}]}<\/script>\n<!-- \/ Yoast SEO plugin. -->","yoast_head_json":{"title":"Alak y referentes del sector productivo analizaron planes para el desarrollo de La Plata - InfoPBA247","robots":{"index":"index","follow":"follow","max-snippet":"max-snippet:-1","max-image-preview":"max-image-preview:large","max-video-preview":"max-video-preview:-1"},"canonical":"https:\/\/infopba247.com.ar\/index.php\/2025\/07\/04\/alak-y-referentes-del-sector-productivo-analizaron-planes-para-el-desarrollo-de-la-plata\/","og_locale":"es_ES","og_type":"article","og_title":"Alak y referentes del sector productivo analizaron planes para el desarrollo de La Plata - InfoPBA247","og_description":"El intendente municipal Julio Alak particip\u00f3 de una nueva reuni\u00f3n del Consejo Consultivo para el Desarrollo del Partido de La","og_url":"https:\/\/infopba247.com.ar\/index.php\/2025\/07\/04\/alak-y-referentes-del-sector-productivo-analizaron-planes-para-el-desarrollo-de-la-plata\/","og_site_name":"InfoPBA247","article_publisher":"https:\/\/www.facebook.com\/InfoPBA","article_published_time":"2025-07-04T13:18:18+00:00","article_modified_time":"2025-07-04T13:18:19+00:00","og_image":[{"width":1600,"height":1063,"url":"https:\/\/infopba247.com.ar\/wp-content\/uploads\/2025\/07\/unnamed-2025-07-04T095956.595.jpg","type":"image\/jpeg"}],"author":"Editor","twitter_card":"summary_large_image","twitter_misc":{"Escrito por":"Editor","Tiempo de lectura":"2 minutos"},"schema":{"@context":"https:\/\/schema.org","@graph":[{"@type":"Article","@id":"https:\/\/infopba247.com.ar\/index.php\/2025\/07\/04\/alak-y-referentes-del-sector-productivo-analizaron-planes-para-el-desarrollo-de-la-plata\/#article","isPartOf":{"@id":"https:\/\/infopba247.com.ar\/index.php\/2025\/07\/04\/alak-y-referentes-del-sector-productivo-analizaron-planes-para-el-desarrollo-de-la-plata\/"},"author":{"name":"Editor","@id":"https:\/\/infopba247.com.ar\/#\/schema\/person\/4975f1343a413e57bf839b3eed0099f2"},"headline":"Alak y referentes del sector productivo analizaron planes para el desarrollo de La Plata","datePublished":"2025-07-04T13:18:18+00:00","dateModified":"2025-07-04T13:18:19+00:00","mainEntityOfPage":{"@id":"https:\/\/infopba247.com.ar\/index.php\/2025\/07\/04\/alak-y-referentes-del-sector-productivo-analizaron-planes-para-el-desarrollo-de-la-plata\/"},"wordCount":313,"commentCount":0,"publisher":{"@id":"https:\/\/infopba247.com.ar\/#organization"},"image":{"@id":"https:\/\/infopba247.com.ar\/index.php\/2025\/07\/04\/alak-y-referentes-del-sector-productivo-analizaron-planes-para-el-desarrollo-de-la-plata\/#primaryimage"},"thumbnailUrl":"https:\/\/infopba247.com.ar\/wp-content\/uploads\/2025\/07\/unnamed-2025-07-04T095956.595.jpg","articleSection":["8va Secci\u00f3n","Destacadas","Pol\u00edtica"],"inLanguage":"es","potentialAction":[{"@type":"CommentAction","name":"Comment","target":["https:\/\/infopba247.com.ar\/index.php\/2025\/07\/04\/alak-y-referentes-del-sector-productivo-analizaron-planes-para-el-desarrollo-de-la-plata\/#respond"]}]},{"@type":"WebPage","@id":"https:\/\/infopba247.com.ar\/index.php\/2025\/07\/04\/alak-y-referentes-del-sector-productivo-analizaron-planes-para-el-desarrollo-de-la-plata\/","url":"https:\/\/infopba247.com.ar\/index.php\/2025\/07\/04\/alak-y-referentes-del-sector-productivo-analizaron-planes-para-el-desarrollo-de-la-plata\/","name":"Alak y referentes del sector productivo analizaron planes para el desarrollo de La Plata - InfoPBA247","isPartOf":{"@id":"https:\/\/infopba247.com.ar\/#website"},"primaryImageOfPage":{"@id":"https:\/\/infopba247.com.ar\/index.php\/2025\/07\/04\/alak-y-referentes-del-sector-productivo-analizaron-planes-para-el-desarrollo-de-la-plata\/#primaryimage"},"image":{"@id":"https:\/\/infopba247.com.ar\/index.php\/2025\/07\/04\/alak-y-referentes-del-sector-productivo-analizaron-planes-para-el-desarrollo-de-la-plata\/#primaryimage"},"thumbnailUrl":"https:\/\/infopba247.com.ar\/wp-content\/uploads\/2025\/07\/unnamed-2025-07-04T095956.595.jpg","datePublished":"2025-07-04T13:18:18+00:00","dateModified":"2025-07-04T13:18:19+00:00","breadcrumb":{"@id":"https:\/\/infopba247.com.ar\/index.php\/2025\/07\/04\/alak-y-referentes-del-sector-productivo-analizaron-planes-para-el-desarrollo-de-la-plata\/#breadcrumb"},"inLanguage":"es","potentialAction":[{"@type":"ReadAction","target":["https:\/\/infopba247.com.ar\/index.php\/2025\/07\/04\/alak-y-referentes-del-sector-productivo-analizaron-planes-para-el-desarrollo-de-la-plata\/"]}]},{"@type":"ImageObject","inLanguage":"es","@id":"https:\/\/infopba247.com.ar\/index.php\/2025\/07\/04\/alak-y-referentes-del-sector-productivo-analizaron-planes-para-el-desarrollo-de-la-plata\/#primaryimage","url":"https:\/\/infopba247.com.ar\/wp-content\/uploads\/2025\/07\/unnamed-2025-07-04T095956.595.jpg","contentUrl":"https:\/\/infopba247.com.ar\/wp-content\/uploads\/2025\/07\/unnamed-2025-07-04T095956.595.jpg","width":1600,"height":1063},{"@type":"BreadcrumbList","@id":"https:\/\/infopba247.com.ar\/index.php\/2025\/07\/04\/alak-y-referentes-del-sector-productivo-analizaron-planes-para-el-desarrollo-de-la-plata\/#breadcrumb","itemListElement":[{"@type":"ListItem","position":1,"name":"Portada","item":"https:\/\/infopba247.com.ar\/"},{"@type":"ListItem","position":2,"name":"Alak y referentes del sector productivo analizaron planes para el desarrollo de La Plata"}]},{"@type":"WebSite","@id":"https:\/\/infopba247.com.ar\/#website","url":"https:\/\/infopba247.com.ar\/","name":"InfoPBA247","description":"Toda la actualidad bonaerense","publisher":{"@id":"https:\/\/infopba247.com.ar\/#organization"},"potentialAction":[{"@type":"SearchAction","target":{"@type":"EntryPoint","urlTemplate":"https:\/\/infopba247.com.ar\/?s={search_term_string}"},"query-input":{"@type":"PropertyValueSpecification","valueRequired":true,"valueName":"search_term_string"}}],"inLanguage":"es"},{"@type":"Organization","@id":"https:\/\/infopba247.com.ar\/#organization","name":"InfoPBA247","url":"https:\/\/infopba247.com.ar\/","logo":{"@type":"ImageObject","inLanguage":"es","@id":"https:\/\/infopba247.com.ar\/#\/schema\/logo\/image\/","url":"https:\/\/infopba247.com.ar\/wp-content\/uploads\/2022\/03\/cropped-InfoPBA247-1.png","contentUrl":"https:\/\/infopba247.com.ar\/wp-content\/uploads\/2022\/03\/cropped-InfoPBA247-1.png","width":500,"height":122,"caption":"InfoPBA247"},"image":{"@id":"https:\/\/infopba247.com.ar\/#\/schema\/logo\/image\/"},"sameAs":["https:\/\/www.facebook.com\/InfoPBA"]},{"@type":"Person","@id":"https:\/\/infopba247.com.ar\/#\/schema\/person\/4975f1343a413e57bf839b3eed0099f2","name":"Editor","image":{"@type":"ImageObject","inLanguage":"es","@id":"https:\/\/secure.gravatar.com\/avatar\/d27fe9520667ca53441d36627a1d6b0fa4a813571ec4803687a7a3a7744685ac?s=96&d=mm&r=g","url":"https:\/\/secure.gravatar.com\/avatar\/d27fe9520667ca53441d36627a1d6b0fa4a813571ec4803687a7a3a7744685ac?s=96&d=mm&r=g","contentUrl":"https:\/\/secure.gravatar.com\/avatar\/d27fe9520667ca53441d36627a1d6b0fa4a813571ec4803687a7a3a7744685ac?s=96&d=mm&r=g","caption":"Editor"},"url":"https:\/\/infopba247.com.ar\/index.php\/author\/editor\/"}]}},"_links":{"self":[{"href":"https:\/\/infopba247.com.ar\/index.php\/wp-json\/wp\/v2\/posts\/7453","targetHints":{"allow":["GET"]}}],"collection":[{"href":"https:\/\/infopba247.com.ar\/index.php\/wp-json\/wp\/v2\/posts"}],"about":[{"href":"https:\/\/infopba247.com.ar\/index.php\/wp-json\/wp\/v2\/types\/post"}],"author":[{"embeddable":true,"href":"https:\/\/infopba247.com.ar\/index.php\/wp-json\/wp\/v2\/users\/3"}],"replies":[{"embeddable":true,"href":"https:\/\/infopba247.com.ar\/index.php\/wp-json\/wp\/v2\/comments?post=7453"}],"version-history":[{"count":1,"href":"https:\/\/infopba247.com.ar\/index.php\/wp-json\/wp\/v2\/posts\/7453\/revisions"}],"predecessor-version":[{"id":7454,"href":"https:\/\/infopba247.com.ar\/index.php\/wp-json\/wp\/v2\/posts\/7453\/revisions\/7454"}],"wp:featuredmedia":[{"embeddable":true,"href":"https:\/\/infopba247.com.ar\/index.php\/wp-json\/wp\/v2\/media\/7451"}],"wp:attachment":[{"href":"https:\/\/infopba247.com.ar\/index.php\/wp-json\/wp\/v2\/media?parent=7453"}],"wp:term":[{"taxonomy":"category","embeddable":true,"href":"https:\/\/infopba247.com.ar\/index.php\/wp-json\/wp\/v2\/categories?post=7453"},{"taxonomy":"post_tag","embeddable":true,"href":"https:\/\/infopba247.com.ar\/index.php\/wp-json\/wp\/v2\/tags?post=7453"}],"curies":[{"name":"wp","href":"https:\/\/api.w.org\/{rel}","templated":true}]}}