{"id":7435,"date":"2025-07-03T14:43:59","date_gmt":"2025-07-03T17:43:59","guid":{"rendered":"https:\/\/infopba247.com.ar\/?p=7435"},"modified":"2025-07-03T14:44:01","modified_gmt":"2025-07-03T17:44:01","slug":"l-gobernador-axel-kicillof-inauguro-las-xix-jornadas-de-idera","status":"publish","type":"post","link":"https:\/\/infopba247.com.ar\/index.php\/2025\/07\/03\/l-gobernador-axel-kicillof-inauguro-las-xix-jornadas-de-idera\/","title":{"rendered":"l gobernador Axel Kicillof inaugur\u00f3 las XIX Jornadas de IDERA"},"content":{"rendered":"\n<p>El gobernador Axel Kicillof, el ministro de Econom\u00eda Pablo L\u00f3pez, el director de ARBA, Cristian Girard y el presidente del Instituto Geogr\u00e1fico Nacional y Secretario Ejecutivo de IDERA, Jorge Machuca inauguraron las XIX Jornadas de Infraestructura de Datos Espaciales de la Rep\u00fablica Argentina (IDERA), de las cuales la Provincia es sede por primera vez.<\/p>\n\n\n\n<p>Durante la apertura, el Gobernador Axel Kicillof remarc\u00f3 que: \u201cHemos logrado no solo mejorar, sino construir una infraestructura de datos bonaerense: entre ellas, el primer data center de la Provincia, una inversi\u00f3n de 9 millones de d\u00f3lares para proteger la informaci\u00f3n y los datos, en el marco de una pol\u00edtica de soberan\u00eda provincial\u201d.<\/p>\n\n\n\n<p>\u201cEl contenido de estas jornadas es muy importante para la gesti\u00f3n p\u00fablica, sobre todo en un contexto en el que, a nivel nacional, se est\u00e1n desmantelando \u00e1reas fundamentales vinculadas a la ciencia y la tecnolog\u00eda\u201d, sostuvo el Gobernador y a\u00f1adi\u00f3: \u201cNosotros marchamos en el sentido estrictamente inverso: estamos invirtiendo para fortalecer la capacidad de gesti\u00f3n y an\u00e1lisis de datos, con el objetivo tambi\u00e9n de democratizar el acceso a la informaci\u00f3n\u201d. \u201cCelebramos estos espacios que permiten discutir, analizar y planificar sobre una materia tan importante para la gesti\u00f3n p\u00fablica: es el Estado el que debe preservar la calidad y el acceso a la informaci\u00f3n\u201d, concluy\u00f3 Kicillof.<\/p>\n\n\n\n<p>Por su parte, el ministro de Econom\u00eda, Pablo L\u00f3pez, destac\u00f3 que: \u201cDesde 2019 trabajamos en fortalecer las capacidades del Estado provincial y la producci\u00f3n de informaci\u00f3n robusta, precisa y de calidad, que sea insumo para dar m\u00e1s y mejores respuestas a las y los bonaerenses. Construir mejores datos, en especial aquellos georreferenciados, es central para el dise\u00f1o de pol\u00edticas p\u00fablicas que redunden en un Estado con m\u00e1s capacidades; y compartir experiencias con otras provincias y pa\u00edses es muy enriquecedor para nuestro trabajo y el federalismo\u201d.<\/p>\n\n\n\n<p>Desde 2007, las Jornadas IDERA son un encuentro para compartir experiencias, desarrollos, implementaciones e iniciativas p\u00fablicas y privadas vinculadas a la gesti\u00f3n de la informaci\u00f3n geoespacial, en el contexto del fortalecimiento de las infraestructuras de datos espaciales. Este a\u00f1o, el lema \u201cProyectando ecosistemas geoespaciales inteligentes\u201d, propone reflexionar sobre la evoluci\u00f3n de las infraestructuras de Datos Espaciales en un contexto de transformaci\u00f3n acelerada del escenario geoespacial actual.<\/p>\n\n\n\n<p>Del encuentro participan m\u00e1s de 950 personas, tanto de la provincia de Buenos Aires como de otras 21 provincias y la Ciudad de Buenos Aires, as\u00ed como de otros pa\u00edses de la regi\u00f3n. El encuentro es organizado por los Ministerios de Econom\u00eda y Gobierno de la provincia de Buenos Aires, junto con la Agencia de Recaudaci\u00f3n (ARBA), el Instituto Cultural y el Instituto Geogr\u00e1fico Nacional; y cuenta con el apoyo del Consejo Federal de Inversiones (CFI). Tiene lugar en el Teatro Argentino de La Plata, y contar\u00e1 con conferencias, talleres y paneles durante tres d\u00edas, desde el mi\u00e9rcoles 2 de julio y hasta el viernes 4, con el desarrollo del Encuentro de Grupos T\u00e9cnicos de Trabajo de IDERA, equipos multidisciplinarios especializados que colaboran de manera voluntaria en los desarrollos y contenidos espec\u00edficos para IDERA.<\/p>\n","protected":false},"excerpt":{"rendered":"<p>El gobernador Axel Kicillof, el ministro de Econom\u00eda Pablo L\u00f3pez, el director de ARBA, Cristian Girard y el presidente del<\/p>\n","protected":false},"author":3,"featured_media":7439,"comment_status":"open","ping_status":"open","sticky":false,"template":"","format":"standard","meta":{"colormag_page_container_layout":"default_layout","colormag_page_sidebar_layout":"default_layout","footnotes":""},"categories":[1,14],"tags":[],"class_list":["post-7435","post","type-post","status-publish","format-standard","has-post-thumbnail","hentry","category-destacadas","category-politica"],"yoast_head":"<!-- This site is optimized with the Yoast SEO plugin v27.4 - https:\/\/yoast.com\/product\/yoast-seo-wordpress\/ -->\n<title>l gobernador Axel Kicillof inaugur\u00f3 las XIX Jornadas de IDERA - InfoPBA247<\/title>\n<meta name=\"robots\" content=\"index, follow, max-snippet:-1, max-image-preview:large, max-video-preview:-1\" \/>\n<link rel=\"canonical\" href=\"https:\/\/infopba247.com.ar\/index.php\/2025\/07\/03\/l-gobernador-axel-kicillof-inauguro-las-xix-jornadas-de-idera\/\" \/>\n<meta property=\"og:locale\" content=\"es_ES\" \/>\n<meta property=\"og:type\" content=\"article\" \/>\n<meta property=\"og:title\" content=\"l gobernador Axel Kicillof inaugur\u00f3 las XIX Jornadas de IDERA - InfoPBA247\" \/>\n<meta property=\"og:description\" content=\"El gobernador Axel Kicillof, el ministro de Econom\u00eda Pablo L\u00f3pez, el director de ARBA, Cristian Girard y el presidente del\" \/>\n<meta property=\"og:url\" content=\"https:\/\/infopba247.com.ar\/index.php\/2025\/07\/03\/l-gobernador-axel-kicillof-inauguro-las-xix-jornadas-de-idera\/\" \/>\n<meta property=\"og:site_name\" content=\"InfoPBA247\" \/>\n<meta property=\"article:publisher\" content=\"https:\/\/www.facebook.com\/InfoPBA\" \/>\n<meta property=\"article:published_time\" content=\"2025-07-03T17:43:59+00:00\" \/>\n<meta property=\"article:modified_time\" content=\"2025-07-03T17:44:01+00:00\" \/>\n<meta property=\"og:image\" content=\"https:\/\/infopba247.com.ar\/wp-content\/uploads\/2025\/07\/AR766242-scaled.jpg\" \/>\n\t<meta property=\"og:image:width\" content=\"2560\" \/>\n\t<meta property=\"og:image:height\" content=\"1707\" \/>\n\t<meta property=\"og:image:type\" content=\"image\/jpeg\" \/>\n<meta name=\"author\" content=\"Editor\" \/>\n<meta name=\"twitter:card\" content=\"summary_large_image\" \/>\n<meta name=\"twitter:label1\" content=\"Escrito por\" \/>\n\t<meta name=\"twitter:data1\" content=\"Editor\" \/>\n\t<meta name=\"twitter:label2\" content=\"Tiempo de lectura\" \/>\n\t<meta name=\"twitter:data2\" content=\"3 minutos\" \/>\n<script type=\"application\/ld+json\" class=\"yoast-schema-graph\">{\"@context\":\"https:\\\/\\\/schema.org\",\"@graph\":[{\"@type\":\"Article\",\"@id\":\"https:\\\/\\\/infopba247.com.ar\\\/index.php\\\/2025\\\/07\\\/03\\\/l-gobernador-axel-kicillof-inauguro-las-xix-jornadas-de-idera\\\/#article\",\"isPartOf\":{\"@id\":\"https:\\\/\\\/infopba247.com.ar\\\/index.php\\\/2025\\\/07\\\/03\\\/l-gobernador-axel-kicillof-inauguro-las-xix-jornadas-de-idera\\\/\"},\"author\":{\"name\":\"Editor\",\"@id\":\"https:\\\/\\\/infopba247.com.ar\\\/#\\\/schema\\\/person\\\/4975f1343a413e57bf839b3eed0099f2\"},\"headline\":\"l gobernador Axel Kicillof inaugur\u00f3 las XIX Jornadas de IDERA\",\"datePublished\":\"2025-07-03T17:43:59+00:00\",\"dateModified\":\"2025-07-03T17:44:01+00:00\",\"mainEntityOfPage\":{\"@id\":\"https:\\\/\\\/infopba247.com.ar\\\/index.php\\\/2025\\\/07\\\/03\\\/l-gobernador-axel-kicillof-inauguro-las-xix-jornadas-de-idera\\\/\"},\"wordCount\":547,\"commentCount\":0,\"publisher\":{\"@id\":\"https:\\\/\\\/infopba247.com.ar\\\/#organization\"},\"image\":{\"@id\":\"https:\\\/\\\/infopba247.com.ar\\\/index.php\\\/2025\\\/07\\\/03\\\/l-gobernador-axel-kicillof-inauguro-las-xix-jornadas-de-idera\\\/#primaryimage\"},\"thumbnailUrl\":\"https:\\\/\\\/infopba247.com.ar\\\/wp-content\\\/uploads\\\/2025\\\/07\\\/AR766242-scaled.jpg\",\"articleSection\":[\"Destacadas\",\"Pol\u00edtica\"],\"inLanguage\":\"es\",\"potentialAction\":[{\"@type\":\"CommentAction\",\"name\":\"Comment\",\"target\":[\"https:\\\/\\\/infopba247.com.ar\\\/index.php\\\/2025\\\/07\\\/03\\\/l-gobernador-axel-kicillof-inauguro-las-xix-jornadas-de-idera\\\/#respond\"]}]},{\"@type\":\"WebPage\",\"@id\":\"https:\\\/\\\/infopba247.com.ar\\\/index.php\\\/2025\\\/07\\\/03\\\/l-gobernador-axel-kicillof-inauguro-las-xix-jornadas-de-idera\\\/\",\"url\":\"https:\\\/\\\/infopba247.com.ar\\\/index.php\\\/2025\\\/07\\\/03\\\/l-gobernador-axel-kicillof-inauguro-las-xix-jornadas-de-idera\\\/\",\"name\":\"l gobernador Axel Kicillof inaugur\u00f3 las XIX Jornadas de IDERA - InfoPBA247\",\"isPartOf\":{\"@id\":\"https:\\\/\\\/infopba247.com.ar\\\/#website\"},\"primaryImageOfPage\":{\"@id\":\"https:\\\/\\\/infopba247.com.ar\\\/index.php\\\/2025\\\/07\\\/03\\\/l-gobernador-axel-kicillof-inauguro-las-xix-jornadas-de-idera\\\/#primaryimage\"},\"image\":{\"@id\":\"https:\\\/\\\/infopba247.com.ar\\\/index.php\\\/2025\\\/07\\\/03\\\/l-gobernador-axel-kicillof-inauguro-las-xix-jornadas-de-idera\\\/#primaryimage\"},\"thumbnailUrl\":\"https:\\\/\\\/infopba247.com.ar\\\/wp-content\\\/uploads\\\/2025\\\/07\\\/AR766242-scaled.jpg\",\"datePublished\":\"2025-07-03T17:43:59+00:00\",\"dateModified\":\"2025-07-03T17:44:01+00:00\",\"breadcrumb\":{\"@id\":\"https:\\\/\\\/infopba247.com.ar\\\/index.php\\\/2025\\\/07\\\/03\\\/l-gobernador-axel-kicillof-inauguro-las-xix-jornadas-de-idera\\\/#breadcrumb\"},\"inLanguage\":\"es\",\"potentialAction\":[{\"@type\":\"ReadAction\",\"target\":[\"https:\\\/\\\/infopba247.com.ar\\\/index.php\\\/2025\\\/07\\\/03\\\/l-gobernador-axel-kicillof-inauguro-las-xix-jornadas-de-idera\\\/\"]}]},{\"@type\":\"ImageObject\",\"inLanguage\":\"es\",\"@id\":\"https:\\\/\\\/infopba247.com.ar\\\/index.php\\\/2025\\\/07\\\/03\\\/l-gobernador-axel-kicillof-inauguro-las-xix-jornadas-de-idera\\\/#primaryimage\",\"url\":\"https:\\\/\\\/infopba247.com.ar\\\/wp-content\\\/uploads\\\/2025\\\/07\\\/AR766242-scaled.jpg\",\"contentUrl\":\"https:\\\/\\\/infopba247.com.ar\\\/wp-content\\\/uploads\\\/2025\\\/07\\\/AR766242-scaled.jpg\",\"width\":2560,\"height\":1707},{\"@type\":\"BreadcrumbList\",\"@id\":\"https:\\\/\\\/infopba247.com.ar\\\/index.php\\\/2025\\\/07\\\/03\\\/l-gobernador-axel-kicillof-inauguro-las-xix-jornadas-de-idera\\\/#breadcrumb\",\"itemListElement\":[{\"@type\":\"ListItem\",\"position\":1,\"name\":\"Portada\",\"item\":\"https:\\\/\\\/infopba247.com.ar\\\/\"},{\"@type\":\"ListItem\",\"position\":2,\"name\":\"l gobernador Axel Kicillof inaugur\u00f3 las XIX Jornadas de IDERA\"}]},{\"@type\":\"WebSite\",\"@id\":\"https:\\\/\\\/infopba247.com.ar\\\/#website\",\"url\":\"https:\\\/\\\/infopba247.com.ar\\\/\",\"name\":\"InfoPBA247\",\"description\":\"Toda la actualidad bonaerense\",\"publisher\":{\"@id\":\"https:\\\/\\\/infopba247.com.ar\\\/#organization\"},\"potentialAction\":[{\"@type\":\"SearchAction\",\"target\":{\"@type\":\"EntryPoint\",\"urlTemplate\":\"https:\\\/\\\/infopba247.com.ar\\\/?s={search_term_string}\"},\"query-input\":{\"@type\":\"PropertyValueSpecification\",\"valueRequired\":true,\"valueName\":\"search_term_string\"}}],\"inLanguage\":\"es\"},{\"@type\":\"Organization\",\"@id\":\"https:\\\/\\\/infopba247.com.ar\\\/#organization\",\"name\":\"InfoPBA247\",\"url\":\"https:\\\/\\\/infopba247.com.ar\\\/\",\"logo\":{\"@type\":\"ImageObject\",\"inLanguage\":\"es\",\"@id\":\"https:\\\/\\\/infopba247.com.ar\\\/#\\\/schema\\\/logo\\\/image\\\/\",\"url\":\"https:\\\/\\\/infopba247.com.ar\\\/wp-content\\\/uploads\\\/2022\\\/03\\\/cropped-InfoPBA247-1.png\",\"contentUrl\":\"https:\\\/\\\/infopba247.com.ar\\\/wp-content\\\/uploads\\\/2022\\\/03\\\/cropped-InfoPBA247-1.png\",\"width\":500,\"height\":122,\"caption\":\"InfoPBA247\"},\"image\":{\"@id\":\"https:\\\/\\\/infopba247.com.ar\\\/#\\\/schema\\\/logo\\\/image\\\/\"},\"sameAs\":[\"https:\\\/\\\/www.facebook.com\\\/InfoPBA\"]},{\"@type\":\"Person\",\"@id\":\"https:\\\/\\\/infopba247.com.ar\\\/#\\\/schema\\\/person\\\/4975f1343a413e57bf839b3eed0099f2\",\"name\":\"Editor\",\"image\":{\"@type\":\"ImageObject\",\"inLanguage\":\"es\",\"@id\":\"https:\\\/\\\/secure.gravatar.com\\\/avatar\\\/d27fe9520667ca53441d36627a1d6b0fa4a813571ec4803687a7a3a7744685ac?s=96&d=mm&r=g\",\"url\":\"https:\\\/\\\/secure.gravatar.com\\\/avatar\\\/d27fe9520667ca53441d36627a1d6b0fa4a813571ec4803687a7a3a7744685ac?s=96&d=mm&r=g\",\"contentUrl\":\"https:\\\/\\\/secure.gravatar.com\\\/avatar\\\/d27fe9520667ca53441d36627a1d6b0fa4a813571ec4803687a7a3a7744685ac?s=96&d=mm&r=g\",\"caption\":\"Editor\"},\"url\":\"https:\\\/\\\/infopba247.com.ar\\\/index.php\\\/author\\\/editor\\\/\"}]}<\/script>\n<!-- \/ Yoast SEO plugin. -->","yoast_head_json":{"title":"l gobernador Axel Kicillof inaugur\u00f3 las XIX Jornadas de IDERA - InfoPBA247","robots":{"index":"index","follow":"follow","max-snippet":"max-snippet:-1","max-image-preview":"max-image-preview:large","max-video-preview":"max-video-preview:-1"},"canonical":"https:\/\/infopba247.com.ar\/index.php\/2025\/07\/03\/l-gobernador-axel-kicillof-inauguro-las-xix-jornadas-de-idera\/","og_locale":"es_ES","og_type":"article","og_title":"l gobernador Axel Kicillof inaugur\u00f3 las XIX Jornadas de IDERA - InfoPBA247","og_description":"El gobernador Axel Kicillof, el ministro de Econom\u00eda Pablo L\u00f3pez, el director de ARBA, Cristian Girard y el presidente del","og_url":"https:\/\/infopba247.com.ar\/index.php\/2025\/07\/03\/l-gobernador-axel-kicillof-inauguro-las-xix-jornadas-de-idera\/","og_site_name":"InfoPBA247","article_publisher":"https:\/\/www.facebook.com\/InfoPBA","article_published_time":"2025-07-03T17:43:59+00:00","article_modified_time":"2025-07-03T17:44:01+00:00","og_image":[{"width":2560,"height":1707,"url":"https:\/\/infopba247.com.ar\/wp-content\/uploads\/2025\/07\/AR766242-scaled.jpg","type":"image\/jpeg"}],"author":"Editor","twitter_card":"summary_large_image","twitter_misc":{"Escrito por":"Editor","Tiempo de lectura":"3 minutos"},"schema":{"@context":"https:\/\/schema.org","@graph":[{"@type":"Article","@id":"https:\/\/infopba247.com.ar\/index.php\/2025\/07\/03\/l-gobernador-axel-kicillof-inauguro-las-xix-jornadas-de-idera\/#article","isPartOf":{"@id":"https:\/\/infopba247.com.ar\/index.php\/2025\/07\/03\/l-gobernador-axel-kicillof-inauguro-las-xix-jornadas-de-idera\/"},"author":{"name":"Editor","@id":"https:\/\/infopba247.com.ar\/#\/schema\/person\/4975f1343a413e57bf839b3eed0099f2"},"headline":"l gobernador Axel Kicillof inaugur\u00f3 las XIX Jornadas de IDERA","datePublished":"2025-07-03T17:43:59+00:00","dateModified":"2025-07-03T17:44:01+00:00","mainEntityOfPage":{"@id":"https:\/\/infopba247.com.ar\/index.php\/2025\/07\/03\/l-gobernador-axel-kicillof-inauguro-las-xix-jornadas-de-idera\/"},"wordCount":547,"commentCount":0,"publisher":{"@id":"https:\/\/infopba247.com.ar\/#organization"},"image":{"@id":"https:\/\/infopba247.com.ar\/index.php\/2025\/07\/03\/l-gobernador-axel-kicillof-inauguro-las-xix-jornadas-de-idera\/#primaryimage"},"thumbnailUrl":"https:\/\/infopba247.com.ar\/wp-content\/uploads\/2025\/07\/AR766242-scaled.jpg","articleSection":["Destacadas","Pol\u00edtica"],"inLanguage":"es","potentialAction":[{"@type":"CommentAction","name":"Comment","target":["https:\/\/infopba247.com.ar\/index.php\/2025\/07\/03\/l-gobernador-axel-kicillof-inauguro-las-xix-jornadas-de-idera\/#respond"]}]},{"@type":"WebPage","@id":"https:\/\/infopba247.com.ar\/index.php\/2025\/07\/03\/l-gobernador-axel-kicillof-inauguro-las-xix-jornadas-de-idera\/","url":"https:\/\/infopba247.com.ar\/index.php\/2025\/07\/03\/l-gobernador-axel-kicillof-inauguro-las-xix-jornadas-de-idera\/","name":"l gobernador Axel Kicillof inaugur\u00f3 las XIX Jornadas de IDERA - InfoPBA247","isPartOf":{"@id":"https:\/\/infopba247.com.ar\/#website"},"primaryImageOfPage":{"@id":"https:\/\/infopba247.com.ar\/index.php\/2025\/07\/03\/l-gobernador-axel-kicillof-inauguro-las-xix-jornadas-de-idera\/#primaryimage"},"image":{"@id":"https:\/\/infopba247.com.ar\/index.php\/2025\/07\/03\/l-gobernador-axel-kicillof-inauguro-las-xix-jornadas-de-idera\/#primaryimage"},"thumbnailUrl":"https:\/\/infopba247.com.ar\/wp-content\/uploads\/2025\/07\/AR766242-scaled.jpg","datePublished":"2025-07-03T17:43:59+00:00","dateModified":"2025-07-03T17:44:01+00:00","breadcrumb":{"@id":"https:\/\/infopba247.com.ar\/index.php\/2025\/07\/03\/l-gobernador-axel-kicillof-inauguro-las-xix-jornadas-de-idera\/#breadcrumb"},"inLanguage":"es","potentialAction":[{"@type":"ReadAction","target":["https:\/\/infopba247.com.ar\/index.php\/2025\/07\/03\/l-gobernador-axel-kicillof-inauguro-las-xix-jornadas-de-idera\/"]}]},{"@type":"ImageObject","inLanguage":"es","@id":"https:\/\/infopba247.com.ar\/index.php\/2025\/07\/03\/l-gobernador-axel-kicillof-inauguro-las-xix-jornadas-de-idera\/#primaryimage","url":"https:\/\/infopba247.com.ar\/wp-content\/uploads\/2025\/07\/AR766242-scaled.jpg","contentUrl":"https:\/\/infopba247.com.ar\/wp-content\/uploads\/2025\/07\/AR766242-scaled.jpg","width":2560,"height":1707},{"@type":"BreadcrumbList","@id":"https:\/\/infopba247.com.ar\/index.php\/2025\/07\/03\/l-gobernador-axel-kicillof-inauguro-las-xix-jornadas-de-idera\/#breadcrumb","itemListElement":[{"@type":"ListItem","position":1,"name":"Portada","item":"https:\/\/infopba247.com.ar\/"},{"@type":"ListItem","position":2,"name":"l gobernador Axel Kicillof inaugur\u00f3 las XIX Jornadas de IDERA"}]},{"@type":"WebSite","@id":"https:\/\/infopba247.com.ar\/#website","url":"https:\/\/infopba247.com.ar\/","name":"InfoPBA247","description":"Toda la actualidad bonaerense","publisher":{"@id":"https:\/\/infopba247.com.ar\/#organization"},"potentialAction":[{"@type":"SearchAction","target":{"@type":"EntryPoint","urlTemplate":"https:\/\/infopba247.com.ar\/?s={search_term_string}"},"query-input":{"@type":"PropertyValueSpecification","valueRequired":true,"valueName":"search_term_string"}}],"inLanguage":"es"},{"@type":"Organization","@id":"https:\/\/infopba247.com.ar\/#organization","name":"InfoPBA247","url":"https:\/\/infopba247.com.ar\/","logo":{"@type":"ImageObject","inLanguage":"es","@id":"https:\/\/infopba247.com.ar\/#\/schema\/logo\/image\/","url":"https:\/\/infopba247.com.ar\/wp-content\/uploads\/2022\/03\/cropped-InfoPBA247-1.png","contentUrl":"https:\/\/infopba247.com.ar\/wp-content\/uploads\/2022\/03\/cropped-InfoPBA247-1.png","width":500,"height":122,"caption":"InfoPBA247"},"image":{"@id":"https:\/\/infopba247.com.ar\/#\/schema\/logo\/image\/"},"sameAs":["https:\/\/www.facebook.com\/InfoPBA"]},{"@type":"Person","@id":"https:\/\/infopba247.com.ar\/#\/schema\/person\/4975f1343a413e57bf839b3eed0099f2","name":"Editor","image":{"@type":"ImageObject","inLanguage":"es","@id":"https:\/\/secure.gravatar.com\/avatar\/d27fe9520667ca53441d36627a1d6b0fa4a813571ec4803687a7a3a7744685ac?s=96&d=mm&r=g","url":"https:\/\/secure.gravatar.com\/avatar\/d27fe9520667ca53441d36627a1d6b0fa4a813571ec4803687a7a3a7744685ac?s=96&d=mm&r=g","contentUrl":"https:\/\/secure.gravatar.com\/avatar\/d27fe9520667ca53441d36627a1d6b0fa4a813571ec4803687a7a3a7744685ac?s=96&d=mm&r=g","caption":"Editor"},"url":"https:\/\/infopba247.com.ar\/index.php\/author\/editor\/"}]}},"_links":{"self":[{"href":"https:\/\/infopba247.com.ar\/index.php\/wp-json\/wp\/v2\/posts\/7435","targetHints":{"allow":["GET"]}}],"collection":[{"href":"https:\/\/infopba247.com.ar\/index.php\/wp-json\/wp\/v2\/posts"}],"about":[{"href":"https:\/\/infopba247.com.ar\/index.php\/wp-json\/wp\/v2\/types\/post"}],"author":[{"embeddable":true,"href":"https:\/\/infopba247.com.ar\/index.php\/wp-json\/wp\/v2\/users\/3"}],"replies":[{"embeddable":true,"href":"https:\/\/infopba247.com.ar\/index.php\/wp-json\/wp\/v2\/comments?post=7435"}],"version-history":[{"count":1,"href":"https:\/\/infopba247.com.ar\/index.php\/wp-json\/wp\/v2\/posts\/7435\/revisions"}],"predecessor-version":[{"id":7440,"href":"https:\/\/infopba247.com.ar\/index.php\/wp-json\/wp\/v2\/posts\/7435\/revisions\/7440"}],"wp:featuredmedia":[{"embeddable":true,"href":"https:\/\/infopba247.com.ar\/index.php\/wp-json\/wp\/v2\/media\/7439"}],"wp:attachment":[{"href":"https:\/\/infopba247.com.ar\/index.php\/wp-json\/wp\/v2\/media?parent=7435"}],"wp:term":[{"taxonomy":"category","embeddable":true,"href":"https:\/\/infopba247.com.ar\/index.php\/wp-json\/wp\/v2\/categories?post=7435"},{"taxonomy":"post_tag","embeddable":true,"href":"https:\/\/infopba247.com.ar\/index.php\/wp-json\/wp\/v2\/tags?post=7435"}],"curies":[{"name":"wp","href":"https:\/\/api.w.org\/{rel}","templated":true}]}}