{"id":743,"date":"2022-09-16T11:01:00","date_gmt":"2022-09-16T14:01:00","guid":{"rendered":"https:\/\/infopba247.com.ar\/?p=743"},"modified":"2022-09-29T11:02:24","modified_gmt":"2022-09-29T14:02:24","slug":"llega-la-fiesta-provincial-del-plantin-floral-2022","status":"publish","type":"post","link":"https:\/\/infopba247.com.ar\/index.php\/2022\/09\/16\/llega-la-fiesta-provincial-del-plantin-floral-2022\/","title":{"rendered":"LLEGA LA FIESTA PROVINCIAL DEL PLANT\u00cdN FLORAL 2022"},"content":{"rendered":"\n<p>El pr\u00f3ximo 23 de septiembre, desde las 10 hs, comienza&nbsp;una de las celebraciones populares que se realizan en la Argentina: la Fiesta Provincial del Plant\u00edn Floral 2022.&nbsp;<strong>Con el objetivo de promocionar el sector&nbsp;<\/strong><strong>y dar a conocer el distrito como zona productiva, el Municipio de Moreno lleva adelante esta nueva edici\u00f3n los d\u00edas 23, 24 y 25 de septiembre desde las 10 hs. hasta las 20 hs,&nbsp;<\/strong><strong>en la Plaza Dr. Buj\u00e1n de la localidad de Paso del Rey. La entrada es libre y gratuita.<\/strong><\/p>\n\n\n\n<p>\u201cEsta fiesta es una oportunidad para conocer la producci\u00f3n de Moreno, que abastece a todo el pa\u00eds con un producto diferenciado por su calidad y presentaci\u00f3n\u201d afirma la intendenta, Mariel Fern\u00e1ndez y destaca que \u201cser\u00e1n jornadas para disfrutar de un hermoso paseo para toda la familia y para seguir apostando al crecimiento y desarrollo de nuestro Municipio\u201d.<\/p>\n\n\n\n<p><strong>Moreno fue declarado Capital Provincial del Plant\u00edn Floral en el a\u00f1o 2011<\/strong>,&nbsp;<strong>por ser el principal productor de plantas de estaci\u00f3n en maceta de la provincia de Buenos Aires con una producci\u00f3n de 12 millones por a\u00f1o.<\/strong>&nbsp;Al d\u00eda de hoy, son m\u00e1s de 100 familias y cinco mercados de venta mayorista situados en las localidades de Francisco \u00c1lvarez, Cuartel V y Trujui, que conforman la floricultura de Moreno, una actividad intensiva que requiere mano de obra calificada y una alta inversi\u00f3n tecnol\u00f3gica y de capital. Aqu\u00ed se producen plantas en maceta, arbustos, \u00e1rboles, plantas de interior y flores de corte.<\/p>\n\n\n\n<p><strong>Este evento de notable importancia para la floricultura nacional ofrece la posibilidad de comprar plantas y flores directo de sus cultivadores. Participan m\u00e1s de 100 productores y productoras locales y a lo largo de las jornadas habr\u00e1 charlas, talleres y espect\u00e1culos para toda la familia.<\/strong><\/p>\n\n\n\n<p><strong>Tambi\u00e9n podr\u00e1n disfrutar de ofertas gastron\u00f3micas a precios accesibles y la feria artesanal donde ofrecen una amplia variedad de productos. El cierre estar\u00e1 a cargo del exitoso grupo cordob\u00e9s La Konga.<\/strong><\/p>\n","protected":false},"excerpt":{"rendered":"<p>El pr\u00f3ximo 23 de septiembre, desde las 10 hs, comienza&nbsp;una de las celebraciones populares que se realizan en la Argentina:<\/p>\n","protected":false},"author":3,"featured_media":744,"comment_status":"closed","ping_status":"closed","sticky":false,"template":"","format":"standard","meta":{"colormag_page_container_layout":"default_layout","colormag_page_sidebar_layout":"default_layout","footnotes":""},"categories":[5],"tags":[],"class_list":["post-743","post","type-post","status-publish","format-standard","has-post-thumbnail","hentry","category-1ra-seccion"],"yoast_head":"<!-- This site is optimized with the Yoast SEO plugin v27.5 - https:\/\/yoast.com\/product\/yoast-seo-wordpress\/ -->\n<title>LLEGA LA FIESTA PROVINCIAL DEL PLANT\u00cdN FLORAL 2022 - InfoPBA247<\/title>\n<meta name=\"robots\" content=\"index, follow, max-snippet:-1, max-image-preview:large, max-video-preview:-1\" \/>\n<link rel=\"canonical\" href=\"https:\/\/infopba247.com.ar\/index.php\/2022\/09\/16\/llega-la-fiesta-provincial-del-plantin-floral-2022\/\" \/>\n<meta property=\"og:locale\" content=\"es_ES\" \/>\n<meta property=\"og:type\" content=\"article\" \/>\n<meta property=\"og:title\" content=\"LLEGA LA FIESTA PROVINCIAL DEL PLANT\u00cdN FLORAL 2022 - InfoPBA247\" \/>\n<meta property=\"og:description\" content=\"El pr\u00f3ximo 23 de septiembre, desde las 10 hs, comienza&nbsp;una de las celebraciones populares que se realizan en la Argentina:\" \/>\n<meta property=\"og:url\" content=\"https:\/\/infopba247.com.ar\/index.php\/2022\/09\/16\/llega-la-fiesta-provincial-del-plantin-floral-2022\/\" \/>\n<meta property=\"og:site_name\" content=\"InfoPBA247\" \/>\n<meta property=\"article:publisher\" content=\"https:\/\/www.facebook.com\/InfoPBA\" \/>\n<meta property=\"article:published_time\" content=\"2022-09-16T14:01:00+00:00\" \/>\n<meta property=\"article:modified_time\" content=\"2022-09-29T14:02:24+00:00\" \/>\n<meta property=\"og:image\" content=\"https:\/\/infopba247.com.ar\/wp-content\/uploads\/2022\/09\/Flyer.jpeg\" \/>\n\t<meta property=\"og:image:width\" content=\"1280\" \/>\n\t<meta property=\"og:image:height\" content=\"1280\" \/>\n\t<meta property=\"og:image:type\" content=\"image\/jpeg\" \/>\n<meta name=\"author\" content=\"Editor\" \/>\n<meta name=\"twitter:card\" content=\"summary_large_image\" \/>\n<meta name=\"twitter:label1\" content=\"Escrito por\" \/>\n\t<meta name=\"twitter:data1\" content=\"Editor\" \/>\n\t<meta name=\"twitter:label2\" content=\"Tiempo de lectura\" \/>\n\t<meta name=\"twitter:data2\" content=\"2 minutos\" \/>\n<script type=\"application\/ld+json\" class=\"yoast-schema-graph\">{\"@context\":\"https:\\\/\\\/schema.org\",\"@graph\":[{\"@type\":\"Article\",\"@id\":\"https:\\\/\\\/infopba247.com.ar\\\/index.php\\\/2022\\\/09\\\/16\\\/llega-la-fiesta-provincial-del-plantin-floral-2022\\\/#article\",\"isPartOf\":{\"@id\":\"https:\\\/\\\/infopba247.com.ar\\\/index.php\\\/2022\\\/09\\\/16\\\/llega-la-fiesta-provincial-del-plantin-floral-2022\\\/\"},\"author\":{\"name\":\"Editor\",\"@id\":\"https:\\\/\\\/infopba247.com.ar\\\/#\\\/schema\\\/person\\\/4975f1343a413e57bf839b3eed0099f2\"},\"headline\":\"LLEGA LA FIESTA PROVINCIAL DEL PLANT\u00cdN FLORAL 2022\",\"datePublished\":\"2022-09-16T14:01:00+00:00\",\"dateModified\":\"2022-09-29T14:02:24+00:00\",\"mainEntityOfPage\":{\"@id\":\"https:\\\/\\\/infopba247.com.ar\\\/index.php\\\/2022\\\/09\\\/16\\\/llega-la-fiesta-provincial-del-plantin-floral-2022\\\/\"},\"wordCount\":348,\"publisher\":{\"@id\":\"https:\\\/\\\/infopba247.com.ar\\\/#organization\"},\"image\":{\"@id\":\"https:\\\/\\\/infopba247.com.ar\\\/index.php\\\/2022\\\/09\\\/16\\\/llega-la-fiesta-provincial-del-plantin-floral-2022\\\/#primaryimage\"},\"thumbnailUrl\":\"https:\\\/\\\/infopba247.com.ar\\\/wp-content\\\/uploads\\\/2022\\\/09\\\/Flyer.jpeg\",\"articleSection\":[\"1ra Secci\u00f3n\"],\"inLanguage\":\"es\"},{\"@type\":\"WebPage\",\"@id\":\"https:\\\/\\\/infopba247.com.ar\\\/index.php\\\/2022\\\/09\\\/16\\\/llega-la-fiesta-provincial-del-plantin-floral-2022\\\/\",\"url\":\"https:\\\/\\\/infopba247.com.ar\\\/index.php\\\/2022\\\/09\\\/16\\\/llega-la-fiesta-provincial-del-plantin-floral-2022\\\/\",\"name\":\"LLEGA LA FIESTA PROVINCIAL DEL PLANT\u00cdN FLORAL 2022 - InfoPBA247\",\"isPartOf\":{\"@id\":\"https:\\\/\\\/infopba247.com.ar\\\/#website\"},\"primaryImageOfPage\":{\"@id\":\"https:\\\/\\\/infopba247.com.ar\\\/index.php\\\/2022\\\/09\\\/16\\\/llega-la-fiesta-provincial-del-plantin-floral-2022\\\/#primaryimage\"},\"image\":{\"@id\":\"https:\\\/\\\/infopba247.com.ar\\\/index.php\\\/2022\\\/09\\\/16\\\/llega-la-fiesta-provincial-del-plantin-floral-2022\\\/#primaryimage\"},\"thumbnailUrl\":\"https:\\\/\\\/infopba247.com.ar\\\/wp-content\\\/uploads\\\/2022\\\/09\\\/Flyer.jpeg\",\"datePublished\":\"2022-09-16T14:01:00+00:00\",\"dateModified\":\"2022-09-29T14:02:24+00:00\",\"breadcrumb\":{\"@id\":\"https:\\\/\\\/infopba247.com.ar\\\/index.php\\\/2022\\\/09\\\/16\\\/llega-la-fiesta-provincial-del-plantin-floral-2022\\\/#breadcrumb\"},\"inLanguage\":\"es\",\"potentialAction\":[{\"@type\":\"ReadAction\",\"target\":[\"https:\\\/\\\/infopba247.com.ar\\\/index.php\\\/2022\\\/09\\\/16\\\/llega-la-fiesta-provincial-del-plantin-floral-2022\\\/\"]}]},{\"@type\":\"ImageObject\",\"inLanguage\":\"es\",\"@id\":\"https:\\\/\\\/infopba247.com.ar\\\/index.php\\\/2022\\\/09\\\/16\\\/llega-la-fiesta-provincial-del-plantin-floral-2022\\\/#primaryimage\",\"url\":\"https:\\\/\\\/infopba247.com.ar\\\/wp-content\\\/uploads\\\/2022\\\/09\\\/Flyer.jpeg\",\"contentUrl\":\"https:\\\/\\\/infopba247.com.ar\\\/wp-content\\\/uploads\\\/2022\\\/09\\\/Flyer.jpeg\",\"width\":1280,\"height\":1280},{\"@type\":\"BreadcrumbList\",\"@id\":\"https:\\\/\\\/infopba247.com.ar\\\/index.php\\\/2022\\\/09\\\/16\\\/llega-la-fiesta-provincial-del-plantin-floral-2022\\\/#breadcrumb\",\"itemListElement\":[{\"@type\":\"ListItem\",\"position\":1,\"name\":\"Portada\",\"item\":\"https:\\\/\\\/infopba247.com.ar\\\/\"},{\"@type\":\"ListItem\",\"position\":2,\"name\":\"LLEGA LA FIESTA PROVINCIAL DEL PLANT\u00cdN FLORAL 2022\"}]},{\"@type\":\"WebSite\",\"@id\":\"https:\\\/\\\/infopba247.com.ar\\\/#website\",\"url\":\"https:\\\/\\\/infopba247.com.ar\\\/\",\"name\":\"InfoPBA247\",\"description\":\"Toda la actualidad bonaerense\",\"publisher\":{\"@id\":\"https:\\\/\\\/infopba247.com.ar\\\/#organization\"},\"potentialAction\":[{\"@type\":\"SearchAction\",\"target\":{\"@type\":\"EntryPoint\",\"urlTemplate\":\"https:\\\/\\\/infopba247.com.ar\\\/?s={search_term_string}\"},\"query-input\":{\"@type\":\"PropertyValueSpecification\",\"valueRequired\":true,\"valueName\":\"search_term_string\"}}],\"inLanguage\":\"es\"},{\"@type\":\"Organization\",\"@id\":\"https:\\\/\\\/infopba247.com.ar\\\/#organization\",\"name\":\"InfoPBA247\",\"url\":\"https:\\\/\\\/infopba247.com.ar\\\/\",\"logo\":{\"@type\":\"ImageObject\",\"inLanguage\":\"es\",\"@id\":\"https:\\\/\\\/infopba247.com.ar\\\/#\\\/schema\\\/logo\\\/image\\\/\",\"url\":\"https:\\\/\\\/infopba247.com.ar\\\/wp-content\\\/uploads\\\/2022\\\/03\\\/cropped-InfoPBA247-1.png\",\"contentUrl\":\"https:\\\/\\\/infopba247.com.ar\\\/wp-content\\\/uploads\\\/2022\\\/03\\\/cropped-InfoPBA247-1.png\",\"width\":500,\"height\":122,\"caption\":\"InfoPBA247\"},\"image\":{\"@id\":\"https:\\\/\\\/infopba247.com.ar\\\/#\\\/schema\\\/logo\\\/image\\\/\"},\"sameAs\":[\"https:\\\/\\\/www.facebook.com\\\/InfoPBA\"]},{\"@type\":\"Person\",\"@id\":\"https:\\\/\\\/infopba247.com.ar\\\/#\\\/schema\\\/person\\\/4975f1343a413e57bf839b3eed0099f2\",\"name\":\"Editor\",\"image\":{\"@type\":\"ImageObject\",\"inLanguage\":\"es\",\"@id\":\"https:\\\/\\\/secure.gravatar.com\\\/avatar\\\/d27fe9520667ca53441d36627a1d6b0fa4a813571ec4803687a7a3a7744685ac?s=96&d=mm&r=g\",\"url\":\"https:\\\/\\\/secure.gravatar.com\\\/avatar\\\/d27fe9520667ca53441d36627a1d6b0fa4a813571ec4803687a7a3a7744685ac?s=96&d=mm&r=g\",\"contentUrl\":\"https:\\\/\\\/secure.gravatar.com\\\/avatar\\\/d27fe9520667ca53441d36627a1d6b0fa4a813571ec4803687a7a3a7744685ac?s=96&d=mm&r=g\",\"caption\":\"Editor\"},\"url\":\"https:\\\/\\\/infopba247.com.ar\\\/index.php\\\/author\\\/editor\\\/\"}]}<\/script>\n<!-- \/ Yoast SEO plugin. -->","yoast_head_json":{"title":"LLEGA LA FIESTA PROVINCIAL DEL PLANT\u00cdN FLORAL 2022 - InfoPBA247","robots":{"index":"index","follow":"follow","max-snippet":"max-snippet:-1","max-image-preview":"max-image-preview:large","max-video-preview":"max-video-preview:-1"},"canonical":"https:\/\/infopba247.com.ar\/index.php\/2022\/09\/16\/llega-la-fiesta-provincial-del-plantin-floral-2022\/","og_locale":"es_ES","og_type":"article","og_title":"LLEGA LA FIESTA PROVINCIAL DEL PLANT\u00cdN FLORAL 2022 - InfoPBA247","og_description":"El pr\u00f3ximo 23 de septiembre, desde las 10 hs, comienza&nbsp;una de las celebraciones populares que se realizan en la Argentina:","og_url":"https:\/\/infopba247.com.ar\/index.php\/2022\/09\/16\/llega-la-fiesta-provincial-del-plantin-floral-2022\/","og_site_name":"InfoPBA247","article_publisher":"https:\/\/www.facebook.com\/InfoPBA","article_published_time":"2022-09-16T14:01:00+00:00","article_modified_time":"2022-09-29T14:02:24+00:00","og_image":[{"width":1280,"height":1280,"url":"https:\/\/infopba247.com.ar\/wp-content\/uploads\/2022\/09\/Flyer.jpeg","type":"image\/jpeg"}],"author":"Editor","twitter_card":"summary_large_image","twitter_misc":{"Escrito por":"Editor","Tiempo de lectura":"2 minutos"},"schema":{"@context":"https:\/\/schema.org","@graph":[{"@type":"Article","@id":"https:\/\/infopba247.com.ar\/index.php\/2022\/09\/16\/llega-la-fiesta-provincial-del-plantin-floral-2022\/#article","isPartOf":{"@id":"https:\/\/infopba247.com.ar\/index.php\/2022\/09\/16\/llega-la-fiesta-provincial-del-plantin-floral-2022\/"},"author":{"name":"Editor","@id":"https:\/\/infopba247.com.ar\/#\/schema\/person\/4975f1343a413e57bf839b3eed0099f2"},"headline":"LLEGA LA FIESTA PROVINCIAL DEL PLANT\u00cdN FLORAL 2022","datePublished":"2022-09-16T14:01:00+00:00","dateModified":"2022-09-29T14:02:24+00:00","mainEntityOfPage":{"@id":"https:\/\/infopba247.com.ar\/index.php\/2022\/09\/16\/llega-la-fiesta-provincial-del-plantin-floral-2022\/"},"wordCount":348,"publisher":{"@id":"https:\/\/infopba247.com.ar\/#organization"},"image":{"@id":"https:\/\/infopba247.com.ar\/index.php\/2022\/09\/16\/llega-la-fiesta-provincial-del-plantin-floral-2022\/#primaryimage"},"thumbnailUrl":"https:\/\/infopba247.com.ar\/wp-content\/uploads\/2022\/09\/Flyer.jpeg","articleSection":["1ra Secci\u00f3n"],"inLanguage":"es"},{"@type":"WebPage","@id":"https:\/\/infopba247.com.ar\/index.php\/2022\/09\/16\/llega-la-fiesta-provincial-del-plantin-floral-2022\/","url":"https:\/\/infopba247.com.ar\/index.php\/2022\/09\/16\/llega-la-fiesta-provincial-del-plantin-floral-2022\/","name":"LLEGA LA FIESTA PROVINCIAL DEL PLANT\u00cdN FLORAL 2022 - InfoPBA247","isPartOf":{"@id":"https:\/\/infopba247.com.ar\/#website"},"primaryImageOfPage":{"@id":"https:\/\/infopba247.com.ar\/index.php\/2022\/09\/16\/llega-la-fiesta-provincial-del-plantin-floral-2022\/#primaryimage"},"image":{"@id":"https:\/\/infopba247.com.ar\/index.php\/2022\/09\/16\/llega-la-fiesta-provincial-del-plantin-floral-2022\/#primaryimage"},"thumbnailUrl":"https:\/\/infopba247.com.ar\/wp-content\/uploads\/2022\/09\/Flyer.jpeg","datePublished":"2022-09-16T14:01:00+00:00","dateModified":"2022-09-29T14:02:24+00:00","breadcrumb":{"@id":"https:\/\/infopba247.com.ar\/index.php\/2022\/09\/16\/llega-la-fiesta-provincial-del-plantin-floral-2022\/#breadcrumb"},"inLanguage":"es","potentialAction":[{"@type":"ReadAction","target":["https:\/\/infopba247.com.ar\/index.php\/2022\/09\/16\/llega-la-fiesta-provincial-del-plantin-floral-2022\/"]}]},{"@type":"ImageObject","inLanguage":"es","@id":"https:\/\/infopba247.com.ar\/index.php\/2022\/09\/16\/llega-la-fiesta-provincial-del-plantin-floral-2022\/#primaryimage","url":"https:\/\/infopba247.com.ar\/wp-content\/uploads\/2022\/09\/Flyer.jpeg","contentUrl":"https:\/\/infopba247.com.ar\/wp-content\/uploads\/2022\/09\/Flyer.jpeg","width":1280,"height":1280},{"@type":"BreadcrumbList","@id":"https:\/\/infopba247.com.ar\/index.php\/2022\/09\/16\/llega-la-fiesta-provincial-del-plantin-floral-2022\/#breadcrumb","itemListElement":[{"@type":"ListItem","position":1,"name":"Portada","item":"https:\/\/infopba247.com.ar\/"},{"@type":"ListItem","position":2,"name":"LLEGA LA FIESTA PROVINCIAL DEL PLANT\u00cdN FLORAL 2022"}]},{"@type":"WebSite","@id":"https:\/\/infopba247.com.ar\/#website","url":"https:\/\/infopba247.com.ar\/","name":"InfoPBA247","description":"Toda la actualidad bonaerense","publisher":{"@id":"https:\/\/infopba247.com.ar\/#organization"},"potentialAction":[{"@type":"SearchAction","target":{"@type":"EntryPoint","urlTemplate":"https:\/\/infopba247.com.ar\/?s={search_term_string}"},"query-input":{"@type":"PropertyValueSpecification","valueRequired":true,"valueName":"search_term_string"}}],"inLanguage":"es"},{"@type":"Organization","@id":"https:\/\/infopba247.com.ar\/#organization","name":"InfoPBA247","url":"https:\/\/infopba247.com.ar\/","logo":{"@type":"ImageObject","inLanguage":"es","@id":"https:\/\/infopba247.com.ar\/#\/schema\/logo\/image\/","url":"https:\/\/infopba247.com.ar\/wp-content\/uploads\/2022\/03\/cropped-InfoPBA247-1.png","contentUrl":"https:\/\/infopba247.com.ar\/wp-content\/uploads\/2022\/03\/cropped-InfoPBA247-1.png","width":500,"height":122,"caption":"InfoPBA247"},"image":{"@id":"https:\/\/infopba247.com.ar\/#\/schema\/logo\/image\/"},"sameAs":["https:\/\/www.facebook.com\/InfoPBA"]},{"@type":"Person","@id":"https:\/\/infopba247.com.ar\/#\/schema\/person\/4975f1343a413e57bf839b3eed0099f2","name":"Editor","image":{"@type":"ImageObject","inLanguage":"es","@id":"https:\/\/secure.gravatar.com\/avatar\/d27fe9520667ca53441d36627a1d6b0fa4a813571ec4803687a7a3a7744685ac?s=96&d=mm&r=g","url":"https:\/\/secure.gravatar.com\/avatar\/d27fe9520667ca53441d36627a1d6b0fa4a813571ec4803687a7a3a7744685ac?s=96&d=mm&r=g","contentUrl":"https:\/\/secure.gravatar.com\/avatar\/d27fe9520667ca53441d36627a1d6b0fa4a813571ec4803687a7a3a7744685ac?s=96&d=mm&r=g","caption":"Editor"},"url":"https:\/\/infopba247.com.ar\/index.php\/author\/editor\/"}]}},"_links":{"self":[{"href":"https:\/\/infopba247.com.ar\/index.php\/wp-json\/wp\/v2\/posts\/743","targetHints":{"allow":["GET"]}}],"collection":[{"href":"https:\/\/infopba247.com.ar\/index.php\/wp-json\/wp\/v2\/posts"}],"about":[{"href":"https:\/\/infopba247.com.ar\/index.php\/wp-json\/wp\/v2\/types\/post"}],"author":[{"embeddable":true,"href":"https:\/\/infopba247.com.ar\/index.php\/wp-json\/wp\/v2\/users\/3"}],"replies":[{"embeddable":true,"href":"https:\/\/infopba247.com.ar\/index.php\/wp-json\/wp\/v2\/comments?post=743"}],"version-history":[{"count":1,"href":"https:\/\/infopba247.com.ar\/index.php\/wp-json\/wp\/v2\/posts\/743\/revisions"}],"predecessor-version":[{"id":745,"href":"https:\/\/infopba247.com.ar\/index.php\/wp-json\/wp\/v2\/posts\/743\/revisions\/745"}],"wp:featuredmedia":[{"embeddable":true,"href":"https:\/\/infopba247.com.ar\/index.php\/wp-json\/wp\/v2\/media\/744"}],"wp:attachment":[{"href":"https:\/\/infopba247.com.ar\/index.php\/wp-json\/wp\/v2\/media?parent=743"}],"wp:term":[{"taxonomy":"category","embeddable":true,"href":"https:\/\/infopba247.com.ar\/index.php\/wp-json\/wp\/v2\/categories?post=743"},{"taxonomy":"post_tag","embeddable":true,"href":"https:\/\/infopba247.com.ar\/index.php\/wp-json\/wp\/v2\/tags?post=743"}],"curies":[{"name":"wp","href":"https:\/\/api.w.org\/{rel}","templated":true}]}}