{"id":7406,"date":"2025-06-30T10:04:46","date_gmt":"2025-06-30T13:04:46","guid":{"rendered":"https:\/\/infopba247.com.ar\/?p=7406"},"modified":"2025-06-30T10:04:48","modified_gmt":"2025-06-30T13:04:48","slug":"los-infractores-de-transito-en-la-provincia-tendran-que-cumplir-trabajos-comunitarios-obligatorios","status":"publish","type":"post","link":"https:\/\/infopba247.com.ar\/index.php\/2025\/06\/30\/los-infractores-de-transito-en-la-provincia-tendran-que-cumplir-trabajos-comunitarios-obligatorios\/","title":{"rendered":"Los infractores de tr\u00e1nsito en la Provincia tendr\u00e1n que cumplir trabajos comunitarios obligatorios"},"content":{"rendered":"\n<p>La provincia de Buenos Aires dio un paso significativo hacia un nuevo enfoque en el tratamiento de las infracciones de tr\u00e1nsito. El Senado bonaerense otorg\u00f3 media sanci\u00f3n a un proyecto de ley que propone reemplazar o complementar las multas econ\u00f3micas por trabajo comunitario, con el objetivo de generar conciencia vial y promover la reparaci\u00f3n social.<\/p>\n\n\n\n<p>La iniciativa, impulsada por el senador Ariel Bordaisco (UCR + Cambio Federal), prev\u00e9 que los infractores realicen entre dos y veinte horas de tareas comunitarias, en horarios que no interfieran con sus responsabilidades laborales. Seg\u00fan el texto aprobado, ser\u00e1n los jueces quienes definan las caracter\u00edsticas espec\u00edficas del castigo, en proporci\u00f3n a la gravedad de la infracci\u00f3n cometida.<\/p>\n\n\n\n<p>\u201cBuscamos generar niveles de menor reincidencia ya que las infracciones de tr\u00e1nsito no son solo estad\u00edsticas, son una vida perdida o una familia destruida\u201d, expres\u00f3 Bordaisco. \u201cProponemos el trabajo comunitario porque queremos que el infractor tome conciencia del error que cometi\u00f3, que realice tarea comunitaria y que observe situaciones de rehabilitaci\u00f3n de v\u00edctimas de accidentes de tr\u00e1nsito\u201d.<\/p>\n\n\n\n<p>El proyecto tambi\u00e9n contempla un r\u00e9gimen especial para las faltas m\u00e1s graves, es decir, aquellas que hayan puesto en serio riesgo la vida o la salud de terceros. En esos casos, el trabajo comunitario deber\u00e1 cumplirse en centros de rehabilitaci\u00f3n psicof\u00edsica que atienden a v\u00edctimas de siniestros viales, con la intenci\u00f3n de que el infractor se enfrente directamente con las consecuencias de su accionar.<\/p>\n\n\n\n<p>M\u00e1s all\u00e1 de la sanci\u00f3n, la propuesta apunta a que los infractores asuman un rol activo en la comunidad, a trav\u00e9s de tareas de utilidad p\u00fablica, educativas o reparadoras. De aprobarse en la C\u00e1mara de Diputados, esta normativa establecer\u00eda un cambio cultural en la forma de abordar las infracciones viales, poniendo el eje en la responsabilidad social y la reeducaci\u00f3n.<\/p>\n\n\n\n<p>El proyecto se enmarca en una tendencia creciente a nivel nacional e internacional de aplicar penas alternativas que busquen una transformaci\u00f3n del comportamiento, m\u00e1s que un castigo meramente econ\u00f3mico.<\/p>\n","protected":false},"excerpt":{"rendered":"<p>La provincia de Buenos Aires dio un paso significativo hacia un nuevo enfoque en el tratamiento de las infracciones de<\/p>\n","protected":false},"author":3,"featured_media":7407,"comment_status":"open","ping_status":"open","sticky":false,"template":"","format":"standard","meta":{"colormag_page_container_layout":"default_layout","colormag_page_sidebar_layout":"default_layout","footnotes":""},"categories":[16],"tags":[],"class_list":["post-7406","post","type-post","status-publish","format-standard","has-post-thumbnail","hentry","category-interes-general"],"yoast_head":"<!-- This site is optimized with the Yoast SEO plugin v27.5 - https:\/\/yoast.com\/product\/yoast-seo-wordpress\/ -->\n<title>Los infractores de tr\u00e1nsito en la Provincia tendr\u00e1n que cumplir trabajos comunitarios obligatorios - InfoPBA247<\/title>\n<meta name=\"robots\" content=\"index, follow, max-snippet:-1, max-image-preview:large, max-video-preview:-1\" \/>\n<link rel=\"canonical\" href=\"https:\/\/infopba247.com.ar\/index.php\/2025\/06\/30\/los-infractores-de-transito-en-la-provincia-tendran-que-cumplir-trabajos-comunitarios-obligatorios\/\" \/>\n<meta property=\"og:locale\" content=\"es_ES\" \/>\n<meta property=\"og:type\" content=\"article\" \/>\n<meta property=\"og:title\" content=\"Los infractores de tr\u00e1nsito en la Provincia tendr\u00e1n que cumplir trabajos comunitarios obligatorios - InfoPBA247\" \/>\n<meta property=\"og:description\" content=\"La provincia de Buenos Aires dio un paso significativo hacia un nuevo enfoque en el tratamiento de las infracciones de\" \/>\n<meta property=\"og:url\" content=\"https:\/\/infopba247.com.ar\/index.php\/2025\/06\/30\/los-infractores-de-transito-en-la-provincia-tendran-que-cumplir-trabajos-comunitarios-obligatorios\/\" \/>\n<meta property=\"og:site_name\" content=\"InfoPBA247\" \/>\n<meta property=\"article:publisher\" content=\"https:\/\/www.facebook.com\/InfoPBA\" \/>\n<meta property=\"article:published_time\" content=\"2025-06-30T13:04:46+00:00\" \/>\n<meta property=\"article:modified_time\" content=\"2025-06-30T13:04:48+00:00\" \/>\n<meta property=\"og:image\" content=\"https:\/\/infopba247.com.ar\/wp-content\/uploads\/2025\/06\/WhatsApp-Image-2025-06-27-at-11.25.19-scaled.jpeg\" \/>\n\t<meta property=\"og:image:width\" content=\"2560\" \/>\n\t<meta property=\"og:image:height\" content=\"1707\" \/>\n\t<meta property=\"og:image:type\" content=\"image\/jpeg\" \/>\n<meta name=\"author\" content=\"Editor\" \/>\n<meta name=\"twitter:card\" content=\"summary_large_image\" \/>\n<meta name=\"twitter:label1\" content=\"Escrito por\" \/>\n\t<meta name=\"twitter:data1\" content=\"Editor\" \/>\n\t<meta name=\"twitter:label2\" content=\"Tiempo de lectura\" \/>\n\t<meta name=\"twitter:data2\" content=\"2 minutos\" \/>\n<script type=\"application\/ld+json\" class=\"yoast-schema-graph\">{\"@context\":\"https:\\\/\\\/schema.org\",\"@graph\":[{\"@type\":\"Article\",\"@id\":\"https:\\\/\\\/infopba247.com.ar\\\/index.php\\\/2025\\\/06\\\/30\\\/los-infractores-de-transito-en-la-provincia-tendran-que-cumplir-trabajos-comunitarios-obligatorios\\\/#article\",\"isPartOf\":{\"@id\":\"https:\\\/\\\/infopba247.com.ar\\\/index.php\\\/2025\\\/06\\\/30\\\/los-infractores-de-transito-en-la-provincia-tendran-que-cumplir-trabajos-comunitarios-obligatorios\\\/\"},\"author\":{\"name\":\"Editor\",\"@id\":\"https:\\\/\\\/infopba247.com.ar\\\/#\\\/schema\\\/person\\\/4975f1343a413e57bf839b3eed0099f2\"},\"headline\":\"Los infractores de tr\u00e1nsito en la Provincia tendr\u00e1n que cumplir trabajos comunitarios obligatorios\",\"datePublished\":\"2025-06-30T13:04:46+00:00\",\"dateModified\":\"2025-06-30T13:04:48+00:00\",\"mainEntityOfPage\":{\"@id\":\"https:\\\/\\\/infopba247.com.ar\\\/index.php\\\/2025\\\/06\\\/30\\\/los-infractores-de-transito-en-la-provincia-tendran-que-cumplir-trabajos-comunitarios-obligatorios\\\/\"},\"wordCount\":368,\"commentCount\":0,\"publisher\":{\"@id\":\"https:\\\/\\\/infopba247.com.ar\\\/#organization\"},\"image\":{\"@id\":\"https:\\\/\\\/infopba247.com.ar\\\/index.php\\\/2025\\\/06\\\/30\\\/los-infractores-de-transito-en-la-provincia-tendran-que-cumplir-trabajos-comunitarios-obligatorios\\\/#primaryimage\"},\"thumbnailUrl\":\"https:\\\/\\\/infopba247.com.ar\\\/wp-content\\\/uploads\\\/2025\\\/06\\\/WhatsApp-Image-2025-06-27-at-11.25.19-scaled.jpeg\",\"articleSection\":[\"Inter\u00e9s General\"],\"inLanguage\":\"es\",\"potentialAction\":[{\"@type\":\"CommentAction\",\"name\":\"Comment\",\"target\":[\"https:\\\/\\\/infopba247.com.ar\\\/index.php\\\/2025\\\/06\\\/30\\\/los-infractores-de-transito-en-la-provincia-tendran-que-cumplir-trabajos-comunitarios-obligatorios\\\/#respond\"]}]},{\"@type\":\"WebPage\",\"@id\":\"https:\\\/\\\/infopba247.com.ar\\\/index.php\\\/2025\\\/06\\\/30\\\/los-infractores-de-transito-en-la-provincia-tendran-que-cumplir-trabajos-comunitarios-obligatorios\\\/\",\"url\":\"https:\\\/\\\/infopba247.com.ar\\\/index.php\\\/2025\\\/06\\\/30\\\/los-infractores-de-transito-en-la-provincia-tendran-que-cumplir-trabajos-comunitarios-obligatorios\\\/\",\"name\":\"Los infractores de tr\u00e1nsito en la Provincia tendr\u00e1n que cumplir trabajos comunitarios obligatorios - InfoPBA247\",\"isPartOf\":{\"@id\":\"https:\\\/\\\/infopba247.com.ar\\\/#website\"},\"primaryImageOfPage\":{\"@id\":\"https:\\\/\\\/infopba247.com.ar\\\/index.php\\\/2025\\\/06\\\/30\\\/los-infractores-de-transito-en-la-provincia-tendran-que-cumplir-trabajos-comunitarios-obligatorios\\\/#primaryimage\"},\"image\":{\"@id\":\"https:\\\/\\\/infopba247.com.ar\\\/index.php\\\/2025\\\/06\\\/30\\\/los-infractores-de-transito-en-la-provincia-tendran-que-cumplir-trabajos-comunitarios-obligatorios\\\/#primaryimage\"},\"thumbnailUrl\":\"https:\\\/\\\/infopba247.com.ar\\\/wp-content\\\/uploads\\\/2025\\\/06\\\/WhatsApp-Image-2025-06-27-at-11.25.19-scaled.jpeg\",\"datePublished\":\"2025-06-30T13:04:46+00:00\",\"dateModified\":\"2025-06-30T13:04:48+00:00\",\"breadcrumb\":{\"@id\":\"https:\\\/\\\/infopba247.com.ar\\\/index.php\\\/2025\\\/06\\\/30\\\/los-infractores-de-transito-en-la-provincia-tendran-que-cumplir-trabajos-comunitarios-obligatorios\\\/#breadcrumb\"},\"inLanguage\":\"es\",\"potentialAction\":[{\"@type\":\"ReadAction\",\"target\":[\"https:\\\/\\\/infopba247.com.ar\\\/index.php\\\/2025\\\/06\\\/30\\\/los-infractores-de-transito-en-la-provincia-tendran-que-cumplir-trabajos-comunitarios-obligatorios\\\/\"]}]},{\"@type\":\"ImageObject\",\"inLanguage\":\"es\",\"@id\":\"https:\\\/\\\/infopba247.com.ar\\\/index.php\\\/2025\\\/06\\\/30\\\/los-infractores-de-transito-en-la-provincia-tendran-que-cumplir-trabajos-comunitarios-obligatorios\\\/#primaryimage\",\"url\":\"https:\\\/\\\/infopba247.com.ar\\\/wp-content\\\/uploads\\\/2025\\\/06\\\/WhatsApp-Image-2025-06-27-at-11.25.19-scaled.jpeg\",\"contentUrl\":\"https:\\\/\\\/infopba247.com.ar\\\/wp-content\\\/uploads\\\/2025\\\/06\\\/WhatsApp-Image-2025-06-27-at-11.25.19-scaled.jpeg\",\"width\":2560,\"height\":1707},{\"@type\":\"BreadcrumbList\",\"@id\":\"https:\\\/\\\/infopba247.com.ar\\\/index.php\\\/2025\\\/06\\\/30\\\/los-infractores-de-transito-en-la-provincia-tendran-que-cumplir-trabajos-comunitarios-obligatorios\\\/#breadcrumb\",\"itemListElement\":[{\"@type\":\"ListItem\",\"position\":1,\"name\":\"Portada\",\"item\":\"https:\\\/\\\/infopba247.com.ar\\\/\"},{\"@type\":\"ListItem\",\"position\":2,\"name\":\"Los infractores de tr\u00e1nsito en la Provincia tendr\u00e1n que cumplir trabajos comunitarios obligatorios\"}]},{\"@type\":\"WebSite\",\"@id\":\"https:\\\/\\\/infopba247.com.ar\\\/#website\",\"url\":\"https:\\\/\\\/infopba247.com.ar\\\/\",\"name\":\"InfoPBA247\",\"description\":\"Toda la actualidad bonaerense\",\"publisher\":{\"@id\":\"https:\\\/\\\/infopba247.com.ar\\\/#organization\"},\"potentialAction\":[{\"@type\":\"SearchAction\",\"target\":{\"@type\":\"EntryPoint\",\"urlTemplate\":\"https:\\\/\\\/infopba247.com.ar\\\/?s={search_term_string}\"},\"query-input\":{\"@type\":\"PropertyValueSpecification\",\"valueRequired\":true,\"valueName\":\"search_term_string\"}}],\"inLanguage\":\"es\"},{\"@type\":\"Organization\",\"@id\":\"https:\\\/\\\/infopba247.com.ar\\\/#organization\",\"name\":\"InfoPBA247\",\"url\":\"https:\\\/\\\/infopba247.com.ar\\\/\",\"logo\":{\"@type\":\"ImageObject\",\"inLanguage\":\"es\",\"@id\":\"https:\\\/\\\/infopba247.com.ar\\\/#\\\/schema\\\/logo\\\/image\\\/\",\"url\":\"https:\\\/\\\/infopba247.com.ar\\\/wp-content\\\/uploads\\\/2022\\\/03\\\/cropped-InfoPBA247-1.png\",\"contentUrl\":\"https:\\\/\\\/infopba247.com.ar\\\/wp-content\\\/uploads\\\/2022\\\/03\\\/cropped-InfoPBA247-1.png\",\"width\":500,\"height\":122,\"caption\":\"InfoPBA247\"},\"image\":{\"@id\":\"https:\\\/\\\/infopba247.com.ar\\\/#\\\/schema\\\/logo\\\/image\\\/\"},\"sameAs\":[\"https:\\\/\\\/www.facebook.com\\\/InfoPBA\"]},{\"@type\":\"Person\",\"@id\":\"https:\\\/\\\/infopba247.com.ar\\\/#\\\/schema\\\/person\\\/4975f1343a413e57bf839b3eed0099f2\",\"name\":\"Editor\",\"image\":{\"@type\":\"ImageObject\",\"inLanguage\":\"es\",\"@id\":\"https:\\\/\\\/secure.gravatar.com\\\/avatar\\\/d27fe9520667ca53441d36627a1d6b0fa4a813571ec4803687a7a3a7744685ac?s=96&d=mm&r=g\",\"url\":\"https:\\\/\\\/secure.gravatar.com\\\/avatar\\\/d27fe9520667ca53441d36627a1d6b0fa4a813571ec4803687a7a3a7744685ac?s=96&d=mm&r=g\",\"contentUrl\":\"https:\\\/\\\/secure.gravatar.com\\\/avatar\\\/d27fe9520667ca53441d36627a1d6b0fa4a813571ec4803687a7a3a7744685ac?s=96&d=mm&r=g\",\"caption\":\"Editor\"},\"url\":\"https:\\\/\\\/infopba247.com.ar\\\/index.php\\\/author\\\/editor\\\/\"}]}<\/script>\n<!-- \/ Yoast SEO plugin. -->","yoast_head_json":{"title":"Los infractores de tr\u00e1nsito en la Provincia tendr\u00e1n que cumplir trabajos comunitarios obligatorios - InfoPBA247","robots":{"index":"index","follow":"follow","max-snippet":"max-snippet:-1","max-image-preview":"max-image-preview:large","max-video-preview":"max-video-preview:-1"},"canonical":"https:\/\/infopba247.com.ar\/index.php\/2025\/06\/30\/los-infractores-de-transito-en-la-provincia-tendran-que-cumplir-trabajos-comunitarios-obligatorios\/","og_locale":"es_ES","og_type":"article","og_title":"Los infractores de tr\u00e1nsito en la Provincia tendr\u00e1n que cumplir trabajos comunitarios obligatorios - InfoPBA247","og_description":"La provincia de Buenos Aires dio un paso significativo hacia un nuevo enfoque en el tratamiento de las infracciones de","og_url":"https:\/\/infopba247.com.ar\/index.php\/2025\/06\/30\/los-infractores-de-transito-en-la-provincia-tendran-que-cumplir-trabajos-comunitarios-obligatorios\/","og_site_name":"InfoPBA247","article_publisher":"https:\/\/www.facebook.com\/InfoPBA","article_published_time":"2025-06-30T13:04:46+00:00","article_modified_time":"2025-06-30T13:04:48+00:00","og_image":[{"width":2560,"height":1707,"url":"https:\/\/infopba247.com.ar\/wp-content\/uploads\/2025\/06\/WhatsApp-Image-2025-06-27-at-11.25.19-scaled.jpeg","type":"image\/jpeg"}],"author":"Editor","twitter_card":"summary_large_image","twitter_misc":{"Escrito por":"Editor","Tiempo de lectura":"2 minutos"},"schema":{"@context":"https:\/\/schema.org","@graph":[{"@type":"Article","@id":"https:\/\/infopba247.com.ar\/index.php\/2025\/06\/30\/los-infractores-de-transito-en-la-provincia-tendran-que-cumplir-trabajos-comunitarios-obligatorios\/#article","isPartOf":{"@id":"https:\/\/infopba247.com.ar\/index.php\/2025\/06\/30\/los-infractores-de-transito-en-la-provincia-tendran-que-cumplir-trabajos-comunitarios-obligatorios\/"},"author":{"name":"Editor","@id":"https:\/\/infopba247.com.ar\/#\/schema\/person\/4975f1343a413e57bf839b3eed0099f2"},"headline":"Los infractores de tr\u00e1nsito en la Provincia tendr\u00e1n que cumplir trabajos comunitarios obligatorios","datePublished":"2025-06-30T13:04:46+00:00","dateModified":"2025-06-30T13:04:48+00:00","mainEntityOfPage":{"@id":"https:\/\/infopba247.com.ar\/index.php\/2025\/06\/30\/los-infractores-de-transito-en-la-provincia-tendran-que-cumplir-trabajos-comunitarios-obligatorios\/"},"wordCount":368,"commentCount":0,"publisher":{"@id":"https:\/\/infopba247.com.ar\/#organization"},"image":{"@id":"https:\/\/infopba247.com.ar\/index.php\/2025\/06\/30\/los-infractores-de-transito-en-la-provincia-tendran-que-cumplir-trabajos-comunitarios-obligatorios\/#primaryimage"},"thumbnailUrl":"https:\/\/infopba247.com.ar\/wp-content\/uploads\/2025\/06\/WhatsApp-Image-2025-06-27-at-11.25.19-scaled.jpeg","articleSection":["Inter\u00e9s General"],"inLanguage":"es","potentialAction":[{"@type":"CommentAction","name":"Comment","target":["https:\/\/infopba247.com.ar\/index.php\/2025\/06\/30\/los-infractores-de-transito-en-la-provincia-tendran-que-cumplir-trabajos-comunitarios-obligatorios\/#respond"]}]},{"@type":"WebPage","@id":"https:\/\/infopba247.com.ar\/index.php\/2025\/06\/30\/los-infractores-de-transito-en-la-provincia-tendran-que-cumplir-trabajos-comunitarios-obligatorios\/","url":"https:\/\/infopba247.com.ar\/index.php\/2025\/06\/30\/los-infractores-de-transito-en-la-provincia-tendran-que-cumplir-trabajos-comunitarios-obligatorios\/","name":"Los infractores de tr\u00e1nsito en la Provincia tendr\u00e1n que cumplir trabajos comunitarios obligatorios - InfoPBA247","isPartOf":{"@id":"https:\/\/infopba247.com.ar\/#website"},"primaryImageOfPage":{"@id":"https:\/\/infopba247.com.ar\/index.php\/2025\/06\/30\/los-infractores-de-transito-en-la-provincia-tendran-que-cumplir-trabajos-comunitarios-obligatorios\/#primaryimage"},"image":{"@id":"https:\/\/infopba247.com.ar\/index.php\/2025\/06\/30\/los-infractores-de-transito-en-la-provincia-tendran-que-cumplir-trabajos-comunitarios-obligatorios\/#primaryimage"},"thumbnailUrl":"https:\/\/infopba247.com.ar\/wp-content\/uploads\/2025\/06\/WhatsApp-Image-2025-06-27-at-11.25.19-scaled.jpeg","datePublished":"2025-06-30T13:04:46+00:00","dateModified":"2025-06-30T13:04:48+00:00","breadcrumb":{"@id":"https:\/\/infopba247.com.ar\/index.php\/2025\/06\/30\/los-infractores-de-transito-en-la-provincia-tendran-que-cumplir-trabajos-comunitarios-obligatorios\/#breadcrumb"},"inLanguage":"es","potentialAction":[{"@type":"ReadAction","target":["https:\/\/infopba247.com.ar\/index.php\/2025\/06\/30\/los-infractores-de-transito-en-la-provincia-tendran-que-cumplir-trabajos-comunitarios-obligatorios\/"]}]},{"@type":"ImageObject","inLanguage":"es","@id":"https:\/\/infopba247.com.ar\/index.php\/2025\/06\/30\/los-infractores-de-transito-en-la-provincia-tendran-que-cumplir-trabajos-comunitarios-obligatorios\/#primaryimage","url":"https:\/\/infopba247.com.ar\/wp-content\/uploads\/2025\/06\/WhatsApp-Image-2025-06-27-at-11.25.19-scaled.jpeg","contentUrl":"https:\/\/infopba247.com.ar\/wp-content\/uploads\/2025\/06\/WhatsApp-Image-2025-06-27-at-11.25.19-scaled.jpeg","width":2560,"height":1707},{"@type":"BreadcrumbList","@id":"https:\/\/infopba247.com.ar\/index.php\/2025\/06\/30\/los-infractores-de-transito-en-la-provincia-tendran-que-cumplir-trabajos-comunitarios-obligatorios\/#breadcrumb","itemListElement":[{"@type":"ListItem","position":1,"name":"Portada","item":"https:\/\/infopba247.com.ar\/"},{"@type":"ListItem","position":2,"name":"Los infractores de tr\u00e1nsito en la Provincia tendr\u00e1n que cumplir trabajos comunitarios obligatorios"}]},{"@type":"WebSite","@id":"https:\/\/infopba247.com.ar\/#website","url":"https:\/\/infopba247.com.ar\/","name":"InfoPBA247","description":"Toda la actualidad bonaerense","publisher":{"@id":"https:\/\/infopba247.com.ar\/#organization"},"potentialAction":[{"@type":"SearchAction","target":{"@type":"EntryPoint","urlTemplate":"https:\/\/infopba247.com.ar\/?s={search_term_string}"},"query-input":{"@type":"PropertyValueSpecification","valueRequired":true,"valueName":"search_term_string"}}],"inLanguage":"es"},{"@type":"Organization","@id":"https:\/\/infopba247.com.ar\/#organization","name":"InfoPBA247","url":"https:\/\/infopba247.com.ar\/","logo":{"@type":"ImageObject","inLanguage":"es","@id":"https:\/\/infopba247.com.ar\/#\/schema\/logo\/image\/","url":"https:\/\/infopba247.com.ar\/wp-content\/uploads\/2022\/03\/cropped-InfoPBA247-1.png","contentUrl":"https:\/\/infopba247.com.ar\/wp-content\/uploads\/2022\/03\/cropped-InfoPBA247-1.png","width":500,"height":122,"caption":"InfoPBA247"},"image":{"@id":"https:\/\/infopba247.com.ar\/#\/schema\/logo\/image\/"},"sameAs":["https:\/\/www.facebook.com\/InfoPBA"]},{"@type":"Person","@id":"https:\/\/infopba247.com.ar\/#\/schema\/person\/4975f1343a413e57bf839b3eed0099f2","name":"Editor","image":{"@type":"ImageObject","inLanguage":"es","@id":"https:\/\/secure.gravatar.com\/avatar\/d27fe9520667ca53441d36627a1d6b0fa4a813571ec4803687a7a3a7744685ac?s=96&d=mm&r=g","url":"https:\/\/secure.gravatar.com\/avatar\/d27fe9520667ca53441d36627a1d6b0fa4a813571ec4803687a7a3a7744685ac?s=96&d=mm&r=g","contentUrl":"https:\/\/secure.gravatar.com\/avatar\/d27fe9520667ca53441d36627a1d6b0fa4a813571ec4803687a7a3a7744685ac?s=96&d=mm&r=g","caption":"Editor"},"url":"https:\/\/infopba247.com.ar\/index.php\/author\/editor\/"}]}},"_links":{"self":[{"href":"https:\/\/infopba247.com.ar\/index.php\/wp-json\/wp\/v2\/posts\/7406","targetHints":{"allow":["GET"]}}],"collection":[{"href":"https:\/\/infopba247.com.ar\/index.php\/wp-json\/wp\/v2\/posts"}],"about":[{"href":"https:\/\/infopba247.com.ar\/index.php\/wp-json\/wp\/v2\/types\/post"}],"author":[{"embeddable":true,"href":"https:\/\/infopba247.com.ar\/index.php\/wp-json\/wp\/v2\/users\/3"}],"replies":[{"embeddable":true,"href":"https:\/\/infopba247.com.ar\/index.php\/wp-json\/wp\/v2\/comments?post=7406"}],"version-history":[{"count":1,"href":"https:\/\/infopba247.com.ar\/index.php\/wp-json\/wp\/v2\/posts\/7406\/revisions"}],"predecessor-version":[{"id":7408,"href":"https:\/\/infopba247.com.ar\/index.php\/wp-json\/wp\/v2\/posts\/7406\/revisions\/7408"}],"wp:featuredmedia":[{"embeddable":true,"href":"https:\/\/infopba247.com.ar\/index.php\/wp-json\/wp\/v2\/media\/7407"}],"wp:attachment":[{"href":"https:\/\/infopba247.com.ar\/index.php\/wp-json\/wp\/v2\/media?parent=7406"}],"wp:term":[{"taxonomy":"category","embeddable":true,"href":"https:\/\/infopba247.com.ar\/index.php\/wp-json\/wp\/v2\/categories?post=7406"},{"taxonomy":"post_tag","embeddable":true,"href":"https:\/\/infopba247.com.ar\/index.php\/wp-json\/wp\/v2\/tags?post=7406"}],"curies":[{"name":"wp","href":"https:\/\/api.w.org\/{rel}","templated":true}]}}