{"id":7381,"date":"2025-06-27T14:54:35","date_gmt":"2025-06-27T17:54:35","guid":{"rendered":"https:\/\/infopba247.com.ar\/?p=7381"},"modified":"2025-06-27T14:54:36","modified_gmt":"2025-06-27T17:54:36","slug":"provincia-lanzo-el-programa-mayores-bonaerenses-activos","status":"publish","type":"post","link":"https:\/\/infopba247.com.ar\/index.php\/2025\/06\/27\/provincia-lanzo-el-programa-mayores-bonaerenses-activos\/","title":{"rendered":"Provincia lanz\u00f3 el programa Mayores Bonaerenses activos"},"content":{"rendered":"\n<p>Con la presencia de Kicillof y Larroque, se firm\u00f3 en Ensenada el primer convenio de la iniciativa, que pone el eje en el cuidado y la participaci\u00f3n, mediante el fortalecimiento de espacios comunitarios que promuevan el bienestar, la inclusi\u00f3n y la participaci\u00f3n activa de personas mayores de 60 a\u00f1os.<\/p>\n\n\n\n<p>El ministro de Desarrollo de la Comunidad, Andr\u00e9s Larroque, encabez\u00f3 junto al gobernador de la provincia de Buenos Aires, Axel Kicillof, el lanzamiento del programa Mayores Bonaerenses Activos, una nueva pol\u00edtica p\u00fablica destinada a fortalecer espacios comunitarios que promuevan el bienestar, la inclusi\u00f3n y la participaci\u00f3n activa de personas mayores de 60 a\u00f1os. Lo hizo en Ensenada junto al intendente Mario Secco, en un acto realizado en la Casa de D\u00eda para Personas Mayores del municipio.<\/p>\n\n\n\n<p>La iniciativa, que se implementa a trav\u00e9s de una subvenci\u00f3n mensual a instituciones de la sociedad civil, entidades religiosas y municipios, busca acompa\u00f1ar y sostener espacios donde las personas mayores realizan actividades recreativas, culturales, l\u00fadicas, formativas, preventivas y de cuidado.<\/p>\n\n\n\n<p>Durante el acto, se firm\u00f3 el primer convenio del programa con el Municipio de Ensenada, que contempla 60 becas mensuales y una inversi\u00f3n provincial de $2.400.000 para fortalecer el funcionamiento del centro. En este espacio, diariamente se desarrollan distintas actividades como clases de gimnasia, sesiones de kinesiolog\u00eda, deportes adaptados, talleres de memoria, computaci\u00f3n y costura, entre otras propuestas.<\/p>\n\n\n\n<p>\u201cEn la provincia de Buenos Aires no les soltamos la mano a los adultos mayores: los respetamos y los acompa\u00f1amos invirtiendo tambi\u00e9n en sus espacios de vinculaci\u00f3n y esparcimiento\u201d, afirm\u00f3 Kicillof, y agreg\u00f3: \u201cAtendemos muchos frentes que abandon\u00f3 el Gobierno nacional, pero estamos convencidos de que este esfuerzo vale la pena porque sirve para cuidar a quienes nos cuidaron toda la vida\u201d.<\/p>\n\n\n\n<p>Larroque por su parte sostuvo que \u201clanzar este programa para fortalecer las actividades que se realizan en estos centros de adultos mayores es posible gracias a la decisi\u00f3n pol\u00edtica de un Gobierno que, en un contexto muy dif\u00edcil, realiza grandes esfuerzos para destinar los recursos a quienes verdaderamente los necesitan\u201d. Y remarc\u00f3: \u201cMayores Bonaerenses Activos es un ejemplo m\u00e1s de que la provincia de Buenos Aires es la contracara de lo que est\u00e1 ocurriendo a nivel nacional\u201d.<\/p>\n\n\n\n<p>El intendente de Ensenada en tanto resalt\u00f3: \u201cEn un contexto muy complicado, el Gobierno provincial demuestra una vez m\u00e1s que sus prioridades est\u00e1n en impulsar pol\u00edticas de inclusi\u00f3n y acompa\u00f1amiento para el pueblo bonaerense: este programa es una inversi\u00f3n importante y una nueva herramienta para mejorar la vida de nuestros jubilados\u201d, expres\u00f3 el intendente Secco.<\/p>\n\n\n\n<p>La subsecretaria de Pol\u00edticas Sociales del Ministerio, Bernarda Meglia precis\u00f3 que durante el 2025, el programa prev\u00e9 otorgar 1.800 becas en todo el territorio bonaerense, con financiamiento para cubrir gastos alimentarios, materiales did\u00e1cticos, equipamiento, servicios y personal. Adem\u00e1s, agreg\u00f3 que se proyecta cuadruplicar en 2026 tanto la cantidad de becas como la de instituciones alcanzadas.<\/p>\n\n\n\n<p>La presentaci\u00f3n cont\u00f3 con la participaci\u00f3n de la directora provincial de Pol\u00edticas de Cuidado, Ayel\u00e9n Pino; la directora de Promoci\u00f3n de Derechos para Personas Mayores, Ail\u00e9n Guzzo; la diputada provincial Susana Gonz\u00e1lez, funcionarios locales y concejales.<\/p>\n\n\n\n<p>Mayores Bonaerenses Activos se suma a otras pol\u00edticas provinciales impulsadas por el Ministerio de Desarrollo de la Comunidad, destinadas a esta poblaci\u00f3n, como el programa Mayores Bonaerenses Conectados, que ofrece talleres presenciales sobre alfabetizaci\u00f3n digital y uso de herramientas tecnol\u00f3gicas, promoviendo la autonom\u00eda y la participaci\u00f3n social.<\/p>\n","protected":false},"excerpt":{"rendered":"<p>Con la presencia de Kicillof y Larroque, se firm\u00f3 en Ensenada el primer convenio de la iniciativa, que pone el<\/p>\n","protected":false},"author":3,"featured_media":7386,"comment_status":"open","ping_status":"open","sticky":false,"template":"","format":"standard","meta":{"colormag_page_container_layout":"default_layout","colormag_page_sidebar_layout":"default_layout","footnotes":""},"categories":[7,1,14],"tags":[],"class_list":["post-7381","post","type-post","status-publish","format-standard","has-post-thumbnail","hentry","category-3ra-seccion","category-destacadas","category-politica"],"yoast_head":"<!-- This site is optimized with the Yoast SEO plugin v27.5 - https:\/\/yoast.com\/product\/yoast-seo-wordpress\/ -->\n<title>Provincia lanz\u00f3 el programa Mayores Bonaerenses activos - InfoPBA247<\/title>\n<meta name=\"robots\" content=\"index, follow, max-snippet:-1, max-image-preview:large, max-video-preview:-1\" \/>\n<link rel=\"canonical\" href=\"https:\/\/infopba247.com.ar\/index.php\/2025\/06\/27\/provincia-lanzo-el-programa-mayores-bonaerenses-activos\/\" \/>\n<meta property=\"og:locale\" content=\"es_ES\" \/>\n<meta property=\"og:type\" content=\"article\" \/>\n<meta property=\"og:title\" content=\"Provincia lanz\u00f3 el programa Mayores Bonaerenses activos - InfoPBA247\" \/>\n<meta property=\"og:description\" content=\"Con la presencia de Kicillof y Larroque, se firm\u00f3 en Ensenada el primer convenio de la iniciativa, que pone el\" \/>\n<meta property=\"og:url\" content=\"https:\/\/infopba247.com.ar\/index.php\/2025\/06\/27\/provincia-lanzo-el-programa-mayores-bonaerenses-activos\/\" \/>\n<meta property=\"og:site_name\" content=\"InfoPBA247\" \/>\n<meta property=\"article:publisher\" content=\"https:\/\/www.facebook.com\/InfoPBA\" \/>\n<meta property=\"article:published_time\" content=\"2025-06-27T17:54:35+00:00\" \/>\n<meta property=\"article:modified_time\" content=\"2025-06-27T17:54:36+00:00\" \/>\n<meta property=\"og:image\" content=\"https:\/\/infopba247.com.ar\/wp-content\/uploads\/2025\/06\/unnamed-2025-06-27T143727.646.jpg\" \/>\n\t<meta property=\"og:image:width\" content=\"1280\" \/>\n\t<meta property=\"og:image:height\" content=\"852\" \/>\n\t<meta property=\"og:image:type\" content=\"image\/jpeg\" \/>\n<meta name=\"author\" content=\"Editor\" \/>\n<meta name=\"twitter:card\" content=\"summary_large_image\" \/>\n<meta name=\"twitter:label1\" content=\"Escrito por\" \/>\n\t<meta name=\"twitter:data1\" content=\"Editor\" \/>\n\t<meta name=\"twitter:label2\" content=\"Tiempo de lectura\" \/>\n\t<meta name=\"twitter:data2\" content=\"3 minutos\" \/>\n<script type=\"application\/ld+json\" class=\"yoast-schema-graph\">{\"@context\":\"https:\\\/\\\/schema.org\",\"@graph\":[{\"@type\":\"Article\",\"@id\":\"https:\\\/\\\/infopba247.com.ar\\\/index.php\\\/2025\\\/06\\\/27\\\/provincia-lanzo-el-programa-mayores-bonaerenses-activos\\\/#article\",\"isPartOf\":{\"@id\":\"https:\\\/\\\/infopba247.com.ar\\\/index.php\\\/2025\\\/06\\\/27\\\/provincia-lanzo-el-programa-mayores-bonaerenses-activos\\\/\"},\"author\":{\"name\":\"Editor\",\"@id\":\"https:\\\/\\\/infopba247.com.ar\\\/#\\\/schema\\\/person\\\/4975f1343a413e57bf839b3eed0099f2\"},\"headline\":\"Provincia lanz\u00f3 el programa Mayores Bonaerenses activos\",\"datePublished\":\"2025-06-27T17:54:35+00:00\",\"dateModified\":\"2025-06-27T17:54:36+00:00\",\"mainEntityOfPage\":{\"@id\":\"https:\\\/\\\/infopba247.com.ar\\\/index.php\\\/2025\\\/06\\\/27\\\/provincia-lanzo-el-programa-mayores-bonaerenses-activos\\\/\"},\"wordCount\":602,\"commentCount\":0,\"publisher\":{\"@id\":\"https:\\\/\\\/infopba247.com.ar\\\/#organization\"},\"image\":{\"@id\":\"https:\\\/\\\/infopba247.com.ar\\\/index.php\\\/2025\\\/06\\\/27\\\/provincia-lanzo-el-programa-mayores-bonaerenses-activos\\\/#primaryimage\"},\"thumbnailUrl\":\"https:\\\/\\\/infopba247.com.ar\\\/wp-content\\\/uploads\\\/2025\\\/06\\\/unnamed-2025-06-27T143727.646.jpg\",\"articleSection\":[\"3ra Secci\u00f3n\",\"Destacadas\",\"Pol\u00edtica\"],\"inLanguage\":\"es\",\"potentialAction\":[{\"@type\":\"CommentAction\",\"name\":\"Comment\",\"target\":[\"https:\\\/\\\/infopba247.com.ar\\\/index.php\\\/2025\\\/06\\\/27\\\/provincia-lanzo-el-programa-mayores-bonaerenses-activos\\\/#respond\"]}]},{\"@type\":\"WebPage\",\"@id\":\"https:\\\/\\\/infopba247.com.ar\\\/index.php\\\/2025\\\/06\\\/27\\\/provincia-lanzo-el-programa-mayores-bonaerenses-activos\\\/\",\"url\":\"https:\\\/\\\/infopba247.com.ar\\\/index.php\\\/2025\\\/06\\\/27\\\/provincia-lanzo-el-programa-mayores-bonaerenses-activos\\\/\",\"name\":\"Provincia lanz\u00f3 el programa Mayores Bonaerenses activos - InfoPBA247\",\"isPartOf\":{\"@id\":\"https:\\\/\\\/infopba247.com.ar\\\/#website\"},\"primaryImageOfPage\":{\"@id\":\"https:\\\/\\\/infopba247.com.ar\\\/index.php\\\/2025\\\/06\\\/27\\\/provincia-lanzo-el-programa-mayores-bonaerenses-activos\\\/#primaryimage\"},\"image\":{\"@id\":\"https:\\\/\\\/infopba247.com.ar\\\/index.php\\\/2025\\\/06\\\/27\\\/provincia-lanzo-el-programa-mayores-bonaerenses-activos\\\/#primaryimage\"},\"thumbnailUrl\":\"https:\\\/\\\/infopba247.com.ar\\\/wp-content\\\/uploads\\\/2025\\\/06\\\/unnamed-2025-06-27T143727.646.jpg\",\"datePublished\":\"2025-06-27T17:54:35+00:00\",\"dateModified\":\"2025-06-27T17:54:36+00:00\",\"breadcrumb\":{\"@id\":\"https:\\\/\\\/infopba247.com.ar\\\/index.php\\\/2025\\\/06\\\/27\\\/provincia-lanzo-el-programa-mayores-bonaerenses-activos\\\/#breadcrumb\"},\"inLanguage\":\"es\",\"potentialAction\":[{\"@type\":\"ReadAction\",\"target\":[\"https:\\\/\\\/infopba247.com.ar\\\/index.php\\\/2025\\\/06\\\/27\\\/provincia-lanzo-el-programa-mayores-bonaerenses-activos\\\/\"]}]},{\"@type\":\"ImageObject\",\"inLanguage\":\"es\",\"@id\":\"https:\\\/\\\/infopba247.com.ar\\\/index.php\\\/2025\\\/06\\\/27\\\/provincia-lanzo-el-programa-mayores-bonaerenses-activos\\\/#primaryimage\",\"url\":\"https:\\\/\\\/infopba247.com.ar\\\/wp-content\\\/uploads\\\/2025\\\/06\\\/unnamed-2025-06-27T143727.646.jpg\",\"contentUrl\":\"https:\\\/\\\/infopba247.com.ar\\\/wp-content\\\/uploads\\\/2025\\\/06\\\/unnamed-2025-06-27T143727.646.jpg\",\"width\":1280,\"height\":852},{\"@type\":\"BreadcrumbList\",\"@id\":\"https:\\\/\\\/infopba247.com.ar\\\/index.php\\\/2025\\\/06\\\/27\\\/provincia-lanzo-el-programa-mayores-bonaerenses-activos\\\/#breadcrumb\",\"itemListElement\":[{\"@type\":\"ListItem\",\"position\":1,\"name\":\"Portada\",\"item\":\"https:\\\/\\\/infopba247.com.ar\\\/\"},{\"@type\":\"ListItem\",\"position\":2,\"name\":\"Provincia lanz\u00f3 el programa Mayores Bonaerenses activos\"}]},{\"@type\":\"WebSite\",\"@id\":\"https:\\\/\\\/infopba247.com.ar\\\/#website\",\"url\":\"https:\\\/\\\/infopba247.com.ar\\\/\",\"name\":\"InfoPBA247\",\"description\":\"Toda la actualidad bonaerense\",\"publisher\":{\"@id\":\"https:\\\/\\\/infopba247.com.ar\\\/#organization\"},\"potentialAction\":[{\"@type\":\"SearchAction\",\"target\":{\"@type\":\"EntryPoint\",\"urlTemplate\":\"https:\\\/\\\/infopba247.com.ar\\\/?s={search_term_string}\"},\"query-input\":{\"@type\":\"PropertyValueSpecification\",\"valueRequired\":true,\"valueName\":\"search_term_string\"}}],\"inLanguage\":\"es\"},{\"@type\":\"Organization\",\"@id\":\"https:\\\/\\\/infopba247.com.ar\\\/#organization\",\"name\":\"InfoPBA247\",\"url\":\"https:\\\/\\\/infopba247.com.ar\\\/\",\"logo\":{\"@type\":\"ImageObject\",\"inLanguage\":\"es\",\"@id\":\"https:\\\/\\\/infopba247.com.ar\\\/#\\\/schema\\\/logo\\\/image\\\/\",\"url\":\"https:\\\/\\\/infopba247.com.ar\\\/wp-content\\\/uploads\\\/2022\\\/03\\\/cropped-InfoPBA247-1.png\",\"contentUrl\":\"https:\\\/\\\/infopba247.com.ar\\\/wp-content\\\/uploads\\\/2022\\\/03\\\/cropped-InfoPBA247-1.png\",\"width\":500,\"height\":122,\"caption\":\"InfoPBA247\"},\"image\":{\"@id\":\"https:\\\/\\\/infopba247.com.ar\\\/#\\\/schema\\\/logo\\\/image\\\/\"},\"sameAs\":[\"https:\\\/\\\/www.facebook.com\\\/InfoPBA\"]},{\"@type\":\"Person\",\"@id\":\"https:\\\/\\\/infopba247.com.ar\\\/#\\\/schema\\\/person\\\/4975f1343a413e57bf839b3eed0099f2\",\"name\":\"Editor\",\"image\":{\"@type\":\"ImageObject\",\"inLanguage\":\"es\",\"@id\":\"https:\\\/\\\/secure.gravatar.com\\\/avatar\\\/d27fe9520667ca53441d36627a1d6b0fa4a813571ec4803687a7a3a7744685ac?s=96&d=mm&r=g\",\"url\":\"https:\\\/\\\/secure.gravatar.com\\\/avatar\\\/d27fe9520667ca53441d36627a1d6b0fa4a813571ec4803687a7a3a7744685ac?s=96&d=mm&r=g\",\"contentUrl\":\"https:\\\/\\\/secure.gravatar.com\\\/avatar\\\/d27fe9520667ca53441d36627a1d6b0fa4a813571ec4803687a7a3a7744685ac?s=96&d=mm&r=g\",\"caption\":\"Editor\"},\"url\":\"https:\\\/\\\/infopba247.com.ar\\\/index.php\\\/author\\\/editor\\\/\"}]}<\/script>\n<!-- \/ Yoast SEO plugin. -->","yoast_head_json":{"title":"Provincia lanz\u00f3 el programa Mayores Bonaerenses activos - InfoPBA247","robots":{"index":"index","follow":"follow","max-snippet":"max-snippet:-1","max-image-preview":"max-image-preview:large","max-video-preview":"max-video-preview:-1"},"canonical":"https:\/\/infopba247.com.ar\/index.php\/2025\/06\/27\/provincia-lanzo-el-programa-mayores-bonaerenses-activos\/","og_locale":"es_ES","og_type":"article","og_title":"Provincia lanz\u00f3 el programa Mayores Bonaerenses activos - InfoPBA247","og_description":"Con la presencia de Kicillof y Larroque, se firm\u00f3 en Ensenada el primer convenio de la iniciativa, que pone el","og_url":"https:\/\/infopba247.com.ar\/index.php\/2025\/06\/27\/provincia-lanzo-el-programa-mayores-bonaerenses-activos\/","og_site_name":"InfoPBA247","article_publisher":"https:\/\/www.facebook.com\/InfoPBA","article_published_time":"2025-06-27T17:54:35+00:00","article_modified_time":"2025-06-27T17:54:36+00:00","og_image":[{"width":1280,"height":852,"url":"https:\/\/infopba247.com.ar\/wp-content\/uploads\/2025\/06\/unnamed-2025-06-27T143727.646.jpg","type":"image\/jpeg"}],"author":"Editor","twitter_card":"summary_large_image","twitter_misc":{"Escrito por":"Editor","Tiempo de lectura":"3 minutos"},"schema":{"@context":"https:\/\/schema.org","@graph":[{"@type":"Article","@id":"https:\/\/infopba247.com.ar\/index.php\/2025\/06\/27\/provincia-lanzo-el-programa-mayores-bonaerenses-activos\/#article","isPartOf":{"@id":"https:\/\/infopba247.com.ar\/index.php\/2025\/06\/27\/provincia-lanzo-el-programa-mayores-bonaerenses-activos\/"},"author":{"name":"Editor","@id":"https:\/\/infopba247.com.ar\/#\/schema\/person\/4975f1343a413e57bf839b3eed0099f2"},"headline":"Provincia lanz\u00f3 el programa Mayores Bonaerenses activos","datePublished":"2025-06-27T17:54:35+00:00","dateModified":"2025-06-27T17:54:36+00:00","mainEntityOfPage":{"@id":"https:\/\/infopba247.com.ar\/index.php\/2025\/06\/27\/provincia-lanzo-el-programa-mayores-bonaerenses-activos\/"},"wordCount":602,"commentCount":0,"publisher":{"@id":"https:\/\/infopba247.com.ar\/#organization"},"image":{"@id":"https:\/\/infopba247.com.ar\/index.php\/2025\/06\/27\/provincia-lanzo-el-programa-mayores-bonaerenses-activos\/#primaryimage"},"thumbnailUrl":"https:\/\/infopba247.com.ar\/wp-content\/uploads\/2025\/06\/unnamed-2025-06-27T143727.646.jpg","articleSection":["3ra Secci\u00f3n","Destacadas","Pol\u00edtica"],"inLanguage":"es","potentialAction":[{"@type":"CommentAction","name":"Comment","target":["https:\/\/infopba247.com.ar\/index.php\/2025\/06\/27\/provincia-lanzo-el-programa-mayores-bonaerenses-activos\/#respond"]}]},{"@type":"WebPage","@id":"https:\/\/infopba247.com.ar\/index.php\/2025\/06\/27\/provincia-lanzo-el-programa-mayores-bonaerenses-activos\/","url":"https:\/\/infopba247.com.ar\/index.php\/2025\/06\/27\/provincia-lanzo-el-programa-mayores-bonaerenses-activos\/","name":"Provincia lanz\u00f3 el programa Mayores Bonaerenses activos - InfoPBA247","isPartOf":{"@id":"https:\/\/infopba247.com.ar\/#website"},"primaryImageOfPage":{"@id":"https:\/\/infopba247.com.ar\/index.php\/2025\/06\/27\/provincia-lanzo-el-programa-mayores-bonaerenses-activos\/#primaryimage"},"image":{"@id":"https:\/\/infopba247.com.ar\/index.php\/2025\/06\/27\/provincia-lanzo-el-programa-mayores-bonaerenses-activos\/#primaryimage"},"thumbnailUrl":"https:\/\/infopba247.com.ar\/wp-content\/uploads\/2025\/06\/unnamed-2025-06-27T143727.646.jpg","datePublished":"2025-06-27T17:54:35+00:00","dateModified":"2025-06-27T17:54:36+00:00","breadcrumb":{"@id":"https:\/\/infopba247.com.ar\/index.php\/2025\/06\/27\/provincia-lanzo-el-programa-mayores-bonaerenses-activos\/#breadcrumb"},"inLanguage":"es","potentialAction":[{"@type":"ReadAction","target":["https:\/\/infopba247.com.ar\/index.php\/2025\/06\/27\/provincia-lanzo-el-programa-mayores-bonaerenses-activos\/"]}]},{"@type":"ImageObject","inLanguage":"es","@id":"https:\/\/infopba247.com.ar\/index.php\/2025\/06\/27\/provincia-lanzo-el-programa-mayores-bonaerenses-activos\/#primaryimage","url":"https:\/\/infopba247.com.ar\/wp-content\/uploads\/2025\/06\/unnamed-2025-06-27T143727.646.jpg","contentUrl":"https:\/\/infopba247.com.ar\/wp-content\/uploads\/2025\/06\/unnamed-2025-06-27T143727.646.jpg","width":1280,"height":852},{"@type":"BreadcrumbList","@id":"https:\/\/infopba247.com.ar\/index.php\/2025\/06\/27\/provincia-lanzo-el-programa-mayores-bonaerenses-activos\/#breadcrumb","itemListElement":[{"@type":"ListItem","position":1,"name":"Portada","item":"https:\/\/infopba247.com.ar\/"},{"@type":"ListItem","position":2,"name":"Provincia lanz\u00f3 el programa Mayores Bonaerenses activos"}]},{"@type":"WebSite","@id":"https:\/\/infopba247.com.ar\/#website","url":"https:\/\/infopba247.com.ar\/","name":"InfoPBA247","description":"Toda la actualidad bonaerense","publisher":{"@id":"https:\/\/infopba247.com.ar\/#organization"},"potentialAction":[{"@type":"SearchAction","target":{"@type":"EntryPoint","urlTemplate":"https:\/\/infopba247.com.ar\/?s={search_term_string}"},"query-input":{"@type":"PropertyValueSpecification","valueRequired":true,"valueName":"search_term_string"}}],"inLanguage":"es"},{"@type":"Organization","@id":"https:\/\/infopba247.com.ar\/#organization","name":"InfoPBA247","url":"https:\/\/infopba247.com.ar\/","logo":{"@type":"ImageObject","inLanguage":"es","@id":"https:\/\/infopba247.com.ar\/#\/schema\/logo\/image\/","url":"https:\/\/infopba247.com.ar\/wp-content\/uploads\/2022\/03\/cropped-InfoPBA247-1.png","contentUrl":"https:\/\/infopba247.com.ar\/wp-content\/uploads\/2022\/03\/cropped-InfoPBA247-1.png","width":500,"height":122,"caption":"InfoPBA247"},"image":{"@id":"https:\/\/infopba247.com.ar\/#\/schema\/logo\/image\/"},"sameAs":["https:\/\/www.facebook.com\/InfoPBA"]},{"@type":"Person","@id":"https:\/\/infopba247.com.ar\/#\/schema\/person\/4975f1343a413e57bf839b3eed0099f2","name":"Editor","image":{"@type":"ImageObject","inLanguage":"es","@id":"https:\/\/secure.gravatar.com\/avatar\/d27fe9520667ca53441d36627a1d6b0fa4a813571ec4803687a7a3a7744685ac?s=96&d=mm&r=g","url":"https:\/\/secure.gravatar.com\/avatar\/d27fe9520667ca53441d36627a1d6b0fa4a813571ec4803687a7a3a7744685ac?s=96&d=mm&r=g","contentUrl":"https:\/\/secure.gravatar.com\/avatar\/d27fe9520667ca53441d36627a1d6b0fa4a813571ec4803687a7a3a7744685ac?s=96&d=mm&r=g","caption":"Editor"},"url":"https:\/\/infopba247.com.ar\/index.php\/author\/editor\/"}]}},"_links":{"self":[{"href":"https:\/\/infopba247.com.ar\/index.php\/wp-json\/wp\/v2\/posts\/7381","targetHints":{"allow":["GET"]}}],"collection":[{"href":"https:\/\/infopba247.com.ar\/index.php\/wp-json\/wp\/v2\/posts"}],"about":[{"href":"https:\/\/infopba247.com.ar\/index.php\/wp-json\/wp\/v2\/types\/post"}],"author":[{"embeddable":true,"href":"https:\/\/infopba247.com.ar\/index.php\/wp-json\/wp\/v2\/users\/3"}],"replies":[{"embeddable":true,"href":"https:\/\/infopba247.com.ar\/index.php\/wp-json\/wp\/v2\/comments?post=7381"}],"version-history":[{"count":1,"href":"https:\/\/infopba247.com.ar\/index.php\/wp-json\/wp\/v2\/posts\/7381\/revisions"}],"predecessor-version":[{"id":7387,"href":"https:\/\/infopba247.com.ar\/index.php\/wp-json\/wp\/v2\/posts\/7381\/revisions\/7387"}],"wp:featuredmedia":[{"embeddable":true,"href":"https:\/\/infopba247.com.ar\/index.php\/wp-json\/wp\/v2\/media\/7386"}],"wp:attachment":[{"href":"https:\/\/infopba247.com.ar\/index.php\/wp-json\/wp\/v2\/media?parent=7381"}],"wp:term":[{"taxonomy":"category","embeddable":true,"href":"https:\/\/infopba247.com.ar\/index.php\/wp-json\/wp\/v2\/categories?post=7381"},{"taxonomy":"post_tag","embeddable":true,"href":"https:\/\/infopba247.com.ar\/index.php\/wp-json\/wp\/v2\/tags?post=7381"}],"curies":[{"name":"wp","href":"https:\/\/api.w.org\/{rel}","templated":true}]}}