{"id":7323,"date":"2025-06-19T11:31:45","date_gmt":"2025-06-19T14:31:45","guid":{"rendered":"https:\/\/infopba247.com.ar\/?p=7323"},"modified":"2025-06-19T11:31:47","modified_gmt":"2025-06-19T14:31:47","slug":"junio-mes-de-la-seguridad-vial-concientizacion-y-compromiso-en-las-escuelas-de-moreno","status":"publish","type":"post","link":"https:\/\/infopba247.com.ar\/index.php\/2025\/06\/19\/junio-mes-de-la-seguridad-vial-concientizacion-y-compromiso-en-las-escuelas-de-moreno\/","title":{"rendered":"Junio, mes de la Seguridad Vial: concientizaci\u00f3n y compromiso en las escuelas de Moreno"},"content":{"rendered":"\n<p>En el marco del Mes de la Seguridad Vial, el Municipio de Moreno, a trav\u00e9s de la Secretar\u00eda de Tr\u00e1nsito y Transporte y la Coordinaci\u00f3n General de Educaci\u00f3n Vial y Capacitaciones, lleva adelante una serie de actividades educativas y de concientizaci\u00f3n destinadas a estudiantes del distrito, con el objetivo de construir h\u00e1bitos de convivencia, respeto y responsabilidad en el espacio p\u00fablico.<\/p>\n\n\n\n<p>Una de las jornadas centrales tuvo lugar en la Escuela T\u00e9cnica N.\u00ba 1 \u00abGeneral Manuel Savio\u00bb, ubicada en la localidad de Trujui, donde m\u00e1s de 200 estudiantes participaron de charlas, juegos y din\u00e1micas pedag\u00f3gicas para aprender sobre la importancia de las se\u00f1ales de tr\u00e1nsito, los roles en la v\u00eda p\u00fablica y la responsabilidad de cada persona como peat\u00f3n, conductor o acompa\u00f1ante.<\/p>\n\n\n\n<p>Las actividades promovieron la reflexi\u00f3n colectiva sobre el impacto de las decisiones individuales al circular por la ciudad, el valor de la empat\u00eda y el cumplimiento de las normas para prevenir siniestros. La formaci\u00f3n de \u201cdifusores viales\u201d \u2014j\u00f3venes capacitados para multiplicar estos conocimientos en su entorno\u2014 es uno de los ejes centrales que impulsa el Municipio, con la mirada puesta en las futuras generaciones de conductores y conductoras.<\/p>\n\n\n\n<p>Adem\u00e1s, se cont\u00f3 con la participaci\u00f3n de la organizaci\u00f3n CECAITRA (C\u00e1mara de Empresas de Control y Administraci\u00f3n de Infracciones de Tr\u00e1nsito de la Rep\u00fablica Argentina), que acompa\u00f1\u00f3 la jornada con la entrega de cascos para promover el uso responsable de la motocicleta, una de las prioridades en el dise\u00f1o de pol\u00edticas viales locales.<\/p>\n\n\n\n<p>Si bien en esta ocasi\u00f3n las actividades estuvieron enfocadas en la Seguridad Vial por tratarse del mes tem\u00e1tico, estas jornadas educativas se realizan todos los meses en distintas instituciones del distrito, como parte de una pol\u00edtica sostenida de formaci\u00f3n ciudadana.<\/p>\n\n\n\n<p>De esta manera el Gobierno local promueve acciones durante todo el a\u00f1o con el objetivo de construir una cultura vial responsable desde la educaci\u00f3n, la prevenci\u00f3n y la participaci\u00f3n comunitaria.<\/p>\n","protected":false},"excerpt":{"rendered":"<p>En el marco del Mes de la Seguridad Vial, el Municipio de Moreno, a trav\u00e9s de la Secretar\u00eda de Tr\u00e1nsito<\/p>\n","protected":false},"author":3,"featured_media":7317,"comment_status":"open","ping_status":"open","sticky":false,"template":"","format":"standard","meta":{"colormag_page_container_layout":"default_layout","colormag_page_sidebar_layout":"default_layout","footnotes":""},"categories":[5,1,14],"tags":[],"class_list":["post-7323","post","type-post","status-publish","format-standard","has-post-thumbnail","hentry","category-1ra-seccion","category-destacadas","category-politica"],"yoast_head":"<!-- This site is optimized with the Yoast SEO plugin v27.4 - https:\/\/yoast.com\/product\/yoast-seo-wordpress\/ -->\n<title>Junio, mes de la Seguridad Vial: concientizaci\u00f3n y compromiso en las escuelas de Moreno - InfoPBA247<\/title>\n<meta name=\"robots\" content=\"index, follow, max-snippet:-1, max-image-preview:large, max-video-preview:-1\" \/>\n<link rel=\"canonical\" href=\"https:\/\/infopba247.com.ar\/index.php\/2025\/06\/19\/junio-mes-de-la-seguridad-vial-concientizacion-y-compromiso-en-las-escuelas-de-moreno\/\" \/>\n<meta property=\"og:locale\" content=\"es_ES\" \/>\n<meta property=\"og:type\" content=\"article\" \/>\n<meta property=\"og:title\" content=\"Junio, mes de la Seguridad Vial: concientizaci\u00f3n y compromiso en las escuelas de Moreno - InfoPBA247\" \/>\n<meta property=\"og:description\" content=\"En el marco del Mes de la Seguridad Vial, el Municipio de Moreno, a trav\u00e9s de la Secretar\u00eda de Tr\u00e1nsito\" \/>\n<meta property=\"og:url\" content=\"https:\/\/infopba247.com.ar\/index.php\/2025\/06\/19\/junio-mes-de-la-seguridad-vial-concientizacion-y-compromiso-en-las-escuelas-de-moreno\/\" \/>\n<meta property=\"og:site_name\" content=\"InfoPBA247\" \/>\n<meta property=\"article:publisher\" content=\"https:\/\/www.facebook.com\/InfoPBA\" \/>\n<meta property=\"article:published_time\" content=\"2025-06-19T14:31:45+00:00\" \/>\n<meta property=\"article:modified_time\" content=\"2025-06-19T14:31:47+00:00\" \/>\n<meta property=\"og:image\" content=\"https:\/\/infopba247.com.ar\/wp-content\/uploads\/2025\/06\/web-1-1.jpg\" \/>\n\t<meta property=\"og:image:width\" content=\"1920\" \/>\n\t<meta property=\"og:image:height\" content=\"1080\" \/>\n\t<meta property=\"og:image:type\" content=\"image\/jpeg\" \/>\n<meta name=\"author\" content=\"Editor\" \/>\n<meta name=\"twitter:card\" content=\"summary_large_image\" \/>\n<meta name=\"twitter:label1\" content=\"Escrito por\" \/>\n\t<meta name=\"twitter:data1\" content=\"Editor\" \/>\n\t<meta name=\"twitter:label2\" content=\"Tiempo de lectura\" \/>\n\t<meta name=\"twitter:data2\" content=\"2 minutos\" \/>\n<script type=\"application\/ld+json\" class=\"yoast-schema-graph\">{\"@context\":\"https:\\\/\\\/schema.org\",\"@graph\":[{\"@type\":\"Article\",\"@id\":\"https:\\\/\\\/infopba247.com.ar\\\/index.php\\\/2025\\\/06\\\/19\\\/junio-mes-de-la-seguridad-vial-concientizacion-y-compromiso-en-las-escuelas-de-moreno\\\/#article\",\"isPartOf\":{\"@id\":\"https:\\\/\\\/infopba247.com.ar\\\/index.php\\\/2025\\\/06\\\/19\\\/junio-mes-de-la-seguridad-vial-concientizacion-y-compromiso-en-las-escuelas-de-moreno\\\/\"},\"author\":{\"name\":\"Editor\",\"@id\":\"https:\\\/\\\/infopba247.com.ar\\\/#\\\/schema\\\/person\\\/4975f1343a413e57bf839b3eed0099f2\"},\"headline\":\"Junio, mes de la Seguridad Vial: concientizaci\u00f3n y compromiso en las escuelas de Moreno\",\"datePublished\":\"2025-06-19T14:31:45+00:00\",\"dateModified\":\"2025-06-19T14:31:47+00:00\",\"mainEntityOfPage\":{\"@id\":\"https:\\\/\\\/infopba247.com.ar\\\/index.php\\\/2025\\\/06\\\/19\\\/junio-mes-de-la-seguridad-vial-concientizacion-y-compromiso-en-las-escuelas-de-moreno\\\/\"},\"wordCount\":365,\"commentCount\":0,\"publisher\":{\"@id\":\"https:\\\/\\\/infopba247.com.ar\\\/#organization\"},\"image\":{\"@id\":\"https:\\\/\\\/infopba247.com.ar\\\/index.php\\\/2025\\\/06\\\/19\\\/junio-mes-de-la-seguridad-vial-concientizacion-y-compromiso-en-las-escuelas-de-moreno\\\/#primaryimage\"},\"thumbnailUrl\":\"https:\\\/\\\/infopba247.com.ar\\\/wp-content\\\/uploads\\\/2025\\\/06\\\/web-1-1.jpg\",\"articleSection\":[\"1ra Secci\u00f3n\",\"Destacadas\",\"Pol\u00edtica\"],\"inLanguage\":\"es\",\"potentialAction\":[{\"@type\":\"CommentAction\",\"name\":\"Comment\",\"target\":[\"https:\\\/\\\/infopba247.com.ar\\\/index.php\\\/2025\\\/06\\\/19\\\/junio-mes-de-la-seguridad-vial-concientizacion-y-compromiso-en-las-escuelas-de-moreno\\\/#respond\"]}]},{\"@type\":\"WebPage\",\"@id\":\"https:\\\/\\\/infopba247.com.ar\\\/index.php\\\/2025\\\/06\\\/19\\\/junio-mes-de-la-seguridad-vial-concientizacion-y-compromiso-en-las-escuelas-de-moreno\\\/\",\"url\":\"https:\\\/\\\/infopba247.com.ar\\\/index.php\\\/2025\\\/06\\\/19\\\/junio-mes-de-la-seguridad-vial-concientizacion-y-compromiso-en-las-escuelas-de-moreno\\\/\",\"name\":\"Junio, mes de la Seguridad Vial: concientizaci\u00f3n y compromiso en las escuelas de Moreno - InfoPBA247\",\"isPartOf\":{\"@id\":\"https:\\\/\\\/infopba247.com.ar\\\/#website\"},\"primaryImageOfPage\":{\"@id\":\"https:\\\/\\\/infopba247.com.ar\\\/index.php\\\/2025\\\/06\\\/19\\\/junio-mes-de-la-seguridad-vial-concientizacion-y-compromiso-en-las-escuelas-de-moreno\\\/#primaryimage\"},\"image\":{\"@id\":\"https:\\\/\\\/infopba247.com.ar\\\/index.php\\\/2025\\\/06\\\/19\\\/junio-mes-de-la-seguridad-vial-concientizacion-y-compromiso-en-las-escuelas-de-moreno\\\/#primaryimage\"},\"thumbnailUrl\":\"https:\\\/\\\/infopba247.com.ar\\\/wp-content\\\/uploads\\\/2025\\\/06\\\/web-1-1.jpg\",\"datePublished\":\"2025-06-19T14:31:45+00:00\",\"dateModified\":\"2025-06-19T14:31:47+00:00\",\"breadcrumb\":{\"@id\":\"https:\\\/\\\/infopba247.com.ar\\\/index.php\\\/2025\\\/06\\\/19\\\/junio-mes-de-la-seguridad-vial-concientizacion-y-compromiso-en-las-escuelas-de-moreno\\\/#breadcrumb\"},\"inLanguage\":\"es\",\"potentialAction\":[{\"@type\":\"ReadAction\",\"target\":[\"https:\\\/\\\/infopba247.com.ar\\\/index.php\\\/2025\\\/06\\\/19\\\/junio-mes-de-la-seguridad-vial-concientizacion-y-compromiso-en-las-escuelas-de-moreno\\\/\"]}]},{\"@type\":\"ImageObject\",\"inLanguage\":\"es\",\"@id\":\"https:\\\/\\\/infopba247.com.ar\\\/index.php\\\/2025\\\/06\\\/19\\\/junio-mes-de-la-seguridad-vial-concientizacion-y-compromiso-en-las-escuelas-de-moreno\\\/#primaryimage\",\"url\":\"https:\\\/\\\/infopba247.com.ar\\\/wp-content\\\/uploads\\\/2025\\\/06\\\/web-1-1.jpg\",\"contentUrl\":\"https:\\\/\\\/infopba247.com.ar\\\/wp-content\\\/uploads\\\/2025\\\/06\\\/web-1-1.jpg\",\"width\":1920,\"height\":1080},{\"@type\":\"BreadcrumbList\",\"@id\":\"https:\\\/\\\/infopba247.com.ar\\\/index.php\\\/2025\\\/06\\\/19\\\/junio-mes-de-la-seguridad-vial-concientizacion-y-compromiso-en-las-escuelas-de-moreno\\\/#breadcrumb\",\"itemListElement\":[{\"@type\":\"ListItem\",\"position\":1,\"name\":\"Portada\",\"item\":\"https:\\\/\\\/infopba247.com.ar\\\/\"},{\"@type\":\"ListItem\",\"position\":2,\"name\":\"Junio, mes de la Seguridad Vial: concientizaci\u00f3n y compromiso en las escuelas de Moreno\"}]},{\"@type\":\"WebSite\",\"@id\":\"https:\\\/\\\/infopba247.com.ar\\\/#website\",\"url\":\"https:\\\/\\\/infopba247.com.ar\\\/\",\"name\":\"InfoPBA247\",\"description\":\"Toda la actualidad bonaerense\",\"publisher\":{\"@id\":\"https:\\\/\\\/infopba247.com.ar\\\/#organization\"},\"potentialAction\":[{\"@type\":\"SearchAction\",\"target\":{\"@type\":\"EntryPoint\",\"urlTemplate\":\"https:\\\/\\\/infopba247.com.ar\\\/?s={search_term_string}\"},\"query-input\":{\"@type\":\"PropertyValueSpecification\",\"valueRequired\":true,\"valueName\":\"search_term_string\"}}],\"inLanguage\":\"es\"},{\"@type\":\"Organization\",\"@id\":\"https:\\\/\\\/infopba247.com.ar\\\/#organization\",\"name\":\"InfoPBA247\",\"url\":\"https:\\\/\\\/infopba247.com.ar\\\/\",\"logo\":{\"@type\":\"ImageObject\",\"inLanguage\":\"es\",\"@id\":\"https:\\\/\\\/infopba247.com.ar\\\/#\\\/schema\\\/logo\\\/image\\\/\",\"url\":\"https:\\\/\\\/infopba247.com.ar\\\/wp-content\\\/uploads\\\/2022\\\/03\\\/cropped-InfoPBA247-1.png\",\"contentUrl\":\"https:\\\/\\\/infopba247.com.ar\\\/wp-content\\\/uploads\\\/2022\\\/03\\\/cropped-InfoPBA247-1.png\",\"width\":500,\"height\":122,\"caption\":\"InfoPBA247\"},\"image\":{\"@id\":\"https:\\\/\\\/infopba247.com.ar\\\/#\\\/schema\\\/logo\\\/image\\\/\"},\"sameAs\":[\"https:\\\/\\\/www.facebook.com\\\/InfoPBA\"]},{\"@type\":\"Person\",\"@id\":\"https:\\\/\\\/infopba247.com.ar\\\/#\\\/schema\\\/person\\\/4975f1343a413e57bf839b3eed0099f2\",\"name\":\"Editor\",\"image\":{\"@type\":\"ImageObject\",\"inLanguage\":\"es\",\"@id\":\"https:\\\/\\\/secure.gravatar.com\\\/avatar\\\/d27fe9520667ca53441d36627a1d6b0fa4a813571ec4803687a7a3a7744685ac?s=96&d=mm&r=g\",\"url\":\"https:\\\/\\\/secure.gravatar.com\\\/avatar\\\/d27fe9520667ca53441d36627a1d6b0fa4a813571ec4803687a7a3a7744685ac?s=96&d=mm&r=g\",\"contentUrl\":\"https:\\\/\\\/secure.gravatar.com\\\/avatar\\\/d27fe9520667ca53441d36627a1d6b0fa4a813571ec4803687a7a3a7744685ac?s=96&d=mm&r=g\",\"caption\":\"Editor\"},\"url\":\"https:\\\/\\\/infopba247.com.ar\\\/index.php\\\/author\\\/editor\\\/\"}]}<\/script>\n<!-- \/ Yoast SEO plugin. -->","yoast_head_json":{"title":"Junio, mes de la Seguridad Vial: concientizaci\u00f3n y compromiso en las escuelas de Moreno - InfoPBA247","robots":{"index":"index","follow":"follow","max-snippet":"max-snippet:-1","max-image-preview":"max-image-preview:large","max-video-preview":"max-video-preview:-1"},"canonical":"https:\/\/infopba247.com.ar\/index.php\/2025\/06\/19\/junio-mes-de-la-seguridad-vial-concientizacion-y-compromiso-en-las-escuelas-de-moreno\/","og_locale":"es_ES","og_type":"article","og_title":"Junio, mes de la Seguridad Vial: concientizaci\u00f3n y compromiso en las escuelas de Moreno - InfoPBA247","og_description":"En el marco del Mes de la Seguridad Vial, el Municipio de Moreno, a trav\u00e9s de la Secretar\u00eda de Tr\u00e1nsito","og_url":"https:\/\/infopba247.com.ar\/index.php\/2025\/06\/19\/junio-mes-de-la-seguridad-vial-concientizacion-y-compromiso-en-las-escuelas-de-moreno\/","og_site_name":"InfoPBA247","article_publisher":"https:\/\/www.facebook.com\/InfoPBA","article_published_time":"2025-06-19T14:31:45+00:00","article_modified_time":"2025-06-19T14:31:47+00:00","og_image":[{"width":1920,"height":1080,"url":"https:\/\/infopba247.com.ar\/wp-content\/uploads\/2025\/06\/web-1-1.jpg","type":"image\/jpeg"}],"author":"Editor","twitter_card":"summary_large_image","twitter_misc":{"Escrito por":"Editor","Tiempo de lectura":"2 minutos"},"schema":{"@context":"https:\/\/schema.org","@graph":[{"@type":"Article","@id":"https:\/\/infopba247.com.ar\/index.php\/2025\/06\/19\/junio-mes-de-la-seguridad-vial-concientizacion-y-compromiso-en-las-escuelas-de-moreno\/#article","isPartOf":{"@id":"https:\/\/infopba247.com.ar\/index.php\/2025\/06\/19\/junio-mes-de-la-seguridad-vial-concientizacion-y-compromiso-en-las-escuelas-de-moreno\/"},"author":{"name":"Editor","@id":"https:\/\/infopba247.com.ar\/#\/schema\/person\/4975f1343a413e57bf839b3eed0099f2"},"headline":"Junio, mes de la Seguridad Vial: concientizaci\u00f3n y compromiso en las escuelas de Moreno","datePublished":"2025-06-19T14:31:45+00:00","dateModified":"2025-06-19T14:31:47+00:00","mainEntityOfPage":{"@id":"https:\/\/infopba247.com.ar\/index.php\/2025\/06\/19\/junio-mes-de-la-seguridad-vial-concientizacion-y-compromiso-en-las-escuelas-de-moreno\/"},"wordCount":365,"commentCount":0,"publisher":{"@id":"https:\/\/infopba247.com.ar\/#organization"},"image":{"@id":"https:\/\/infopba247.com.ar\/index.php\/2025\/06\/19\/junio-mes-de-la-seguridad-vial-concientizacion-y-compromiso-en-las-escuelas-de-moreno\/#primaryimage"},"thumbnailUrl":"https:\/\/infopba247.com.ar\/wp-content\/uploads\/2025\/06\/web-1-1.jpg","articleSection":["1ra Secci\u00f3n","Destacadas","Pol\u00edtica"],"inLanguage":"es","potentialAction":[{"@type":"CommentAction","name":"Comment","target":["https:\/\/infopba247.com.ar\/index.php\/2025\/06\/19\/junio-mes-de-la-seguridad-vial-concientizacion-y-compromiso-en-las-escuelas-de-moreno\/#respond"]}]},{"@type":"WebPage","@id":"https:\/\/infopba247.com.ar\/index.php\/2025\/06\/19\/junio-mes-de-la-seguridad-vial-concientizacion-y-compromiso-en-las-escuelas-de-moreno\/","url":"https:\/\/infopba247.com.ar\/index.php\/2025\/06\/19\/junio-mes-de-la-seguridad-vial-concientizacion-y-compromiso-en-las-escuelas-de-moreno\/","name":"Junio, mes de la Seguridad Vial: concientizaci\u00f3n y compromiso en las escuelas de Moreno - InfoPBA247","isPartOf":{"@id":"https:\/\/infopba247.com.ar\/#website"},"primaryImageOfPage":{"@id":"https:\/\/infopba247.com.ar\/index.php\/2025\/06\/19\/junio-mes-de-la-seguridad-vial-concientizacion-y-compromiso-en-las-escuelas-de-moreno\/#primaryimage"},"image":{"@id":"https:\/\/infopba247.com.ar\/index.php\/2025\/06\/19\/junio-mes-de-la-seguridad-vial-concientizacion-y-compromiso-en-las-escuelas-de-moreno\/#primaryimage"},"thumbnailUrl":"https:\/\/infopba247.com.ar\/wp-content\/uploads\/2025\/06\/web-1-1.jpg","datePublished":"2025-06-19T14:31:45+00:00","dateModified":"2025-06-19T14:31:47+00:00","breadcrumb":{"@id":"https:\/\/infopba247.com.ar\/index.php\/2025\/06\/19\/junio-mes-de-la-seguridad-vial-concientizacion-y-compromiso-en-las-escuelas-de-moreno\/#breadcrumb"},"inLanguage":"es","potentialAction":[{"@type":"ReadAction","target":["https:\/\/infopba247.com.ar\/index.php\/2025\/06\/19\/junio-mes-de-la-seguridad-vial-concientizacion-y-compromiso-en-las-escuelas-de-moreno\/"]}]},{"@type":"ImageObject","inLanguage":"es","@id":"https:\/\/infopba247.com.ar\/index.php\/2025\/06\/19\/junio-mes-de-la-seguridad-vial-concientizacion-y-compromiso-en-las-escuelas-de-moreno\/#primaryimage","url":"https:\/\/infopba247.com.ar\/wp-content\/uploads\/2025\/06\/web-1-1.jpg","contentUrl":"https:\/\/infopba247.com.ar\/wp-content\/uploads\/2025\/06\/web-1-1.jpg","width":1920,"height":1080},{"@type":"BreadcrumbList","@id":"https:\/\/infopba247.com.ar\/index.php\/2025\/06\/19\/junio-mes-de-la-seguridad-vial-concientizacion-y-compromiso-en-las-escuelas-de-moreno\/#breadcrumb","itemListElement":[{"@type":"ListItem","position":1,"name":"Portada","item":"https:\/\/infopba247.com.ar\/"},{"@type":"ListItem","position":2,"name":"Junio, mes de la Seguridad Vial: concientizaci\u00f3n y compromiso en las escuelas de Moreno"}]},{"@type":"WebSite","@id":"https:\/\/infopba247.com.ar\/#website","url":"https:\/\/infopba247.com.ar\/","name":"InfoPBA247","description":"Toda la actualidad bonaerense","publisher":{"@id":"https:\/\/infopba247.com.ar\/#organization"},"potentialAction":[{"@type":"SearchAction","target":{"@type":"EntryPoint","urlTemplate":"https:\/\/infopba247.com.ar\/?s={search_term_string}"},"query-input":{"@type":"PropertyValueSpecification","valueRequired":true,"valueName":"search_term_string"}}],"inLanguage":"es"},{"@type":"Organization","@id":"https:\/\/infopba247.com.ar\/#organization","name":"InfoPBA247","url":"https:\/\/infopba247.com.ar\/","logo":{"@type":"ImageObject","inLanguage":"es","@id":"https:\/\/infopba247.com.ar\/#\/schema\/logo\/image\/","url":"https:\/\/infopba247.com.ar\/wp-content\/uploads\/2022\/03\/cropped-InfoPBA247-1.png","contentUrl":"https:\/\/infopba247.com.ar\/wp-content\/uploads\/2022\/03\/cropped-InfoPBA247-1.png","width":500,"height":122,"caption":"InfoPBA247"},"image":{"@id":"https:\/\/infopba247.com.ar\/#\/schema\/logo\/image\/"},"sameAs":["https:\/\/www.facebook.com\/InfoPBA"]},{"@type":"Person","@id":"https:\/\/infopba247.com.ar\/#\/schema\/person\/4975f1343a413e57bf839b3eed0099f2","name":"Editor","image":{"@type":"ImageObject","inLanguage":"es","@id":"https:\/\/secure.gravatar.com\/avatar\/d27fe9520667ca53441d36627a1d6b0fa4a813571ec4803687a7a3a7744685ac?s=96&d=mm&r=g","url":"https:\/\/secure.gravatar.com\/avatar\/d27fe9520667ca53441d36627a1d6b0fa4a813571ec4803687a7a3a7744685ac?s=96&d=mm&r=g","contentUrl":"https:\/\/secure.gravatar.com\/avatar\/d27fe9520667ca53441d36627a1d6b0fa4a813571ec4803687a7a3a7744685ac?s=96&d=mm&r=g","caption":"Editor"},"url":"https:\/\/infopba247.com.ar\/index.php\/author\/editor\/"}]}},"_links":{"self":[{"href":"https:\/\/infopba247.com.ar\/index.php\/wp-json\/wp\/v2\/posts\/7323","targetHints":{"allow":["GET"]}}],"collection":[{"href":"https:\/\/infopba247.com.ar\/index.php\/wp-json\/wp\/v2\/posts"}],"about":[{"href":"https:\/\/infopba247.com.ar\/index.php\/wp-json\/wp\/v2\/types\/post"}],"author":[{"embeddable":true,"href":"https:\/\/infopba247.com.ar\/index.php\/wp-json\/wp\/v2\/users\/3"}],"replies":[{"embeddable":true,"href":"https:\/\/infopba247.com.ar\/index.php\/wp-json\/wp\/v2\/comments?post=7323"}],"version-history":[{"count":1,"href":"https:\/\/infopba247.com.ar\/index.php\/wp-json\/wp\/v2\/posts\/7323\/revisions"}],"predecessor-version":[{"id":7324,"href":"https:\/\/infopba247.com.ar\/index.php\/wp-json\/wp\/v2\/posts\/7323\/revisions\/7324"}],"wp:featuredmedia":[{"embeddable":true,"href":"https:\/\/infopba247.com.ar\/index.php\/wp-json\/wp\/v2\/media\/7317"}],"wp:attachment":[{"href":"https:\/\/infopba247.com.ar\/index.php\/wp-json\/wp\/v2\/media?parent=7323"}],"wp:term":[{"taxonomy":"category","embeddable":true,"href":"https:\/\/infopba247.com.ar\/index.php\/wp-json\/wp\/v2\/categories?post=7323"},{"taxonomy":"post_tag","embeddable":true,"href":"https:\/\/infopba247.com.ar\/index.php\/wp-json\/wp\/v2\/tags?post=7323"}],"curies":[{"name":"wp","href":"https:\/\/api.w.org\/{rel}","templated":true}]}}