{"id":7306,"date":"2025-06-18T15:29:14","date_gmt":"2025-06-18T18:29:14","guid":{"rendered":"https:\/\/infopba247.com.ar\/?p=7306"},"modified":"2025-06-18T15:29:16","modified_gmt":"2025-06-18T18:29:16","slug":"barrios-recorrio-obras-y-programas-de-integracion-urbana-en-villa-itati","status":"publish","type":"post","link":"https:\/\/infopba247.com.ar\/index.php\/2025\/06\/18\/barrios-recorrio-obras-y-programas-de-integracion-urbana-en-villa-itati\/","title":{"rendered":"Barrios recorri\u00f3 obras y programas de integraci\u00f3n urbana en Villa Itat\u00ed"},"content":{"rendered":"\n<p>La directora ejecutiva del Organismo Provincial de Integraci\u00f3n Social y Urbana (OPISU), Romina Barrios, visit\u00f3 hoy junto a parte de su Gabinete obras y programas de integraci\u00f3n social y urbana en Villa Itat\u00ed, Quilmes, para supervisar el avance de los proyectos que se est\u00e1n llevando adelante y que alcanzan a m\u00e1s de 20 mil vecinas y vecinos.<\/p>\n\n\n\n<p>Entre las obras m\u00e1s importantes se destaca la construcci\u00f3n del complejo habitacional \u201cPilcomayo\u201d, que permitir\u00e1 dar respuesta a la necesidad de acceso a la vivienda digna para 64 familias. A esto se suma la implementaci\u00f3n de redes de agua potable, cloacas y conexiones domiciliarias, fundamentales para asegurar condiciones sanitarias adecuadas en el territorio.<\/p>\n\n\n\n<p>Se trata de una intervenci\u00f3n integral que combina infraestructura, desarrollo comunitario y pol\u00edticas de inclusi\u00f3n, con el objetivo de mejorar la calidad de vida y garantizar derechos.<\/p>\n\n\n\n<p>Tambi\u00e9n se est\u00e1n ejecutando 1.700 metros lineales de pavimentaci\u00f3n, junto con la construcci\u00f3n de veredas y la instalaci\u00f3n de alumbrado p\u00fablico, lo que mejora significativamente la circulaci\u00f3n, la accesibilidad y la seguridad en el barrio. Asimismo, se est\u00e1n llevando adelante tareas de mejora de los espacios p\u00fablicos, con intervenciones que promueven el encuentro comunitario y el disfrute del entorno urbano.<\/p>\n\n\n\n<p>Otra l\u00ednea de trabajo clave es la ampliaci\u00f3n de espacios comunitarios, que fortalecen la organizaci\u00f3n territorial y el desarrollo de actividades sociales, culturales y educativas.<\/p>\n\n\n\n<p>Adem\u00e1s de las obras de infraestructura, se impulsan diversos proyectos orientados al cuidado ambiental, la educaci\u00f3n popular, los cuidados, la comunicaci\u00f3n comunitaria y el fortalecimiento de organizaciones sociales. Estas iniciativas no solo enriquecen la vida cotidiana del barrio, sino que tambi\u00e9n generan empleo local, promueven la inclusi\u00f3n y consolidan la construcci\u00f3n colectiva de un h\u00e1bitat justo y sostenible.<\/p>\n","protected":false},"excerpt":{"rendered":"<p>La directora ejecutiva del Organismo Provincial de Integraci\u00f3n Social y Urbana (OPISU), Romina Barrios, visit\u00f3 hoy junto a parte de<\/p>\n","protected":false},"author":3,"featured_media":7308,"comment_status":"open","ping_status":"open","sticky":false,"template":"","format":"standard","meta":{"colormag_page_container_layout":"default_layout","colormag_page_sidebar_layout":"default_layout","footnotes":""},"categories":[7,1,14],"tags":[],"class_list":["post-7306","post","type-post","status-publish","format-standard","has-post-thumbnail","hentry","category-3ra-seccion","category-destacadas","category-politica"],"yoast_head":"<!-- This site is optimized with the Yoast SEO plugin v27.5 - https:\/\/yoast.com\/product\/yoast-seo-wordpress\/ -->\n<title>Barrios recorri\u00f3 obras y programas de integraci\u00f3n urbana en Villa Itat\u00ed - InfoPBA247<\/title>\n<meta name=\"robots\" content=\"index, follow, max-snippet:-1, max-image-preview:large, max-video-preview:-1\" \/>\n<link rel=\"canonical\" href=\"https:\/\/infopba247.com.ar\/index.php\/2025\/06\/18\/barrios-recorrio-obras-y-programas-de-integracion-urbana-en-villa-itati\/\" \/>\n<meta property=\"og:locale\" content=\"es_ES\" \/>\n<meta property=\"og:type\" content=\"article\" \/>\n<meta property=\"og:title\" content=\"Barrios recorri\u00f3 obras y programas de integraci\u00f3n urbana en Villa Itat\u00ed - InfoPBA247\" \/>\n<meta property=\"og:description\" content=\"La directora ejecutiva del Organismo Provincial de Integraci\u00f3n Social y Urbana (OPISU), Romina Barrios, visit\u00f3 hoy junto a parte de\" \/>\n<meta property=\"og:url\" content=\"https:\/\/infopba247.com.ar\/index.php\/2025\/06\/18\/barrios-recorrio-obras-y-programas-de-integracion-urbana-en-villa-itati\/\" \/>\n<meta property=\"og:site_name\" content=\"InfoPBA247\" \/>\n<meta property=\"article:publisher\" content=\"https:\/\/www.facebook.com\/InfoPBA\" \/>\n<meta property=\"article:published_time\" content=\"2025-06-18T18:29:14+00:00\" \/>\n<meta property=\"article:modified_time\" content=\"2025-06-18T18:29:16+00:00\" \/>\n<meta property=\"og:image\" content=\"https:\/\/infopba247.com.ar\/wp-content\/uploads\/2025\/06\/unnamed-2025-06-18T152405.542.jpg\" \/>\n\t<meta property=\"og:image:width\" content=\"1120\" \/>\n\t<meta property=\"og:image:height\" content=\"746\" \/>\n\t<meta property=\"og:image:type\" content=\"image\/jpeg\" \/>\n<meta name=\"author\" content=\"Editor\" \/>\n<meta name=\"twitter:card\" content=\"summary_large_image\" \/>\n<meta name=\"twitter:label1\" content=\"Escrito por\" \/>\n\t<meta name=\"twitter:data1\" content=\"Editor\" \/>\n\t<meta name=\"twitter:label2\" content=\"Tiempo de lectura\" \/>\n\t<meta name=\"twitter:data2\" content=\"2 minutos\" \/>\n<script type=\"application\/ld+json\" class=\"yoast-schema-graph\">{\"@context\":\"https:\\\/\\\/schema.org\",\"@graph\":[{\"@type\":\"Article\",\"@id\":\"https:\\\/\\\/infopba247.com.ar\\\/index.php\\\/2025\\\/06\\\/18\\\/barrios-recorrio-obras-y-programas-de-integracion-urbana-en-villa-itati\\\/#article\",\"isPartOf\":{\"@id\":\"https:\\\/\\\/infopba247.com.ar\\\/index.php\\\/2025\\\/06\\\/18\\\/barrios-recorrio-obras-y-programas-de-integracion-urbana-en-villa-itati\\\/\"},\"author\":{\"name\":\"Editor\",\"@id\":\"https:\\\/\\\/infopba247.com.ar\\\/#\\\/schema\\\/person\\\/4975f1343a413e57bf839b3eed0099f2\"},\"headline\":\"Barrios recorri\u00f3 obras y programas de integraci\u00f3n urbana en Villa Itat\u00ed\",\"datePublished\":\"2025-06-18T18:29:14+00:00\",\"dateModified\":\"2025-06-18T18:29:16+00:00\",\"mainEntityOfPage\":{\"@id\":\"https:\\\/\\\/infopba247.com.ar\\\/index.php\\\/2025\\\/06\\\/18\\\/barrios-recorrio-obras-y-programas-de-integracion-urbana-en-villa-itati\\\/\"},\"wordCount\":318,\"commentCount\":0,\"publisher\":{\"@id\":\"https:\\\/\\\/infopba247.com.ar\\\/#organization\"},\"image\":{\"@id\":\"https:\\\/\\\/infopba247.com.ar\\\/index.php\\\/2025\\\/06\\\/18\\\/barrios-recorrio-obras-y-programas-de-integracion-urbana-en-villa-itati\\\/#primaryimage\"},\"thumbnailUrl\":\"https:\\\/\\\/infopba247.com.ar\\\/wp-content\\\/uploads\\\/2025\\\/06\\\/unnamed-2025-06-18T152405.542.jpg\",\"articleSection\":[\"3ra Secci\u00f3n\",\"Destacadas\",\"Pol\u00edtica\"],\"inLanguage\":\"es\",\"potentialAction\":[{\"@type\":\"CommentAction\",\"name\":\"Comment\",\"target\":[\"https:\\\/\\\/infopba247.com.ar\\\/index.php\\\/2025\\\/06\\\/18\\\/barrios-recorrio-obras-y-programas-de-integracion-urbana-en-villa-itati\\\/#respond\"]}]},{\"@type\":\"WebPage\",\"@id\":\"https:\\\/\\\/infopba247.com.ar\\\/index.php\\\/2025\\\/06\\\/18\\\/barrios-recorrio-obras-y-programas-de-integracion-urbana-en-villa-itati\\\/\",\"url\":\"https:\\\/\\\/infopba247.com.ar\\\/index.php\\\/2025\\\/06\\\/18\\\/barrios-recorrio-obras-y-programas-de-integracion-urbana-en-villa-itati\\\/\",\"name\":\"Barrios recorri\u00f3 obras y programas de integraci\u00f3n urbana en Villa Itat\u00ed - InfoPBA247\",\"isPartOf\":{\"@id\":\"https:\\\/\\\/infopba247.com.ar\\\/#website\"},\"primaryImageOfPage\":{\"@id\":\"https:\\\/\\\/infopba247.com.ar\\\/index.php\\\/2025\\\/06\\\/18\\\/barrios-recorrio-obras-y-programas-de-integracion-urbana-en-villa-itati\\\/#primaryimage\"},\"image\":{\"@id\":\"https:\\\/\\\/infopba247.com.ar\\\/index.php\\\/2025\\\/06\\\/18\\\/barrios-recorrio-obras-y-programas-de-integracion-urbana-en-villa-itati\\\/#primaryimage\"},\"thumbnailUrl\":\"https:\\\/\\\/infopba247.com.ar\\\/wp-content\\\/uploads\\\/2025\\\/06\\\/unnamed-2025-06-18T152405.542.jpg\",\"datePublished\":\"2025-06-18T18:29:14+00:00\",\"dateModified\":\"2025-06-18T18:29:16+00:00\",\"breadcrumb\":{\"@id\":\"https:\\\/\\\/infopba247.com.ar\\\/index.php\\\/2025\\\/06\\\/18\\\/barrios-recorrio-obras-y-programas-de-integracion-urbana-en-villa-itati\\\/#breadcrumb\"},\"inLanguage\":\"es\",\"potentialAction\":[{\"@type\":\"ReadAction\",\"target\":[\"https:\\\/\\\/infopba247.com.ar\\\/index.php\\\/2025\\\/06\\\/18\\\/barrios-recorrio-obras-y-programas-de-integracion-urbana-en-villa-itati\\\/\"]}]},{\"@type\":\"ImageObject\",\"inLanguage\":\"es\",\"@id\":\"https:\\\/\\\/infopba247.com.ar\\\/index.php\\\/2025\\\/06\\\/18\\\/barrios-recorrio-obras-y-programas-de-integracion-urbana-en-villa-itati\\\/#primaryimage\",\"url\":\"https:\\\/\\\/infopba247.com.ar\\\/wp-content\\\/uploads\\\/2025\\\/06\\\/unnamed-2025-06-18T152405.542.jpg\",\"contentUrl\":\"https:\\\/\\\/infopba247.com.ar\\\/wp-content\\\/uploads\\\/2025\\\/06\\\/unnamed-2025-06-18T152405.542.jpg\",\"width\":1120,\"height\":746},{\"@type\":\"BreadcrumbList\",\"@id\":\"https:\\\/\\\/infopba247.com.ar\\\/index.php\\\/2025\\\/06\\\/18\\\/barrios-recorrio-obras-y-programas-de-integracion-urbana-en-villa-itati\\\/#breadcrumb\",\"itemListElement\":[{\"@type\":\"ListItem\",\"position\":1,\"name\":\"Portada\",\"item\":\"https:\\\/\\\/infopba247.com.ar\\\/\"},{\"@type\":\"ListItem\",\"position\":2,\"name\":\"Barrios recorri\u00f3 obras y programas de integraci\u00f3n urbana en Villa Itat\u00ed\"}]},{\"@type\":\"WebSite\",\"@id\":\"https:\\\/\\\/infopba247.com.ar\\\/#website\",\"url\":\"https:\\\/\\\/infopba247.com.ar\\\/\",\"name\":\"InfoPBA247\",\"description\":\"Toda la actualidad bonaerense\",\"publisher\":{\"@id\":\"https:\\\/\\\/infopba247.com.ar\\\/#organization\"},\"potentialAction\":[{\"@type\":\"SearchAction\",\"target\":{\"@type\":\"EntryPoint\",\"urlTemplate\":\"https:\\\/\\\/infopba247.com.ar\\\/?s={search_term_string}\"},\"query-input\":{\"@type\":\"PropertyValueSpecification\",\"valueRequired\":true,\"valueName\":\"search_term_string\"}}],\"inLanguage\":\"es\"},{\"@type\":\"Organization\",\"@id\":\"https:\\\/\\\/infopba247.com.ar\\\/#organization\",\"name\":\"InfoPBA247\",\"url\":\"https:\\\/\\\/infopba247.com.ar\\\/\",\"logo\":{\"@type\":\"ImageObject\",\"inLanguage\":\"es\",\"@id\":\"https:\\\/\\\/infopba247.com.ar\\\/#\\\/schema\\\/logo\\\/image\\\/\",\"url\":\"https:\\\/\\\/infopba247.com.ar\\\/wp-content\\\/uploads\\\/2022\\\/03\\\/cropped-InfoPBA247-1.png\",\"contentUrl\":\"https:\\\/\\\/infopba247.com.ar\\\/wp-content\\\/uploads\\\/2022\\\/03\\\/cropped-InfoPBA247-1.png\",\"width\":500,\"height\":122,\"caption\":\"InfoPBA247\"},\"image\":{\"@id\":\"https:\\\/\\\/infopba247.com.ar\\\/#\\\/schema\\\/logo\\\/image\\\/\"},\"sameAs\":[\"https:\\\/\\\/www.facebook.com\\\/InfoPBA\"]},{\"@type\":\"Person\",\"@id\":\"https:\\\/\\\/infopba247.com.ar\\\/#\\\/schema\\\/person\\\/4975f1343a413e57bf839b3eed0099f2\",\"name\":\"Editor\",\"image\":{\"@type\":\"ImageObject\",\"inLanguage\":\"es\",\"@id\":\"https:\\\/\\\/secure.gravatar.com\\\/avatar\\\/d27fe9520667ca53441d36627a1d6b0fa4a813571ec4803687a7a3a7744685ac?s=96&d=mm&r=g\",\"url\":\"https:\\\/\\\/secure.gravatar.com\\\/avatar\\\/d27fe9520667ca53441d36627a1d6b0fa4a813571ec4803687a7a3a7744685ac?s=96&d=mm&r=g\",\"contentUrl\":\"https:\\\/\\\/secure.gravatar.com\\\/avatar\\\/d27fe9520667ca53441d36627a1d6b0fa4a813571ec4803687a7a3a7744685ac?s=96&d=mm&r=g\",\"caption\":\"Editor\"},\"url\":\"https:\\\/\\\/infopba247.com.ar\\\/index.php\\\/author\\\/editor\\\/\"}]}<\/script>\n<!-- \/ Yoast SEO plugin. -->","yoast_head_json":{"title":"Barrios recorri\u00f3 obras y programas de integraci\u00f3n urbana en Villa Itat\u00ed - InfoPBA247","robots":{"index":"index","follow":"follow","max-snippet":"max-snippet:-1","max-image-preview":"max-image-preview:large","max-video-preview":"max-video-preview:-1"},"canonical":"https:\/\/infopba247.com.ar\/index.php\/2025\/06\/18\/barrios-recorrio-obras-y-programas-de-integracion-urbana-en-villa-itati\/","og_locale":"es_ES","og_type":"article","og_title":"Barrios recorri\u00f3 obras y programas de integraci\u00f3n urbana en Villa Itat\u00ed - InfoPBA247","og_description":"La directora ejecutiva del Organismo Provincial de Integraci\u00f3n Social y Urbana (OPISU), Romina Barrios, visit\u00f3 hoy junto a parte de","og_url":"https:\/\/infopba247.com.ar\/index.php\/2025\/06\/18\/barrios-recorrio-obras-y-programas-de-integracion-urbana-en-villa-itati\/","og_site_name":"InfoPBA247","article_publisher":"https:\/\/www.facebook.com\/InfoPBA","article_published_time":"2025-06-18T18:29:14+00:00","article_modified_time":"2025-06-18T18:29:16+00:00","og_image":[{"width":1120,"height":746,"url":"https:\/\/infopba247.com.ar\/wp-content\/uploads\/2025\/06\/unnamed-2025-06-18T152405.542.jpg","type":"image\/jpeg"}],"author":"Editor","twitter_card":"summary_large_image","twitter_misc":{"Escrito por":"Editor","Tiempo de lectura":"2 minutos"},"schema":{"@context":"https:\/\/schema.org","@graph":[{"@type":"Article","@id":"https:\/\/infopba247.com.ar\/index.php\/2025\/06\/18\/barrios-recorrio-obras-y-programas-de-integracion-urbana-en-villa-itati\/#article","isPartOf":{"@id":"https:\/\/infopba247.com.ar\/index.php\/2025\/06\/18\/barrios-recorrio-obras-y-programas-de-integracion-urbana-en-villa-itati\/"},"author":{"name":"Editor","@id":"https:\/\/infopba247.com.ar\/#\/schema\/person\/4975f1343a413e57bf839b3eed0099f2"},"headline":"Barrios recorri\u00f3 obras y programas de integraci\u00f3n urbana en Villa Itat\u00ed","datePublished":"2025-06-18T18:29:14+00:00","dateModified":"2025-06-18T18:29:16+00:00","mainEntityOfPage":{"@id":"https:\/\/infopba247.com.ar\/index.php\/2025\/06\/18\/barrios-recorrio-obras-y-programas-de-integracion-urbana-en-villa-itati\/"},"wordCount":318,"commentCount":0,"publisher":{"@id":"https:\/\/infopba247.com.ar\/#organization"},"image":{"@id":"https:\/\/infopba247.com.ar\/index.php\/2025\/06\/18\/barrios-recorrio-obras-y-programas-de-integracion-urbana-en-villa-itati\/#primaryimage"},"thumbnailUrl":"https:\/\/infopba247.com.ar\/wp-content\/uploads\/2025\/06\/unnamed-2025-06-18T152405.542.jpg","articleSection":["3ra Secci\u00f3n","Destacadas","Pol\u00edtica"],"inLanguage":"es","potentialAction":[{"@type":"CommentAction","name":"Comment","target":["https:\/\/infopba247.com.ar\/index.php\/2025\/06\/18\/barrios-recorrio-obras-y-programas-de-integracion-urbana-en-villa-itati\/#respond"]}]},{"@type":"WebPage","@id":"https:\/\/infopba247.com.ar\/index.php\/2025\/06\/18\/barrios-recorrio-obras-y-programas-de-integracion-urbana-en-villa-itati\/","url":"https:\/\/infopba247.com.ar\/index.php\/2025\/06\/18\/barrios-recorrio-obras-y-programas-de-integracion-urbana-en-villa-itati\/","name":"Barrios recorri\u00f3 obras y programas de integraci\u00f3n urbana en Villa Itat\u00ed - InfoPBA247","isPartOf":{"@id":"https:\/\/infopba247.com.ar\/#website"},"primaryImageOfPage":{"@id":"https:\/\/infopba247.com.ar\/index.php\/2025\/06\/18\/barrios-recorrio-obras-y-programas-de-integracion-urbana-en-villa-itati\/#primaryimage"},"image":{"@id":"https:\/\/infopba247.com.ar\/index.php\/2025\/06\/18\/barrios-recorrio-obras-y-programas-de-integracion-urbana-en-villa-itati\/#primaryimage"},"thumbnailUrl":"https:\/\/infopba247.com.ar\/wp-content\/uploads\/2025\/06\/unnamed-2025-06-18T152405.542.jpg","datePublished":"2025-06-18T18:29:14+00:00","dateModified":"2025-06-18T18:29:16+00:00","breadcrumb":{"@id":"https:\/\/infopba247.com.ar\/index.php\/2025\/06\/18\/barrios-recorrio-obras-y-programas-de-integracion-urbana-en-villa-itati\/#breadcrumb"},"inLanguage":"es","potentialAction":[{"@type":"ReadAction","target":["https:\/\/infopba247.com.ar\/index.php\/2025\/06\/18\/barrios-recorrio-obras-y-programas-de-integracion-urbana-en-villa-itati\/"]}]},{"@type":"ImageObject","inLanguage":"es","@id":"https:\/\/infopba247.com.ar\/index.php\/2025\/06\/18\/barrios-recorrio-obras-y-programas-de-integracion-urbana-en-villa-itati\/#primaryimage","url":"https:\/\/infopba247.com.ar\/wp-content\/uploads\/2025\/06\/unnamed-2025-06-18T152405.542.jpg","contentUrl":"https:\/\/infopba247.com.ar\/wp-content\/uploads\/2025\/06\/unnamed-2025-06-18T152405.542.jpg","width":1120,"height":746},{"@type":"BreadcrumbList","@id":"https:\/\/infopba247.com.ar\/index.php\/2025\/06\/18\/barrios-recorrio-obras-y-programas-de-integracion-urbana-en-villa-itati\/#breadcrumb","itemListElement":[{"@type":"ListItem","position":1,"name":"Portada","item":"https:\/\/infopba247.com.ar\/"},{"@type":"ListItem","position":2,"name":"Barrios recorri\u00f3 obras y programas de integraci\u00f3n urbana en Villa Itat\u00ed"}]},{"@type":"WebSite","@id":"https:\/\/infopba247.com.ar\/#website","url":"https:\/\/infopba247.com.ar\/","name":"InfoPBA247","description":"Toda la actualidad bonaerense","publisher":{"@id":"https:\/\/infopba247.com.ar\/#organization"},"potentialAction":[{"@type":"SearchAction","target":{"@type":"EntryPoint","urlTemplate":"https:\/\/infopba247.com.ar\/?s={search_term_string}"},"query-input":{"@type":"PropertyValueSpecification","valueRequired":true,"valueName":"search_term_string"}}],"inLanguage":"es"},{"@type":"Organization","@id":"https:\/\/infopba247.com.ar\/#organization","name":"InfoPBA247","url":"https:\/\/infopba247.com.ar\/","logo":{"@type":"ImageObject","inLanguage":"es","@id":"https:\/\/infopba247.com.ar\/#\/schema\/logo\/image\/","url":"https:\/\/infopba247.com.ar\/wp-content\/uploads\/2022\/03\/cropped-InfoPBA247-1.png","contentUrl":"https:\/\/infopba247.com.ar\/wp-content\/uploads\/2022\/03\/cropped-InfoPBA247-1.png","width":500,"height":122,"caption":"InfoPBA247"},"image":{"@id":"https:\/\/infopba247.com.ar\/#\/schema\/logo\/image\/"},"sameAs":["https:\/\/www.facebook.com\/InfoPBA"]},{"@type":"Person","@id":"https:\/\/infopba247.com.ar\/#\/schema\/person\/4975f1343a413e57bf839b3eed0099f2","name":"Editor","image":{"@type":"ImageObject","inLanguage":"es","@id":"https:\/\/secure.gravatar.com\/avatar\/d27fe9520667ca53441d36627a1d6b0fa4a813571ec4803687a7a3a7744685ac?s=96&d=mm&r=g","url":"https:\/\/secure.gravatar.com\/avatar\/d27fe9520667ca53441d36627a1d6b0fa4a813571ec4803687a7a3a7744685ac?s=96&d=mm&r=g","contentUrl":"https:\/\/secure.gravatar.com\/avatar\/d27fe9520667ca53441d36627a1d6b0fa4a813571ec4803687a7a3a7744685ac?s=96&d=mm&r=g","caption":"Editor"},"url":"https:\/\/infopba247.com.ar\/index.php\/author\/editor\/"}]}},"_links":{"self":[{"href":"https:\/\/infopba247.com.ar\/index.php\/wp-json\/wp\/v2\/posts\/7306","targetHints":{"allow":["GET"]}}],"collection":[{"href":"https:\/\/infopba247.com.ar\/index.php\/wp-json\/wp\/v2\/posts"}],"about":[{"href":"https:\/\/infopba247.com.ar\/index.php\/wp-json\/wp\/v2\/types\/post"}],"author":[{"embeddable":true,"href":"https:\/\/infopba247.com.ar\/index.php\/wp-json\/wp\/v2\/users\/3"}],"replies":[{"embeddable":true,"href":"https:\/\/infopba247.com.ar\/index.php\/wp-json\/wp\/v2\/comments?post=7306"}],"version-history":[{"count":1,"href":"https:\/\/infopba247.com.ar\/index.php\/wp-json\/wp\/v2\/posts\/7306\/revisions"}],"predecessor-version":[{"id":7310,"href":"https:\/\/infopba247.com.ar\/index.php\/wp-json\/wp\/v2\/posts\/7306\/revisions\/7310"}],"wp:featuredmedia":[{"embeddable":true,"href":"https:\/\/infopba247.com.ar\/index.php\/wp-json\/wp\/v2\/media\/7308"}],"wp:attachment":[{"href":"https:\/\/infopba247.com.ar\/index.php\/wp-json\/wp\/v2\/media?parent=7306"}],"wp:term":[{"taxonomy":"category","embeddable":true,"href":"https:\/\/infopba247.com.ar\/index.php\/wp-json\/wp\/v2\/categories?post=7306"},{"taxonomy":"post_tag","embeddable":true,"href":"https:\/\/infopba247.com.ar\/index.php\/wp-json\/wp\/v2\/tags?post=7306"}],"curies":[{"name":"wp","href":"https:\/\/api.w.org\/{rel}","templated":true}]}}