{"id":7300,"date":"2025-06-17T09:05:14","date_gmt":"2025-06-17T12:05:14","guid":{"rendered":"https:\/\/infopba247.com.ar\/?p=7300"},"modified":"2025-06-17T09:05:16","modified_gmt":"2025-06-17T12:05:16","slug":"alak-sumo-80-nuevos-agentes-a-la-guardia-urbana-para-reforzar-la-prevencion-en-la-plata","status":"publish","type":"post","link":"https:\/\/infopba247.com.ar\/index.php\/2025\/06\/17\/alak-sumo-80-nuevos-agentes-a-la-guardia-urbana-para-reforzar-la-prevencion-en-la-plata\/","title":{"rendered":"Alak sum\u00f3 80 nuevos agentes a la Guardia Urbana para reforzar la prevenci\u00f3n en La Plata"},"content":{"rendered":"\n<p>El intendente de La Plata, Julio Alak, recibi\u00f3 en el Centro de Operaciones Municipal (COM) a los 80 nuevos agentes que contrat\u00f3 el Municipio para reforzar las tareas de prevenci\u00f3n y seguridad en todo el partido.<\/p>\n\n\n\n<p>Los efectivos formar\u00e1n parte de la Guardia Urbana de Prevenci\u00f3n (GUP), perteneciente a la Secretar\u00eda de Seguridad, que pasar\u00e1 a contar con 280 miembros, lo que representa un crecimiento del 40% en su dotaci\u00f3n.<\/p>\n\n\n\n<p>Gracias a esta incorporaci\u00f3n, se incrementar\u00e1 la cantidad de recorridos: desde ahora, en una divisi\u00f3n de 60 cuadr\u00edculas, todas las localidades ser\u00e1n patrulladas de forma conjunta por fuerzas municipales y provinciales, incluso aquellas que no contaban con presencia.<\/p>\n\n\n\n<p>Los m\u00f3viles patrullar\u00e1n Abasto, San Lorenzo, \u00c1ngel Etcheverry, Arana, Arturo Segu\u00ed, City Bell, El Peligro, El Rinc\u00f3n, Gonnet, Gorina, Ignacio Correas, Jos\u00e9 Hern\u00e1ndez, Lisandro Olmos, Los Hornos, Melchor Romero, Ringuelet, San Carlos, Sicardi\/Garibaldi, Tolosa, Villa Castells, Villa Elisa, Villa Elvira y el casco urbano.<\/p>\n\n\n\n<p>Adem\u00e1s, tras haber sido capacitados en medicina t\u00e1ctica, soluci\u00f3n alternativa del conflicto, t\u00e9cnicas de reducci\u00f3n de personas en espacios confinados y otras herramientas para el cumplimiento de sus funciones, los nuevos integrantes del cuerpo recibir\u00e1n reentrenamiento constante en el predio municipal de 122 y 53.<\/p>\n\n\n\n<p>La estrategia integral de seguridad local se complementa con el trabajo de 370 agentes de Control Urbano y Convivencia, que tambi\u00e9n se desempe\u00f1an en la v\u00eda p\u00fablica. En total, son 640 los efectivos que articulan acciones preventivas junto al Ministerio de Seguridad, con el objetivo de preservar el orden p\u00fablico y promover una convivencia segura en todo el partido.<\/p>\n","protected":false},"excerpt":{"rendered":"<p>El intendente de La Plata, Julio Alak, recibi\u00f3 en el Centro de Operaciones Municipal (COM) a los 80 nuevos agentes<\/p>\n","protected":false},"author":3,"featured_media":7298,"comment_status":"open","ping_status":"open","sticky":false,"template":"","format":"standard","meta":{"colormag_page_container_layout":"default_layout","colormag_page_sidebar_layout":"default_layout","footnotes":""},"categories":[12,1,14],"tags":[],"class_list":["post-7300","post","type-post","status-publish","format-standard","has-post-thumbnail","hentry","category-8va-seccion","category-destacadas","category-politica"],"yoast_head":"<!-- This site is optimized with the Yoast SEO plugin v27.5 - https:\/\/yoast.com\/product\/yoast-seo-wordpress\/ -->\n<title>Alak sum\u00f3 80 nuevos agentes a la Guardia Urbana para reforzar la prevenci\u00f3n en La Plata - InfoPBA247<\/title>\n<meta name=\"robots\" content=\"index, follow, max-snippet:-1, max-image-preview:large, max-video-preview:-1\" \/>\n<link rel=\"canonical\" href=\"https:\/\/infopba247.com.ar\/index.php\/2025\/06\/17\/alak-sumo-80-nuevos-agentes-a-la-guardia-urbana-para-reforzar-la-prevencion-en-la-plata\/\" \/>\n<meta property=\"og:locale\" content=\"es_ES\" \/>\n<meta property=\"og:type\" content=\"article\" \/>\n<meta property=\"og:title\" content=\"Alak sum\u00f3 80 nuevos agentes a la Guardia Urbana para reforzar la prevenci\u00f3n en La Plata - InfoPBA247\" \/>\n<meta property=\"og:description\" content=\"El intendente de La Plata, Julio Alak, recibi\u00f3 en el Centro de Operaciones Municipal (COM) a los 80 nuevos agentes\" \/>\n<meta property=\"og:url\" content=\"https:\/\/infopba247.com.ar\/index.php\/2025\/06\/17\/alak-sumo-80-nuevos-agentes-a-la-guardia-urbana-para-reforzar-la-prevencion-en-la-plata\/\" \/>\n<meta property=\"og:site_name\" content=\"InfoPBA247\" \/>\n<meta property=\"article:publisher\" content=\"https:\/\/www.facebook.com\/InfoPBA\" \/>\n<meta property=\"article:published_time\" content=\"2025-06-17T12:05:14+00:00\" \/>\n<meta property=\"article:modified_time\" content=\"2025-06-17T12:05:16+00:00\" \/>\n<meta property=\"og:image\" content=\"https:\/\/infopba247.com.ar\/wp-content\/uploads\/2025\/06\/unnamed-2025-06-17T083738.722.jpg\" \/>\n\t<meta property=\"og:image:width\" content=\"1600\" \/>\n\t<meta property=\"og:image:height\" content=\"900\" \/>\n\t<meta property=\"og:image:type\" content=\"image\/jpeg\" \/>\n<meta name=\"author\" content=\"Editor\" \/>\n<meta name=\"twitter:card\" content=\"summary_large_image\" \/>\n<meta name=\"twitter:label1\" content=\"Escrito por\" \/>\n\t<meta name=\"twitter:data1\" content=\"Editor\" \/>\n\t<meta name=\"twitter:label2\" content=\"Tiempo de lectura\" \/>\n\t<meta name=\"twitter:data2\" content=\"2 minutos\" \/>\n<script type=\"application\/ld+json\" class=\"yoast-schema-graph\">{\"@context\":\"https:\\\/\\\/schema.org\",\"@graph\":[{\"@type\":\"Article\",\"@id\":\"https:\\\/\\\/infopba247.com.ar\\\/index.php\\\/2025\\\/06\\\/17\\\/alak-sumo-80-nuevos-agentes-a-la-guardia-urbana-para-reforzar-la-prevencion-en-la-plata\\\/#article\",\"isPartOf\":{\"@id\":\"https:\\\/\\\/infopba247.com.ar\\\/index.php\\\/2025\\\/06\\\/17\\\/alak-sumo-80-nuevos-agentes-a-la-guardia-urbana-para-reforzar-la-prevencion-en-la-plata\\\/\"},\"author\":{\"name\":\"Editor\",\"@id\":\"https:\\\/\\\/infopba247.com.ar\\\/#\\\/schema\\\/person\\\/4975f1343a413e57bf839b3eed0099f2\"},\"headline\":\"Alak sum\u00f3 80 nuevos agentes a la Guardia Urbana para reforzar la prevenci\u00f3n en La Plata\",\"datePublished\":\"2025-06-17T12:05:14+00:00\",\"dateModified\":\"2025-06-17T12:05:16+00:00\",\"mainEntityOfPage\":{\"@id\":\"https:\\\/\\\/infopba247.com.ar\\\/index.php\\\/2025\\\/06\\\/17\\\/alak-sumo-80-nuevos-agentes-a-la-guardia-urbana-para-reforzar-la-prevencion-en-la-plata\\\/\"},\"wordCount\":289,\"commentCount\":0,\"publisher\":{\"@id\":\"https:\\\/\\\/infopba247.com.ar\\\/#organization\"},\"image\":{\"@id\":\"https:\\\/\\\/infopba247.com.ar\\\/index.php\\\/2025\\\/06\\\/17\\\/alak-sumo-80-nuevos-agentes-a-la-guardia-urbana-para-reforzar-la-prevencion-en-la-plata\\\/#primaryimage\"},\"thumbnailUrl\":\"https:\\\/\\\/infopba247.com.ar\\\/wp-content\\\/uploads\\\/2025\\\/06\\\/unnamed-2025-06-17T083738.722.jpg\",\"articleSection\":[\"8va Secci\u00f3n\",\"Destacadas\",\"Pol\u00edtica\"],\"inLanguage\":\"es\",\"potentialAction\":[{\"@type\":\"CommentAction\",\"name\":\"Comment\",\"target\":[\"https:\\\/\\\/infopba247.com.ar\\\/index.php\\\/2025\\\/06\\\/17\\\/alak-sumo-80-nuevos-agentes-a-la-guardia-urbana-para-reforzar-la-prevencion-en-la-plata\\\/#respond\"]}]},{\"@type\":\"WebPage\",\"@id\":\"https:\\\/\\\/infopba247.com.ar\\\/index.php\\\/2025\\\/06\\\/17\\\/alak-sumo-80-nuevos-agentes-a-la-guardia-urbana-para-reforzar-la-prevencion-en-la-plata\\\/\",\"url\":\"https:\\\/\\\/infopba247.com.ar\\\/index.php\\\/2025\\\/06\\\/17\\\/alak-sumo-80-nuevos-agentes-a-la-guardia-urbana-para-reforzar-la-prevencion-en-la-plata\\\/\",\"name\":\"Alak sum\u00f3 80 nuevos agentes a la Guardia Urbana para reforzar la prevenci\u00f3n en La Plata - InfoPBA247\",\"isPartOf\":{\"@id\":\"https:\\\/\\\/infopba247.com.ar\\\/#website\"},\"primaryImageOfPage\":{\"@id\":\"https:\\\/\\\/infopba247.com.ar\\\/index.php\\\/2025\\\/06\\\/17\\\/alak-sumo-80-nuevos-agentes-a-la-guardia-urbana-para-reforzar-la-prevencion-en-la-plata\\\/#primaryimage\"},\"image\":{\"@id\":\"https:\\\/\\\/infopba247.com.ar\\\/index.php\\\/2025\\\/06\\\/17\\\/alak-sumo-80-nuevos-agentes-a-la-guardia-urbana-para-reforzar-la-prevencion-en-la-plata\\\/#primaryimage\"},\"thumbnailUrl\":\"https:\\\/\\\/infopba247.com.ar\\\/wp-content\\\/uploads\\\/2025\\\/06\\\/unnamed-2025-06-17T083738.722.jpg\",\"datePublished\":\"2025-06-17T12:05:14+00:00\",\"dateModified\":\"2025-06-17T12:05:16+00:00\",\"breadcrumb\":{\"@id\":\"https:\\\/\\\/infopba247.com.ar\\\/index.php\\\/2025\\\/06\\\/17\\\/alak-sumo-80-nuevos-agentes-a-la-guardia-urbana-para-reforzar-la-prevencion-en-la-plata\\\/#breadcrumb\"},\"inLanguage\":\"es\",\"potentialAction\":[{\"@type\":\"ReadAction\",\"target\":[\"https:\\\/\\\/infopba247.com.ar\\\/index.php\\\/2025\\\/06\\\/17\\\/alak-sumo-80-nuevos-agentes-a-la-guardia-urbana-para-reforzar-la-prevencion-en-la-plata\\\/\"]}]},{\"@type\":\"ImageObject\",\"inLanguage\":\"es\",\"@id\":\"https:\\\/\\\/infopba247.com.ar\\\/index.php\\\/2025\\\/06\\\/17\\\/alak-sumo-80-nuevos-agentes-a-la-guardia-urbana-para-reforzar-la-prevencion-en-la-plata\\\/#primaryimage\",\"url\":\"https:\\\/\\\/infopba247.com.ar\\\/wp-content\\\/uploads\\\/2025\\\/06\\\/unnamed-2025-06-17T083738.722.jpg\",\"contentUrl\":\"https:\\\/\\\/infopba247.com.ar\\\/wp-content\\\/uploads\\\/2025\\\/06\\\/unnamed-2025-06-17T083738.722.jpg\",\"width\":1600,\"height\":900},{\"@type\":\"BreadcrumbList\",\"@id\":\"https:\\\/\\\/infopba247.com.ar\\\/index.php\\\/2025\\\/06\\\/17\\\/alak-sumo-80-nuevos-agentes-a-la-guardia-urbana-para-reforzar-la-prevencion-en-la-plata\\\/#breadcrumb\",\"itemListElement\":[{\"@type\":\"ListItem\",\"position\":1,\"name\":\"Portada\",\"item\":\"https:\\\/\\\/infopba247.com.ar\\\/\"},{\"@type\":\"ListItem\",\"position\":2,\"name\":\"Alak sum\u00f3 80 nuevos agentes a la Guardia Urbana para reforzar la prevenci\u00f3n en La Plata\"}]},{\"@type\":\"WebSite\",\"@id\":\"https:\\\/\\\/infopba247.com.ar\\\/#website\",\"url\":\"https:\\\/\\\/infopba247.com.ar\\\/\",\"name\":\"InfoPBA247\",\"description\":\"Toda la actualidad bonaerense\",\"publisher\":{\"@id\":\"https:\\\/\\\/infopba247.com.ar\\\/#organization\"},\"potentialAction\":[{\"@type\":\"SearchAction\",\"target\":{\"@type\":\"EntryPoint\",\"urlTemplate\":\"https:\\\/\\\/infopba247.com.ar\\\/?s={search_term_string}\"},\"query-input\":{\"@type\":\"PropertyValueSpecification\",\"valueRequired\":true,\"valueName\":\"search_term_string\"}}],\"inLanguage\":\"es\"},{\"@type\":\"Organization\",\"@id\":\"https:\\\/\\\/infopba247.com.ar\\\/#organization\",\"name\":\"InfoPBA247\",\"url\":\"https:\\\/\\\/infopba247.com.ar\\\/\",\"logo\":{\"@type\":\"ImageObject\",\"inLanguage\":\"es\",\"@id\":\"https:\\\/\\\/infopba247.com.ar\\\/#\\\/schema\\\/logo\\\/image\\\/\",\"url\":\"https:\\\/\\\/infopba247.com.ar\\\/wp-content\\\/uploads\\\/2022\\\/03\\\/cropped-InfoPBA247-1.png\",\"contentUrl\":\"https:\\\/\\\/infopba247.com.ar\\\/wp-content\\\/uploads\\\/2022\\\/03\\\/cropped-InfoPBA247-1.png\",\"width\":500,\"height\":122,\"caption\":\"InfoPBA247\"},\"image\":{\"@id\":\"https:\\\/\\\/infopba247.com.ar\\\/#\\\/schema\\\/logo\\\/image\\\/\"},\"sameAs\":[\"https:\\\/\\\/www.facebook.com\\\/InfoPBA\"]},{\"@type\":\"Person\",\"@id\":\"https:\\\/\\\/infopba247.com.ar\\\/#\\\/schema\\\/person\\\/4975f1343a413e57bf839b3eed0099f2\",\"name\":\"Editor\",\"image\":{\"@type\":\"ImageObject\",\"inLanguage\":\"es\",\"@id\":\"https:\\\/\\\/secure.gravatar.com\\\/avatar\\\/d27fe9520667ca53441d36627a1d6b0fa4a813571ec4803687a7a3a7744685ac?s=96&d=mm&r=g\",\"url\":\"https:\\\/\\\/secure.gravatar.com\\\/avatar\\\/d27fe9520667ca53441d36627a1d6b0fa4a813571ec4803687a7a3a7744685ac?s=96&d=mm&r=g\",\"contentUrl\":\"https:\\\/\\\/secure.gravatar.com\\\/avatar\\\/d27fe9520667ca53441d36627a1d6b0fa4a813571ec4803687a7a3a7744685ac?s=96&d=mm&r=g\",\"caption\":\"Editor\"},\"url\":\"https:\\\/\\\/infopba247.com.ar\\\/index.php\\\/author\\\/editor\\\/\"}]}<\/script>\n<!-- \/ Yoast SEO plugin. -->","yoast_head_json":{"title":"Alak sum\u00f3 80 nuevos agentes a la Guardia Urbana para reforzar la prevenci\u00f3n en La Plata - InfoPBA247","robots":{"index":"index","follow":"follow","max-snippet":"max-snippet:-1","max-image-preview":"max-image-preview:large","max-video-preview":"max-video-preview:-1"},"canonical":"https:\/\/infopba247.com.ar\/index.php\/2025\/06\/17\/alak-sumo-80-nuevos-agentes-a-la-guardia-urbana-para-reforzar-la-prevencion-en-la-plata\/","og_locale":"es_ES","og_type":"article","og_title":"Alak sum\u00f3 80 nuevos agentes a la Guardia Urbana para reforzar la prevenci\u00f3n en La Plata - InfoPBA247","og_description":"El intendente de La Plata, Julio Alak, recibi\u00f3 en el Centro de Operaciones Municipal (COM) a los 80 nuevos agentes","og_url":"https:\/\/infopba247.com.ar\/index.php\/2025\/06\/17\/alak-sumo-80-nuevos-agentes-a-la-guardia-urbana-para-reforzar-la-prevencion-en-la-plata\/","og_site_name":"InfoPBA247","article_publisher":"https:\/\/www.facebook.com\/InfoPBA","article_published_time":"2025-06-17T12:05:14+00:00","article_modified_time":"2025-06-17T12:05:16+00:00","og_image":[{"width":1600,"height":900,"url":"https:\/\/infopba247.com.ar\/wp-content\/uploads\/2025\/06\/unnamed-2025-06-17T083738.722.jpg","type":"image\/jpeg"}],"author":"Editor","twitter_card":"summary_large_image","twitter_misc":{"Escrito por":"Editor","Tiempo de lectura":"2 minutos"},"schema":{"@context":"https:\/\/schema.org","@graph":[{"@type":"Article","@id":"https:\/\/infopba247.com.ar\/index.php\/2025\/06\/17\/alak-sumo-80-nuevos-agentes-a-la-guardia-urbana-para-reforzar-la-prevencion-en-la-plata\/#article","isPartOf":{"@id":"https:\/\/infopba247.com.ar\/index.php\/2025\/06\/17\/alak-sumo-80-nuevos-agentes-a-la-guardia-urbana-para-reforzar-la-prevencion-en-la-plata\/"},"author":{"name":"Editor","@id":"https:\/\/infopba247.com.ar\/#\/schema\/person\/4975f1343a413e57bf839b3eed0099f2"},"headline":"Alak sum\u00f3 80 nuevos agentes a la Guardia Urbana para reforzar la prevenci\u00f3n en La Plata","datePublished":"2025-06-17T12:05:14+00:00","dateModified":"2025-06-17T12:05:16+00:00","mainEntityOfPage":{"@id":"https:\/\/infopba247.com.ar\/index.php\/2025\/06\/17\/alak-sumo-80-nuevos-agentes-a-la-guardia-urbana-para-reforzar-la-prevencion-en-la-plata\/"},"wordCount":289,"commentCount":0,"publisher":{"@id":"https:\/\/infopba247.com.ar\/#organization"},"image":{"@id":"https:\/\/infopba247.com.ar\/index.php\/2025\/06\/17\/alak-sumo-80-nuevos-agentes-a-la-guardia-urbana-para-reforzar-la-prevencion-en-la-plata\/#primaryimage"},"thumbnailUrl":"https:\/\/infopba247.com.ar\/wp-content\/uploads\/2025\/06\/unnamed-2025-06-17T083738.722.jpg","articleSection":["8va Secci\u00f3n","Destacadas","Pol\u00edtica"],"inLanguage":"es","potentialAction":[{"@type":"CommentAction","name":"Comment","target":["https:\/\/infopba247.com.ar\/index.php\/2025\/06\/17\/alak-sumo-80-nuevos-agentes-a-la-guardia-urbana-para-reforzar-la-prevencion-en-la-plata\/#respond"]}]},{"@type":"WebPage","@id":"https:\/\/infopba247.com.ar\/index.php\/2025\/06\/17\/alak-sumo-80-nuevos-agentes-a-la-guardia-urbana-para-reforzar-la-prevencion-en-la-plata\/","url":"https:\/\/infopba247.com.ar\/index.php\/2025\/06\/17\/alak-sumo-80-nuevos-agentes-a-la-guardia-urbana-para-reforzar-la-prevencion-en-la-plata\/","name":"Alak sum\u00f3 80 nuevos agentes a la Guardia Urbana para reforzar la prevenci\u00f3n en La Plata - InfoPBA247","isPartOf":{"@id":"https:\/\/infopba247.com.ar\/#website"},"primaryImageOfPage":{"@id":"https:\/\/infopba247.com.ar\/index.php\/2025\/06\/17\/alak-sumo-80-nuevos-agentes-a-la-guardia-urbana-para-reforzar-la-prevencion-en-la-plata\/#primaryimage"},"image":{"@id":"https:\/\/infopba247.com.ar\/index.php\/2025\/06\/17\/alak-sumo-80-nuevos-agentes-a-la-guardia-urbana-para-reforzar-la-prevencion-en-la-plata\/#primaryimage"},"thumbnailUrl":"https:\/\/infopba247.com.ar\/wp-content\/uploads\/2025\/06\/unnamed-2025-06-17T083738.722.jpg","datePublished":"2025-06-17T12:05:14+00:00","dateModified":"2025-06-17T12:05:16+00:00","breadcrumb":{"@id":"https:\/\/infopba247.com.ar\/index.php\/2025\/06\/17\/alak-sumo-80-nuevos-agentes-a-la-guardia-urbana-para-reforzar-la-prevencion-en-la-plata\/#breadcrumb"},"inLanguage":"es","potentialAction":[{"@type":"ReadAction","target":["https:\/\/infopba247.com.ar\/index.php\/2025\/06\/17\/alak-sumo-80-nuevos-agentes-a-la-guardia-urbana-para-reforzar-la-prevencion-en-la-plata\/"]}]},{"@type":"ImageObject","inLanguage":"es","@id":"https:\/\/infopba247.com.ar\/index.php\/2025\/06\/17\/alak-sumo-80-nuevos-agentes-a-la-guardia-urbana-para-reforzar-la-prevencion-en-la-plata\/#primaryimage","url":"https:\/\/infopba247.com.ar\/wp-content\/uploads\/2025\/06\/unnamed-2025-06-17T083738.722.jpg","contentUrl":"https:\/\/infopba247.com.ar\/wp-content\/uploads\/2025\/06\/unnamed-2025-06-17T083738.722.jpg","width":1600,"height":900},{"@type":"BreadcrumbList","@id":"https:\/\/infopba247.com.ar\/index.php\/2025\/06\/17\/alak-sumo-80-nuevos-agentes-a-la-guardia-urbana-para-reforzar-la-prevencion-en-la-plata\/#breadcrumb","itemListElement":[{"@type":"ListItem","position":1,"name":"Portada","item":"https:\/\/infopba247.com.ar\/"},{"@type":"ListItem","position":2,"name":"Alak sum\u00f3 80 nuevos agentes a la Guardia Urbana para reforzar la prevenci\u00f3n en La Plata"}]},{"@type":"WebSite","@id":"https:\/\/infopba247.com.ar\/#website","url":"https:\/\/infopba247.com.ar\/","name":"InfoPBA247","description":"Toda la actualidad bonaerense","publisher":{"@id":"https:\/\/infopba247.com.ar\/#organization"},"potentialAction":[{"@type":"SearchAction","target":{"@type":"EntryPoint","urlTemplate":"https:\/\/infopba247.com.ar\/?s={search_term_string}"},"query-input":{"@type":"PropertyValueSpecification","valueRequired":true,"valueName":"search_term_string"}}],"inLanguage":"es"},{"@type":"Organization","@id":"https:\/\/infopba247.com.ar\/#organization","name":"InfoPBA247","url":"https:\/\/infopba247.com.ar\/","logo":{"@type":"ImageObject","inLanguage":"es","@id":"https:\/\/infopba247.com.ar\/#\/schema\/logo\/image\/","url":"https:\/\/infopba247.com.ar\/wp-content\/uploads\/2022\/03\/cropped-InfoPBA247-1.png","contentUrl":"https:\/\/infopba247.com.ar\/wp-content\/uploads\/2022\/03\/cropped-InfoPBA247-1.png","width":500,"height":122,"caption":"InfoPBA247"},"image":{"@id":"https:\/\/infopba247.com.ar\/#\/schema\/logo\/image\/"},"sameAs":["https:\/\/www.facebook.com\/InfoPBA"]},{"@type":"Person","@id":"https:\/\/infopba247.com.ar\/#\/schema\/person\/4975f1343a413e57bf839b3eed0099f2","name":"Editor","image":{"@type":"ImageObject","inLanguage":"es","@id":"https:\/\/secure.gravatar.com\/avatar\/d27fe9520667ca53441d36627a1d6b0fa4a813571ec4803687a7a3a7744685ac?s=96&d=mm&r=g","url":"https:\/\/secure.gravatar.com\/avatar\/d27fe9520667ca53441d36627a1d6b0fa4a813571ec4803687a7a3a7744685ac?s=96&d=mm&r=g","contentUrl":"https:\/\/secure.gravatar.com\/avatar\/d27fe9520667ca53441d36627a1d6b0fa4a813571ec4803687a7a3a7744685ac?s=96&d=mm&r=g","caption":"Editor"},"url":"https:\/\/infopba247.com.ar\/index.php\/author\/editor\/"}]}},"_links":{"self":[{"href":"https:\/\/infopba247.com.ar\/index.php\/wp-json\/wp\/v2\/posts\/7300","targetHints":{"allow":["GET"]}}],"collection":[{"href":"https:\/\/infopba247.com.ar\/index.php\/wp-json\/wp\/v2\/posts"}],"about":[{"href":"https:\/\/infopba247.com.ar\/index.php\/wp-json\/wp\/v2\/types\/post"}],"author":[{"embeddable":true,"href":"https:\/\/infopba247.com.ar\/index.php\/wp-json\/wp\/v2\/users\/3"}],"replies":[{"embeddable":true,"href":"https:\/\/infopba247.com.ar\/index.php\/wp-json\/wp\/v2\/comments?post=7300"}],"version-history":[{"count":1,"href":"https:\/\/infopba247.com.ar\/index.php\/wp-json\/wp\/v2\/posts\/7300\/revisions"}],"predecessor-version":[{"id":7301,"href":"https:\/\/infopba247.com.ar\/index.php\/wp-json\/wp\/v2\/posts\/7300\/revisions\/7301"}],"wp:featuredmedia":[{"embeddable":true,"href":"https:\/\/infopba247.com.ar\/index.php\/wp-json\/wp\/v2\/media\/7298"}],"wp:attachment":[{"href":"https:\/\/infopba247.com.ar\/index.php\/wp-json\/wp\/v2\/media?parent=7300"}],"wp:term":[{"taxonomy":"category","embeddable":true,"href":"https:\/\/infopba247.com.ar\/index.php\/wp-json\/wp\/v2\/categories?post=7300"},{"taxonomy":"post_tag","embeddable":true,"href":"https:\/\/infopba247.com.ar\/index.php\/wp-json\/wp\/v2\/tags?post=7300"}],"curies":[{"name":"wp","href":"https:\/\/api.w.org\/{rel}","templated":true}]}}