{"id":7274,"date":"2025-06-12T15:02:31","date_gmt":"2025-06-12T18:02:31","guid":{"rendered":"https:\/\/infopba247.com.ar\/?p=7274"},"modified":"2025-06-12T15:02:33","modified_gmt":"2025-06-12T18:02:33","slug":"charla-informativa-para-cooperativas-y-mutuales-capacitacion-financiamiento-y-marketing-digital","status":"publish","type":"post","link":"https:\/\/infopba247.com.ar\/index.php\/2025\/06\/12\/charla-informativa-para-cooperativas-y-mutuales-capacitacion-financiamiento-y-marketing-digital\/","title":{"rendered":"Charla informativa para cooperativas y mutuales: capacitaci\u00f3n, financiamiento y marketing digital"},"content":{"rendered":"\n<p>Desde el Municipio, se realizar\u00e1 el jueves 19 de junio de 9 a 12 horas, una charla informativa destinada a cooperativas y mutuales del distrito en Maip\u00fa 316, esquina Independencia. La propuesta tiene como objetivo brindar herramientas para la formalizaci\u00f3n, el funcionamiento y el financiamiento de proyectos asociativos.<\/p>\n\n\n\n<p>La participaci\u00f3n es gratuita y requiere inscripci\u00f3n previa enviando un mensaje por WhatsApp al 11-36196163. La jornada incluir\u00e1 informaci\u00f3n sobre l\u00edneas de cr\u00e9dito vigentes en articulaci\u00f3n con el Banco Provincia Microcr\u00e9ditos y Fideicomiso Fuerza Solidaria; herramientas de Foto-Producto con la posibilidad de exhibir productos durante la actividad y la inscripci\u00f3n al Curso de Redes Sociales y Marketing Digital, que comenzar\u00e1 el martes 1\u00ba de julio de 13 a 15 horas y ofrecer\u00e1 asistencia personalizada para cada grupo.<\/p>\n\n\n\n<p>Esta acci\u00f3n es impulsada a trav\u00e9s de la Direcci\u00f3n General de Formalizaci\u00f3n de Cooperativas, Mutuales, Asociaciones y Unidades Productivas \u2014dependiente de la Coordinaci\u00f3n General de Asociativismo y Microemprendimientos del Instituto Municipal de Desarrollo Econ\u00f3mico Local IMDEL\u2014<\/p>\n\n\n\n<p>Para m\u00e1s informaci\u00f3n y acompa\u00f1amiento a grupos cooperativos o pre-cooperativos, concurrir de lunes a viernes, de 8 a 15 horas a Maip\u00fa 316, Moreno Centro.<\/p>\n\n\n\n<p>Con estas iniciativas, el Gobierno local busca fortalecer el trabajo productivo de las cooperativas y mutuales de Moreno, facilitando el acceso a cr\u00e9ditos, capacitaciones y asesoramiento t\u00e9cnico.<\/p>\n","protected":false},"excerpt":{"rendered":"<p>Desde el Municipio, se realizar\u00e1 el jueves 19 de junio de 9 a 12 horas, una charla informativa destinada a<\/p>\n","protected":false},"author":3,"featured_media":7268,"comment_status":"open","ping_status":"open","sticky":false,"template":"","format":"standard","meta":{"colormag_page_container_layout":"default_layout","colormag_page_sidebar_layout":"default_layout","footnotes":""},"categories":[5,1,14],"tags":[],"class_list":["post-7274","post","type-post","status-publish","format-standard","has-post-thumbnail","hentry","category-1ra-seccion","category-destacadas","category-politica"],"yoast_head":"<!-- This site is optimized with the Yoast SEO plugin v27.4 - https:\/\/yoast.com\/product\/yoast-seo-wordpress\/ -->\n<title>Charla informativa para cooperativas y mutuales: capacitaci\u00f3n, financiamiento y marketing digital - InfoPBA247<\/title>\n<meta name=\"robots\" content=\"index, follow, max-snippet:-1, max-image-preview:large, max-video-preview:-1\" \/>\n<link rel=\"canonical\" href=\"https:\/\/infopba247.com.ar\/index.php\/2025\/06\/12\/charla-informativa-para-cooperativas-y-mutuales-capacitacion-financiamiento-y-marketing-digital\/\" \/>\n<meta property=\"og:locale\" content=\"es_ES\" \/>\n<meta property=\"og:type\" content=\"article\" \/>\n<meta property=\"og:title\" content=\"Charla informativa para cooperativas y mutuales: capacitaci\u00f3n, financiamiento y marketing digital - InfoPBA247\" \/>\n<meta property=\"og:description\" content=\"Desde el Municipio, se realizar\u00e1 el jueves 19 de junio de 9 a 12 horas, una charla informativa destinada a\" \/>\n<meta property=\"og:url\" content=\"https:\/\/infopba247.com.ar\/index.php\/2025\/06\/12\/charla-informativa-para-cooperativas-y-mutuales-capacitacion-financiamiento-y-marketing-digital\/\" \/>\n<meta property=\"og:site_name\" content=\"InfoPBA247\" \/>\n<meta property=\"article:publisher\" content=\"https:\/\/www.facebook.com\/InfoPBA\" \/>\n<meta property=\"article:published_time\" content=\"2025-06-12T18:02:31+00:00\" \/>\n<meta property=\"article:modified_time\" content=\"2025-06-12T18:02:33+00:00\" \/>\n<meta property=\"og:image\" content=\"https:\/\/infopba247.com.ar\/wp-content\/uploads\/2025\/06\/charla-a-cooperativas-web1.jpg\" \/>\n\t<meta property=\"og:image:width\" content=\"936\" \/>\n\t<meta property=\"og:image:height\" content=\"527\" \/>\n\t<meta property=\"og:image:type\" content=\"image\/jpeg\" \/>\n<meta name=\"author\" content=\"Editor\" \/>\n<meta name=\"twitter:card\" content=\"summary_large_image\" \/>\n<meta name=\"twitter:label1\" content=\"Escrito por\" \/>\n\t<meta name=\"twitter:data1\" content=\"Editor\" \/>\n\t<meta name=\"twitter:label2\" content=\"Tiempo de lectura\" \/>\n\t<meta name=\"twitter:data2\" content=\"2 minutos\" \/>\n<script type=\"application\/ld+json\" class=\"yoast-schema-graph\">{\"@context\":\"https:\\\/\\\/schema.org\",\"@graph\":[{\"@type\":\"Article\",\"@id\":\"https:\\\/\\\/infopba247.com.ar\\\/index.php\\\/2025\\\/06\\\/12\\\/charla-informativa-para-cooperativas-y-mutuales-capacitacion-financiamiento-y-marketing-digital\\\/#article\",\"isPartOf\":{\"@id\":\"https:\\\/\\\/infopba247.com.ar\\\/index.php\\\/2025\\\/06\\\/12\\\/charla-informativa-para-cooperativas-y-mutuales-capacitacion-financiamiento-y-marketing-digital\\\/\"},\"author\":{\"name\":\"Editor\",\"@id\":\"https:\\\/\\\/infopba247.com.ar\\\/#\\\/schema\\\/person\\\/4975f1343a413e57bf839b3eed0099f2\"},\"headline\":\"Charla informativa para cooperativas y mutuales: capacitaci\u00f3n, financiamiento y marketing digital\",\"datePublished\":\"2025-06-12T18:02:31+00:00\",\"dateModified\":\"2025-06-12T18:02:33+00:00\",\"mainEntityOfPage\":{\"@id\":\"https:\\\/\\\/infopba247.com.ar\\\/index.php\\\/2025\\\/06\\\/12\\\/charla-informativa-para-cooperativas-y-mutuales-capacitacion-financiamiento-y-marketing-digital\\\/\"},\"wordCount\":235,\"commentCount\":0,\"publisher\":{\"@id\":\"https:\\\/\\\/infopba247.com.ar\\\/#organization\"},\"image\":{\"@id\":\"https:\\\/\\\/infopba247.com.ar\\\/index.php\\\/2025\\\/06\\\/12\\\/charla-informativa-para-cooperativas-y-mutuales-capacitacion-financiamiento-y-marketing-digital\\\/#primaryimage\"},\"thumbnailUrl\":\"https:\\\/\\\/infopba247.com.ar\\\/wp-content\\\/uploads\\\/2025\\\/06\\\/charla-a-cooperativas-web1.jpg\",\"articleSection\":[\"1ra Secci\u00f3n\",\"Destacadas\",\"Pol\u00edtica\"],\"inLanguage\":\"es\",\"potentialAction\":[{\"@type\":\"CommentAction\",\"name\":\"Comment\",\"target\":[\"https:\\\/\\\/infopba247.com.ar\\\/index.php\\\/2025\\\/06\\\/12\\\/charla-informativa-para-cooperativas-y-mutuales-capacitacion-financiamiento-y-marketing-digital\\\/#respond\"]}]},{\"@type\":\"WebPage\",\"@id\":\"https:\\\/\\\/infopba247.com.ar\\\/index.php\\\/2025\\\/06\\\/12\\\/charla-informativa-para-cooperativas-y-mutuales-capacitacion-financiamiento-y-marketing-digital\\\/\",\"url\":\"https:\\\/\\\/infopba247.com.ar\\\/index.php\\\/2025\\\/06\\\/12\\\/charla-informativa-para-cooperativas-y-mutuales-capacitacion-financiamiento-y-marketing-digital\\\/\",\"name\":\"Charla informativa para cooperativas y mutuales: capacitaci\u00f3n, financiamiento y marketing digital - InfoPBA247\",\"isPartOf\":{\"@id\":\"https:\\\/\\\/infopba247.com.ar\\\/#website\"},\"primaryImageOfPage\":{\"@id\":\"https:\\\/\\\/infopba247.com.ar\\\/index.php\\\/2025\\\/06\\\/12\\\/charla-informativa-para-cooperativas-y-mutuales-capacitacion-financiamiento-y-marketing-digital\\\/#primaryimage\"},\"image\":{\"@id\":\"https:\\\/\\\/infopba247.com.ar\\\/index.php\\\/2025\\\/06\\\/12\\\/charla-informativa-para-cooperativas-y-mutuales-capacitacion-financiamiento-y-marketing-digital\\\/#primaryimage\"},\"thumbnailUrl\":\"https:\\\/\\\/infopba247.com.ar\\\/wp-content\\\/uploads\\\/2025\\\/06\\\/charla-a-cooperativas-web1.jpg\",\"datePublished\":\"2025-06-12T18:02:31+00:00\",\"dateModified\":\"2025-06-12T18:02:33+00:00\",\"breadcrumb\":{\"@id\":\"https:\\\/\\\/infopba247.com.ar\\\/index.php\\\/2025\\\/06\\\/12\\\/charla-informativa-para-cooperativas-y-mutuales-capacitacion-financiamiento-y-marketing-digital\\\/#breadcrumb\"},\"inLanguage\":\"es\",\"potentialAction\":[{\"@type\":\"ReadAction\",\"target\":[\"https:\\\/\\\/infopba247.com.ar\\\/index.php\\\/2025\\\/06\\\/12\\\/charla-informativa-para-cooperativas-y-mutuales-capacitacion-financiamiento-y-marketing-digital\\\/\"]}]},{\"@type\":\"ImageObject\",\"inLanguage\":\"es\",\"@id\":\"https:\\\/\\\/infopba247.com.ar\\\/index.php\\\/2025\\\/06\\\/12\\\/charla-informativa-para-cooperativas-y-mutuales-capacitacion-financiamiento-y-marketing-digital\\\/#primaryimage\",\"url\":\"https:\\\/\\\/infopba247.com.ar\\\/wp-content\\\/uploads\\\/2025\\\/06\\\/charla-a-cooperativas-web1.jpg\",\"contentUrl\":\"https:\\\/\\\/infopba247.com.ar\\\/wp-content\\\/uploads\\\/2025\\\/06\\\/charla-a-cooperativas-web1.jpg\",\"width\":936,\"height\":527},{\"@type\":\"BreadcrumbList\",\"@id\":\"https:\\\/\\\/infopba247.com.ar\\\/index.php\\\/2025\\\/06\\\/12\\\/charla-informativa-para-cooperativas-y-mutuales-capacitacion-financiamiento-y-marketing-digital\\\/#breadcrumb\",\"itemListElement\":[{\"@type\":\"ListItem\",\"position\":1,\"name\":\"Portada\",\"item\":\"https:\\\/\\\/infopba247.com.ar\\\/\"},{\"@type\":\"ListItem\",\"position\":2,\"name\":\"Charla informativa para cooperativas y mutuales: capacitaci\u00f3n, financiamiento y marketing digital\"}]},{\"@type\":\"WebSite\",\"@id\":\"https:\\\/\\\/infopba247.com.ar\\\/#website\",\"url\":\"https:\\\/\\\/infopba247.com.ar\\\/\",\"name\":\"InfoPBA247\",\"description\":\"Toda la actualidad bonaerense\",\"publisher\":{\"@id\":\"https:\\\/\\\/infopba247.com.ar\\\/#organization\"},\"potentialAction\":[{\"@type\":\"SearchAction\",\"target\":{\"@type\":\"EntryPoint\",\"urlTemplate\":\"https:\\\/\\\/infopba247.com.ar\\\/?s={search_term_string}\"},\"query-input\":{\"@type\":\"PropertyValueSpecification\",\"valueRequired\":true,\"valueName\":\"search_term_string\"}}],\"inLanguage\":\"es\"},{\"@type\":\"Organization\",\"@id\":\"https:\\\/\\\/infopba247.com.ar\\\/#organization\",\"name\":\"InfoPBA247\",\"url\":\"https:\\\/\\\/infopba247.com.ar\\\/\",\"logo\":{\"@type\":\"ImageObject\",\"inLanguage\":\"es\",\"@id\":\"https:\\\/\\\/infopba247.com.ar\\\/#\\\/schema\\\/logo\\\/image\\\/\",\"url\":\"https:\\\/\\\/infopba247.com.ar\\\/wp-content\\\/uploads\\\/2022\\\/03\\\/cropped-InfoPBA247-1.png\",\"contentUrl\":\"https:\\\/\\\/infopba247.com.ar\\\/wp-content\\\/uploads\\\/2022\\\/03\\\/cropped-InfoPBA247-1.png\",\"width\":500,\"height\":122,\"caption\":\"InfoPBA247\"},\"image\":{\"@id\":\"https:\\\/\\\/infopba247.com.ar\\\/#\\\/schema\\\/logo\\\/image\\\/\"},\"sameAs\":[\"https:\\\/\\\/www.facebook.com\\\/InfoPBA\"]},{\"@type\":\"Person\",\"@id\":\"https:\\\/\\\/infopba247.com.ar\\\/#\\\/schema\\\/person\\\/4975f1343a413e57bf839b3eed0099f2\",\"name\":\"Editor\",\"image\":{\"@type\":\"ImageObject\",\"inLanguage\":\"es\",\"@id\":\"https:\\\/\\\/secure.gravatar.com\\\/avatar\\\/d27fe9520667ca53441d36627a1d6b0fa4a813571ec4803687a7a3a7744685ac?s=96&d=mm&r=g\",\"url\":\"https:\\\/\\\/secure.gravatar.com\\\/avatar\\\/d27fe9520667ca53441d36627a1d6b0fa4a813571ec4803687a7a3a7744685ac?s=96&d=mm&r=g\",\"contentUrl\":\"https:\\\/\\\/secure.gravatar.com\\\/avatar\\\/d27fe9520667ca53441d36627a1d6b0fa4a813571ec4803687a7a3a7744685ac?s=96&d=mm&r=g\",\"caption\":\"Editor\"},\"url\":\"https:\\\/\\\/infopba247.com.ar\\\/index.php\\\/author\\\/editor\\\/\"}]}<\/script>\n<!-- \/ Yoast SEO plugin. -->","yoast_head_json":{"title":"Charla informativa para cooperativas y mutuales: capacitaci\u00f3n, financiamiento y marketing digital - InfoPBA247","robots":{"index":"index","follow":"follow","max-snippet":"max-snippet:-1","max-image-preview":"max-image-preview:large","max-video-preview":"max-video-preview:-1"},"canonical":"https:\/\/infopba247.com.ar\/index.php\/2025\/06\/12\/charla-informativa-para-cooperativas-y-mutuales-capacitacion-financiamiento-y-marketing-digital\/","og_locale":"es_ES","og_type":"article","og_title":"Charla informativa para cooperativas y mutuales: capacitaci\u00f3n, financiamiento y marketing digital - InfoPBA247","og_description":"Desde el Municipio, se realizar\u00e1 el jueves 19 de junio de 9 a 12 horas, una charla informativa destinada a","og_url":"https:\/\/infopba247.com.ar\/index.php\/2025\/06\/12\/charla-informativa-para-cooperativas-y-mutuales-capacitacion-financiamiento-y-marketing-digital\/","og_site_name":"InfoPBA247","article_publisher":"https:\/\/www.facebook.com\/InfoPBA","article_published_time":"2025-06-12T18:02:31+00:00","article_modified_time":"2025-06-12T18:02:33+00:00","og_image":[{"width":936,"height":527,"url":"https:\/\/infopba247.com.ar\/wp-content\/uploads\/2025\/06\/charla-a-cooperativas-web1.jpg","type":"image\/jpeg"}],"author":"Editor","twitter_card":"summary_large_image","twitter_misc":{"Escrito por":"Editor","Tiempo de lectura":"2 minutos"},"schema":{"@context":"https:\/\/schema.org","@graph":[{"@type":"Article","@id":"https:\/\/infopba247.com.ar\/index.php\/2025\/06\/12\/charla-informativa-para-cooperativas-y-mutuales-capacitacion-financiamiento-y-marketing-digital\/#article","isPartOf":{"@id":"https:\/\/infopba247.com.ar\/index.php\/2025\/06\/12\/charla-informativa-para-cooperativas-y-mutuales-capacitacion-financiamiento-y-marketing-digital\/"},"author":{"name":"Editor","@id":"https:\/\/infopba247.com.ar\/#\/schema\/person\/4975f1343a413e57bf839b3eed0099f2"},"headline":"Charla informativa para cooperativas y mutuales: capacitaci\u00f3n, financiamiento y marketing digital","datePublished":"2025-06-12T18:02:31+00:00","dateModified":"2025-06-12T18:02:33+00:00","mainEntityOfPage":{"@id":"https:\/\/infopba247.com.ar\/index.php\/2025\/06\/12\/charla-informativa-para-cooperativas-y-mutuales-capacitacion-financiamiento-y-marketing-digital\/"},"wordCount":235,"commentCount":0,"publisher":{"@id":"https:\/\/infopba247.com.ar\/#organization"},"image":{"@id":"https:\/\/infopba247.com.ar\/index.php\/2025\/06\/12\/charla-informativa-para-cooperativas-y-mutuales-capacitacion-financiamiento-y-marketing-digital\/#primaryimage"},"thumbnailUrl":"https:\/\/infopba247.com.ar\/wp-content\/uploads\/2025\/06\/charla-a-cooperativas-web1.jpg","articleSection":["1ra Secci\u00f3n","Destacadas","Pol\u00edtica"],"inLanguage":"es","potentialAction":[{"@type":"CommentAction","name":"Comment","target":["https:\/\/infopba247.com.ar\/index.php\/2025\/06\/12\/charla-informativa-para-cooperativas-y-mutuales-capacitacion-financiamiento-y-marketing-digital\/#respond"]}]},{"@type":"WebPage","@id":"https:\/\/infopba247.com.ar\/index.php\/2025\/06\/12\/charla-informativa-para-cooperativas-y-mutuales-capacitacion-financiamiento-y-marketing-digital\/","url":"https:\/\/infopba247.com.ar\/index.php\/2025\/06\/12\/charla-informativa-para-cooperativas-y-mutuales-capacitacion-financiamiento-y-marketing-digital\/","name":"Charla informativa para cooperativas y mutuales: capacitaci\u00f3n, financiamiento y marketing digital - InfoPBA247","isPartOf":{"@id":"https:\/\/infopba247.com.ar\/#website"},"primaryImageOfPage":{"@id":"https:\/\/infopba247.com.ar\/index.php\/2025\/06\/12\/charla-informativa-para-cooperativas-y-mutuales-capacitacion-financiamiento-y-marketing-digital\/#primaryimage"},"image":{"@id":"https:\/\/infopba247.com.ar\/index.php\/2025\/06\/12\/charla-informativa-para-cooperativas-y-mutuales-capacitacion-financiamiento-y-marketing-digital\/#primaryimage"},"thumbnailUrl":"https:\/\/infopba247.com.ar\/wp-content\/uploads\/2025\/06\/charla-a-cooperativas-web1.jpg","datePublished":"2025-06-12T18:02:31+00:00","dateModified":"2025-06-12T18:02:33+00:00","breadcrumb":{"@id":"https:\/\/infopba247.com.ar\/index.php\/2025\/06\/12\/charla-informativa-para-cooperativas-y-mutuales-capacitacion-financiamiento-y-marketing-digital\/#breadcrumb"},"inLanguage":"es","potentialAction":[{"@type":"ReadAction","target":["https:\/\/infopba247.com.ar\/index.php\/2025\/06\/12\/charla-informativa-para-cooperativas-y-mutuales-capacitacion-financiamiento-y-marketing-digital\/"]}]},{"@type":"ImageObject","inLanguage":"es","@id":"https:\/\/infopba247.com.ar\/index.php\/2025\/06\/12\/charla-informativa-para-cooperativas-y-mutuales-capacitacion-financiamiento-y-marketing-digital\/#primaryimage","url":"https:\/\/infopba247.com.ar\/wp-content\/uploads\/2025\/06\/charla-a-cooperativas-web1.jpg","contentUrl":"https:\/\/infopba247.com.ar\/wp-content\/uploads\/2025\/06\/charla-a-cooperativas-web1.jpg","width":936,"height":527},{"@type":"BreadcrumbList","@id":"https:\/\/infopba247.com.ar\/index.php\/2025\/06\/12\/charla-informativa-para-cooperativas-y-mutuales-capacitacion-financiamiento-y-marketing-digital\/#breadcrumb","itemListElement":[{"@type":"ListItem","position":1,"name":"Portada","item":"https:\/\/infopba247.com.ar\/"},{"@type":"ListItem","position":2,"name":"Charla informativa para cooperativas y mutuales: capacitaci\u00f3n, financiamiento y marketing digital"}]},{"@type":"WebSite","@id":"https:\/\/infopba247.com.ar\/#website","url":"https:\/\/infopba247.com.ar\/","name":"InfoPBA247","description":"Toda la actualidad bonaerense","publisher":{"@id":"https:\/\/infopba247.com.ar\/#organization"},"potentialAction":[{"@type":"SearchAction","target":{"@type":"EntryPoint","urlTemplate":"https:\/\/infopba247.com.ar\/?s={search_term_string}"},"query-input":{"@type":"PropertyValueSpecification","valueRequired":true,"valueName":"search_term_string"}}],"inLanguage":"es"},{"@type":"Organization","@id":"https:\/\/infopba247.com.ar\/#organization","name":"InfoPBA247","url":"https:\/\/infopba247.com.ar\/","logo":{"@type":"ImageObject","inLanguage":"es","@id":"https:\/\/infopba247.com.ar\/#\/schema\/logo\/image\/","url":"https:\/\/infopba247.com.ar\/wp-content\/uploads\/2022\/03\/cropped-InfoPBA247-1.png","contentUrl":"https:\/\/infopba247.com.ar\/wp-content\/uploads\/2022\/03\/cropped-InfoPBA247-1.png","width":500,"height":122,"caption":"InfoPBA247"},"image":{"@id":"https:\/\/infopba247.com.ar\/#\/schema\/logo\/image\/"},"sameAs":["https:\/\/www.facebook.com\/InfoPBA"]},{"@type":"Person","@id":"https:\/\/infopba247.com.ar\/#\/schema\/person\/4975f1343a413e57bf839b3eed0099f2","name":"Editor","image":{"@type":"ImageObject","inLanguage":"es","@id":"https:\/\/secure.gravatar.com\/avatar\/d27fe9520667ca53441d36627a1d6b0fa4a813571ec4803687a7a3a7744685ac?s=96&d=mm&r=g","url":"https:\/\/secure.gravatar.com\/avatar\/d27fe9520667ca53441d36627a1d6b0fa4a813571ec4803687a7a3a7744685ac?s=96&d=mm&r=g","contentUrl":"https:\/\/secure.gravatar.com\/avatar\/d27fe9520667ca53441d36627a1d6b0fa4a813571ec4803687a7a3a7744685ac?s=96&d=mm&r=g","caption":"Editor"},"url":"https:\/\/infopba247.com.ar\/index.php\/author\/editor\/"}]}},"_links":{"self":[{"href":"https:\/\/infopba247.com.ar\/index.php\/wp-json\/wp\/v2\/posts\/7274","targetHints":{"allow":["GET"]}}],"collection":[{"href":"https:\/\/infopba247.com.ar\/index.php\/wp-json\/wp\/v2\/posts"}],"about":[{"href":"https:\/\/infopba247.com.ar\/index.php\/wp-json\/wp\/v2\/types\/post"}],"author":[{"embeddable":true,"href":"https:\/\/infopba247.com.ar\/index.php\/wp-json\/wp\/v2\/users\/3"}],"replies":[{"embeddable":true,"href":"https:\/\/infopba247.com.ar\/index.php\/wp-json\/wp\/v2\/comments?post=7274"}],"version-history":[{"count":1,"href":"https:\/\/infopba247.com.ar\/index.php\/wp-json\/wp\/v2\/posts\/7274\/revisions"}],"predecessor-version":[{"id":7275,"href":"https:\/\/infopba247.com.ar\/index.php\/wp-json\/wp\/v2\/posts\/7274\/revisions\/7275"}],"wp:featuredmedia":[{"embeddable":true,"href":"https:\/\/infopba247.com.ar\/index.php\/wp-json\/wp\/v2\/media\/7268"}],"wp:attachment":[{"href":"https:\/\/infopba247.com.ar\/index.php\/wp-json\/wp\/v2\/media?parent=7274"}],"wp:term":[{"taxonomy":"category","embeddable":true,"href":"https:\/\/infopba247.com.ar\/index.php\/wp-json\/wp\/v2\/categories?post=7274"},{"taxonomy":"post_tag","embeddable":true,"href":"https:\/\/infopba247.com.ar\/index.php\/wp-json\/wp\/v2\/tags?post=7274"}],"curies":[{"name":"wp","href":"https:\/\/api.w.org\/{rel}","templated":true}]}}