{"id":7234,"date":"2025-06-05T10:29:00","date_gmt":"2025-06-05T13:29:00","guid":{"rendered":"https:\/\/infopba247.com.ar\/?p=7234"},"modified":"2025-06-05T10:29:01","modified_gmt":"2025-06-05T13:29:01","slug":"moreno-celebro-el-1-aniversario-de-reapertura-del-museo-molina-campos","status":"publish","type":"post","link":"https:\/\/infopba247.com.ar\/index.php\/2025\/06\/05\/moreno-celebro-el-1-aniversario-de-reapertura-del-museo-molina-campos\/","title":{"rendered":"Moreno celebr\u00f3 el 1\u00b0 aniversario de reapertura del Museo Molina Campos"},"content":{"rendered":"\n<p>Con la presencia de la intendenta, Mariel Fern\u00e1ndez, se realiz\u00f3 el acto de celebraci\u00f3n del primer a\u00f1o de reapertura del Museo Molina Campos, un espacio cultural que fue abierto luego de 18 a\u00f1os por iniciativa del Municipio junto al Gobierno Bonaerense y donde se exhiben m\u00e1s de 100 obras y mil objetos recuperados del reconocido artista entre los que se encuentran cuadros, objetos, archivos y fotograf\u00edas.<\/p>\n\n\n\n<p>Durante el evento, la jefa comunal, remarc\u00f3 que: \u201cHoy se cumple un a\u00f1o de la reapertura, despu\u00e9s de tant\u00edsimos a\u00f1os cerrados se pudo recuperar esto que estamos disfrutando. Creo que Molina y Elvirita estar\u00edan contentos porque finalmente es un artista popular de la Argentina\u201d, y agreg\u00f3: \u201cTenemos la posibilidad de seguir viendo la obra y reconocer paisajes de Moreno, pero tambi\u00e9n reconocemos en la obra paisajes del territorio nacional, la verdad que sigue siendo precioso todo lo que se expone\u201d.<\/p>\n\n\n\n<p>Mariel Fern\u00e1ndez se refiri\u00f3 al trabajo articulado con el Gobierno de la Provincia de Buenos Aires y destac\u00f3 el acompa\u00f1amiento del Instituto Cultural Provincial con respecto a la clasificaci\u00f3n y el estudio de la obra que forman parte del patrimonio cultural del distrito, y remarc\u00f3: \u201cNos ayuda a conocer otras dimensiones de su obra. Espero que tambi\u00e9n este a\u00f1o todo el pueblo de Moreno las pueda disfrutar y otros visitantes tambi\u00e9n\u201d.<\/p>\n\n\n\n<p>A partir de ahora, se renov\u00f3 la muestra de 22 obras sobre 30 obras exhibidas respetando el contexto situado del Museo en Moreno. Adem\u00e1s, se logr\u00f3 la recuperaci\u00f3n de las ic\u00f3nicas figuras de Molina Campos que muestran otras versiones e im\u00e1genes que reflejan paisajes o acciones de Moreno y el resto del pa\u00eds. Tambi\u00e9n se reconoci\u00f3 la figura de Elvira Ponce \u201cElvirita\u201d, viuda del artista, con nuevos documentos entre los que se encuentran fotograf\u00edas y objetos que ya son parte de la cronolog\u00eda e historia del personaje.<\/p>\n\n\n\n<p>Las obras que all\u00ed se exponen forman parte del acervo de la Fundaci\u00f3n Molina Campos y se trabaja con la misma colecci\u00f3n. Las y los vecinos que lo visiten se pueden encontrar con objetos y elementos cotidianos del artista, as\u00ed como mates, fotos, y su relaci\u00f3n con Walt Disney, entre otros.<\/p>\n\n\n\n<p>Estuvieron tambi\u00e9n presentes Paloma S\u00e1nchez y Federico Rovituso, del Instituto Cultural de la Provincia de Buenos Aires, Mar\u00eda Ver\u00f3nica Piovani, jefa de Gabinete del Instituto Cultural PBA, la Comisi\u00f3n Directiva de la Fundaci\u00f3n Molina Campos, Centros Tradicionalistas, representantes del Jard\u00edn de Infantes N\u00b0 909 y la Escuela N\u00b0 20 Molina Campos y autoridades locales.<\/p>\n\n\n\n<p>El Museo est\u00e1 ubicado en Molina Campos 364, en el centro de Moreno y puede visitarse de martes a viernes de 9 a 15 horas, s\u00e1bados, domingos y feriados de 13 a 18 horas. M\u00e1s informaci\u00f3n en: @museomolinacampos.<\/p>\n\n\n\n<p>Un poco de historia<\/p>\n\n\n\n<p>A partir de la denuncia que realiz\u00f3 el Municipio de Moreno cuando los anteriores administradores de la Fundaci\u00f3n Molina Campos pusieron en venta y vaciaron el Museo dedicado el artista, comenz\u00f3 un camino de recuperaci\u00f3n de uno de los patrimonios culturales m\u00e1s importantes de la Provincia de Buenos Aires.<\/p>\n\n\n\n<p>En noviembre del 2022, la C\u00e1mara Civil del Poder Judicial de la Naci\u00f3n dict\u00f3 la intervenci\u00f3n de la Fundaci\u00f3n luego de comprobar que el Museo permaneci\u00f3 cerrado 18 a\u00f1os, que no exist\u00eda inventario ni registro del lugar de resguardo de las obras, y que hab\u00eda un posible faltante de obras, entre otros motivos que resaltaron en la resoluci\u00f3n.<\/p>\n\n\n\n<p>Gracias al esfuerzo entre el Municipio, el Instituto Cultural que encabeza Florencia Saintout, la intervenci\u00f3n de la Fundaci\u00f3n Florencio Molina Campos y los valiosos aportes del nieto del artista, Gonzalo Gim\u00e9nez Molina, se recuperaron las obras y objetos personales para que puedan exhibirse en este Museo dedicado al artista.<\/p>\n","protected":false},"excerpt":{"rendered":"<p>Con la presencia de la intendenta, Mariel Fern\u00e1ndez, se realiz\u00f3 el acto de celebraci\u00f3n del primer a\u00f1o de reapertura del<\/p>\n","protected":false},"author":3,"featured_media":7228,"comment_status":"open","ping_status":"open","sticky":false,"template":"","format":"standard","meta":{"colormag_page_container_layout":"default_layout","colormag_page_sidebar_layout":"default_layout","footnotes":""},"categories":[5,1,14],"tags":[],"class_list":["post-7234","post","type-post","status-publish","format-standard","has-post-thumbnail","hentry","category-1ra-seccion","category-destacadas","category-politica"],"yoast_head":"<!-- This site is optimized with the Yoast SEO plugin v27.5 - https:\/\/yoast.com\/product\/yoast-seo-wordpress\/ -->\n<title>Moreno celebr\u00f3 el 1\u00b0 aniversario de reapertura del Museo Molina Campos - InfoPBA247<\/title>\n<meta name=\"robots\" content=\"index, follow, max-snippet:-1, max-image-preview:large, max-video-preview:-1\" \/>\n<link rel=\"canonical\" href=\"https:\/\/infopba247.com.ar\/index.php\/2025\/06\/05\/moreno-celebro-el-1-aniversario-de-reapertura-del-museo-molina-campos\/\" \/>\n<meta property=\"og:locale\" content=\"es_ES\" \/>\n<meta property=\"og:type\" content=\"article\" \/>\n<meta property=\"og:title\" content=\"Moreno celebr\u00f3 el 1\u00b0 aniversario de reapertura del Museo Molina Campos - InfoPBA247\" \/>\n<meta property=\"og:description\" content=\"Con la presencia de la intendenta, Mariel Fern\u00e1ndez, se realiz\u00f3 el acto de celebraci\u00f3n del primer a\u00f1o de reapertura del\" \/>\n<meta property=\"og:url\" content=\"https:\/\/infopba247.com.ar\/index.php\/2025\/06\/05\/moreno-celebro-el-1-aniversario-de-reapertura-del-museo-molina-campos\/\" \/>\n<meta property=\"og:site_name\" content=\"InfoPBA247\" \/>\n<meta property=\"article:publisher\" content=\"https:\/\/www.facebook.com\/InfoPBA\" \/>\n<meta property=\"article:published_time\" content=\"2025-06-05T13:29:00+00:00\" \/>\n<meta property=\"article:modified_time\" content=\"2025-06-05T13:29:01+00:00\" \/>\n<meta property=\"og:image\" content=\"https:\/\/infopba247.com.ar\/wp-content\/uploads\/2025\/06\/Aniversario-Museo-Molina-Campos3.jpg\" \/>\n\t<meta property=\"og:image:width\" content=\"1920\" \/>\n\t<meta property=\"og:image:height\" content=\"1080\" \/>\n\t<meta property=\"og:image:type\" content=\"image\/jpeg\" \/>\n<meta name=\"author\" content=\"Editor\" \/>\n<meta name=\"twitter:card\" content=\"summary_large_image\" \/>\n<meta name=\"twitter:label1\" content=\"Escrito por\" \/>\n\t<meta name=\"twitter:data1\" content=\"Editor\" \/>\n\t<meta name=\"twitter:label2\" content=\"Tiempo de lectura\" \/>\n\t<meta name=\"twitter:data2\" content=\"3 minutos\" \/>\n<script type=\"application\/ld+json\" class=\"yoast-schema-graph\">{\"@context\":\"https:\\\/\\\/schema.org\",\"@graph\":[{\"@type\":\"Article\",\"@id\":\"https:\\\/\\\/infopba247.com.ar\\\/index.php\\\/2025\\\/06\\\/05\\\/moreno-celebro-el-1-aniversario-de-reapertura-del-museo-molina-campos\\\/#article\",\"isPartOf\":{\"@id\":\"https:\\\/\\\/infopba247.com.ar\\\/index.php\\\/2025\\\/06\\\/05\\\/moreno-celebro-el-1-aniversario-de-reapertura-del-museo-molina-campos\\\/\"},\"author\":{\"name\":\"Editor\",\"@id\":\"https:\\\/\\\/infopba247.com.ar\\\/#\\\/schema\\\/person\\\/4975f1343a413e57bf839b3eed0099f2\"},\"headline\":\"Moreno celebr\u00f3 el 1\u00b0 aniversario de reapertura del Museo Molina Campos\",\"datePublished\":\"2025-06-05T13:29:00+00:00\",\"dateModified\":\"2025-06-05T13:29:01+00:00\",\"mainEntityOfPage\":{\"@id\":\"https:\\\/\\\/infopba247.com.ar\\\/index.php\\\/2025\\\/06\\\/05\\\/moreno-celebro-el-1-aniversario-de-reapertura-del-museo-molina-campos\\\/\"},\"wordCount\":657,\"commentCount\":0,\"publisher\":{\"@id\":\"https:\\\/\\\/infopba247.com.ar\\\/#organization\"},\"image\":{\"@id\":\"https:\\\/\\\/infopba247.com.ar\\\/index.php\\\/2025\\\/06\\\/05\\\/moreno-celebro-el-1-aniversario-de-reapertura-del-museo-molina-campos\\\/#primaryimage\"},\"thumbnailUrl\":\"https:\\\/\\\/infopba247.com.ar\\\/wp-content\\\/uploads\\\/2025\\\/06\\\/Aniversario-Museo-Molina-Campos3.jpg\",\"articleSection\":[\"1ra Secci\u00f3n\",\"Destacadas\",\"Pol\u00edtica\"],\"inLanguage\":\"es\",\"potentialAction\":[{\"@type\":\"CommentAction\",\"name\":\"Comment\",\"target\":[\"https:\\\/\\\/infopba247.com.ar\\\/index.php\\\/2025\\\/06\\\/05\\\/moreno-celebro-el-1-aniversario-de-reapertura-del-museo-molina-campos\\\/#respond\"]}]},{\"@type\":\"WebPage\",\"@id\":\"https:\\\/\\\/infopba247.com.ar\\\/index.php\\\/2025\\\/06\\\/05\\\/moreno-celebro-el-1-aniversario-de-reapertura-del-museo-molina-campos\\\/\",\"url\":\"https:\\\/\\\/infopba247.com.ar\\\/index.php\\\/2025\\\/06\\\/05\\\/moreno-celebro-el-1-aniversario-de-reapertura-del-museo-molina-campos\\\/\",\"name\":\"Moreno celebr\u00f3 el 1\u00b0 aniversario de reapertura del Museo Molina Campos - InfoPBA247\",\"isPartOf\":{\"@id\":\"https:\\\/\\\/infopba247.com.ar\\\/#website\"},\"primaryImageOfPage\":{\"@id\":\"https:\\\/\\\/infopba247.com.ar\\\/index.php\\\/2025\\\/06\\\/05\\\/moreno-celebro-el-1-aniversario-de-reapertura-del-museo-molina-campos\\\/#primaryimage\"},\"image\":{\"@id\":\"https:\\\/\\\/infopba247.com.ar\\\/index.php\\\/2025\\\/06\\\/05\\\/moreno-celebro-el-1-aniversario-de-reapertura-del-museo-molina-campos\\\/#primaryimage\"},\"thumbnailUrl\":\"https:\\\/\\\/infopba247.com.ar\\\/wp-content\\\/uploads\\\/2025\\\/06\\\/Aniversario-Museo-Molina-Campos3.jpg\",\"datePublished\":\"2025-06-05T13:29:00+00:00\",\"dateModified\":\"2025-06-05T13:29:01+00:00\",\"breadcrumb\":{\"@id\":\"https:\\\/\\\/infopba247.com.ar\\\/index.php\\\/2025\\\/06\\\/05\\\/moreno-celebro-el-1-aniversario-de-reapertura-del-museo-molina-campos\\\/#breadcrumb\"},\"inLanguage\":\"es\",\"potentialAction\":[{\"@type\":\"ReadAction\",\"target\":[\"https:\\\/\\\/infopba247.com.ar\\\/index.php\\\/2025\\\/06\\\/05\\\/moreno-celebro-el-1-aniversario-de-reapertura-del-museo-molina-campos\\\/\"]}]},{\"@type\":\"ImageObject\",\"inLanguage\":\"es\",\"@id\":\"https:\\\/\\\/infopba247.com.ar\\\/index.php\\\/2025\\\/06\\\/05\\\/moreno-celebro-el-1-aniversario-de-reapertura-del-museo-molina-campos\\\/#primaryimage\",\"url\":\"https:\\\/\\\/infopba247.com.ar\\\/wp-content\\\/uploads\\\/2025\\\/06\\\/Aniversario-Museo-Molina-Campos3.jpg\",\"contentUrl\":\"https:\\\/\\\/infopba247.com.ar\\\/wp-content\\\/uploads\\\/2025\\\/06\\\/Aniversario-Museo-Molina-Campos3.jpg\",\"width\":1920,\"height\":1080},{\"@type\":\"BreadcrumbList\",\"@id\":\"https:\\\/\\\/infopba247.com.ar\\\/index.php\\\/2025\\\/06\\\/05\\\/moreno-celebro-el-1-aniversario-de-reapertura-del-museo-molina-campos\\\/#breadcrumb\",\"itemListElement\":[{\"@type\":\"ListItem\",\"position\":1,\"name\":\"Portada\",\"item\":\"https:\\\/\\\/infopba247.com.ar\\\/\"},{\"@type\":\"ListItem\",\"position\":2,\"name\":\"Moreno celebr\u00f3 el 1\u00b0 aniversario de reapertura del Museo Molina Campos\"}]},{\"@type\":\"WebSite\",\"@id\":\"https:\\\/\\\/infopba247.com.ar\\\/#website\",\"url\":\"https:\\\/\\\/infopba247.com.ar\\\/\",\"name\":\"InfoPBA247\",\"description\":\"Toda la actualidad bonaerense\",\"publisher\":{\"@id\":\"https:\\\/\\\/infopba247.com.ar\\\/#organization\"},\"potentialAction\":[{\"@type\":\"SearchAction\",\"target\":{\"@type\":\"EntryPoint\",\"urlTemplate\":\"https:\\\/\\\/infopba247.com.ar\\\/?s={search_term_string}\"},\"query-input\":{\"@type\":\"PropertyValueSpecification\",\"valueRequired\":true,\"valueName\":\"search_term_string\"}}],\"inLanguage\":\"es\"},{\"@type\":\"Organization\",\"@id\":\"https:\\\/\\\/infopba247.com.ar\\\/#organization\",\"name\":\"InfoPBA247\",\"url\":\"https:\\\/\\\/infopba247.com.ar\\\/\",\"logo\":{\"@type\":\"ImageObject\",\"inLanguage\":\"es\",\"@id\":\"https:\\\/\\\/infopba247.com.ar\\\/#\\\/schema\\\/logo\\\/image\\\/\",\"url\":\"https:\\\/\\\/infopba247.com.ar\\\/wp-content\\\/uploads\\\/2022\\\/03\\\/cropped-InfoPBA247-1.png\",\"contentUrl\":\"https:\\\/\\\/infopba247.com.ar\\\/wp-content\\\/uploads\\\/2022\\\/03\\\/cropped-InfoPBA247-1.png\",\"width\":500,\"height\":122,\"caption\":\"InfoPBA247\"},\"image\":{\"@id\":\"https:\\\/\\\/infopba247.com.ar\\\/#\\\/schema\\\/logo\\\/image\\\/\"},\"sameAs\":[\"https:\\\/\\\/www.facebook.com\\\/InfoPBA\"]},{\"@type\":\"Person\",\"@id\":\"https:\\\/\\\/infopba247.com.ar\\\/#\\\/schema\\\/person\\\/4975f1343a413e57bf839b3eed0099f2\",\"name\":\"Editor\",\"image\":{\"@type\":\"ImageObject\",\"inLanguage\":\"es\",\"@id\":\"https:\\\/\\\/secure.gravatar.com\\\/avatar\\\/d27fe9520667ca53441d36627a1d6b0fa4a813571ec4803687a7a3a7744685ac?s=96&d=mm&r=g\",\"url\":\"https:\\\/\\\/secure.gravatar.com\\\/avatar\\\/d27fe9520667ca53441d36627a1d6b0fa4a813571ec4803687a7a3a7744685ac?s=96&d=mm&r=g\",\"contentUrl\":\"https:\\\/\\\/secure.gravatar.com\\\/avatar\\\/d27fe9520667ca53441d36627a1d6b0fa4a813571ec4803687a7a3a7744685ac?s=96&d=mm&r=g\",\"caption\":\"Editor\"},\"url\":\"https:\\\/\\\/infopba247.com.ar\\\/index.php\\\/author\\\/editor\\\/\"}]}<\/script>\n<!-- \/ Yoast SEO plugin. -->","yoast_head_json":{"title":"Moreno celebr\u00f3 el 1\u00b0 aniversario de reapertura del Museo Molina Campos - InfoPBA247","robots":{"index":"index","follow":"follow","max-snippet":"max-snippet:-1","max-image-preview":"max-image-preview:large","max-video-preview":"max-video-preview:-1"},"canonical":"https:\/\/infopba247.com.ar\/index.php\/2025\/06\/05\/moreno-celebro-el-1-aniversario-de-reapertura-del-museo-molina-campos\/","og_locale":"es_ES","og_type":"article","og_title":"Moreno celebr\u00f3 el 1\u00b0 aniversario de reapertura del Museo Molina Campos - InfoPBA247","og_description":"Con la presencia de la intendenta, Mariel Fern\u00e1ndez, se realiz\u00f3 el acto de celebraci\u00f3n del primer a\u00f1o de reapertura del","og_url":"https:\/\/infopba247.com.ar\/index.php\/2025\/06\/05\/moreno-celebro-el-1-aniversario-de-reapertura-del-museo-molina-campos\/","og_site_name":"InfoPBA247","article_publisher":"https:\/\/www.facebook.com\/InfoPBA","article_published_time":"2025-06-05T13:29:00+00:00","article_modified_time":"2025-06-05T13:29:01+00:00","og_image":[{"width":1920,"height":1080,"url":"https:\/\/infopba247.com.ar\/wp-content\/uploads\/2025\/06\/Aniversario-Museo-Molina-Campos3.jpg","type":"image\/jpeg"}],"author":"Editor","twitter_card":"summary_large_image","twitter_misc":{"Escrito por":"Editor","Tiempo de lectura":"3 minutos"},"schema":{"@context":"https:\/\/schema.org","@graph":[{"@type":"Article","@id":"https:\/\/infopba247.com.ar\/index.php\/2025\/06\/05\/moreno-celebro-el-1-aniversario-de-reapertura-del-museo-molina-campos\/#article","isPartOf":{"@id":"https:\/\/infopba247.com.ar\/index.php\/2025\/06\/05\/moreno-celebro-el-1-aniversario-de-reapertura-del-museo-molina-campos\/"},"author":{"name":"Editor","@id":"https:\/\/infopba247.com.ar\/#\/schema\/person\/4975f1343a413e57bf839b3eed0099f2"},"headline":"Moreno celebr\u00f3 el 1\u00b0 aniversario de reapertura del Museo Molina Campos","datePublished":"2025-06-05T13:29:00+00:00","dateModified":"2025-06-05T13:29:01+00:00","mainEntityOfPage":{"@id":"https:\/\/infopba247.com.ar\/index.php\/2025\/06\/05\/moreno-celebro-el-1-aniversario-de-reapertura-del-museo-molina-campos\/"},"wordCount":657,"commentCount":0,"publisher":{"@id":"https:\/\/infopba247.com.ar\/#organization"},"image":{"@id":"https:\/\/infopba247.com.ar\/index.php\/2025\/06\/05\/moreno-celebro-el-1-aniversario-de-reapertura-del-museo-molina-campos\/#primaryimage"},"thumbnailUrl":"https:\/\/infopba247.com.ar\/wp-content\/uploads\/2025\/06\/Aniversario-Museo-Molina-Campos3.jpg","articleSection":["1ra Secci\u00f3n","Destacadas","Pol\u00edtica"],"inLanguage":"es","potentialAction":[{"@type":"CommentAction","name":"Comment","target":["https:\/\/infopba247.com.ar\/index.php\/2025\/06\/05\/moreno-celebro-el-1-aniversario-de-reapertura-del-museo-molina-campos\/#respond"]}]},{"@type":"WebPage","@id":"https:\/\/infopba247.com.ar\/index.php\/2025\/06\/05\/moreno-celebro-el-1-aniversario-de-reapertura-del-museo-molina-campos\/","url":"https:\/\/infopba247.com.ar\/index.php\/2025\/06\/05\/moreno-celebro-el-1-aniversario-de-reapertura-del-museo-molina-campos\/","name":"Moreno celebr\u00f3 el 1\u00b0 aniversario de reapertura del Museo Molina Campos - InfoPBA247","isPartOf":{"@id":"https:\/\/infopba247.com.ar\/#website"},"primaryImageOfPage":{"@id":"https:\/\/infopba247.com.ar\/index.php\/2025\/06\/05\/moreno-celebro-el-1-aniversario-de-reapertura-del-museo-molina-campos\/#primaryimage"},"image":{"@id":"https:\/\/infopba247.com.ar\/index.php\/2025\/06\/05\/moreno-celebro-el-1-aniversario-de-reapertura-del-museo-molina-campos\/#primaryimage"},"thumbnailUrl":"https:\/\/infopba247.com.ar\/wp-content\/uploads\/2025\/06\/Aniversario-Museo-Molina-Campos3.jpg","datePublished":"2025-06-05T13:29:00+00:00","dateModified":"2025-06-05T13:29:01+00:00","breadcrumb":{"@id":"https:\/\/infopba247.com.ar\/index.php\/2025\/06\/05\/moreno-celebro-el-1-aniversario-de-reapertura-del-museo-molina-campos\/#breadcrumb"},"inLanguage":"es","potentialAction":[{"@type":"ReadAction","target":["https:\/\/infopba247.com.ar\/index.php\/2025\/06\/05\/moreno-celebro-el-1-aniversario-de-reapertura-del-museo-molina-campos\/"]}]},{"@type":"ImageObject","inLanguage":"es","@id":"https:\/\/infopba247.com.ar\/index.php\/2025\/06\/05\/moreno-celebro-el-1-aniversario-de-reapertura-del-museo-molina-campos\/#primaryimage","url":"https:\/\/infopba247.com.ar\/wp-content\/uploads\/2025\/06\/Aniversario-Museo-Molina-Campos3.jpg","contentUrl":"https:\/\/infopba247.com.ar\/wp-content\/uploads\/2025\/06\/Aniversario-Museo-Molina-Campos3.jpg","width":1920,"height":1080},{"@type":"BreadcrumbList","@id":"https:\/\/infopba247.com.ar\/index.php\/2025\/06\/05\/moreno-celebro-el-1-aniversario-de-reapertura-del-museo-molina-campos\/#breadcrumb","itemListElement":[{"@type":"ListItem","position":1,"name":"Portada","item":"https:\/\/infopba247.com.ar\/"},{"@type":"ListItem","position":2,"name":"Moreno celebr\u00f3 el 1\u00b0 aniversario de reapertura del Museo Molina Campos"}]},{"@type":"WebSite","@id":"https:\/\/infopba247.com.ar\/#website","url":"https:\/\/infopba247.com.ar\/","name":"InfoPBA247","description":"Toda la actualidad bonaerense","publisher":{"@id":"https:\/\/infopba247.com.ar\/#organization"},"potentialAction":[{"@type":"SearchAction","target":{"@type":"EntryPoint","urlTemplate":"https:\/\/infopba247.com.ar\/?s={search_term_string}"},"query-input":{"@type":"PropertyValueSpecification","valueRequired":true,"valueName":"search_term_string"}}],"inLanguage":"es"},{"@type":"Organization","@id":"https:\/\/infopba247.com.ar\/#organization","name":"InfoPBA247","url":"https:\/\/infopba247.com.ar\/","logo":{"@type":"ImageObject","inLanguage":"es","@id":"https:\/\/infopba247.com.ar\/#\/schema\/logo\/image\/","url":"https:\/\/infopba247.com.ar\/wp-content\/uploads\/2022\/03\/cropped-InfoPBA247-1.png","contentUrl":"https:\/\/infopba247.com.ar\/wp-content\/uploads\/2022\/03\/cropped-InfoPBA247-1.png","width":500,"height":122,"caption":"InfoPBA247"},"image":{"@id":"https:\/\/infopba247.com.ar\/#\/schema\/logo\/image\/"},"sameAs":["https:\/\/www.facebook.com\/InfoPBA"]},{"@type":"Person","@id":"https:\/\/infopba247.com.ar\/#\/schema\/person\/4975f1343a413e57bf839b3eed0099f2","name":"Editor","image":{"@type":"ImageObject","inLanguage":"es","@id":"https:\/\/secure.gravatar.com\/avatar\/d27fe9520667ca53441d36627a1d6b0fa4a813571ec4803687a7a3a7744685ac?s=96&d=mm&r=g","url":"https:\/\/secure.gravatar.com\/avatar\/d27fe9520667ca53441d36627a1d6b0fa4a813571ec4803687a7a3a7744685ac?s=96&d=mm&r=g","contentUrl":"https:\/\/secure.gravatar.com\/avatar\/d27fe9520667ca53441d36627a1d6b0fa4a813571ec4803687a7a3a7744685ac?s=96&d=mm&r=g","caption":"Editor"},"url":"https:\/\/infopba247.com.ar\/index.php\/author\/editor\/"}]}},"_links":{"self":[{"href":"https:\/\/infopba247.com.ar\/index.php\/wp-json\/wp\/v2\/posts\/7234","targetHints":{"allow":["GET"]}}],"collection":[{"href":"https:\/\/infopba247.com.ar\/index.php\/wp-json\/wp\/v2\/posts"}],"about":[{"href":"https:\/\/infopba247.com.ar\/index.php\/wp-json\/wp\/v2\/types\/post"}],"author":[{"embeddable":true,"href":"https:\/\/infopba247.com.ar\/index.php\/wp-json\/wp\/v2\/users\/3"}],"replies":[{"embeddable":true,"href":"https:\/\/infopba247.com.ar\/index.php\/wp-json\/wp\/v2\/comments?post=7234"}],"version-history":[{"count":1,"href":"https:\/\/infopba247.com.ar\/index.php\/wp-json\/wp\/v2\/posts\/7234\/revisions"}],"predecessor-version":[{"id":7235,"href":"https:\/\/infopba247.com.ar\/index.php\/wp-json\/wp\/v2\/posts\/7234\/revisions\/7235"}],"wp:featuredmedia":[{"embeddable":true,"href":"https:\/\/infopba247.com.ar\/index.php\/wp-json\/wp\/v2\/media\/7228"}],"wp:attachment":[{"href":"https:\/\/infopba247.com.ar\/index.php\/wp-json\/wp\/v2\/media?parent=7234"}],"wp:term":[{"taxonomy":"category","embeddable":true,"href":"https:\/\/infopba247.com.ar\/index.php\/wp-json\/wp\/v2\/categories?post=7234"},{"taxonomy":"post_tag","embeddable":true,"href":"https:\/\/infopba247.com.ar\/index.php\/wp-json\/wp\/v2\/tags?post=7234"}],"curies":[{"name":"wp","href":"https:\/\/api.w.org\/{rel}","templated":true}]}}