{"id":7216,"date":"2025-06-04T08:27:41","date_gmt":"2025-06-04T11:27:41","guid":{"rendered":"https:\/\/infopba247.com.ar\/?p=7216"},"modified":"2025-06-04T08:27:42","modified_gmt":"2025-06-04T11:27:42","slug":"la-ciudad-celebra-la-nueva-plaza-italia-con-un-show-musical","status":"publish","type":"post","link":"https:\/\/infopba247.com.ar\/index.php\/2025\/06\/04\/la-ciudad-celebra-la-nueva-plaza-italia-con-un-show-musical\/","title":{"rendered":"La ciudad celebra la nueva Plaza Italia con un show musical"},"content":{"rendered":"\n<p>La Municipalidad de La Plata celebrar\u00e1 la reconstrucci\u00f3n de Plaza Italia con una jornada cultural abierta a toda la comunidad este s\u00e1bado 7 de junio desde las 15:00 en el emblem\u00e1tico espacio verde de 7 y 44.<\/p>\n\n\n\n<p>El encuentro tendr\u00e1 un homenaje especial a los cl\u00e1sicos de la m\u00fasica l\u00edrica italiana con las actuaciones de Juan Carlos Vasallo, Paula Almerares, Emmanuel Frers y Lautaro Chaparro. Adem\u00e1s, saldr\u00e1 a escena el ballet \u201cSicilia Bedda\u201d y Adriano Mori presentar\u00e1 el espect\u00e1culo \u201cCanciones de Italia que hicieron historia\u201d.<\/p>\n\n\n\n<p>La programaci\u00f3n incluir\u00e1 tambi\u00e9n la participaci\u00f3n del DJ Claudio L\u00f3pez, quien musicalizar\u00e1 la jornada para acompa\u00f1ar el festejo que se realizar\u00e1 dos d\u00edas despu\u00e9s de la inauguraci\u00f3n formal de las obras, prevista para el jueves 5 de junio.<\/p>\n\n\n\n<p>Cabe resaltar que la puesta en valor de la plaza se enmarca en el Plan de Recuperaci\u00f3n del Espacio P\u00fablico impulsado por la gesti\u00f3n del intendente Julio Alak para revitalizar los lugares de encuentro y recreaci\u00f3n del partido.<\/p>\n\n\n\n<p>La ejecuci\u00f3n se suma a otras intervenciones que el Municipio viene desarrollando en este sentido, entre las que se destacan las ya finalizadas en Plaza San Mart\u00edn y Plaza Rocha y la que avanza actualmente en el Pasaje Dardo Rocha.<\/p>\n","protected":false},"excerpt":{"rendered":"<p>La Municipalidad de La Plata celebrar\u00e1 la reconstrucci\u00f3n de Plaza Italia con una jornada cultural abierta a toda la comunidad<\/p>\n","protected":false},"author":3,"featured_media":7214,"comment_status":"open","ping_status":"open","sticky":false,"template":"","format":"standard","meta":{"colormag_page_container_layout":"default_layout","colormag_page_sidebar_layout":"default_layout","footnotes":""},"categories":[12,1,14],"tags":[],"class_list":["post-7216","post","type-post","status-publish","format-standard","has-post-thumbnail","hentry","category-8va-seccion","category-destacadas","category-politica"],"yoast_head":"<!-- This site is optimized with the Yoast SEO plugin v27.5 - https:\/\/yoast.com\/product\/yoast-seo-wordpress\/ -->\n<title>La ciudad celebra la nueva Plaza Italia con un show musical - InfoPBA247<\/title>\n<meta name=\"robots\" content=\"index, follow, max-snippet:-1, max-image-preview:large, max-video-preview:-1\" \/>\n<link rel=\"canonical\" href=\"https:\/\/infopba247.com.ar\/index.php\/2025\/06\/04\/la-ciudad-celebra-la-nueva-plaza-italia-con-un-show-musical\/\" \/>\n<meta property=\"og:locale\" content=\"es_ES\" \/>\n<meta property=\"og:type\" content=\"article\" \/>\n<meta property=\"og:title\" content=\"La ciudad celebra la nueva Plaza Italia con un show musical - InfoPBA247\" \/>\n<meta property=\"og:description\" content=\"La Municipalidad de La Plata celebrar\u00e1 la reconstrucci\u00f3n de Plaza Italia con una jornada cultural abierta a toda la comunidad\" \/>\n<meta property=\"og:url\" content=\"https:\/\/infopba247.com.ar\/index.php\/2025\/06\/04\/la-ciudad-celebra-la-nueva-plaza-italia-con-un-show-musical\/\" \/>\n<meta property=\"og:site_name\" content=\"InfoPBA247\" \/>\n<meta property=\"article:publisher\" content=\"https:\/\/www.facebook.com\/InfoPBA\" \/>\n<meta property=\"article:published_time\" content=\"2025-06-04T11:27:41+00:00\" \/>\n<meta property=\"article:modified_time\" content=\"2025-06-04T11:27:42+00:00\" \/>\n<meta property=\"og:image\" content=\"https:\/\/infopba247.com.ar\/wp-content\/uploads\/2025\/06\/unnamed-2025-06-04T081747.058-scaled.jpg\" \/>\n\t<meta property=\"og:image:width\" content=\"2560\" \/>\n\t<meta property=\"og:image:height\" content=\"1929\" \/>\n\t<meta property=\"og:image:type\" content=\"image\/jpeg\" \/>\n<meta name=\"author\" content=\"Editor\" \/>\n<meta name=\"twitter:card\" content=\"summary_large_image\" \/>\n<meta name=\"twitter:label1\" content=\"Escrito por\" \/>\n\t<meta name=\"twitter:data1\" content=\"Editor\" \/>\n\t<meta name=\"twitter:label2\" content=\"Tiempo de lectura\" \/>\n\t<meta name=\"twitter:data2\" content=\"2 minutos\" \/>\n<script type=\"application\/ld+json\" class=\"yoast-schema-graph\">{\"@context\":\"https:\\\/\\\/schema.org\",\"@graph\":[{\"@type\":\"Article\",\"@id\":\"https:\\\/\\\/infopba247.com.ar\\\/index.php\\\/2025\\\/06\\\/04\\\/la-ciudad-celebra-la-nueva-plaza-italia-con-un-show-musical\\\/#article\",\"isPartOf\":{\"@id\":\"https:\\\/\\\/infopba247.com.ar\\\/index.php\\\/2025\\\/06\\\/04\\\/la-ciudad-celebra-la-nueva-plaza-italia-con-un-show-musical\\\/\"},\"author\":{\"name\":\"Editor\",\"@id\":\"https:\\\/\\\/infopba247.com.ar\\\/#\\\/schema\\\/person\\\/4975f1343a413e57bf839b3eed0099f2\"},\"headline\":\"La ciudad celebra la nueva Plaza Italia con un show musical\",\"datePublished\":\"2025-06-04T11:27:41+00:00\",\"dateModified\":\"2025-06-04T11:27:42+00:00\",\"mainEntityOfPage\":{\"@id\":\"https:\\\/\\\/infopba247.com.ar\\\/index.php\\\/2025\\\/06\\\/04\\\/la-ciudad-celebra-la-nueva-plaza-italia-con-un-show-musical\\\/\"},\"wordCount\":229,\"commentCount\":0,\"publisher\":{\"@id\":\"https:\\\/\\\/infopba247.com.ar\\\/#organization\"},\"image\":{\"@id\":\"https:\\\/\\\/infopba247.com.ar\\\/index.php\\\/2025\\\/06\\\/04\\\/la-ciudad-celebra-la-nueva-plaza-italia-con-un-show-musical\\\/#primaryimage\"},\"thumbnailUrl\":\"https:\\\/\\\/infopba247.com.ar\\\/wp-content\\\/uploads\\\/2025\\\/06\\\/unnamed-2025-06-04T081747.058-scaled.jpg\",\"articleSection\":[\"8va Secci\u00f3n\",\"Destacadas\",\"Pol\u00edtica\"],\"inLanguage\":\"es\",\"potentialAction\":[{\"@type\":\"CommentAction\",\"name\":\"Comment\",\"target\":[\"https:\\\/\\\/infopba247.com.ar\\\/index.php\\\/2025\\\/06\\\/04\\\/la-ciudad-celebra-la-nueva-plaza-italia-con-un-show-musical\\\/#respond\"]}]},{\"@type\":\"WebPage\",\"@id\":\"https:\\\/\\\/infopba247.com.ar\\\/index.php\\\/2025\\\/06\\\/04\\\/la-ciudad-celebra-la-nueva-plaza-italia-con-un-show-musical\\\/\",\"url\":\"https:\\\/\\\/infopba247.com.ar\\\/index.php\\\/2025\\\/06\\\/04\\\/la-ciudad-celebra-la-nueva-plaza-italia-con-un-show-musical\\\/\",\"name\":\"La ciudad celebra la nueva Plaza Italia con un show musical - InfoPBA247\",\"isPartOf\":{\"@id\":\"https:\\\/\\\/infopba247.com.ar\\\/#website\"},\"primaryImageOfPage\":{\"@id\":\"https:\\\/\\\/infopba247.com.ar\\\/index.php\\\/2025\\\/06\\\/04\\\/la-ciudad-celebra-la-nueva-plaza-italia-con-un-show-musical\\\/#primaryimage\"},\"image\":{\"@id\":\"https:\\\/\\\/infopba247.com.ar\\\/index.php\\\/2025\\\/06\\\/04\\\/la-ciudad-celebra-la-nueva-plaza-italia-con-un-show-musical\\\/#primaryimage\"},\"thumbnailUrl\":\"https:\\\/\\\/infopba247.com.ar\\\/wp-content\\\/uploads\\\/2025\\\/06\\\/unnamed-2025-06-04T081747.058-scaled.jpg\",\"datePublished\":\"2025-06-04T11:27:41+00:00\",\"dateModified\":\"2025-06-04T11:27:42+00:00\",\"breadcrumb\":{\"@id\":\"https:\\\/\\\/infopba247.com.ar\\\/index.php\\\/2025\\\/06\\\/04\\\/la-ciudad-celebra-la-nueva-plaza-italia-con-un-show-musical\\\/#breadcrumb\"},\"inLanguage\":\"es\",\"potentialAction\":[{\"@type\":\"ReadAction\",\"target\":[\"https:\\\/\\\/infopba247.com.ar\\\/index.php\\\/2025\\\/06\\\/04\\\/la-ciudad-celebra-la-nueva-plaza-italia-con-un-show-musical\\\/\"]}]},{\"@type\":\"ImageObject\",\"inLanguage\":\"es\",\"@id\":\"https:\\\/\\\/infopba247.com.ar\\\/index.php\\\/2025\\\/06\\\/04\\\/la-ciudad-celebra-la-nueva-plaza-italia-con-un-show-musical\\\/#primaryimage\",\"url\":\"https:\\\/\\\/infopba247.com.ar\\\/wp-content\\\/uploads\\\/2025\\\/06\\\/unnamed-2025-06-04T081747.058-scaled.jpg\",\"contentUrl\":\"https:\\\/\\\/infopba247.com.ar\\\/wp-content\\\/uploads\\\/2025\\\/06\\\/unnamed-2025-06-04T081747.058-scaled.jpg\",\"width\":2560,\"height\":1929},{\"@type\":\"BreadcrumbList\",\"@id\":\"https:\\\/\\\/infopba247.com.ar\\\/index.php\\\/2025\\\/06\\\/04\\\/la-ciudad-celebra-la-nueva-plaza-italia-con-un-show-musical\\\/#breadcrumb\",\"itemListElement\":[{\"@type\":\"ListItem\",\"position\":1,\"name\":\"Portada\",\"item\":\"https:\\\/\\\/infopba247.com.ar\\\/\"},{\"@type\":\"ListItem\",\"position\":2,\"name\":\"La ciudad celebra la nueva Plaza Italia con un show musical\"}]},{\"@type\":\"WebSite\",\"@id\":\"https:\\\/\\\/infopba247.com.ar\\\/#website\",\"url\":\"https:\\\/\\\/infopba247.com.ar\\\/\",\"name\":\"InfoPBA247\",\"description\":\"Toda la actualidad bonaerense\",\"publisher\":{\"@id\":\"https:\\\/\\\/infopba247.com.ar\\\/#organization\"},\"potentialAction\":[{\"@type\":\"SearchAction\",\"target\":{\"@type\":\"EntryPoint\",\"urlTemplate\":\"https:\\\/\\\/infopba247.com.ar\\\/?s={search_term_string}\"},\"query-input\":{\"@type\":\"PropertyValueSpecification\",\"valueRequired\":true,\"valueName\":\"search_term_string\"}}],\"inLanguage\":\"es\"},{\"@type\":\"Organization\",\"@id\":\"https:\\\/\\\/infopba247.com.ar\\\/#organization\",\"name\":\"InfoPBA247\",\"url\":\"https:\\\/\\\/infopba247.com.ar\\\/\",\"logo\":{\"@type\":\"ImageObject\",\"inLanguage\":\"es\",\"@id\":\"https:\\\/\\\/infopba247.com.ar\\\/#\\\/schema\\\/logo\\\/image\\\/\",\"url\":\"https:\\\/\\\/infopba247.com.ar\\\/wp-content\\\/uploads\\\/2022\\\/03\\\/cropped-InfoPBA247-1.png\",\"contentUrl\":\"https:\\\/\\\/infopba247.com.ar\\\/wp-content\\\/uploads\\\/2022\\\/03\\\/cropped-InfoPBA247-1.png\",\"width\":500,\"height\":122,\"caption\":\"InfoPBA247\"},\"image\":{\"@id\":\"https:\\\/\\\/infopba247.com.ar\\\/#\\\/schema\\\/logo\\\/image\\\/\"},\"sameAs\":[\"https:\\\/\\\/www.facebook.com\\\/InfoPBA\"]},{\"@type\":\"Person\",\"@id\":\"https:\\\/\\\/infopba247.com.ar\\\/#\\\/schema\\\/person\\\/4975f1343a413e57bf839b3eed0099f2\",\"name\":\"Editor\",\"image\":{\"@type\":\"ImageObject\",\"inLanguage\":\"es\",\"@id\":\"https:\\\/\\\/secure.gravatar.com\\\/avatar\\\/d27fe9520667ca53441d36627a1d6b0fa4a813571ec4803687a7a3a7744685ac?s=96&d=mm&r=g\",\"url\":\"https:\\\/\\\/secure.gravatar.com\\\/avatar\\\/d27fe9520667ca53441d36627a1d6b0fa4a813571ec4803687a7a3a7744685ac?s=96&d=mm&r=g\",\"contentUrl\":\"https:\\\/\\\/secure.gravatar.com\\\/avatar\\\/d27fe9520667ca53441d36627a1d6b0fa4a813571ec4803687a7a3a7744685ac?s=96&d=mm&r=g\",\"caption\":\"Editor\"},\"url\":\"https:\\\/\\\/infopba247.com.ar\\\/index.php\\\/author\\\/editor\\\/\"}]}<\/script>\n<!-- \/ Yoast SEO plugin. -->","yoast_head_json":{"title":"La ciudad celebra la nueva Plaza Italia con un show musical - InfoPBA247","robots":{"index":"index","follow":"follow","max-snippet":"max-snippet:-1","max-image-preview":"max-image-preview:large","max-video-preview":"max-video-preview:-1"},"canonical":"https:\/\/infopba247.com.ar\/index.php\/2025\/06\/04\/la-ciudad-celebra-la-nueva-plaza-italia-con-un-show-musical\/","og_locale":"es_ES","og_type":"article","og_title":"La ciudad celebra la nueva Plaza Italia con un show musical - InfoPBA247","og_description":"La Municipalidad de La Plata celebrar\u00e1 la reconstrucci\u00f3n de Plaza Italia con una jornada cultural abierta a toda la comunidad","og_url":"https:\/\/infopba247.com.ar\/index.php\/2025\/06\/04\/la-ciudad-celebra-la-nueva-plaza-italia-con-un-show-musical\/","og_site_name":"InfoPBA247","article_publisher":"https:\/\/www.facebook.com\/InfoPBA","article_published_time":"2025-06-04T11:27:41+00:00","article_modified_time":"2025-06-04T11:27:42+00:00","og_image":[{"width":2560,"height":1929,"url":"https:\/\/infopba247.com.ar\/wp-content\/uploads\/2025\/06\/unnamed-2025-06-04T081747.058-scaled.jpg","type":"image\/jpeg"}],"author":"Editor","twitter_card":"summary_large_image","twitter_misc":{"Escrito por":"Editor","Tiempo de lectura":"2 minutos"},"schema":{"@context":"https:\/\/schema.org","@graph":[{"@type":"Article","@id":"https:\/\/infopba247.com.ar\/index.php\/2025\/06\/04\/la-ciudad-celebra-la-nueva-plaza-italia-con-un-show-musical\/#article","isPartOf":{"@id":"https:\/\/infopba247.com.ar\/index.php\/2025\/06\/04\/la-ciudad-celebra-la-nueva-plaza-italia-con-un-show-musical\/"},"author":{"name":"Editor","@id":"https:\/\/infopba247.com.ar\/#\/schema\/person\/4975f1343a413e57bf839b3eed0099f2"},"headline":"La ciudad celebra la nueva Plaza Italia con un show musical","datePublished":"2025-06-04T11:27:41+00:00","dateModified":"2025-06-04T11:27:42+00:00","mainEntityOfPage":{"@id":"https:\/\/infopba247.com.ar\/index.php\/2025\/06\/04\/la-ciudad-celebra-la-nueva-plaza-italia-con-un-show-musical\/"},"wordCount":229,"commentCount":0,"publisher":{"@id":"https:\/\/infopba247.com.ar\/#organization"},"image":{"@id":"https:\/\/infopba247.com.ar\/index.php\/2025\/06\/04\/la-ciudad-celebra-la-nueva-plaza-italia-con-un-show-musical\/#primaryimage"},"thumbnailUrl":"https:\/\/infopba247.com.ar\/wp-content\/uploads\/2025\/06\/unnamed-2025-06-04T081747.058-scaled.jpg","articleSection":["8va Secci\u00f3n","Destacadas","Pol\u00edtica"],"inLanguage":"es","potentialAction":[{"@type":"CommentAction","name":"Comment","target":["https:\/\/infopba247.com.ar\/index.php\/2025\/06\/04\/la-ciudad-celebra-la-nueva-plaza-italia-con-un-show-musical\/#respond"]}]},{"@type":"WebPage","@id":"https:\/\/infopba247.com.ar\/index.php\/2025\/06\/04\/la-ciudad-celebra-la-nueva-plaza-italia-con-un-show-musical\/","url":"https:\/\/infopba247.com.ar\/index.php\/2025\/06\/04\/la-ciudad-celebra-la-nueva-plaza-italia-con-un-show-musical\/","name":"La ciudad celebra la nueva Plaza Italia con un show musical - InfoPBA247","isPartOf":{"@id":"https:\/\/infopba247.com.ar\/#website"},"primaryImageOfPage":{"@id":"https:\/\/infopba247.com.ar\/index.php\/2025\/06\/04\/la-ciudad-celebra-la-nueva-plaza-italia-con-un-show-musical\/#primaryimage"},"image":{"@id":"https:\/\/infopba247.com.ar\/index.php\/2025\/06\/04\/la-ciudad-celebra-la-nueva-plaza-italia-con-un-show-musical\/#primaryimage"},"thumbnailUrl":"https:\/\/infopba247.com.ar\/wp-content\/uploads\/2025\/06\/unnamed-2025-06-04T081747.058-scaled.jpg","datePublished":"2025-06-04T11:27:41+00:00","dateModified":"2025-06-04T11:27:42+00:00","breadcrumb":{"@id":"https:\/\/infopba247.com.ar\/index.php\/2025\/06\/04\/la-ciudad-celebra-la-nueva-plaza-italia-con-un-show-musical\/#breadcrumb"},"inLanguage":"es","potentialAction":[{"@type":"ReadAction","target":["https:\/\/infopba247.com.ar\/index.php\/2025\/06\/04\/la-ciudad-celebra-la-nueva-plaza-italia-con-un-show-musical\/"]}]},{"@type":"ImageObject","inLanguage":"es","@id":"https:\/\/infopba247.com.ar\/index.php\/2025\/06\/04\/la-ciudad-celebra-la-nueva-plaza-italia-con-un-show-musical\/#primaryimage","url":"https:\/\/infopba247.com.ar\/wp-content\/uploads\/2025\/06\/unnamed-2025-06-04T081747.058-scaled.jpg","contentUrl":"https:\/\/infopba247.com.ar\/wp-content\/uploads\/2025\/06\/unnamed-2025-06-04T081747.058-scaled.jpg","width":2560,"height":1929},{"@type":"BreadcrumbList","@id":"https:\/\/infopba247.com.ar\/index.php\/2025\/06\/04\/la-ciudad-celebra-la-nueva-plaza-italia-con-un-show-musical\/#breadcrumb","itemListElement":[{"@type":"ListItem","position":1,"name":"Portada","item":"https:\/\/infopba247.com.ar\/"},{"@type":"ListItem","position":2,"name":"La ciudad celebra la nueva Plaza Italia con un show musical"}]},{"@type":"WebSite","@id":"https:\/\/infopba247.com.ar\/#website","url":"https:\/\/infopba247.com.ar\/","name":"InfoPBA247","description":"Toda la actualidad bonaerense","publisher":{"@id":"https:\/\/infopba247.com.ar\/#organization"},"potentialAction":[{"@type":"SearchAction","target":{"@type":"EntryPoint","urlTemplate":"https:\/\/infopba247.com.ar\/?s={search_term_string}"},"query-input":{"@type":"PropertyValueSpecification","valueRequired":true,"valueName":"search_term_string"}}],"inLanguage":"es"},{"@type":"Organization","@id":"https:\/\/infopba247.com.ar\/#organization","name":"InfoPBA247","url":"https:\/\/infopba247.com.ar\/","logo":{"@type":"ImageObject","inLanguage":"es","@id":"https:\/\/infopba247.com.ar\/#\/schema\/logo\/image\/","url":"https:\/\/infopba247.com.ar\/wp-content\/uploads\/2022\/03\/cropped-InfoPBA247-1.png","contentUrl":"https:\/\/infopba247.com.ar\/wp-content\/uploads\/2022\/03\/cropped-InfoPBA247-1.png","width":500,"height":122,"caption":"InfoPBA247"},"image":{"@id":"https:\/\/infopba247.com.ar\/#\/schema\/logo\/image\/"},"sameAs":["https:\/\/www.facebook.com\/InfoPBA"]},{"@type":"Person","@id":"https:\/\/infopba247.com.ar\/#\/schema\/person\/4975f1343a413e57bf839b3eed0099f2","name":"Editor","image":{"@type":"ImageObject","inLanguage":"es","@id":"https:\/\/secure.gravatar.com\/avatar\/d27fe9520667ca53441d36627a1d6b0fa4a813571ec4803687a7a3a7744685ac?s=96&d=mm&r=g","url":"https:\/\/secure.gravatar.com\/avatar\/d27fe9520667ca53441d36627a1d6b0fa4a813571ec4803687a7a3a7744685ac?s=96&d=mm&r=g","contentUrl":"https:\/\/secure.gravatar.com\/avatar\/d27fe9520667ca53441d36627a1d6b0fa4a813571ec4803687a7a3a7744685ac?s=96&d=mm&r=g","caption":"Editor"},"url":"https:\/\/infopba247.com.ar\/index.php\/author\/editor\/"}]}},"_links":{"self":[{"href":"https:\/\/infopba247.com.ar\/index.php\/wp-json\/wp\/v2\/posts\/7216","targetHints":{"allow":["GET"]}}],"collection":[{"href":"https:\/\/infopba247.com.ar\/index.php\/wp-json\/wp\/v2\/posts"}],"about":[{"href":"https:\/\/infopba247.com.ar\/index.php\/wp-json\/wp\/v2\/types\/post"}],"author":[{"embeddable":true,"href":"https:\/\/infopba247.com.ar\/index.php\/wp-json\/wp\/v2\/users\/3"}],"replies":[{"embeddable":true,"href":"https:\/\/infopba247.com.ar\/index.php\/wp-json\/wp\/v2\/comments?post=7216"}],"version-history":[{"count":1,"href":"https:\/\/infopba247.com.ar\/index.php\/wp-json\/wp\/v2\/posts\/7216\/revisions"}],"predecessor-version":[{"id":7217,"href":"https:\/\/infopba247.com.ar\/index.php\/wp-json\/wp\/v2\/posts\/7216\/revisions\/7217"}],"wp:featuredmedia":[{"embeddable":true,"href":"https:\/\/infopba247.com.ar\/index.php\/wp-json\/wp\/v2\/media\/7214"}],"wp:attachment":[{"href":"https:\/\/infopba247.com.ar\/index.php\/wp-json\/wp\/v2\/media?parent=7216"}],"wp:term":[{"taxonomy":"category","embeddable":true,"href":"https:\/\/infopba247.com.ar\/index.php\/wp-json\/wp\/v2\/categories?post=7216"},{"taxonomy":"post_tag","embeddable":true,"href":"https:\/\/infopba247.com.ar\/index.php\/wp-json\/wp\/v2\/tags?post=7216"}],"curies":[{"name":"wp","href":"https:\/\/api.w.org\/{rel}","templated":true}]}}