{"id":7177,"date":"2025-05-30T08:04:57","date_gmt":"2025-05-30T11:04:57","guid":{"rendered":"https:\/\/infopba247.com.ar\/?p=7177"},"modified":"2025-05-30T08:04:58","modified_gmt":"2025-05-30T11:04:58","slug":"alak-lanzo-el-consejo-municipal-de-colectividades","status":"publish","type":"post","link":"https:\/\/infopba247.com.ar\/index.php\/2025\/05\/30\/alak-lanzo-el-consejo-municipal-de-colectividades\/","title":{"rendered":"Alak lanz\u00f3 el Consejo Municipal de Colectividades"},"content":{"rendered":"\n<p>El intendente de La Plata, Julio Alak, encabez\u00f3 el acto de presentaci\u00f3n del Consejo Municipal de Colectividades, un espacio participativo para fortalecer el di\u00e1logo intercultural, fomentar la integraci\u00f3n y celebrar la diversidad como motor de desarrollo humano y comunitario.<\/p>\n\n\n\n<p>\u201cBuscamos que La Plata sea reconocida como una ciudad modelo de convivencia intercultural, promotora activa de los derechos de las colectividades y garante de pol\u00edticas p\u00fablicas que preserven su memoria, potencien su presente y proyecten su porvenir en un marco de respeto mutuo, participaci\u00f3n democr\u00e1tica y pertenencia ciudadana\u201d, expres\u00f3 el intendente Alak.<\/p>\n\n\n\n<p>\u201cCreemos firmemente que los valores que deben guiar este camino son los de la diversidad como patrimonio, la integraci\u00f3n como horizonte, el respeto y el di\u00e1logo como principios, la memoria como cimiento, la participaci\u00f3n como derecho y la solidaridad como pr\u00e1ctica diaria\u201d, agreg\u00f3 el jefe comunal, y concluy\u00f3: \u201cQueremos una ciudad en la que cada comunidad pueda mantener viva su ra\u00edz sin renunciar al proyecto colectivo que compartimos como platenses\u201d.<\/p>\n\n\n\n<p>El consejo tendr\u00e1 como objetivos visibilizar a las colectividades residentes en la ciudad, representarlas en el \u00e1mbito municipal, establecer un canal institucional de di\u00e1logo, promover pol\u00edticas p\u00fablicas interculturales e impulsar actividades culturales conjuntas.<\/p>\n\n\n\n<p>Con ese fin, funcionar\u00e1 como una instancia consultiva y participativa con reuniones bimensuales, donde se podr\u00e1n presentar propuestas y proyectos para su an\u00e1lisis y articulaci\u00f3n con diferentes \u00e1reas e instituciones, como consulados, universidades y organizaciones.<\/p>\n\n\n\n<p>Las iniciativas podr\u00e1n motivar o plasmarse en actividades como festivales y capacitaciones para las que la Subsecretar\u00eda de Colectividades del Municipio gestionar\u00e1 la log\u00edstica, los espacios y el soporte t\u00e9cnico necesario.<\/p>\n\n\n\n<p>Para formar parte del consejo, las colectividades deben contar con personer\u00eda jur\u00eddica vigente y estar inscriptas en el Registro de Entidades de Bien P\u00fablico. Las que quieran participar y no est\u00e9n al d\u00eda, tendr\u00e1n tiempo hasta el 31 de diciembre de 2025 para regularizar su situaci\u00f3n, con posibilidad de pr\u00f3rroga justificada.<\/p>\n\n\n\n<p>LA PLATA Y LAS COLECTIVIDADES<\/p>\n\n\n\n<p>Al ser planificada desde su origen como s\u00edmbolo del progreso argentino, desde su fundaci\u00f3n en 1882 La Plata ha sido un destino de encuentro y convivencia para personas provenientes de distintas latitudes, un polo de atracci\u00f3n para trabajadores, profesionales, artistas y familias enteras de inmigrantes.<\/p>\n\n\n\n<p>Entre ellos, la comunidad italiana ocup\u00f3 un rol protag\u00f3nico y marc\u00f3 los primeros tiempos de la ciudad interviniendo en las obras, la arquitectura y el trazado urbano fundacionales, las instituciones, los clubes, las sociedades de socorro mutuo, las fiestas populares, los oficios y la vida barrial, aportando su esfuerzo, sus saberes y su cultura al servicio de una ciudad que tambi\u00e9n empezaban a considerar propia.<\/p>\n\n\n\n<p>Del mismo modo, colectividades como la espa\u00f1ola, la francesa, la alemana, la vasca, la irlandesa y la suiza contribuyeron decisivamente con sus saberes t\u00e9cnicos, pr\u00e1cticas agr\u00edcolas, tradiciones culinarias, formas de organizaci\u00f3n social y una fuerte vocaci\u00f3n de arraigo que fue nutriendo a la capital bonaerense de una identidad plural y cosmopolita.<\/p>\n\n\n\n<p>M\u00e1s adelante se sumaron comunidades provenientes de Am\u00e9rica Latina, Medio Oriente, el sudeste asi\u00e1tico y pa\u00edses del \u00c1frica que aportaron nuevas expresiones y fortalecieron a\u00fan m\u00e1s el car\u00e1cter diverso de La Plata y a lo largo de las d\u00e9cadas todas han sido sost\u00e9n del lazo entre la memoria de origen y la vida en la ciudad, promoviendo la integraci\u00f3n y el orgullo por la herencia cultural compartida.<\/p>\n","protected":false},"excerpt":{"rendered":"<p>El intendente de La Plata, Julio Alak, encabez\u00f3 el acto de presentaci\u00f3n del Consejo Municipal de Colectividades, un espacio participativo<\/p>\n","protected":false},"author":3,"featured_media":7175,"comment_status":"open","ping_status":"open","sticky":false,"template":"","format":"standard","meta":{"colormag_page_container_layout":"default_layout","colormag_page_sidebar_layout":"default_layout","footnotes":""},"categories":[12,1,14],"tags":[],"class_list":["post-7177","post","type-post","status-publish","format-standard","has-post-thumbnail","hentry","category-8va-seccion","category-destacadas","category-politica"],"yoast_head":"<!-- This site is optimized with the Yoast SEO plugin v27.4 - https:\/\/yoast.com\/product\/yoast-seo-wordpress\/ -->\n<title>Alak lanz\u00f3 el Consejo Municipal de Colectividades - InfoPBA247<\/title>\n<meta name=\"robots\" content=\"index, follow, max-snippet:-1, max-image-preview:large, max-video-preview:-1\" \/>\n<link rel=\"canonical\" href=\"https:\/\/infopba247.com.ar\/index.php\/2025\/05\/30\/alak-lanzo-el-consejo-municipal-de-colectividades\/\" \/>\n<meta property=\"og:locale\" content=\"es_ES\" \/>\n<meta property=\"og:type\" content=\"article\" \/>\n<meta property=\"og:title\" content=\"Alak lanz\u00f3 el Consejo Municipal de Colectividades - InfoPBA247\" \/>\n<meta property=\"og:description\" content=\"El intendente de La Plata, Julio Alak, encabez\u00f3 el acto de presentaci\u00f3n del Consejo Municipal de Colectividades, un espacio participativo\" \/>\n<meta property=\"og:url\" content=\"https:\/\/infopba247.com.ar\/index.php\/2025\/05\/30\/alak-lanzo-el-consejo-municipal-de-colectividades\/\" \/>\n<meta property=\"og:site_name\" content=\"InfoPBA247\" \/>\n<meta property=\"article:publisher\" content=\"https:\/\/www.facebook.com\/InfoPBA\" \/>\n<meta property=\"article:published_time\" content=\"2025-05-30T11:04:57+00:00\" \/>\n<meta property=\"article:modified_time\" content=\"2025-05-30T11:04:58+00:00\" \/>\n<meta property=\"og:image\" content=\"https:\/\/infopba247.com.ar\/wp-content\/uploads\/2025\/05\/unnamed-2025-05-30T075634.538.jpg\" \/>\n\t<meta property=\"og:image:width\" content=\"1920\" \/>\n\t<meta property=\"og:image:height\" content=\"1280\" \/>\n\t<meta property=\"og:image:type\" content=\"image\/jpeg\" \/>\n<meta name=\"author\" content=\"Editor\" \/>\n<meta name=\"twitter:card\" content=\"summary_large_image\" \/>\n<meta name=\"twitter:label1\" content=\"Escrito por\" \/>\n\t<meta name=\"twitter:data1\" content=\"Editor\" \/>\n\t<meta name=\"twitter:label2\" content=\"Tiempo de lectura\" \/>\n\t<meta name=\"twitter:data2\" content=\"3 minutos\" \/>\n<script type=\"application\/ld+json\" class=\"yoast-schema-graph\">{\"@context\":\"https:\\\/\\\/schema.org\",\"@graph\":[{\"@type\":\"Article\",\"@id\":\"https:\\\/\\\/infopba247.com.ar\\\/index.php\\\/2025\\\/05\\\/30\\\/alak-lanzo-el-consejo-municipal-de-colectividades\\\/#article\",\"isPartOf\":{\"@id\":\"https:\\\/\\\/infopba247.com.ar\\\/index.php\\\/2025\\\/05\\\/30\\\/alak-lanzo-el-consejo-municipal-de-colectividades\\\/\"},\"author\":{\"name\":\"Editor\",\"@id\":\"https:\\\/\\\/infopba247.com.ar\\\/#\\\/schema\\\/person\\\/4975f1343a413e57bf839b3eed0099f2\"},\"headline\":\"Alak lanz\u00f3 el Consejo Municipal de Colectividades\",\"datePublished\":\"2025-05-30T11:04:57+00:00\",\"dateModified\":\"2025-05-30T11:04:58+00:00\",\"mainEntityOfPage\":{\"@id\":\"https:\\\/\\\/infopba247.com.ar\\\/index.php\\\/2025\\\/05\\\/30\\\/alak-lanzo-el-consejo-municipal-de-colectividades\\\/\"},\"wordCount\":599,\"commentCount\":0,\"publisher\":{\"@id\":\"https:\\\/\\\/infopba247.com.ar\\\/#organization\"},\"image\":{\"@id\":\"https:\\\/\\\/infopba247.com.ar\\\/index.php\\\/2025\\\/05\\\/30\\\/alak-lanzo-el-consejo-municipal-de-colectividades\\\/#primaryimage\"},\"thumbnailUrl\":\"https:\\\/\\\/infopba247.com.ar\\\/wp-content\\\/uploads\\\/2025\\\/05\\\/unnamed-2025-05-30T075634.538.jpg\",\"articleSection\":[\"8va Secci\u00f3n\",\"Destacadas\",\"Pol\u00edtica\"],\"inLanguage\":\"es\",\"potentialAction\":[{\"@type\":\"CommentAction\",\"name\":\"Comment\",\"target\":[\"https:\\\/\\\/infopba247.com.ar\\\/index.php\\\/2025\\\/05\\\/30\\\/alak-lanzo-el-consejo-municipal-de-colectividades\\\/#respond\"]}]},{\"@type\":\"WebPage\",\"@id\":\"https:\\\/\\\/infopba247.com.ar\\\/index.php\\\/2025\\\/05\\\/30\\\/alak-lanzo-el-consejo-municipal-de-colectividades\\\/\",\"url\":\"https:\\\/\\\/infopba247.com.ar\\\/index.php\\\/2025\\\/05\\\/30\\\/alak-lanzo-el-consejo-municipal-de-colectividades\\\/\",\"name\":\"Alak lanz\u00f3 el Consejo Municipal de Colectividades - InfoPBA247\",\"isPartOf\":{\"@id\":\"https:\\\/\\\/infopba247.com.ar\\\/#website\"},\"primaryImageOfPage\":{\"@id\":\"https:\\\/\\\/infopba247.com.ar\\\/index.php\\\/2025\\\/05\\\/30\\\/alak-lanzo-el-consejo-municipal-de-colectividades\\\/#primaryimage\"},\"image\":{\"@id\":\"https:\\\/\\\/infopba247.com.ar\\\/index.php\\\/2025\\\/05\\\/30\\\/alak-lanzo-el-consejo-municipal-de-colectividades\\\/#primaryimage\"},\"thumbnailUrl\":\"https:\\\/\\\/infopba247.com.ar\\\/wp-content\\\/uploads\\\/2025\\\/05\\\/unnamed-2025-05-30T075634.538.jpg\",\"datePublished\":\"2025-05-30T11:04:57+00:00\",\"dateModified\":\"2025-05-30T11:04:58+00:00\",\"breadcrumb\":{\"@id\":\"https:\\\/\\\/infopba247.com.ar\\\/index.php\\\/2025\\\/05\\\/30\\\/alak-lanzo-el-consejo-municipal-de-colectividades\\\/#breadcrumb\"},\"inLanguage\":\"es\",\"potentialAction\":[{\"@type\":\"ReadAction\",\"target\":[\"https:\\\/\\\/infopba247.com.ar\\\/index.php\\\/2025\\\/05\\\/30\\\/alak-lanzo-el-consejo-municipal-de-colectividades\\\/\"]}]},{\"@type\":\"ImageObject\",\"inLanguage\":\"es\",\"@id\":\"https:\\\/\\\/infopba247.com.ar\\\/index.php\\\/2025\\\/05\\\/30\\\/alak-lanzo-el-consejo-municipal-de-colectividades\\\/#primaryimage\",\"url\":\"https:\\\/\\\/infopba247.com.ar\\\/wp-content\\\/uploads\\\/2025\\\/05\\\/unnamed-2025-05-30T075634.538.jpg\",\"contentUrl\":\"https:\\\/\\\/infopba247.com.ar\\\/wp-content\\\/uploads\\\/2025\\\/05\\\/unnamed-2025-05-30T075634.538.jpg\",\"width\":1920,\"height\":1280},{\"@type\":\"BreadcrumbList\",\"@id\":\"https:\\\/\\\/infopba247.com.ar\\\/index.php\\\/2025\\\/05\\\/30\\\/alak-lanzo-el-consejo-municipal-de-colectividades\\\/#breadcrumb\",\"itemListElement\":[{\"@type\":\"ListItem\",\"position\":1,\"name\":\"Portada\",\"item\":\"https:\\\/\\\/infopba247.com.ar\\\/\"},{\"@type\":\"ListItem\",\"position\":2,\"name\":\"Alak lanz\u00f3 el Consejo Municipal de Colectividades\"}]},{\"@type\":\"WebSite\",\"@id\":\"https:\\\/\\\/infopba247.com.ar\\\/#website\",\"url\":\"https:\\\/\\\/infopba247.com.ar\\\/\",\"name\":\"InfoPBA247\",\"description\":\"Toda la actualidad bonaerense\",\"publisher\":{\"@id\":\"https:\\\/\\\/infopba247.com.ar\\\/#organization\"},\"potentialAction\":[{\"@type\":\"SearchAction\",\"target\":{\"@type\":\"EntryPoint\",\"urlTemplate\":\"https:\\\/\\\/infopba247.com.ar\\\/?s={search_term_string}\"},\"query-input\":{\"@type\":\"PropertyValueSpecification\",\"valueRequired\":true,\"valueName\":\"search_term_string\"}}],\"inLanguage\":\"es\"},{\"@type\":\"Organization\",\"@id\":\"https:\\\/\\\/infopba247.com.ar\\\/#organization\",\"name\":\"InfoPBA247\",\"url\":\"https:\\\/\\\/infopba247.com.ar\\\/\",\"logo\":{\"@type\":\"ImageObject\",\"inLanguage\":\"es\",\"@id\":\"https:\\\/\\\/infopba247.com.ar\\\/#\\\/schema\\\/logo\\\/image\\\/\",\"url\":\"https:\\\/\\\/infopba247.com.ar\\\/wp-content\\\/uploads\\\/2022\\\/03\\\/cropped-InfoPBA247-1.png\",\"contentUrl\":\"https:\\\/\\\/infopba247.com.ar\\\/wp-content\\\/uploads\\\/2022\\\/03\\\/cropped-InfoPBA247-1.png\",\"width\":500,\"height\":122,\"caption\":\"InfoPBA247\"},\"image\":{\"@id\":\"https:\\\/\\\/infopba247.com.ar\\\/#\\\/schema\\\/logo\\\/image\\\/\"},\"sameAs\":[\"https:\\\/\\\/www.facebook.com\\\/InfoPBA\"]},{\"@type\":\"Person\",\"@id\":\"https:\\\/\\\/infopba247.com.ar\\\/#\\\/schema\\\/person\\\/4975f1343a413e57bf839b3eed0099f2\",\"name\":\"Editor\",\"image\":{\"@type\":\"ImageObject\",\"inLanguage\":\"es\",\"@id\":\"https:\\\/\\\/secure.gravatar.com\\\/avatar\\\/d27fe9520667ca53441d36627a1d6b0fa4a813571ec4803687a7a3a7744685ac?s=96&d=mm&r=g\",\"url\":\"https:\\\/\\\/secure.gravatar.com\\\/avatar\\\/d27fe9520667ca53441d36627a1d6b0fa4a813571ec4803687a7a3a7744685ac?s=96&d=mm&r=g\",\"contentUrl\":\"https:\\\/\\\/secure.gravatar.com\\\/avatar\\\/d27fe9520667ca53441d36627a1d6b0fa4a813571ec4803687a7a3a7744685ac?s=96&d=mm&r=g\",\"caption\":\"Editor\"},\"url\":\"https:\\\/\\\/infopba247.com.ar\\\/index.php\\\/author\\\/editor\\\/\"}]}<\/script>\n<!-- \/ Yoast SEO plugin. -->","yoast_head_json":{"title":"Alak lanz\u00f3 el Consejo Municipal de Colectividades - InfoPBA247","robots":{"index":"index","follow":"follow","max-snippet":"max-snippet:-1","max-image-preview":"max-image-preview:large","max-video-preview":"max-video-preview:-1"},"canonical":"https:\/\/infopba247.com.ar\/index.php\/2025\/05\/30\/alak-lanzo-el-consejo-municipal-de-colectividades\/","og_locale":"es_ES","og_type":"article","og_title":"Alak lanz\u00f3 el Consejo Municipal de Colectividades - InfoPBA247","og_description":"El intendente de La Plata, Julio Alak, encabez\u00f3 el acto de presentaci\u00f3n del Consejo Municipal de Colectividades, un espacio participativo","og_url":"https:\/\/infopba247.com.ar\/index.php\/2025\/05\/30\/alak-lanzo-el-consejo-municipal-de-colectividades\/","og_site_name":"InfoPBA247","article_publisher":"https:\/\/www.facebook.com\/InfoPBA","article_published_time":"2025-05-30T11:04:57+00:00","article_modified_time":"2025-05-30T11:04:58+00:00","og_image":[{"width":1920,"height":1280,"url":"https:\/\/infopba247.com.ar\/wp-content\/uploads\/2025\/05\/unnamed-2025-05-30T075634.538.jpg","type":"image\/jpeg"}],"author":"Editor","twitter_card":"summary_large_image","twitter_misc":{"Escrito por":"Editor","Tiempo de lectura":"3 minutos"},"schema":{"@context":"https:\/\/schema.org","@graph":[{"@type":"Article","@id":"https:\/\/infopba247.com.ar\/index.php\/2025\/05\/30\/alak-lanzo-el-consejo-municipal-de-colectividades\/#article","isPartOf":{"@id":"https:\/\/infopba247.com.ar\/index.php\/2025\/05\/30\/alak-lanzo-el-consejo-municipal-de-colectividades\/"},"author":{"name":"Editor","@id":"https:\/\/infopba247.com.ar\/#\/schema\/person\/4975f1343a413e57bf839b3eed0099f2"},"headline":"Alak lanz\u00f3 el Consejo Municipal de Colectividades","datePublished":"2025-05-30T11:04:57+00:00","dateModified":"2025-05-30T11:04:58+00:00","mainEntityOfPage":{"@id":"https:\/\/infopba247.com.ar\/index.php\/2025\/05\/30\/alak-lanzo-el-consejo-municipal-de-colectividades\/"},"wordCount":599,"commentCount":0,"publisher":{"@id":"https:\/\/infopba247.com.ar\/#organization"},"image":{"@id":"https:\/\/infopba247.com.ar\/index.php\/2025\/05\/30\/alak-lanzo-el-consejo-municipal-de-colectividades\/#primaryimage"},"thumbnailUrl":"https:\/\/infopba247.com.ar\/wp-content\/uploads\/2025\/05\/unnamed-2025-05-30T075634.538.jpg","articleSection":["8va Secci\u00f3n","Destacadas","Pol\u00edtica"],"inLanguage":"es","potentialAction":[{"@type":"CommentAction","name":"Comment","target":["https:\/\/infopba247.com.ar\/index.php\/2025\/05\/30\/alak-lanzo-el-consejo-municipal-de-colectividades\/#respond"]}]},{"@type":"WebPage","@id":"https:\/\/infopba247.com.ar\/index.php\/2025\/05\/30\/alak-lanzo-el-consejo-municipal-de-colectividades\/","url":"https:\/\/infopba247.com.ar\/index.php\/2025\/05\/30\/alak-lanzo-el-consejo-municipal-de-colectividades\/","name":"Alak lanz\u00f3 el Consejo Municipal de Colectividades - InfoPBA247","isPartOf":{"@id":"https:\/\/infopba247.com.ar\/#website"},"primaryImageOfPage":{"@id":"https:\/\/infopba247.com.ar\/index.php\/2025\/05\/30\/alak-lanzo-el-consejo-municipal-de-colectividades\/#primaryimage"},"image":{"@id":"https:\/\/infopba247.com.ar\/index.php\/2025\/05\/30\/alak-lanzo-el-consejo-municipal-de-colectividades\/#primaryimage"},"thumbnailUrl":"https:\/\/infopba247.com.ar\/wp-content\/uploads\/2025\/05\/unnamed-2025-05-30T075634.538.jpg","datePublished":"2025-05-30T11:04:57+00:00","dateModified":"2025-05-30T11:04:58+00:00","breadcrumb":{"@id":"https:\/\/infopba247.com.ar\/index.php\/2025\/05\/30\/alak-lanzo-el-consejo-municipal-de-colectividades\/#breadcrumb"},"inLanguage":"es","potentialAction":[{"@type":"ReadAction","target":["https:\/\/infopba247.com.ar\/index.php\/2025\/05\/30\/alak-lanzo-el-consejo-municipal-de-colectividades\/"]}]},{"@type":"ImageObject","inLanguage":"es","@id":"https:\/\/infopba247.com.ar\/index.php\/2025\/05\/30\/alak-lanzo-el-consejo-municipal-de-colectividades\/#primaryimage","url":"https:\/\/infopba247.com.ar\/wp-content\/uploads\/2025\/05\/unnamed-2025-05-30T075634.538.jpg","contentUrl":"https:\/\/infopba247.com.ar\/wp-content\/uploads\/2025\/05\/unnamed-2025-05-30T075634.538.jpg","width":1920,"height":1280},{"@type":"BreadcrumbList","@id":"https:\/\/infopba247.com.ar\/index.php\/2025\/05\/30\/alak-lanzo-el-consejo-municipal-de-colectividades\/#breadcrumb","itemListElement":[{"@type":"ListItem","position":1,"name":"Portada","item":"https:\/\/infopba247.com.ar\/"},{"@type":"ListItem","position":2,"name":"Alak lanz\u00f3 el Consejo Municipal de Colectividades"}]},{"@type":"WebSite","@id":"https:\/\/infopba247.com.ar\/#website","url":"https:\/\/infopba247.com.ar\/","name":"InfoPBA247","description":"Toda la actualidad bonaerense","publisher":{"@id":"https:\/\/infopba247.com.ar\/#organization"},"potentialAction":[{"@type":"SearchAction","target":{"@type":"EntryPoint","urlTemplate":"https:\/\/infopba247.com.ar\/?s={search_term_string}"},"query-input":{"@type":"PropertyValueSpecification","valueRequired":true,"valueName":"search_term_string"}}],"inLanguage":"es"},{"@type":"Organization","@id":"https:\/\/infopba247.com.ar\/#organization","name":"InfoPBA247","url":"https:\/\/infopba247.com.ar\/","logo":{"@type":"ImageObject","inLanguage":"es","@id":"https:\/\/infopba247.com.ar\/#\/schema\/logo\/image\/","url":"https:\/\/infopba247.com.ar\/wp-content\/uploads\/2022\/03\/cropped-InfoPBA247-1.png","contentUrl":"https:\/\/infopba247.com.ar\/wp-content\/uploads\/2022\/03\/cropped-InfoPBA247-1.png","width":500,"height":122,"caption":"InfoPBA247"},"image":{"@id":"https:\/\/infopba247.com.ar\/#\/schema\/logo\/image\/"},"sameAs":["https:\/\/www.facebook.com\/InfoPBA"]},{"@type":"Person","@id":"https:\/\/infopba247.com.ar\/#\/schema\/person\/4975f1343a413e57bf839b3eed0099f2","name":"Editor","image":{"@type":"ImageObject","inLanguage":"es","@id":"https:\/\/secure.gravatar.com\/avatar\/d27fe9520667ca53441d36627a1d6b0fa4a813571ec4803687a7a3a7744685ac?s=96&d=mm&r=g","url":"https:\/\/secure.gravatar.com\/avatar\/d27fe9520667ca53441d36627a1d6b0fa4a813571ec4803687a7a3a7744685ac?s=96&d=mm&r=g","contentUrl":"https:\/\/secure.gravatar.com\/avatar\/d27fe9520667ca53441d36627a1d6b0fa4a813571ec4803687a7a3a7744685ac?s=96&d=mm&r=g","caption":"Editor"},"url":"https:\/\/infopba247.com.ar\/index.php\/author\/editor\/"}]}},"_links":{"self":[{"href":"https:\/\/infopba247.com.ar\/index.php\/wp-json\/wp\/v2\/posts\/7177","targetHints":{"allow":["GET"]}}],"collection":[{"href":"https:\/\/infopba247.com.ar\/index.php\/wp-json\/wp\/v2\/posts"}],"about":[{"href":"https:\/\/infopba247.com.ar\/index.php\/wp-json\/wp\/v2\/types\/post"}],"author":[{"embeddable":true,"href":"https:\/\/infopba247.com.ar\/index.php\/wp-json\/wp\/v2\/users\/3"}],"replies":[{"embeddable":true,"href":"https:\/\/infopba247.com.ar\/index.php\/wp-json\/wp\/v2\/comments?post=7177"}],"version-history":[{"count":1,"href":"https:\/\/infopba247.com.ar\/index.php\/wp-json\/wp\/v2\/posts\/7177\/revisions"}],"predecessor-version":[{"id":7178,"href":"https:\/\/infopba247.com.ar\/index.php\/wp-json\/wp\/v2\/posts\/7177\/revisions\/7178"}],"wp:featuredmedia":[{"embeddable":true,"href":"https:\/\/infopba247.com.ar\/index.php\/wp-json\/wp\/v2\/media\/7175"}],"wp:attachment":[{"href":"https:\/\/infopba247.com.ar\/index.php\/wp-json\/wp\/v2\/media?parent=7177"}],"wp:term":[{"taxonomy":"category","embeddable":true,"href":"https:\/\/infopba247.com.ar\/index.php\/wp-json\/wp\/v2\/categories?post=7177"},{"taxonomy":"post_tag","embeddable":true,"href":"https:\/\/infopba247.com.ar\/index.php\/wp-json\/wp\/v2\/tags?post=7177"}],"curies":[{"name":"wp","href":"https:\/\/api.w.org\/{rel}","templated":true}]}}