{"id":7157,"date":"2025-05-28T10:09:44","date_gmt":"2025-05-28T13:09:44","guid":{"rendered":"https:\/\/infopba247.com.ar\/?p=7157"},"modified":"2025-05-28T10:09:45","modified_gmt":"2025-05-28T13:09:45","slug":"se-realizara-el-primer-congreso-sobre-ecologia-y-justicia-social","status":"publish","type":"post","link":"https:\/\/infopba247.com.ar\/index.php\/2025\/05\/28\/se-realizara-el-primer-congreso-sobre-ecologia-y-justicia-social\/","title":{"rendered":"Se realizar\u00e1 el Primer Congreso sobre Ecolog\u00eda y Justicia Social"},"content":{"rendered":"\n<p>El Municipio realizar\u00e1 el primer Congreso sobre Ecolog\u00eda y Justicia Social el s\u00e1bado 31 de mayo, a partir de las 9:30 horas, en el Distrito Ecol\u00f3gico Roggero (DER), ubicado en Benito Ju\u00e1rez y Juan B. Bustos.<\/p>\n\n\n\n<p>Impulsado por el Gobierno local junto al acompa\u00f1amiento del Ministerio de Ambiente de la Provincia de Buenos Aires, el Congreso se desarrollar\u00e1 bajo el lema \u201cCuidar la Casa Com\u00fan\u201d, y propone una jornada abierta para reflexionar sobre el cuidado del ambiente y construir propuestas hacia una transici\u00f3n ecol\u00f3gica justa y soberana.<\/p>\n\n\n\n<p>Durante el encuentro habr\u00e1 paneles expositivos, comisiones de debate, talleres participativos, adem\u00e1s de una EcoFeria, espacios gastron\u00f3micos y otras actividades en contacto con la naturaleza.<\/p>\n\n\n\n<p>Quienes deseen participar pueden escribir a congreso.ambiental.2025@gmail.com o completar el formulario en el siguiente enlace: https:\/\/docs.google.com\/forms\/d\/e\/1FAIpQLSfZDab5o7c_Zx4LmiNgnus15_aEGgNOo2KrmYumDVTOFJReNw\/viewform<\/p>\n\n\n\n<p>A continuaci\u00f3n, se detallan las comisiones y talleres:<br>Comisiones<br>-El valor ecosocial de la planificaci\u00f3n urbana; el periurbano en la mira<br>-Modelos de producci\u00f3n, distribuci\u00f3n y consumo sostenibles versus agronegocio<br>-Transici\u00f3n energ\u00e9tica justa y popular para el fortalecimiento de la soberan\u00eda energ\u00e9tica<br>-Gesti\u00f3n integral de los residuos<br>-Cambio clim\u00e1tico y pol\u00edticas p\u00fablicas<br>-Educaci\u00f3n ambiental<br>-Ecofeminismo, patriarcado y capitalismo<br>-Extractivismo neoliberal<br>-Turismo sostenible<br>-Democracia, pol\u00edtica, derecho y justicia ambiental<\/p>\n\n\n\n<p>Talleres<br>-Carpinter\u00eda responsable y sostenible y tallado<br>-Herramientas para la educaci\u00f3n ambiental y la participaci\u00f3n comunitaria<br>-Ecoliteratura, poes\u00edas y relatos para una conciencia ambiental<br>-Comunicaci\u00f3n ecol\u00f3gica<br>-Reciclado y valorizaci\u00f3n de residuos<br>-Taller de compostaje y huerta domiciliaria<br>-Taller de vivero de especies nativas<br>-Taller de Apicultura<br>-Interpretaci\u00f3n ambiental inclusiva<br>-Bioconstrucci\u00f3n<\/p>\n\n\n\n<p>Asimismo, el Municipio pone a disposici\u00f3n de la comunidad un servicio de micros gratuitos desde las 8 de la ma\u00f1ana para facilitar el traslado de todas las personas que deseen participar del Congreso. Tambi\u00e9n, es posible llegar al lugar del evento utilizando el recorrido habitual del colectivo 26 de la empresa La Perlita, que conecta distintas zonas del distrito con la sede del Congreso. Los horarios aproximados del recorrido son desde Moreno: 7:30; 9:55; 12:35; 13:40; 14:40; 16:20; 17:35 horas.<\/p>\n\n\n\n<p>Para m\u00e1s informaci\u00f3n consultar en la red oficial: @ambiente.moreno<\/p>\n","protected":false},"excerpt":{"rendered":"<p>El Municipio realizar\u00e1 el primer Congreso sobre Ecolog\u00eda y Justicia Social el s\u00e1bado 31 de mayo, a partir de las<\/p>\n","protected":false},"author":3,"featured_media":7148,"comment_status":"open","ping_status":"open","sticky":false,"template":"","format":"standard","meta":{"colormag_page_container_layout":"default_layout","colormag_page_sidebar_layout":"default_layout","footnotes":""},"categories":[5,1,14],"tags":[],"class_list":["post-7157","post","type-post","status-publish","format-standard","has-post-thumbnail","hentry","category-1ra-seccion","category-destacadas","category-politica"],"yoast_head":"<!-- This site is optimized with the Yoast SEO plugin v27.5 - https:\/\/yoast.com\/product\/yoast-seo-wordpress\/ -->\n<title>Se realizar\u00e1 el Primer Congreso sobre Ecolog\u00eda y Justicia Social - InfoPBA247<\/title>\n<meta name=\"robots\" content=\"index, follow, max-snippet:-1, max-image-preview:large, max-video-preview:-1\" \/>\n<link rel=\"canonical\" href=\"https:\/\/infopba247.com.ar\/index.php\/2025\/05\/28\/se-realizara-el-primer-congreso-sobre-ecologia-y-justicia-social\/\" \/>\n<meta property=\"og:locale\" content=\"es_ES\" \/>\n<meta property=\"og:type\" content=\"article\" \/>\n<meta property=\"og:title\" content=\"Se realizar\u00e1 el Primer Congreso sobre Ecolog\u00eda y Justicia Social - InfoPBA247\" \/>\n<meta property=\"og:description\" content=\"El Municipio realizar\u00e1 el primer Congreso sobre Ecolog\u00eda y Justicia Social el s\u00e1bado 31 de mayo, a partir de las\" \/>\n<meta property=\"og:url\" content=\"https:\/\/infopba247.com.ar\/index.php\/2025\/05\/28\/se-realizara-el-primer-congreso-sobre-ecologia-y-justicia-social\/\" \/>\n<meta property=\"og:site_name\" content=\"InfoPBA247\" \/>\n<meta property=\"article:publisher\" content=\"https:\/\/www.facebook.com\/InfoPBA\" \/>\n<meta property=\"article:published_time\" content=\"2025-05-28T13:09:44+00:00\" \/>\n<meta property=\"article:modified_time\" content=\"2025-05-28T13:09:45+00:00\" \/>\n<meta property=\"og:image\" content=\"https:\/\/infopba247.com.ar\/wp-content\/uploads\/2025\/05\/DER-WEB1-scaled.jpg\" \/>\n\t<meta property=\"og:image:width\" content=\"2560\" \/>\n\t<meta property=\"og:image:height\" content=\"1440\" \/>\n\t<meta property=\"og:image:type\" content=\"image\/jpeg\" \/>\n<meta name=\"author\" content=\"Editor\" \/>\n<meta name=\"twitter:card\" content=\"summary_large_image\" \/>\n<meta name=\"twitter:label1\" content=\"Escrito por\" \/>\n\t<meta name=\"twitter:data1\" content=\"Editor\" \/>\n\t<meta name=\"twitter:label2\" content=\"Tiempo de lectura\" \/>\n\t<meta name=\"twitter:data2\" content=\"2 minutos\" \/>\n<script type=\"application\/ld+json\" class=\"yoast-schema-graph\">{\"@context\":\"https:\\\/\\\/schema.org\",\"@graph\":[{\"@type\":\"Article\",\"@id\":\"https:\\\/\\\/infopba247.com.ar\\\/index.php\\\/2025\\\/05\\\/28\\\/se-realizara-el-primer-congreso-sobre-ecologia-y-justicia-social\\\/#article\",\"isPartOf\":{\"@id\":\"https:\\\/\\\/infopba247.com.ar\\\/index.php\\\/2025\\\/05\\\/28\\\/se-realizara-el-primer-congreso-sobre-ecologia-y-justicia-social\\\/\"},\"author\":{\"name\":\"Editor\",\"@id\":\"https:\\\/\\\/infopba247.com.ar\\\/#\\\/schema\\\/person\\\/4975f1343a413e57bf839b3eed0099f2\"},\"headline\":\"Se realizar\u00e1 el Primer Congreso sobre Ecolog\u00eda y Justicia Social\",\"datePublished\":\"2025-05-28T13:09:44+00:00\",\"dateModified\":\"2025-05-28T13:09:45+00:00\",\"mainEntityOfPage\":{\"@id\":\"https:\\\/\\\/infopba247.com.ar\\\/index.php\\\/2025\\\/05\\\/28\\\/se-realizara-el-primer-congreso-sobre-ecologia-y-justicia-social\\\/\"},\"wordCount\":371,\"commentCount\":0,\"publisher\":{\"@id\":\"https:\\\/\\\/infopba247.com.ar\\\/#organization\"},\"image\":{\"@id\":\"https:\\\/\\\/infopba247.com.ar\\\/index.php\\\/2025\\\/05\\\/28\\\/se-realizara-el-primer-congreso-sobre-ecologia-y-justicia-social\\\/#primaryimage\"},\"thumbnailUrl\":\"https:\\\/\\\/infopba247.com.ar\\\/wp-content\\\/uploads\\\/2025\\\/05\\\/DER-WEB1-scaled.jpg\",\"articleSection\":[\"1ra Secci\u00f3n\",\"Destacadas\",\"Pol\u00edtica\"],\"inLanguage\":\"es\",\"potentialAction\":[{\"@type\":\"CommentAction\",\"name\":\"Comment\",\"target\":[\"https:\\\/\\\/infopba247.com.ar\\\/index.php\\\/2025\\\/05\\\/28\\\/se-realizara-el-primer-congreso-sobre-ecologia-y-justicia-social\\\/#respond\"]}]},{\"@type\":\"WebPage\",\"@id\":\"https:\\\/\\\/infopba247.com.ar\\\/index.php\\\/2025\\\/05\\\/28\\\/se-realizara-el-primer-congreso-sobre-ecologia-y-justicia-social\\\/\",\"url\":\"https:\\\/\\\/infopba247.com.ar\\\/index.php\\\/2025\\\/05\\\/28\\\/se-realizara-el-primer-congreso-sobre-ecologia-y-justicia-social\\\/\",\"name\":\"Se realizar\u00e1 el Primer Congreso sobre Ecolog\u00eda y Justicia Social - InfoPBA247\",\"isPartOf\":{\"@id\":\"https:\\\/\\\/infopba247.com.ar\\\/#website\"},\"primaryImageOfPage\":{\"@id\":\"https:\\\/\\\/infopba247.com.ar\\\/index.php\\\/2025\\\/05\\\/28\\\/se-realizara-el-primer-congreso-sobre-ecologia-y-justicia-social\\\/#primaryimage\"},\"image\":{\"@id\":\"https:\\\/\\\/infopba247.com.ar\\\/index.php\\\/2025\\\/05\\\/28\\\/se-realizara-el-primer-congreso-sobre-ecologia-y-justicia-social\\\/#primaryimage\"},\"thumbnailUrl\":\"https:\\\/\\\/infopba247.com.ar\\\/wp-content\\\/uploads\\\/2025\\\/05\\\/DER-WEB1-scaled.jpg\",\"datePublished\":\"2025-05-28T13:09:44+00:00\",\"dateModified\":\"2025-05-28T13:09:45+00:00\",\"breadcrumb\":{\"@id\":\"https:\\\/\\\/infopba247.com.ar\\\/index.php\\\/2025\\\/05\\\/28\\\/se-realizara-el-primer-congreso-sobre-ecologia-y-justicia-social\\\/#breadcrumb\"},\"inLanguage\":\"es\",\"potentialAction\":[{\"@type\":\"ReadAction\",\"target\":[\"https:\\\/\\\/infopba247.com.ar\\\/index.php\\\/2025\\\/05\\\/28\\\/se-realizara-el-primer-congreso-sobre-ecologia-y-justicia-social\\\/\"]}]},{\"@type\":\"ImageObject\",\"inLanguage\":\"es\",\"@id\":\"https:\\\/\\\/infopba247.com.ar\\\/index.php\\\/2025\\\/05\\\/28\\\/se-realizara-el-primer-congreso-sobre-ecologia-y-justicia-social\\\/#primaryimage\",\"url\":\"https:\\\/\\\/infopba247.com.ar\\\/wp-content\\\/uploads\\\/2025\\\/05\\\/DER-WEB1-scaled.jpg\",\"contentUrl\":\"https:\\\/\\\/infopba247.com.ar\\\/wp-content\\\/uploads\\\/2025\\\/05\\\/DER-WEB1-scaled.jpg\",\"width\":2560,\"height\":1440},{\"@type\":\"BreadcrumbList\",\"@id\":\"https:\\\/\\\/infopba247.com.ar\\\/index.php\\\/2025\\\/05\\\/28\\\/se-realizara-el-primer-congreso-sobre-ecologia-y-justicia-social\\\/#breadcrumb\",\"itemListElement\":[{\"@type\":\"ListItem\",\"position\":1,\"name\":\"Portada\",\"item\":\"https:\\\/\\\/infopba247.com.ar\\\/\"},{\"@type\":\"ListItem\",\"position\":2,\"name\":\"Se realizar\u00e1 el Primer Congreso sobre Ecolog\u00eda y Justicia Social\"}]},{\"@type\":\"WebSite\",\"@id\":\"https:\\\/\\\/infopba247.com.ar\\\/#website\",\"url\":\"https:\\\/\\\/infopba247.com.ar\\\/\",\"name\":\"InfoPBA247\",\"description\":\"Toda la actualidad bonaerense\",\"publisher\":{\"@id\":\"https:\\\/\\\/infopba247.com.ar\\\/#organization\"},\"potentialAction\":[{\"@type\":\"SearchAction\",\"target\":{\"@type\":\"EntryPoint\",\"urlTemplate\":\"https:\\\/\\\/infopba247.com.ar\\\/?s={search_term_string}\"},\"query-input\":{\"@type\":\"PropertyValueSpecification\",\"valueRequired\":true,\"valueName\":\"search_term_string\"}}],\"inLanguage\":\"es\"},{\"@type\":\"Organization\",\"@id\":\"https:\\\/\\\/infopba247.com.ar\\\/#organization\",\"name\":\"InfoPBA247\",\"url\":\"https:\\\/\\\/infopba247.com.ar\\\/\",\"logo\":{\"@type\":\"ImageObject\",\"inLanguage\":\"es\",\"@id\":\"https:\\\/\\\/infopba247.com.ar\\\/#\\\/schema\\\/logo\\\/image\\\/\",\"url\":\"https:\\\/\\\/infopba247.com.ar\\\/wp-content\\\/uploads\\\/2022\\\/03\\\/cropped-InfoPBA247-1.png\",\"contentUrl\":\"https:\\\/\\\/infopba247.com.ar\\\/wp-content\\\/uploads\\\/2022\\\/03\\\/cropped-InfoPBA247-1.png\",\"width\":500,\"height\":122,\"caption\":\"InfoPBA247\"},\"image\":{\"@id\":\"https:\\\/\\\/infopba247.com.ar\\\/#\\\/schema\\\/logo\\\/image\\\/\"},\"sameAs\":[\"https:\\\/\\\/www.facebook.com\\\/InfoPBA\"]},{\"@type\":\"Person\",\"@id\":\"https:\\\/\\\/infopba247.com.ar\\\/#\\\/schema\\\/person\\\/4975f1343a413e57bf839b3eed0099f2\",\"name\":\"Editor\",\"image\":{\"@type\":\"ImageObject\",\"inLanguage\":\"es\",\"@id\":\"https:\\\/\\\/secure.gravatar.com\\\/avatar\\\/d27fe9520667ca53441d36627a1d6b0fa4a813571ec4803687a7a3a7744685ac?s=96&d=mm&r=g\",\"url\":\"https:\\\/\\\/secure.gravatar.com\\\/avatar\\\/d27fe9520667ca53441d36627a1d6b0fa4a813571ec4803687a7a3a7744685ac?s=96&d=mm&r=g\",\"contentUrl\":\"https:\\\/\\\/secure.gravatar.com\\\/avatar\\\/d27fe9520667ca53441d36627a1d6b0fa4a813571ec4803687a7a3a7744685ac?s=96&d=mm&r=g\",\"caption\":\"Editor\"},\"url\":\"https:\\\/\\\/infopba247.com.ar\\\/index.php\\\/author\\\/editor\\\/\"}]}<\/script>\n<!-- \/ Yoast SEO plugin. -->","yoast_head_json":{"title":"Se realizar\u00e1 el Primer Congreso sobre Ecolog\u00eda y Justicia Social - InfoPBA247","robots":{"index":"index","follow":"follow","max-snippet":"max-snippet:-1","max-image-preview":"max-image-preview:large","max-video-preview":"max-video-preview:-1"},"canonical":"https:\/\/infopba247.com.ar\/index.php\/2025\/05\/28\/se-realizara-el-primer-congreso-sobre-ecologia-y-justicia-social\/","og_locale":"es_ES","og_type":"article","og_title":"Se realizar\u00e1 el Primer Congreso sobre Ecolog\u00eda y Justicia Social - InfoPBA247","og_description":"El Municipio realizar\u00e1 el primer Congreso sobre Ecolog\u00eda y Justicia Social el s\u00e1bado 31 de mayo, a partir de las","og_url":"https:\/\/infopba247.com.ar\/index.php\/2025\/05\/28\/se-realizara-el-primer-congreso-sobre-ecologia-y-justicia-social\/","og_site_name":"InfoPBA247","article_publisher":"https:\/\/www.facebook.com\/InfoPBA","article_published_time":"2025-05-28T13:09:44+00:00","article_modified_time":"2025-05-28T13:09:45+00:00","og_image":[{"width":2560,"height":1440,"url":"https:\/\/infopba247.com.ar\/wp-content\/uploads\/2025\/05\/DER-WEB1-scaled.jpg","type":"image\/jpeg"}],"author":"Editor","twitter_card":"summary_large_image","twitter_misc":{"Escrito por":"Editor","Tiempo de lectura":"2 minutos"},"schema":{"@context":"https:\/\/schema.org","@graph":[{"@type":"Article","@id":"https:\/\/infopba247.com.ar\/index.php\/2025\/05\/28\/se-realizara-el-primer-congreso-sobre-ecologia-y-justicia-social\/#article","isPartOf":{"@id":"https:\/\/infopba247.com.ar\/index.php\/2025\/05\/28\/se-realizara-el-primer-congreso-sobre-ecologia-y-justicia-social\/"},"author":{"name":"Editor","@id":"https:\/\/infopba247.com.ar\/#\/schema\/person\/4975f1343a413e57bf839b3eed0099f2"},"headline":"Se realizar\u00e1 el Primer Congreso sobre Ecolog\u00eda y Justicia Social","datePublished":"2025-05-28T13:09:44+00:00","dateModified":"2025-05-28T13:09:45+00:00","mainEntityOfPage":{"@id":"https:\/\/infopba247.com.ar\/index.php\/2025\/05\/28\/se-realizara-el-primer-congreso-sobre-ecologia-y-justicia-social\/"},"wordCount":371,"commentCount":0,"publisher":{"@id":"https:\/\/infopba247.com.ar\/#organization"},"image":{"@id":"https:\/\/infopba247.com.ar\/index.php\/2025\/05\/28\/se-realizara-el-primer-congreso-sobre-ecologia-y-justicia-social\/#primaryimage"},"thumbnailUrl":"https:\/\/infopba247.com.ar\/wp-content\/uploads\/2025\/05\/DER-WEB1-scaled.jpg","articleSection":["1ra Secci\u00f3n","Destacadas","Pol\u00edtica"],"inLanguage":"es","potentialAction":[{"@type":"CommentAction","name":"Comment","target":["https:\/\/infopba247.com.ar\/index.php\/2025\/05\/28\/se-realizara-el-primer-congreso-sobre-ecologia-y-justicia-social\/#respond"]}]},{"@type":"WebPage","@id":"https:\/\/infopba247.com.ar\/index.php\/2025\/05\/28\/se-realizara-el-primer-congreso-sobre-ecologia-y-justicia-social\/","url":"https:\/\/infopba247.com.ar\/index.php\/2025\/05\/28\/se-realizara-el-primer-congreso-sobre-ecologia-y-justicia-social\/","name":"Se realizar\u00e1 el Primer Congreso sobre Ecolog\u00eda y Justicia Social - InfoPBA247","isPartOf":{"@id":"https:\/\/infopba247.com.ar\/#website"},"primaryImageOfPage":{"@id":"https:\/\/infopba247.com.ar\/index.php\/2025\/05\/28\/se-realizara-el-primer-congreso-sobre-ecologia-y-justicia-social\/#primaryimage"},"image":{"@id":"https:\/\/infopba247.com.ar\/index.php\/2025\/05\/28\/se-realizara-el-primer-congreso-sobre-ecologia-y-justicia-social\/#primaryimage"},"thumbnailUrl":"https:\/\/infopba247.com.ar\/wp-content\/uploads\/2025\/05\/DER-WEB1-scaled.jpg","datePublished":"2025-05-28T13:09:44+00:00","dateModified":"2025-05-28T13:09:45+00:00","breadcrumb":{"@id":"https:\/\/infopba247.com.ar\/index.php\/2025\/05\/28\/se-realizara-el-primer-congreso-sobre-ecologia-y-justicia-social\/#breadcrumb"},"inLanguage":"es","potentialAction":[{"@type":"ReadAction","target":["https:\/\/infopba247.com.ar\/index.php\/2025\/05\/28\/se-realizara-el-primer-congreso-sobre-ecologia-y-justicia-social\/"]}]},{"@type":"ImageObject","inLanguage":"es","@id":"https:\/\/infopba247.com.ar\/index.php\/2025\/05\/28\/se-realizara-el-primer-congreso-sobre-ecologia-y-justicia-social\/#primaryimage","url":"https:\/\/infopba247.com.ar\/wp-content\/uploads\/2025\/05\/DER-WEB1-scaled.jpg","contentUrl":"https:\/\/infopba247.com.ar\/wp-content\/uploads\/2025\/05\/DER-WEB1-scaled.jpg","width":2560,"height":1440},{"@type":"BreadcrumbList","@id":"https:\/\/infopba247.com.ar\/index.php\/2025\/05\/28\/se-realizara-el-primer-congreso-sobre-ecologia-y-justicia-social\/#breadcrumb","itemListElement":[{"@type":"ListItem","position":1,"name":"Portada","item":"https:\/\/infopba247.com.ar\/"},{"@type":"ListItem","position":2,"name":"Se realizar\u00e1 el Primer Congreso sobre Ecolog\u00eda y Justicia Social"}]},{"@type":"WebSite","@id":"https:\/\/infopba247.com.ar\/#website","url":"https:\/\/infopba247.com.ar\/","name":"InfoPBA247","description":"Toda la actualidad bonaerense","publisher":{"@id":"https:\/\/infopba247.com.ar\/#organization"},"potentialAction":[{"@type":"SearchAction","target":{"@type":"EntryPoint","urlTemplate":"https:\/\/infopba247.com.ar\/?s={search_term_string}"},"query-input":{"@type":"PropertyValueSpecification","valueRequired":true,"valueName":"search_term_string"}}],"inLanguage":"es"},{"@type":"Organization","@id":"https:\/\/infopba247.com.ar\/#organization","name":"InfoPBA247","url":"https:\/\/infopba247.com.ar\/","logo":{"@type":"ImageObject","inLanguage":"es","@id":"https:\/\/infopba247.com.ar\/#\/schema\/logo\/image\/","url":"https:\/\/infopba247.com.ar\/wp-content\/uploads\/2022\/03\/cropped-InfoPBA247-1.png","contentUrl":"https:\/\/infopba247.com.ar\/wp-content\/uploads\/2022\/03\/cropped-InfoPBA247-1.png","width":500,"height":122,"caption":"InfoPBA247"},"image":{"@id":"https:\/\/infopba247.com.ar\/#\/schema\/logo\/image\/"},"sameAs":["https:\/\/www.facebook.com\/InfoPBA"]},{"@type":"Person","@id":"https:\/\/infopba247.com.ar\/#\/schema\/person\/4975f1343a413e57bf839b3eed0099f2","name":"Editor","image":{"@type":"ImageObject","inLanguage":"es","@id":"https:\/\/secure.gravatar.com\/avatar\/d27fe9520667ca53441d36627a1d6b0fa4a813571ec4803687a7a3a7744685ac?s=96&d=mm&r=g","url":"https:\/\/secure.gravatar.com\/avatar\/d27fe9520667ca53441d36627a1d6b0fa4a813571ec4803687a7a3a7744685ac?s=96&d=mm&r=g","contentUrl":"https:\/\/secure.gravatar.com\/avatar\/d27fe9520667ca53441d36627a1d6b0fa4a813571ec4803687a7a3a7744685ac?s=96&d=mm&r=g","caption":"Editor"},"url":"https:\/\/infopba247.com.ar\/index.php\/author\/editor\/"}]}},"_links":{"self":[{"href":"https:\/\/infopba247.com.ar\/index.php\/wp-json\/wp\/v2\/posts\/7157","targetHints":{"allow":["GET"]}}],"collection":[{"href":"https:\/\/infopba247.com.ar\/index.php\/wp-json\/wp\/v2\/posts"}],"about":[{"href":"https:\/\/infopba247.com.ar\/index.php\/wp-json\/wp\/v2\/types\/post"}],"author":[{"embeddable":true,"href":"https:\/\/infopba247.com.ar\/index.php\/wp-json\/wp\/v2\/users\/3"}],"replies":[{"embeddable":true,"href":"https:\/\/infopba247.com.ar\/index.php\/wp-json\/wp\/v2\/comments?post=7157"}],"version-history":[{"count":1,"href":"https:\/\/infopba247.com.ar\/index.php\/wp-json\/wp\/v2\/posts\/7157\/revisions"}],"predecessor-version":[{"id":7158,"href":"https:\/\/infopba247.com.ar\/index.php\/wp-json\/wp\/v2\/posts\/7157\/revisions\/7158"}],"wp:featuredmedia":[{"embeddable":true,"href":"https:\/\/infopba247.com.ar\/index.php\/wp-json\/wp\/v2\/media\/7148"}],"wp:attachment":[{"href":"https:\/\/infopba247.com.ar\/index.php\/wp-json\/wp\/v2\/media?parent=7157"}],"wp:term":[{"taxonomy":"category","embeddable":true,"href":"https:\/\/infopba247.com.ar\/index.php\/wp-json\/wp\/v2\/categories?post=7157"},{"taxonomy":"post_tag","embeddable":true,"href":"https:\/\/infopba247.com.ar\/index.php\/wp-json\/wp\/v2\/tags?post=7157"}],"curies":[{"name":"wp","href":"https:\/\/api.w.org\/{rel}","templated":true}]}}