{"id":7153,"date":"2025-05-28T10:08:36","date_gmt":"2025-05-28T13:08:36","guid":{"rendered":"https:\/\/infopba247.com.ar\/?p=7153"},"modified":"2025-05-28T10:08:37","modified_gmt":"2025-05-28T13:08:37","slug":"girard-apunto-al-gobierno-nacional-tras-los-anuncios-fiscales","status":"publish","type":"post","link":"https:\/\/infopba247.com.ar\/index.php\/2025\/05\/28\/girard-apunto-al-gobierno-nacional-tras-los-anuncios-fiscales\/","title":{"rendered":"Girard apunt\u00f3 al Gobierno nacional tras los anuncios fiscales"},"content":{"rendered":"\n<p>El titular de la Agencia de Recaudaci\u00f3n de la provincia de Buenos Aires (ARBA), Cristian Girard, cuestion\u00f3 duramente los recientes anuncios del Gobierno nacional en torno al denominado \u201cPlan de Reparaci\u00f3n Hist\u00f3rica de los Ahorros\u201d y advirti\u00f3 que no hay modificaciones reales en materia tributaria. \u201cSon promesas electorales sin respaldo normativo\u201d, asegur\u00f3 el funcionario, al tiempo que remarc\u00f3 que la Provincia seguir\u00e1 fiscalizando como hasta ahora.<\/p>\n\n\n\n<p>Seg\u00fan explic\u00f3 Girard, la \u00fanica novedad concreta es la creaci\u00f3n de un r\u00e9gimen simplificado del impuesto a las Ganancias para personas humanas, que elimina la obligaci\u00f3n de declarar variaciones patrimoniales y se centra \u00fanicamente en ingresos y gastos deducibles. A eso se suma la reformulaci\u00f3n de algunos reg\u00edmenes de informaci\u00f3n, pero \u201cno se ha instrumentado ning\u00fan cambio de fondo\u201d, insisti\u00f3.<\/p>\n\n\n\n<p>El director ejecutivo de ARBA fue categ\u00f3rico al sostener que los anuncios \u201ccarecen de seguridad jur\u00eddica y parecen m\u00e1s bien un manotazo de ahogado frente a la dificultad del Gobierno para acumular reservas en el contexto de la liquidaci\u00f3n de la cosecha gruesa\u201d. A su juicio, el plan fiscal presentado como un beneficio para los ahorristas es en realidad \u201cun blanqueo encubierto que habilita la legalizaci\u00f3n de fondos no declarados, pero sin modificar el marco penal ni la ley de prevenci\u00f3n del lavado de dinero\u201d.<\/p>\n\n\n\n<p>En ese sentido, Girard advirti\u00f3 sobre la confusi\u00f3n legal que genera el r\u00e9gimen anunciado: \u201cNo se explicita si tendr\u00e1 efectos retroactivos ni cu\u00e1les son sus l\u00edmites. Mientras no haya una norma sancionada por el Congreso, todo queda en un terreno incierto\u201d. Adem\u00e1s, alert\u00f3 que si un contribuyente adhiere al plan y luego se detectan fondos de origen il\u00edcito, se aplicar\u00e1 la normativa vigente, \u201cporque esto no es una amnist\u00eda\u201d.<\/p>\n\n\n\n<p>Desde la perspectiva provincial, Girard aclar\u00f3 que ARBA continuar\u00e1 aplicando sus herramientas de fiscalizaci\u00f3n, sin modificaciones en los impuestos provinciales como Ingresos Brutos o el Inmobiliario. \u201cSeguimos controlando con normalidad, porque la obligaci\u00f3n de tributar seg\u00fan la capacidad contributiva no cambi\u00f3\u201d, sostuvo.<\/p>\n\n\n\n<p>Finalmente, el funcionario expres\u00f3 su preocupaci\u00f3n por el \u201cmensaje contradictorio\u201d que emite el Gobierno nacional y afirm\u00f3: \u201cDesde ARBA vamos a seguir garantizando el cumplimiento tributario con las herramientas que nos otorga la ley. Nuestra tarea es asegurar que quienes tienen mayor capacidad econ\u00f3mica tributen lo que corresponde. Esa es la \u00fanica forma de recaudar con equidad y sostener pol\u00edticas p\u00fablicas que beneficien al conjunto de la sociedad\u201d.<\/p>\n","protected":false},"excerpt":{"rendered":"<p>El titular de la Agencia de Recaudaci\u00f3n de la provincia de Buenos Aires (ARBA), Cristian Girard, cuestion\u00f3 duramente los recientes<\/p>\n","protected":false},"author":3,"featured_media":7149,"comment_status":"open","ping_status":"open","sticky":false,"template":"","format":"standard","meta":{"colormag_page_container_layout":"default_layout","colormag_page_sidebar_layout":"default_layout","footnotes":""},"categories":[1,14],"tags":[],"class_list":["post-7153","post","type-post","status-publish","format-standard","has-post-thumbnail","hentry","category-destacadas","category-politica"],"yoast_head":"<!-- This site is optimized with the Yoast SEO plugin v27.4 - https:\/\/yoast.com\/product\/yoast-seo-wordpress\/ -->\n<title>Girard apunt\u00f3 al Gobierno nacional tras los anuncios fiscales - InfoPBA247<\/title>\n<meta name=\"robots\" content=\"index, follow, max-snippet:-1, max-image-preview:large, max-video-preview:-1\" \/>\n<link rel=\"canonical\" href=\"https:\/\/infopba247.com.ar\/index.php\/2025\/05\/28\/girard-apunto-al-gobierno-nacional-tras-los-anuncios-fiscales\/\" \/>\n<meta property=\"og:locale\" content=\"es_ES\" \/>\n<meta property=\"og:type\" content=\"article\" \/>\n<meta property=\"og:title\" content=\"Girard apunt\u00f3 al Gobierno nacional tras los anuncios fiscales - InfoPBA247\" \/>\n<meta property=\"og:description\" content=\"El titular de la Agencia de Recaudaci\u00f3n de la provincia de Buenos Aires (ARBA), Cristian Girard, cuestion\u00f3 duramente los recientes\" \/>\n<meta property=\"og:url\" content=\"https:\/\/infopba247.com.ar\/index.php\/2025\/05\/28\/girard-apunto-al-gobierno-nacional-tras-los-anuncios-fiscales\/\" \/>\n<meta property=\"og:site_name\" content=\"InfoPBA247\" \/>\n<meta property=\"article:publisher\" content=\"https:\/\/www.facebook.com\/InfoPBA\" \/>\n<meta property=\"article:published_time\" content=\"2025-05-28T13:08:36+00:00\" \/>\n<meta property=\"article:modified_time\" content=\"2025-05-28T13:08:37+00:00\" \/>\n<meta property=\"og:image\" content=\"https:\/\/infopba247.com.ar\/wp-content\/uploads\/2025\/05\/Girard-ARBA.jpeg\" \/>\n\t<meta property=\"og:image:width\" content=\"1120\" \/>\n\t<meta property=\"og:image:height\" content=\"696\" \/>\n\t<meta property=\"og:image:type\" content=\"image\/jpeg\" \/>\n<meta name=\"author\" content=\"Editor\" \/>\n<meta name=\"twitter:card\" content=\"summary_large_image\" \/>\n<meta name=\"twitter:label1\" content=\"Escrito por\" \/>\n\t<meta name=\"twitter:data1\" content=\"Editor\" \/>\n\t<meta name=\"twitter:label2\" content=\"Tiempo de lectura\" \/>\n\t<meta name=\"twitter:data2\" content=\"2 minutos\" \/>\n<script type=\"application\/ld+json\" class=\"yoast-schema-graph\">{\"@context\":\"https:\\\/\\\/schema.org\",\"@graph\":[{\"@type\":\"Article\",\"@id\":\"https:\\\/\\\/infopba247.com.ar\\\/index.php\\\/2025\\\/05\\\/28\\\/girard-apunto-al-gobierno-nacional-tras-los-anuncios-fiscales\\\/#article\",\"isPartOf\":{\"@id\":\"https:\\\/\\\/infopba247.com.ar\\\/index.php\\\/2025\\\/05\\\/28\\\/girard-apunto-al-gobierno-nacional-tras-los-anuncios-fiscales\\\/\"},\"author\":{\"name\":\"Editor\",\"@id\":\"https:\\\/\\\/infopba247.com.ar\\\/#\\\/schema\\\/person\\\/4975f1343a413e57bf839b3eed0099f2\"},\"headline\":\"Girard apunt\u00f3 al Gobierno nacional tras los anuncios fiscales\",\"datePublished\":\"2025-05-28T13:08:36+00:00\",\"dateModified\":\"2025-05-28T13:08:37+00:00\",\"mainEntityOfPage\":{\"@id\":\"https:\\\/\\\/infopba247.com.ar\\\/index.php\\\/2025\\\/05\\\/28\\\/girard-apunto-al-gobierno-nacional-tras-los-anuncios-fiscales\\\/\"},\"wordCount\":430,\"commentCount\":0,\"publisher\":{\"@id\":\"https:\\\/\\\/infopba247.com.ar\\\/#organization\"},\"image\":{\"@id\":\"https:\\\/\\\/infopba247.com.ar\\\/index.php\\\/2025\\\/05\\\/28\\\/girard-apunto-al-gobierno-nacional-tras-los-anuncios-fiscales\\\/#primaryimage\"},\"thumbnailUrl\":\"https:\\\/\\\/infopba247.com.ar\\\/wp-content\\\/uploads\\\/2025\\\/05\\\/Girard-ARBA.jpeg\",\"articleSection\":[\"Destacadas\",\"Pol\u00edtica\"],\"inLanguage\":\"es\",\"potentialAction\":[{\"@type\":\"CommentAction\",\"name\":\"Comment\",\"target\":[\"https:\\\/\\\/infopba247.com.ar\\\/index.php\\\/2025\\\/05\\\/28\\\/girard-apunto-al-gobierno-nacional-tras-los-anuncios-fiscales\\\/#respond\"]}]},{\"@type\":\"WebPage\",\"@id\":\"https:\\\/\\\/infopba247.com.ar\\\/index.php\\\/2025\\\/05\\\/28\\\/girard-apunto-al-gobierno-nacional-tras-los-anuncios-fiscales\\\/\",\"url\":\"https:\\\/\\\/infopba247.com.ar\\\/index.php\\\/2025\\\/05\\\/28\\\/girard-apunto-al-gobierno-nacional-tras-los-anuncios-fiscales\\\/\",\"name\":\"Girard apunt\u00f3 al Gobierno nacional tras los anuncios fiscales - InfoPBA247\",\"isPartOf\":{\"@id\":\"https:\\\/\\\/infopba247.com.ar\\\/#website\"},\"primaryImageOfPage\":{\"@id\":\"https:\\\/\\\/infopba247.com.ar\\\/index.php\\\/2025\\\/05\\\/28\\\/girard-apunto-al-gobierno-nacional-tras-los-anuncios-fiscales\\\/#primaryimage\"},\"image\":{\"@id\":\"https:\\\/\\\/infopba247.com.ar\\\/index.php\\\/2025\\\/05\\\/28\\\/girard-apunto-al-gobierno-nacional-tras-los-anuncios-fiscales\\\/#primaryimage\"},\"thumbnailUrl\":\"https:\\\/\\\/infopba247.com.ar\\\/wp-content\\\/uploads\\\/2025\\\/05\\\/Girard-ARBA.jpeg\",\"datePublished\":\"2025-05-28T13:08:36+00:00\",\"dateModified\":\"2025-05-28T13:08:37+00:00\",\"breadcrumb\":{\"@id\":\"https:\\\/\\\/infopba247.com.ar\\\/index.php\\\/2025\\\/05\\\/28\\\/girard-apunto-al-gobierno-nacional-tras-los-anuncios-fiscales\\\/#breadcrumb\"},\"inLanguage\":\"es\",\"potentialAction\":[{\"@type\":\"ReadAction\",\"target\":[\"https:\\\/\\\/infopba247.com.ar\\\/index.php\\\/2025\\\/05\\\/28\\\/girard-apunto-al-gobierno-nacional-tras-los-anuncios-fiscales\\\/\"]}]},{\"@type\":\"ImageObject\",\"inLanguage\":\"es\",\"@id\":\"https:\\\/\\\/infopba247.com.ar\\\/index.php\\\/2025\\\/05\\\/28\\\/girard-apunto-al-gobierno-nacional-tras-los-anuncios-fiscales\\\/#primaryimage\",\"url\":\"https:\\\/\\\/infopba247.com.ar\\\/wp-content\\\/uploads\\\/2025\\\/05\\\/Girard-ARBA.jpeg\",\"contentUrl\":\"https:\\\/\\\/infopba247.com.ar\\\/wp-content\\\/uploads\\\/2025\\\/05\\\/Girard-ARBA.jpeg\",\"width\":1120,\"height\":696},{\"@type\":\"BreadcrumbList\",\"@id\":\"https:\\\/\\\/infopba247.com.ar\\\/index.php\\\/2025\\\/05\\\/28\\\/girard-apunto-al-gobierno-nacional-tras-los-anuncios-fiscales\\\/#breadcrumb\",\"itemListElement\":[{\"@type\":\"ListItem\",\"position\":1,\"name\":\"Portada\",\"item\":\"https:\\\/\\\/infopba247.com.ar\\\/\"},{\"@type\":\"ListItem\",\"position\":2,\"name\":\"Girard apunt\u00f3 al Gobierno nacional tras los anuncios fiscales\"}]},{\"@type\":\"WebSite\",\"@id\":\"https:\\\/\\\/infopba247.com.ar\\\/#website\",\"url\":\"https:\\\/\\\/infopba247.com.ar\\\/\",\"name\":\"InfoPBA247\",\"description\":\"Toda la actualidad bonaerense\",\"publisher\":{\"@id\":\"https:\\\/\\\/infopba247.com.ar\\\/#organization\"},\"potentialAction\":[{\"@type\":\"SearchAction\",\"target\":{\"@type\":\"EntryPoint\",\"urlTemplate\":\"https:\\\/\\\/infopba247.com.ar\\\/?s={search_term_string}\"},\"query-input\":{\"@type\":\"PropertyValueSpecification\",\"valueRequired\":true,\"valueName\":\"search_term_string\"}}],\"inLanguage\":\"es\"},{\"@type\":\"Organization\",\"@id\":\"https:\\\/\\\/infopba247.com.ar\\\/#organization\",\"name\":\"InfoPBA247\",\"url\":\"https:\\\/\\\/infopba247.com.ar\\\/\",\"logo\":{\"@type\":\"ImageObject\",\"inLanguage\":\"es\",\"@id\":\"https:\\\/\\\/infopba247.com.ar\\\/#\\\/schema\\\/logo\\\/image\\\/\",\"url\":\"https:\\\/\\\/infopba247.com.ar\\\/wp-content\\\/uploads\\\/2022\\\/03\\\/cropped-InfoPBA247-1.png\",\"contentUrl\":\"https:\\\/\\\/infopba247.com.ar\\\/wp-content\\\/uploads\\\/2022\\\/03\\\/cropped-InfoPBA247-1.png\",\"width\":500,\"height\":122,\"caption\":\"InfoPBA247\"},\"image\":{\"@id\":\"https:\\\/\\\/infopba247.com.ar\\\/#\\\/schema\\\/logo\\\/image\\\/\"},\"sameAs\":[\"https:\\\/\\\/www.facebook.com\\\/InfoPBA\"]},{\"@type\":\"Person\",\"@id\":\"https:\\\/\\\/infopba247.com.ar\\\/#\\\/schema\\\/person\\\/4975f1343a413e57bf839b3eed0099f2\",\"name\":\"Editor\",\"image\":{\"@type\":\"ImageObject\",\"inLanguage\":\"es\",\"@id\":\"https:\\\/\\\/secure.gravatar.com\\\/avatar\\\/d27fe9520667ca53441d36627a1d6b0fa4a813571ec4803687a7a3a7744685ac?s=96&d=mm&r=g\",\"url\":\"https:\\\/\\\/secure.gravatar.com\\\/avatar\\\/d27fe9520667ca53441d36627a1d6b0fa4a813571ec4803687a7a3a7744685ac?s=96&d=mm&r=g\",\"contentUrl\":\"https:\\\/\\\/secure.gravatar.com\\\/avatar\\\/d27fe9520667ca53441d36627a1d6b0fa4a813571ec4803687a7a3a7744685ac?s=96&d=mm&r=g\",\"caption\":\"Editor\"},\"url\":\"https:\\\/\\\/infopba247.com.ar\\\/index.php\\\/author\\\/editor\\\/\"}]}<\/script>\n<!-- \/ Yoast SEO plugin. -->","yoast_head_json":{"title":"Girard apunt\u00f3 al Gobierno nacional tras los anuncios fiscales - InfoPBA247","robots":{"index":"index","follow":"follow","max-snippet":"max-snippet:-1","max-image-preview":"max-image-preview:large","max-video-preview":"max-video-preview:-1"},"canonical":"https:\/\/infopba247.com.ar\/index.php\/2025\/05\/28\/girard-apunto-al-gobierno-nacional-tras-los-anuncios-fiscales\/","og_locale":"es_ES","og_type":"article","og_title":"Girard apunt\u00f3 al Gobierno nacional tras los anuncios fiscales - InfoPBA247","og_description":"El titular de la Agencia de Recaudaci\u00f3n de la provincia de Buenos Aires (ARBA), Cristian Girard, cuestion\u00f3 duramente los recientes","og_url":"https:\/\/infopba247.com.ar\/index.php\/2025\/05\/28\/girard-apunto-al-gobierno-nacional-tras-los-anuncios-fiscales\/","og_site_name":"InfoPBA247","article_publisher":"https:\/\/www.facebook.com\/InfoPBA","article_published_time":"2025-05-28T13:08:36+00:00","article_modified_time":"2025-05-28T13:08:37+00:00","og_image":[{"width":1120,"height":696,"url":"https:\/\/infopba247.com.ar\/wp-content\/uploads\/2025\/05\/Girard-ARBA.jpeg","type":"image\/jpeg"}],"author":"Editor","twitter_card":"summary_large_image","twitter_misc":{"Escrito por":"Editor","Tiempo de lectura":"2 minutos"},"schema":{"@context":"https:\/\/schema.org","@graph":[{"@type":"Article","@id":"https:\/\/infopba247.com.ar\/index.php\/2025\/05\/28\/girard-apunto-al-gobierno-nacional-tras-los-anuncios-fiscales\/#article","isPartOf":{"@id":"https:\/\/infopba247.com.ar\/index.php\/2025\/05\/28\/girard-apunto-al-gobierno-nacional-tras-los-anuncios-fiscales\/"},"author":{"name":"Editor","@id":"https:\/\/infopba247.com.ar\/#\/schema\/person\/4975f1343a413e57bf839b3eed0099f2"},"headline":"Girard apunt\u00f3 al Gobierno nacional tras los anuncios fiscales","datePublished":"2025-05-28T13:08:36+00:00","dateModified":"2025-05-28T13:08:37+00:00","mainEntityOfPage":{"@id":"https:\/\/infopba247.com.ar\/index.php\/2025\/05\/28\/girard-apunto-al-gobierno-nacional-tras-los-anuncios-fiscales\/"},"wordCount":430,"commentCount":0,"publisher":{"@id":"https:\/\/infopba247.com.ar\/#organization"},"image":{"@id":"https:\/\/infopba247.com.ar\/index.php\/2025\/05\/28\/girard-apunto-al-gobierno-nacional-tras-los-anuncios-fiscales\/#primaryimage"},"thumbnailUrl":"https:\/\/infopba247.com.ar\/wp-content\/uploads\/2025\/05\/Girard-ARBA.jpeg","articleSection":["Destacadas","Pol\u00edtica"],"inLanguage":"es","potentialAction":[{"@type":"CommentAction","name":"Comment","target":["https:\/\/infopba247.com.ar\/index.php\/2025\/05\/28\/girard-apunto-al-gobierno-nacional-tras-los-anuncios-fiscales\/#respond"]}]},{"@type":"WebPage","@id":"https:\/\/infopba247.com.ar\/index.php\/2025\/05\/28\/girard-apunto-al-gobierno-nacional-tras-los-anuncios-fiscales\/","url":"https:\/\/infopba247.com.ar\/index.php\/2025\/05\/28\/girard-apunto-al-gobierno-nacional-tras-los-anuncios-fiscales\/","name":"Girard apunt\u00f3 al Gobierno nacional tras los anuncios fiscales - InfoPBA247","isPartOf":{"@id":"https:\/\/infopba247.com.ar\/#website"},"primaryImageOfPage":{"@id":"https:\/\/infopba247.com.ar\/index.php\/2025\/05\/28\/girard-apunto-al-gobierno-nacional-tras-los-anuncios-fiscales\/#primaryimage"},"image":{"@id":"https:\/\/infopba247.com.ar\/index.php\/2025\/05\/28\/girard-apunto-al-gobierno-nacional-tras-los-anuncios-fiscales\/#primaryimage"},"thumbnailUrl":"https:\/\/infopba247.com.ar\/wp-content\/uploads\/2025\/05\/Girard-ARBA.jpeg","datePublished":"2025-05-28T13:08:36+00:00","dateModified":"2025-05-28T13:08:37+00:00","breadcrumb":{"@id":"https:\/\/infopba247.com.ar\/index.php\/2025\/05\/28\/girard-apunto-al-gobierno-nacional-tras-los-anuncios-fiscales\/#breadcrumb"},"inLanguage":"es","potentialAction":[{"@type":"ReadAction","target":["https:\/\/infopba247.com.ar\/index.php\/2025\/05\/28\/girard-apunto-al-gobierno-nacional-tras-los-anuncios-fiscales\/"]}]},{"@type":"ImageObject","inLanguage":"es","@id":"https:\/\/infopba247.com.ar\/index.php\/2025\/05\/28\/girard-apunto-al-gobierno-nacional-tras-los-anuncios-fiscales\/#primaryimage","url":"https:\/\/infopba247.com.ar\/wp-content\/uploads\/2025\/05\/Girard-ARBA.jpeg","contentUrl":"https:\/\/infopba247.com.ar\/wp-content\/uploads\/2025\/05\/Girard-ARBA.jpeg","width":1120,"height":696},{"@type":"BreadcrumbList","@id":"https:\/\/infopba247.com.ar\/index.php\/2025\/05\/28\/girard-apunto-al-gobierno-nacional-tras-los-anuncios-fiscales\/#breadcrumb","itemListElement":[{"@type":"ListItem","position":1,"name":"Portada","item":"https:\/\/infopba247.com.ar\/"},{"@type":"ListItem","position":2,"name":"Girard apunt\u00f3 al Gobierno nacional tras los anuncios fiscales"}]},{"@type":"WebSite","@id":"https:\/\/infopba247.com.ar\/#website","url":"https:\/\/infopba247.com.ar\/","name":"InfoPBA247","description":"Toda la actualidad bonaerense","publisher":{"@id":"https:\/\/infopba247.com.ar\/#organization"},"potentialAction":[{"@type":"SearchAction","target":{"@type":"EntryPoint","urlTemplate":"https:\/\/infopba247.com.ar\/?s={search_term_string}"},"query-input":{"@type":"PropertyValueSpecification","valueRequired":true,"valueName":"search_term_string"}}],"inLanguage":"es"},{"@type":"Organization","@id":"https:\/\/infopba247.com.ar\/#organization","name":"InfoPBA247","url":"https:\/\/infopba247.com.ar\/","logo":{"@type":"ImageObject","inLanguage":"es","@id":"https:\/\/infopba247.com.ar\/#\/schema\/logo\/image\/","url":"https:\/\/infopba247.com.ar\/wp-content\/uploads\/2022\/03\/cropped-InfoPBA247-1.png","contentUrl":"https:\/\/infopba247.com.ar\/wp-content\/uploads\/2022\/03\/cropped-InfoPBA247-1.png","width":500,"height":122,"caption":"InfoPBA247"},"image":{"@id":"https:\/\/infopba247.com.ar\/#\/schema\/logo\/image\/"},"sameAs":["https:\/\/www.facebook.com\/InfoPBA"]},{"@type":"Person","@id":"https:\/\/infopba247.com.ar\/#\/schema\/person\/4975f1343a413e57bf839b3eed0099f2","name":"Editor","image":{"@type":"ImageObject","inLanguage":"es","@id":"https:\/\/secure.gravatar.com\/avatar\/d27fe9520667ca53441d36627a1d6b0fa4a813571ec4803687a7a3a7744685ac?s=96&d=mm&r=g","url":"https:\/\/secure.gravatar.com\/avatar\/d27fe9520667ca53441d36627a1d6b0fa4a813571ec4803687a7a3a7744685ac?s=96&d=mm&r=g","contentUrl":"https:\/\/secure.gravatar.com\/avatar\/d27fe9520667ca53441d36627a1d6b0fa4a813571ec4803687a7a3a7744685ac?s=96&d=mm&r=g","caption":"Editor"},"url":"https:\/\/infopba247.com.ar\/index.php\/author\/editor\/"}]}},"_links":{"self":[{"href":"https:\/\/infopba247.com.ar\/index.php\/wp-json\/wp\/v2\/posts\/7153","targetHints":{"allow":["GET"]}}],"collection":[{"href":"https:\/\/infopba247.com.ar\/index.php\/wp-json\/wp\/v2\/posts"}],"about":[{"href":"https:\/\/infopba247.com.ar\/index.php\/wp-json\/wp\/v2\/types\/post"}],"author":[{"embeddable":true,"href":"https:\/\/infopba247.com.ar\/index.php\/wp-json\/wp\/v2\/users\/3"}],"replies":[{"embeddable":true,"href":"https:\/\/infopba247.com.ar\/index.php\/wp-json\/wp\/v2\/comments?post=7153"}],"version-history":[{"count":1,"href":"https:\/\/infopba247.com.ar\/index.php\/wp-json\/wp\/v2\/posts\/7153\/revisions"}],"predecessor-version":[{"id":7154,"href":"https:\/\/infopba247.com.ar\/index.php\/wp-json\/wp\/v2\/posts\/7153\/revisions\/7154"}],"wp:featuredmedia":[{"embeddable":true,"href":"https:\/\/infopba247.com.ar\/index.php\/wp-json\/wp\/v2\/media\/7149"}],"wp:attachment":[{"href":"https:\/\/infopba247.com.ar\/index.php\/wp-json\/wp\/v2\/media?parent=7153"}],"wp:term":[{"taxonomy":"category","embeddable":true,"href":"https:\/\/infopba247.com.ar\/index.php\/wp-json\/wp\/v2\/categories?post=7153"},{"taxonomy":"post_tag","embeddable":true,"href":"https:\/\/infopba247.com.ar\/index.php\/wp-json\/wp\/v2\/tags?post=7153"}],"curies":[{"name":"wp","href":"https:\/\/api.w.org\/{rel}","templated":true}]}}