{"id":7143,"date":"2025-05-27T09:53:50","date_gmt":"2025-05-27T12:53:50","guid":{"rendered":"https:\/\/infopba247.com.ar\/?p=7143"},"modified":"2025-05-27T09:53:50","modified_gmt":"2025-05-27T12:53:50","slug":"mariel-fernandez-el-municipio-esta-al-servicio-de-la-juventud-de-moreno","status":"publish","type":"post","link":"https:\/\/infopba247.com.ar\/index.php\/2025\/05\/27\/mariel-fernandez-el-municipio-esta-al-servicio-de-la-juventud-de-moreno\/","title":{"rendered":"Mariel Fern\u00e1ndez: \u201cEl Municipio est\u00e1 al servicio de la juventud de Moreno\u201d"},"content":{"rendered":"\n<p>La intendenta, Mariel Fern\u00e1ndez junto a j\u00f3venes y autoridades municipales, inaugur\u00f3 el Galp\u00f3n de Moreno Centro, un nuevo espacio destinado a las juventudes del distrito que combina propuestas culturales, educativas y de acompa\u00f1amiento integral.<\/p>\n\n\n\n<p>El centro funcionar\u00e1 en el edificio recuperado del ex Club Mariano Moreno \u2014el primer club del partido\u2014 ubicado sobre la calle Joly, a pocos metros del Palacio Municipal y est\u00e1 destinado a fortalecer las pol\u00edticas de inclusi\u00f3n, de desarrollo personal y de participaci\u00f3n juvenil.<\/p>\n\n\n\n<p>\u201cEl Municipio est\u00e1 al servicio de toda la juventud de Moreno. Este espacio es parte de una pol\u00edtica p\u00fablica que busca garantizar propuestas saludables, culturales y educativas para nuestras juventudes\u201d, expres\u00f3 la jefa comunal. Adem\u00e1s, destac\u00f3 que el proyecto fue realizado en articulaci\u00f3n con la comisi\u00f3n del antiguo club, que cedi\u00f3 el uso del edificio para su transformaci\u00f3n en beneficio de las y los j\u00f3venes del distrito.<\/p>\n\n\n\n<p>El Galp\u00f3n ofrecer\u00e1 una amplia gama de actividades, entre ellas:<\/p>\n\n\n\n<p>\u2022Talleres culturales y art\u00edsticos<\/p>\n\n\n\n<p>\u2022Cursos de formaci\u00f3n profesional con salida laboral<\/p>\n\n\n\n<p>\u2022Rondas de acompa\u00f1amiento en salud mental<\/p>\n\n\n\n<p>\u2022Espacios para el encuentro, la participaci\u00f3n pol\u00edtica y la organizaci\u00f3n comunitaria juvenil<\/p>\n\n\n\n<p>Tambi\u00e9n contar\u00e1 con una plaza interna abierta y un buffet, pensado para que estudiantes puedan permanecer entre turnos, generando un entorno amigable y seguro.<\/p>\n\n\n\n<p>Esta inauguraci\u00f3n se suma al proyecto que contempl\u00f3 la reapertura de la biblioteca hist\u00f3rica Mariano Moreno y la construcci\u00f3n de nuevas aulas que conforman la sede local de la Universidad Nacional de las Artes (UNA).<\/p>\n\n\n\n<p>Durante la jornada, participaron integrantes de distintas Casas J\u00f3venes quienes compartieron su experiencia. Tal es el caso de Ezequiel Gaspar quien expres\u00f3: \u201cEspacios como estos son fundamentales para quienes no tienen a qui\u00e9n acudir. La Casa Joven Sat\u00e9lite fue un refugio para m\u00ed, y este nuevo centro va a serlo para muchos m\u00e1s. Nos da oportunidades y contenci\u00f3n\u201d.<\/p>\n\n\n\n<p>Con la inauguraci\u00f3n del Galp\u00f3n de Moreno Centro, el Municipio reafirma su compromiso con la creaci\u00f3n de espacios p\u00fablicos inclusivos, gratuitos y accesibles, adem\u00e1s de fortalecer el polo cultural y educativo local con el objetivo de garantizar formaci\u00f3n, contenci\u00f3n y desarrollo integral de las juventudes morenenses.<\/p>\n","protected":false},"excerpt":{"rendered":"<p>La intendenta, Mariel Fern\u00e1ndez junto a j\u00f3venes y autoridades municipales, inaugur\u00f3 el Galp\u00f3n de Moreno Centro, un nuevo espacio destinado<\/p>\n","protected":false},"author":3,"featured_media":7140,"comment_status":"open","ping_status":"open","sticky":false,"template":"","format":"standard","meta":{"colormag_page_container_layout":"default_layout","colormag_page_sidebar_layout":"default_layout","footnotes":""},"categories":[5,1,14],"tags":[],"class_list":["post-7143","post","type-post","status-publish","format-standard","has-post-thumbnail","hentry","category-1ra-seccion","category-destacadas","category-politica"],"yoast_head":"<!-- This site is optimized with the Yoast SEO plugin v27.5 - https:\/\/yoast.com\/product\/yoast-seo-wordpress\/ -->\n<title>Mariel Fern\u00e1ndez: \u201cEl Municipio est\u00e1 al servicio de la juventud de Moreno\u201d - InfoPBA247<\/title>\n<meta name=\"robots\" content=\"index, follow, max-snippet:-1, max-image-preview:large, max-video-preview:-1\" \/>\n<link rel=\"canonical\" href=\"https:\/\/infopba247.com.ar\/index.php\/2025\/05\/27\/mariel-fernandez-el-municipio-esta-al-servicio-de-la-juventud-de-moreno\/\" \/>\n<meta property=\"og:locale\" content=\"es_ES\" \/>\n<meta property=\"og:type\" content=\"article\" \/>\n<meta property=\"og:title\" content=\"Mariel Fern\u00e1ndez: \u201cEl Municipio est\u00e1 al servicio de la juventud de Moreno\u201d - InfoPBA247\" \/>\n<meta property=\"og:description\" content=\"La intendenta, Mariel Fern\u00e1ndez junto a j\u00f3venes y autoridades municipales, inaugur\u00f3 el Galp\u00f3n de Moreno Centro, un nuevo espacio destinado\" \/>\n<meta property=\"og:url\" content=\"https:\/\/infopba247.com.ar\/index.php\/2025\/05\/27\/mariel-fernandez-el-municipio-esta-al-servicio-de-la-juventud-de-moreno\/\" \/>\n<meta property=\"og:site_name\" content=\"InfoPBA247\" \/>\n<meta property=\"article:publisher\" content=\"https:\/\/www.facebook.com\/InfoPBA\" \/>\n<meta property=\"article:published_time\" content=\"2025-05-27T12:53:50+00:00\" \/>\n<meta property=\"og:image\" content=\"https:\/\/infopba247.com.ar\/wp-content\/uploads\/2025\/05\/inauguracion-galpon-de-juventudes-moreno-centro-2-scaled.jpg\" \/>\n\t<meta property=\"og:image:width\" content=\"2560\" \/>\n\t<meta property=\"og:image:height\" content=\"1440\" \/>\n\t<meta property=\"og:image:type\" content=\"image\/jpeg\" \/>\n<meta name=\"author\" content=\"Editor\" \/>\n<meta name=\"twitter:card\" content=\"summary_large_image\" \/>\n<meta name=\"twitter:label1\" content=\"Escrito por\" \/>\n\t<meta name=\"twitter:data1\" content=\"Editor\" \/>\n\t<meta name=\"twitter:label2\" content=\"Tiempo de lectura\" \/>\n\t<meta name=\"twitter:data2\" content=\"2 minutos\" \/>\n<script type=\"application\/ld+json\" class=\"yoast-schema-graph\">{\"@context\":\"https:\\\/\\\/schema.org\",\"@graph\":[{\"@type\":\"Article\",\"@id\":\"https:\\\/\\\/infopba247.com.ar\\\/index.php\\\/2025\\\/05\\\/27\\\/mariel-fernandez-el-municipio-esta-al-servicio-de-la-juventud-de-moreno\\\/#article\",\"isPartOf\":{\"@id\":\"https:\\\/\\\/infopba247.com.ar\\\/index.php\\\/2025\\\/05\\\/27\\\/mariel-fernandez-el-municipio-esta-al-servicio-de-la-juventud-de-moreno\\\/\"},\"author\":{\"name\":\"Editor\",\"@id\":\"https:\\\/\\\/infopba247.com.ar\\\/#\\\/schema\\\/person\\\/4975f1343a413e57bf839b3eed0099f2\"},\"headline\":\"Mariel Fern\u00e1ndez: \u201cEl Municipio est\u00e1 al servicio de la juventud de Moreno\u201d\",\"datePublished\":\"2025-05-27T12:53:50+00:00\",\"mainEntityOfPage\":{\"@id\":\"https:\\\/\\\/infopba247.com.ar\\\/index.php\\\/2025\\\/05\\\/27\\\/mariel-fernandez-el-municipio-esta-al-servicio-de-la-juventud-de-moreno\\\/\"},\"wordCount\":397,\"commentCount\":0,\"publisher\":{\"@id\":\"https:\\\/\\\/infopba247.com.ar\\\/#organization\"},\"image\":{\"@id\":\"https:\\\/\\\/infopba247.com.ar\\\/index.php\\\/2025\\\/05\\\/27\\\/mariel-fernandez-el-municipio-esta-al-servicio-de-la-juventud-de-moreno\\\/#primaryimage\"},\"thumbnailUrl\":\"https:\\\/\\\/infopba247.com.ar\\\/wp-content\\\/uploads\\\/2025\\\/05\\\/inauguracion-galpon-de-juventudes-moreno-centro-2-scaled.jpg\",\"articleSection\":[\"1ra Secci\u00f3n\",\"Destacadas\",\"Pol\u00edtica\"],\"inLanguage\":\"es\",\"potentialAction\":[{\"@type\":\"CommentAction\",\"name\":\"Comment\",\"target\":[\"https:\\\/\\\/infopba247.com.ar\\\/index.php\\\/2025\\\/05\\\/27\\\/mariel-fernandez-el-municipio-esta-al-servicio-de-la-juventud-de-moreno\\\/#respond\"]}]},{\"@type\":\"WebPage\",\"@id\":\"https:\\\/\\\/infopba247.com.ar\\\/index.php\\\/2025\\\/05\\\/27\\\/mariel-fernandez-el-municipio-esta-al-servicio-de-la-juventud-de-moreno\\\/\",\"url\":\"https:\\\/\\\/infopba247.com.ar\\\/index.php\\\/2025\\\/05\\\/27\\\/mariel-fernandez-el-municipio-esta-al-servicio-de-la-juventud-de-moreno\\\/\",\"name\":\"Mariel Fern\u00e1ndez: \u201cEl Municipio est\u00e1 al servicio de la juventud de Moreno\u201d - InfoPBA247\",\"isPartOf\":{\"@id\":\"https:\\\/\\\/infopba247.com.ar\\\/#website\"},\"primaryImageOfPage\":{\"@id\":\"https:\\\/\\\/infopba247.com.ar\\\/index.php\\\/2025\\\/05\\\/27\\\/mariel-fernandez-el-municipio-esta-al-servicio-de-la-juventud-de-moreno\\\/#primaryimage\"},\"image\":{\"@id\":\"https:\\\/\\\/infopba247.com.ar\\\/index.php\\\/2025\\\/05\\\/27\\\/mariel-fernandez-el-municipio-esta-al-servicio-de-la-juventud-de-moreno\\\/#primaryimage\"},\"thumbnailUrl\":\"https:\\\/\\\/infopba247.com.ar\\\/wp-content\\\/uploads\\\/2025\\\/05\\\/inauguracion-galpon-de-juventudes-moreno-centro-2-scaled.jpg\",\"datePublished\":\"2025-05-27T12:53:50+00:00\",\"breadcrumb\":{\"@id\":\"https:\\\/\\\/infopba247.com.ar\\\/index.php\\\/2025\\\/05\\\/27\\\/mariel-fernandez-el-municipio-esta-al-servicio-de-la-juventud-de-moreno\\\/#breadcrumb\"},\"inLanguage\":\"es\",\"potentialAction\":[{\"@type\":\"ReadAction\",\"target\":[\"https:\\\/\\\/infopba247.com.ar\\\/index.php\\\/2025\\\/05\\\/27\\\/mariel-fernandez-el-municipio-esta-al-servicio-de-la-juventud-de-moreno\\\/\"]}]},{\"@type\":\"ImageObject\",\"inLanguage\":\"es\",\"@id\":\"https:\\\/\\\/infopba247.com.ar\\\/index.php\\\/2025\\\/05\\\/27\\\/mariel-fernandez-el-municipio-esta-al-servicio-de-la-juventud-de-moreno\\\/#primaryimage\",\"url\":\"https:\\\/\\\/infopba247.com.ar\\\/wp-content\\\/uploads\\\/2025\\\/05\\\/inauguracion-galpon-de-juventudes-moreno-centro-2-scaled.jpg\",\"contentUrl\":\"https:\\\/\\\/infopba247.com.ar\\\/wp-content\\\/uploads\\\/2025\\\/05\\\/inauguracion-galpon-de-juventudes-moreno-centro-2-scaled.jpg\",\"width\":2560,\"height\":1440},{\"@type\":\"BreadcrumbList\",\"@id\":\"https:\\\/\\\/infopba247.com.ar\\\/index.php\\\/2025\\\/05\\\/27\\\/mariel-fernandez-el-municipio-esta-al-servicio-de-la-juventud-de-moreno\\\/#breadcrumb\",\"itemListElement\":[{\"@type\":\"ListItem\",\"position\":1,\"name\":\"Portada\",\"item\":\"https:\\\/\\\/infopba247.com.ar\\\/\"},{\"@type\":\"ListItem\",\"position\":2,\"name\":\"Mariel Fern\u00e1ndez: \u201cEl Municipio est\u00e1 al servicio de la juventud de Moreno\u201d\"}]},{\"@type\":\"WebSite\",\"@id\":\"https:\\\/\\\/infopba247.com.ar\\\/#website\",\"url\":\"https:\\\/\\\/infopba247.com.ar\\\/\",\"name\":\"InfoPBA247\",\"description\":\"Toda la actualidad bonaerense\",\"publisher\":{\"@id\":\"https:\\\/\\\/infopba247.com.ar\\\/#organization\"},\"potentialAction\":[{\"@type\":\"SearchAction\",\"target\":{\"@type\":\"EntryPoint\",\"urlTemplate\":\"https:\\\/\\\/infopba247.com.ar\\\/?s={search_term_string}\"},\"query-input\":{\"@type\":\"PropertyValueSpecification\",\"valueRequired\":true,\"valueName\":\"search_term_string\"}}],\"inLanguage\":\"es\"},{\"@type\":\"Organization\",\"@id\":\"https:\\\/\\\/infopba247.com.ar\\\/#organization\",\"name\":\"InfoPBA247\",\"url\":\"https:\\\/\\\/infopba247.com.ar\\\/\",\"logo\":{\"@type\":\"ImageObject\",\"inLanguage\":\"es\",\"@id\":\"https:\\\/\\\/infopba247.com.ar\\\/#\\\/schema\\\/logo\\\/image\\\/\",\"url\":\"https:\\\/\\\/infopba247.com.ar\\\/wp-content\\\/uploads\\\/2022\\\/03\\\/cropped-InfoPBA247-1.png\",\"contentUrl\":\"https:\\\/\\\/infopba247.com.ar\\\/wp-content\\\/uploads\\\/2022\\\/03\\\/cropped-InfoPBA247-1.png\",\"width\":500,\"height\":122,\"caption\":\"InfoPBA247\"},\"image\":{\"@id\":\"https:\\\/\\\/infopba247.com.ar\\\/#\\\/schema\\\/logo\\\/image\\\/\"},\"sameAs\":[\"https:\\\/\\\/www.facebook.com\\\/InfoPBA\"]},{\"@type\":\"Person\",\"@id\":\"https:\\\/\\\/infopba247.com.ar\\\/#\\\/schema\\\/person\\\/4975f1343a413e57bf839b3eed0099f2\",\"name\":\"Editor\",\"image\":{\"@type\":\"ImageObject\",\"inLanguage\":\"es\",\"@id\":\"https:\\\/\\\/secure.gravatar.com\\\/avatar\\\/d27fe9520667ca53441d36627a1d6b0fa4a813571ec4803687a7a3a7744685ac?s=96&d=mm&r=g\",\"url\":\"https:\\\/\\\/secure.gravatar.com\\\/avatar\\\/d27fe9520667ca53441d36627a1d6b0fa4a813571ec4803687a7a3a7744685ac?s=96&d=mm&r=g\",\"contentUrl\":\"https:\\\/\\\/secure.gravatar.com\\\/avatar\\\/d27fe9520667ca53441d36627a1d6b0fa4a813571ec4803687a7a3a7744685ac?s=96&d=mm&r=g\",\"caption\":\"Editor\"},\"url\":\"https:\\\/\\\/infopba247.com.ar\\\/index.php\\\/author\\\/editor\\\/\"}]}<\/script>\n<!-- \/ Yoast SEO plugin. -->","yoast_head_json":{"title":"Mariel Fern\u00e1ndez: \u201cEl Municipio est\u00e1 al servicio de la juventud de Moreno\u201d - InfoPBA247","robots":{"index":"index","follow":"follow","max-snippet":"max-snippet:-1","max-image-preview":"max-image-preview:large","max-video-preview":"max-video-preview:-1"},"canonical":"https:\/\/infopba247.com.ar\/index.php\/2025\/05\/27\/mariel-fernandez-el-municipio-esta-al-servicio-de-la-juventud-de-moreno\/","og_locale":"es_ES","og_type":"article","og_title":"Mariel Fern\u00e1ndez: \u201cEl Municipio est\u00e1 al servicio de la juventud de Moreno\u201d - InfoPBA247","og_description":"La intendenta, Mariel Fern\u00e1ndez junto a j\u00f3venes y autoridades municipales, inaugur\u00f3 el Galp\u00f3n de Moreno Centro, un nuevo espacio destinado","og_url":"https:\/\/infopba247.com.ar\/index.php\/2025\/05\/27\/mariel-fernandez-el-municipio-esta-al-servicio-de-la-juventud-de-moreno\/","og_site_name":"InfoPBA247","article_publisher":"https:\/\/www.facebook.com\/InfoPBA","article_published_time":"2025-05-27T12:53:50+00:00","og_image":[{"width":2560,"height":1440,"url":"https:\/\/infopba247.com.ar\/wp-content\/uploads\/2025\/05\/inauguracion-galpon-de-juventudes-moreno-centro-2-scaled.jpg","type":"image\/jpeg"}],"author":"Editor","twitter_card":"summary_large_image","twitter_misc":{"Escrito por":"Editor","Tiempo de lectura":"2 minutos"},"schema":{"@context":"https:\/\/schema.org","@graph":[{"@type":"Article","@id":"https:\/\/infopba247.com.ar\/index.php\/2025\/05\/27\/mariel-fernandez-el-municipio-esta-al-servicio-de-la-juventud-de-moreno\/#article","isPartOf":{"@id":"https:\/\/infopba247.com.ar\/index.php\/2025\/05\/27\/mariel-fernandez-el-municipio-esta-al-servicio-de-la-juventud-de-moreno\/"},"author":{"name":"Editor","@id":"https:\/\/infopba247.com.ar\/#\/schema\/person\/4975f1343a413e57bf839b3eed0099f2"},"headline":"Mariel Fern\u00e1ndez: \u201cEl Municipio est\u00e1 al servicio de la juventud de Moreno\u201d","datePublished":"2025-05-27T12:53:50+00:00","mainEntityOfPage":{"@id":"https:\/\/infopba247.com.ar\/index.php\/2025\/05\/27\/mariel-fernandez-el-municipio-esta-al-servicio-de-la-juventud-de-moreno\/"},"wordCount":397,"commentCount":0,"publisher":{"@id":"https:\/\/infopba247.com.ar\/#organization"},"image":{"@id":"https:\/\/infopba247.com.ar\/index.php\/2025\/05\/27\/mariel-fernandez-el-municipio-esta-al-servicio-de-la-juventud-de-moreno\/#primaryimage"},"thumbnailUrl":"https:\/\/infopba247.com.ar\/wp-content\/uploads\/2025\/05\/inauguracion-galpon-de-juventudes-moreno-centro-2-scaled.jpg","articleSection":["1ra Secci\u00f3n","Destacadas","Pol\u00edtica"],"inLanguage":"es","potentialAction":[{"@type":"CommentAction","name":"Comment","target":["https:\/\/infopba247.com.ar\/index.php\/2025\/05\/27\/mariel-fernandez-el-municipio-esta-al-servicio-de-la-juventud-de-moreno\/#respond"]}]},{"@type":"WebPage","@id":"https:\/\/infopba247.com.ar\/index.php\/2025\/05\/27\/mariel-fernandez-el-municipio-esta-al-servicio-de-la-juventud-de-moreno\/","url":"https:\/\/infopba247.com.ar\/index.php\/2025\/05\/27\/mariel-fernandez-el-municipio-esta-al-servicio-de-la-juventud-de-moreno\/","name":"Mariel Fern\u00e1ndez: \u201cEl Municipio est\u00e1 al servicio de la juventud de Moreno\u201d - InfoPBA247","isPartOf":{"@id":"https:\/\/infopba247.com.ar\/#website"},"primaryImageOfPage":{"@id":"https:\/\/infopba247.com.ar\/index.php\/2025\/05\/27\/mariel-fernandez-el-municipio-esta-al-servicio-de-la-juventud-de-moreno\/#primaryimage"},"image":{"@id":"https:\/\/infopba247.com.ar\/index.php\/2025\/05\/27\/mariel-fernandez-el-municipio-esta-al-servicio-de-la-juventud-de-moreno\/#primaryimage"},"thumbnailUrl":"https:\/\/infopba247.com.ar\/wp-content\/uploads\/2025\/05\/inauguracion-galpon-de-juventudes-moreno-centro-2-scaled.jpg","datePublished":"2025-05-27T12:53:50+00:00","breadcrumb":{"@id":"https:\/\/infopba247.com.ar\/index.php\/2025\/05\/27\/mariel-fernandez-el-municipio-esta-al-servicio-de-la-juventud-de-moreno\/#breadcrumb"},"inLanguage":"es","potentialAction":[{"@type":"ReadAction","target":["https:\/\/infopba247.com.ar\/index.php\/2025\/05\/27\/mariel-fernandez-el-municipio-esta-al-servicio-de-la-juventud-de-moreno\/"]}]},{"@type":"ImageObject","inLanguage":"es","@id":"https:\/\/infopba247.com.ar\/index.php\/2025\/05\/27\/mariel-fernandez-el-municipio-esta-al-servicio-de-la-juventud-de-moreno\/#primaryimage","url":"https:\/\/infopba247.com.ar\/wp-content\/uploads\/2025\/05\/inauguracion-galpon-de-juventudes-moreno-centro-2-scaled.jpg","contentUrl":"https:\/\/infopba247.com.ar\/wp-content\/uploads\/2025\/05\/inauguracion-galpon-de-juventudes-moreno-centro-2-scaled.jpg","width":2560,"height":1440},{"@type":"BreadcrumbList","@id":"https:\/\/infopba247.com.ar\/index.php\/2025\/05\/27\/mariel-fernandez-el-municipio-esta-al-servicio-de-la-juventud-de-moreno\/#breadcrumb","itemListElement":[{"@type":"ListItem","position":1,"name":"Portada","item":"https:\/\/infopba247.com.ar\/"},{"@type":"ListItem","position":2,"name":"Mariel Fern\u00e1ndez: \u201cEl Municipio est\u00e1 al servicio de la juventud de Moreno\u201d"}]},{"@type":"WebSite","@id":"https:\/\/infopba247.com.ar\/#website","url":"https:\/\/infopba247.com.ar\/","name":"InfoPBA247","description":"Toda la actualidad bonaerense","publisher":{"@id":"https:\/\/infopba247.com.ar\/#organization"},"potentialAction":[{"@type":"SearchAction","target":{"@type":"EntryPoint","urlTemplate":"https:\/\/infopba247.com.ar\/?s={search_term_string}"},"query-input":{"@type":"PropertyValueSpecification","valueRequired":true,"valueName":"search_term_string"}}],"inLanguage":"es"},{"@type":"Organization","@id":"https:\/\/infopba247.com.ar\/#organization","name":"InfoPBA247","url":"https:\/\/infopba247.com.ar\/","logo":{"@type":"ImageObject","inLanguage":"es","@id":"https:\/\/infopba247.com.ar\/#\/schema\/logo\/image\/","url":"https:\/\/infopba247.com.ar\/wp-content\/uploads\/2022\/03\/cropped-InfoPBA247-1.png","contentUrl":"https:\/\/infopba247.com.ar\/wp-content\/uploads\/2022\/03\/cropped-InfoPBA247-1.png","width":500,"height":122,"caption":"InfoPBA247"},"image":{"@id":"https:\/\/infopba247.com.ar\/#\/schema\/logo\/image\/"},"sameAs":["https:\/\/www.facebook.com\/InfoPBA"]},{"@type":"Person","@id":"https:\/\/infopba247.com.ar\/#\/schema\/person\/4975f1343a413e57bf839b3eed0099f2","name":"Editor","image":{"@type":"ImageObject","inLanguage":"es","@id":"https:\/\/secure.gravatar.com\/avatar\/d27fe9520667ca53441d36627a1d6b0fa4a813571ec4803687a7a3a7744685ac?s=96&d=mm&r=g","url":"https:\/\/secure.gravatar.com\/avatar\/d27fe9520667ca53441d36627a1d6b0fa4a813571ec4803687a7a3a7744685ac?s=96&d=mm&r=g","contentUrl":"https:\/\/secure.gravatar.com\/avatar\/d27fe9520667ca53441d36627a1d6b0fa4a813571ec4803687a7a3a7744685ac?s=96&d=mm&r=g","caption":"Editor"},"url":"https:\/\/infopba247.com.ar\/index.php\/author\/editor\/"}]}},"_links":{"self":[{"href":"https:\/\/infopba247.com.ar\/index.php\/wp-json\/wp\/v2\/posts\/7143","targetHints":{"allow":["GET"]}}],"collection":[{"href":"https:\/\/infopba247.com.ar\/index.php\/wp-json\/wp\/v2\/posts"}],"about":[{"href":"https:\/\/infopba247.com.ar\/index.php\/wp-json\/wp\/v2\/types\/post"}],"author":[{"embeddable":true,"href":"https:\/\/infopba247.com.ar\/index.php\/wp-json\/wp\/v2\/users\/3"}],"replies":[{"embeddable":true,"href":"https:\/\/infopba247.com.ar\/index.php\/wp-json\/wp\/v2\/comments?post=7143"}],"version-history":[{"count":1,"href":"https:\/\/infopba247.com.ar\/index.php\/wp-json\/wp\/v2\/posts\/7143\/revisions"}],"predecessor-version":[{"id":7144,"href":"https:\/\/infopba247.com.ar\/index.php\/wp-json\/wp\/v2\/posts\/7143\/revisions\/7144"}],"wp:featuredmedia":[{"embeddable":true,"href":"https:\/\/infopba247.com.ar\/index.php\/wp-json\/wp\/v2\/media\/7140"}],"wp:attachment":[{"href":"https:\/\/infopba247.com.ar\/index.php\/wp-json\/wp\/v2\/media?parent=7143"}],"wp:term":[{"taxonomy":"category","embeddable":true,"href":"https:\/\/infopba247.com.ar\/index.php\/wp-json\/wp\/v2\/categories?post=7143"},{"taxonomy":"post_tag","embeddable":true,"href":"https:\/\/infopba247.com.ar\/index.php\/wp-json\/wp\/v2\/tags?post=7143"}],"curies":[{"name":"wp","href":"https:\/\/api.w.org\/{rel}","templated":true}]}}