{"id":7132,"date":"2025-05-26T15:32:58","date_gmt":"2025-05-26T18:32:58","guid":{"rendered":"https:\/\/infopba247.com.ar\/?p=7132"},"modified":"2025-05-26T15:33:00","modified_gmt":"2025-05-26T18:33:00","slug":"alak-y-kicillof-participaron-del-tedeum-por-el-25-de-mayo","status":"publish","type":"post","link":"https:\/\/infopba247.com.ar\/index.php\/2025\/05\/26\/alak-y-kicillof-participaron-del-tedeum-por-el-25-de-mayo\/","title":{"rendered":"Alak y Kicillof participaron del tedeum por el 25 de Mayo"},"content":{"rendered":"\n<p>El intendente de La Plata, Julio Alak, particip\u00f3 hoy del tradicional tedeum para conmemorar un nuevo aniversario de la Revoluci\u00f3n de Mayo de 1810 junto al gobernador de la provincia de Buenos Aires, Axel Kicillof.<\/p>\n\n\n\n<p>La celebraci\u00f3n lit\u00fargica se llev\u00f3 a cabo en la Catedral de la Inmaculada Concepci\u00f3n de calle 14 entre 51 y 53, fue presidida por el arzobispo Gustavo Carrara y cont\u00f3 con la participaci\u00f3n de ministros, legisladores, concejales, funcionarios municipales, autoridades de distintos distritos de la regi\u00f3n capital y vecinos de la ciudad.<\/p>\n\n\n\n<p>\u00abHoy conmemoramos un nuevo aniversario de la Revoluci\u00f3n de Mayo, un momento clave en nuestra historia que nos ense\u00f1\u00f3 el valor de la unidad y la lucha por la libertad. Como intendente, me siento orgulloso de seguir trabajando por una ciudad m\u00e1s justa y equitativa, inspirada en los ideales de nuestros pr\u00f3ceres\u201d, sostuvo Alak.<\/p>\n\n\n\n<p>Por su parte, Kicillof celebr\u00f3 \u201cel mensaje del Arzobispo Gustavo Carrara sobre la necesidad de que los sistemas econ\u00f3micos pongan en el centro a la solidaridad y el bien com\u00fan y de la importancia de acompa\u00f1ar a nuestro pueblo, empezando por quienes m\u00e1s lo necesitan\u201d.<\/p>\n\n\n\n<p>Durante la homil\u00eda, Carrara manifest\u00f3: \u00abDamos a gracias a Dios Creador por habernos regalado la patria que habitamos. Y este a\u00f1o lo hacemos en el Jubileo de la Esperanza\u00bb. \u00abTodos los que detentamos alg\u00fan tipo de poder, tenemos que ponernos al servicio del bien com\u00fan, especialmente de aquellos que est\u00e1n m\u00e1s heridos en su dignidad, y hacerlo al modo de Jes\u00fas que se baj\u00f3 para lavarnos los pies\u201d, reflexion\u00f3.<\/p>\n\n\n\n<p>Finalmente, concluy\u00f3: \u201cServir es fundamentalmente cuidar con ternura, y defender con firmeza, la fragilidad de nuestro pueblo. A la vez ese camino de servicio es fuente de alegr\u00eda para quien se decide a transitarlo. Si el servicio es fuente de alegr\u00eda, el pertenecer a una comunidad tambi\u00e9n lo es. Por eso es necesario apostar por las acciones que fortalecen la vida comunitaria, que integran a las personas en una comunidad, y de este modo seguir organizando la esperanza\u201d.<\/p>\n","protected":false},"excerpt":{"rendered":"<p>El intendente de La Plata, Julio Alak, particip\u00f3 hoy del tradicional tedeum para conmemorar un nuevo aniversario de la Revoluci\u00f3n<\/p>\n","protected":false},"author":3,"featured_media":7130,"comment_status":"open","ping_status":"open","sticky":false,"template":"","format":"standard","meta":{"colormag_page_container_layout":"default_layout","colormag_page_sidebar_layout":"default_layout","footnotes":""},"categories":[12,1,14],"tags":[],"class_list":["post-7132","post","type-post","status-publish","format-standard","has-post-thumbnail","hentry","category-8va-seccion","category-destacadas","category-politica"],"yoast_head":"<!-- This site is optimized with the Yoast SEO plugin v27.4 - https:\/\/yoast.com\/product\/yoast-seo-wordpress\/ -->\n<title>Alak y Kicillof participaron del tedeum por el 25 de Mayo - InfoPBA247<\/title>\n<meta name=\"robots\" content=\"index, follow, max-snippet:-1, max-image-preview:large, max-video-preview:-1\" \/>\n<link rel=\"canonical\" href=\"https:\/\/infopba247.com.ar\/index.php\/2025\/05\/26\/alak-y-kicillof-participaron-del-tedeum-por-el-25-de-mayo\/\" \/>\n<meta property=\"og:locale\" content=\"es_ES\" \/>\n<meta property=\"og:type\" content=\"article\" \/>\n<meta property=\"og:title\" content=\"Alak y Kicillof participaron del tedeum por el 25 de Mayo - InfoPBA247\" \/>\n<meta property=\"og:description\" content=\"El intendente de La Plata, Julio Alak, particip\u00f3 hoy del tradicional tedeum para conmemorar un nuevo aniversario de la Revoluci\u00f3n\" \/>\n<meta property=\"og:url\" content=\"https:\/\/infopba247.com.ar\/index.php\/2025\/05\/26\/alak-y-kicillof-participaron-del-tedeum-por-el-25-de-mayo\/\" \/>\n<meta property=\"og:site_name\" content=\"InfoPBA247\" \/>\n<meta property=\"article:publisher\" content=\"https:\/\/www.facebook.com\/InfoPBA\" \/>\n<meta property=\"article:published_time\" content=\"2025-05-26T18:32:58+00:00\" \/>\n<meta property=\"article:modified_time\" content=\"2025-05-26T18:33:00+00:00\" \/>\n<meta property=\"og:image\" content=\"https:\/\/infopba247.com.ar\/wp-content\/uploads\/2025\/05\/unnamed-2025-05-26T145103.420.jpg\" \/>\n\t<meta property=\"og:image:width\" content=\"1476\" \/>\n\t<meta property=\"og:image:height\" content=\"1024\" \/>\n\t<meta property=\"og:image:type\" content=\"image\/jpeg\" \/>\n<meta name=\"author\" content=\"Editor\" \/>\n<meta name=\"twitter:card\" content=\"summary_large_image\" \/>\n<meta name=\"twitter:label1\" content=\"Escrito por\" \/>\n\t<meta name=\"twitter:data1\" content=\"Editor\" \/>\n\t<meta name=\"twitter:label2\" content=\"Tiempo de lectura\" \/>\n\t<meta name=\"twitter:data2\" content=\"2 minutos\" \/>\n<script type=\"application\/ld+json\" class=\"yoast-schema-graph\">{\"@context\":\"https:\\\/\\\/schema.org\",\"@graph\":[{\"@type\":\"Article\",\"@id\":\"https:\\\/\\\/infopba247.com.ar\\\/index.php\\\/2025\\\/05\\\/26\\\/alak-y-kicillof-participaron-del-tedeum-por-el-25-de-mayo\\\/#article\",\"isPartOf\":{\"@id\":\"https:\\\/\\\/infopba247.com.ar\\\/index.php\\\/2025\\\/05\\\/26\\\/alak-y-kicillof-participaron-del-tedeum-por-el-25-de-mayo\\\/\"},\"author\":{\"name\":\"Editor\",\"@id\":\"https:\\\/\\\/infopba247.com.ar\\\/#\\\/schema\\\/person\\\/4975f1343a413e57bf839b3eed0099f2\"},\"headline\":\"Alak y Kicillof participaron del tedeum por el 25 de Mayo\",\"datePublished\":\"2025-05-26T18:32:58+00:00\",\"dateModified\":\"2025-05-26T18:33:00+00:00\",\"mainEntityOfPage\":{\"@id\":\"https:\\\/\\\/infopba247.com.ar\\\/index.php\\\/2025\\\/05\\\/26\\\/alak-y-kicillof-participaron-del-tedeum-por-el-25-de-mayo\\\/\"},\"wordCount\":362,\"commentCount\":0,\"publisher\":{\"@id\":\"https:\\\/\\\/infopba247.com.ar\\\/#organization\"},\"image\":{\"@id\":\"https:\\\/\\\/infopba247.com.ar\\\/index.php\\\/2025\\\/05\\\/26\\\/alak-y-kicillof-participaron-del-tedeum-por-el-25-de-mayo\\\/#primaryimage\"},\"thumbnailUrl\":\"https:\\\/\\\/infopba247.com.ar\\\/wp-content\\\/uploads\\\/2025\\\/05\\\/unnamed-2025-05-26T145103.420.jpg\",\"articleSection\":[\"8va Secci\u00f3n\",\"Destacadas\",\"Pol\u00edtica\"],\"inLanguage\":\"es\",\"potentialAction\":[{\"@type\":\"CommentAction\",\"name\":\"Comment\",\"target\":[\"https:\\\/\\\/infopba247.com.ar\\\/index.php\\\/2025\\\/05\\\/26\\\/alak-y-kicillof-participaron-del-tedeum-por-el-25-de-mayo\\\/#respond\"]}]},{\"@type\":\"WebPage\",\"@id\":\"https:\\\/\\\/infopba247.com.ar\\\/index.php\\\/2025\\\/05\\\/26\\\/alak-y-kicillof-participaron-del-tedeum-por-el-25-de-mayo\\\/\",\"url\":\"https:\\\/\\\/infopba247.com.ar\\\/index.php\\\/2025\\\/05\\\/26\\\/alak-y-kicillof-participaron-del-tedeum-por-el-25-de-mayo\\\/\",\"name\":\"Alak y Kicillof participaron del tedeum por el 25 de Mayo - InfoPBA247\",\"isPartOf\":{\"@id\":\"https:\\\/\\\/infopba247.com.ar\\\/#website\"},\"primaryImageOfPage\":{\"@id\":\"https:\\\/\\\/infopba247.com.ar\\\/index.php\\\/2025\\\/05\\\/26\\\/alak-y-kicillof-participaron-del-tedeum-por-el-25-de-mayo\\\/#primaryimage\"},\"image\":{\"@id\":\"https:\\\/\\\/infopba247.com.ar\\\/index.php\\\/2025\\\/05\\\/26\\\/alak-y-kicillof-participaron-del-tedeum-por-el-25-de-mayo\\\/#primaryimage\"},\"thumbnailUrl\":\"https:\\\/\\\/infopba247.com.ar\\\/wp-content\\\/uploads\\\/2025\\\/05\\\/unnamed-2025-05-26T145103.420.jpg\",\"datePublished\":\"2025-05-26T18:32:58+00:00\",\"dateModified\":\"2025-05-26T18:33:00+00:00\",\"breadcrumb\":{\"@id\":\"https:\\\/\\\/infopba247.com.ar\\\/index.php\\\/2025\\\/05\\\/26\\\/alak-y-kicillof-participaron-del-tedeum-por-el-25-de-mayo\\\/#breadcrumb\"},\"inLanguage\":\"es\",\"potentialAction\":[{\"@type\":\"ReadAction\",\"target\":[\"https:\\\/\\\/infopba247.com.ar\\\/index.php\\\/2025\\\/05\\\/26\\\/alak-y-kicillof-participaron-del-tedeum-por-el-25-de-mayo\\\/\"]}]},{\"@type\":\"ImageObject\",\"inLanguage\":\"es\",\"@id\":\"https:\\\/\\\/infopba247.com.ar\\\/index.php\\\/2025\\\/05\\\/26\\\/alak-y-kicillof-participaron-del-tedeum-por-el-25-de-mayo\\\/#primaryimage\",\"url\":\"https:\\\/\\\/infopba247.com.ar\\\/wp-content\\\/uploads\\\/2025\\\/05\\\/unnamed-2025-05-26T145103.420.jpg\",\"contentUrl\":\"https:\\\/\\\/infopba247.com.ar\\\/wp-content\\\/uploads\\\/2025\\\/05\\\/unnamed-2025-05-26T145103.420.jpg\",\"width\":1476,\"height\":1024},{\"@type\":\"BreadcrumbList\",\"@id\":\"https:\\\/\\\/infopba247.com.ar\\\/index.php\\\/2025\\\/05\\\/26\\\/alak-y-kicillof-participaron-del-tedeum-por-el-25-de-mayo\\\/#breadcrumb\",\"itemListElement\":[{\"@type\":\"ListItem\",\"position\":1,\"name\":\"Portada\",\"item\":\"https:\\\/\\\/infopba247.com.ar\\\/\"},{\"@type\":\"ListItem\",\"position\":2,\"name\":\"Alak y Kicillof participaron del tedeum por el 25 de Mayo\"}]},{\"@type\":\"WebSite\",\"@id\":\"https:\\\/\\\/infopba247.com.ar\\\/#website\",\"url\":\"https:\\\/\\\/infopba247.com.ar\\\/\",\"name\":\"InfoPBA247\",\"description\":\"Toda la actualidad bonaerense\",\"publisher\":{\"@id\":\"https:\\\/\\\/infopba247.com.ar\\\/#organization\"},\"potentialAction\":[{\"@type\":\"SearchAction\",\"target\":{\"@type\":\"EntryPoint\",\"urlTemplate\":\"https:\\\/\\\/infopba247.com.ar\\\/?s={search_term_string}\"},\"query-input\":{\"@type\":\"PropertyValueSpecification\",\"valueRequired\":true,\"valueName\":\"search_term_string\"}}],\"inLanguage\":\"es\"},{\"@type\":\"Organization\",\"@id\":\"https:\\\/\\\/infopba247.com.ar\\\/#organization\",\"name\":\"InfoPBA247\",\"url\":\"https:\\\/\\\/infopba247.com.ar\\\/\",\"logo\":{\"@type\":\"ImageObject\",\"inLanguage\":\"es\",\"@id\":\"https:\\\/\\\/infopba247.com.ar\\\/#\\\/schema\\\/logo\\\/image\\\/\",\"url\":\"https:\\\/\\\/infopba247.com.ar\\\/wp-content\\\/uploads\\\/2022\\\/03\\\/cropped-InfoPBA247-1.png\",\"contentUrl\":\"https:\\\/\\\/infopba247.com.ar\\\/wp-content\\\/uploads\\\/2022\\\/03\\\/cropped-InfoPBA247-1.png\",\"width\":500,\"height\":122,\"caption\":\"InfoPBA247\"},\"image\":{\"@id\":\"https:\\\/\\\/infopba247.com.ar\\\/#\\\/schema\\\/logo\\\/image\\\/\"},\"sameAs\":[\"https:\\\/\\\/www.facebook.com\\\/InfoPBA\"]},{\"@type\":\"Person\",\"@id\":\"https:\\\/\\\/infopba247.com.ar\\\/#\\\/schema\\\/person\\\/4975f1343a413e57bf839b3eed0099f2\",\"name\":\"Editor\",\"image\":{\"@type\":\"ImageObject\",\"inLanguage\":\"es\",\"@id\":\"https:\\\/\\\/secure.gravatar.com\\\/avatar\\\/d27fe9520667ca53441d36627a1d6b0fa4a813571ec4803687a7a3a7744685ac?s=96&d=mm&r=g\",\"url\":\"https:\\\/\\\/secure.gravatar.com\\\/avatar\\\/d27fe9520667ca53441d36627a1d6b0fa4a813571ec4803687a7a3a7744685ac?s=96&d=mm&r=g\",\"contentUrl\":\"https:\\\/\\\/secure.gravatar.com\\\/avatar\\\/d27fe9520667ca53441d36627a1d6b0fa4a813571ec4803687a7a3a7744685ac?s=96&d=mm&r=g\",\"caption\":\"Editor\"},\"url\":\"https:\\\/\\\/infopba247.com.ar\\\/index.php\\\/author\\\/editor\\\/\"}]}<\/script>\n<!-- \/ Yoast SEO plugin. -->","yoast_head_json":{"title":"Alak y Kicillof participaron del tedeum por el 25 de Mayo - InfoPBA247","robots":{"index":"index","follow":"follow","max-snippet":"max-snippet:-1","max-image-preview":"max-image-preview:large","max-video-preview":"max-video-preview:-1"},"canonical":"https:\/\/infopba247.com.ar\/index.php\/2025\/05\/26\/alak-y-kicillof-participaron-del-tedeum-por-el-25-de-mayo\/","og_locale":"es_ES","og_type":"article","og_title":"Alak y Kicillof participaron del tedeum por el 25 de Mayo - InfoPBA247","og_description":"El intendente de La Plata, Julio Alak, particip\u00f3 hoy del tradicional tedeum para conmemorar un nuevo aniversario de la Revoluci\u00f3n","og_url":"https:\/\/infopba247.com.ar\/index.php\/2025\/05\/26\/alak-y-kicillof-participaron-del-tedeum-por-el-25-de-mayo\/","og_site_name":"InfoPBA247","article_publisher":"https:\/\/www.facebook.com\/InfoPBA","article_published_time":"2025-05-26T18:32:58+00:00","article_modified_time":"2025-05-26T18:33:00+00:00","og_image":[{"width":1476,"height":1024,"url":"https:\/\/infopba247.com.ar\/wp-content\/uploads\/2025\/05\/unnamed-2025-05-26T145103.420.jpg","type":"image\/jpeg"}],"author":"Editor","twitter_card":"summary_large_image","twitter_misc":{"Escrito por":"Editor","Tiempo de lectura":"2 minutos"},"schema":{"@context":"https:\/\/schema.org","@graph":[{"@type":"Article","@id":"https:\/\/infopba247.com.ar\/index.php\/2025\/05\/26\/alak-y-kicillof-participaron-del-tedeum-por-el-25-de-mayo\/#article","isPartOf":{"@id":"https:\/\/infopba247.com.ar\/index.php\/2025\/05\/26\/alak-y-kicillof-participaron-del-tedeum-por-el-25-de-mayo\/"},"author":{"name":"Editor","@id":"https:\/\/infopba247.com.ar\/#\/schema\/person\/4975f1343a413e57bf839b3eed0099f2"},"headline":"Alak y Kicillof participaron del tedeum por el 25 de Mayo","datePublished":"2025-05-26T18:32:58+00:00","dateModified":"2025-05-26T18:33:00+00:00","mainEntityOfPage":{"@id":"https:\/\/infopba247.com.ar\/index.php\/2025\/05\/26\/alak-y-kicillof-participaron-del-tedeum-por-el-25-de-mayo\/"},"wordCount":362,"commentCount":0,"publisher":{"@id":"https:\/\/infopba247.com.ar\/#organization"},"image":{"@id":"https:\/\/infopba247.com.ar\/index.php\/2025\/05\/26\/alak-y-kicillof-participaron-del-tedeum-por-el-25-de-mayo\/#primaryimage"},"thumbnailUrl":"https:\/\/infopba247.com.ar\/wp-content\/uploads\/2025\/05\/unnamed-2025-05-26T145103.420.jpg","articleSection":["8va Secci\u00f3n","Destacadas","Pol\u00edtica"],"inLanguage":"es","potentialAction":[{"@type":"CommentAction","name":"Comment","target":["https:\/\/infopba247.com.ar\/index.php\/2025\/05\/26\/alak-y-kicillof-participaron-del-tedeum-por-el-25-de-mayo\/#respond"]}]},{"@type":"WebPage","@id":"https:\/\/infopba247.com.ar\/index.php\/2025\/05\/26\/alak-y-kicillof-participaron-del-tedeum-por-el-25-de-mayo\/","url":"https:\/\/infopba247.com.ar\/index.php\/2025\/05\/26\/alak-y-kicillof-participaron-del-tedeum-por-el-25-de-mayo\/","name":"Alak y Kicillof participaron del tedeum por el 25 de Mayo - InfoPBA247","isPartOf":{"@id":"https:\/\/infopba247.com.ar\/#website"},"primaryImageOfPage":{"@id":"https:\/\/infopba247.com.ar\/index.php\/2025\/05\/26\/alak-y-kicillof-participaron-del-tedeum-por-el-25-de-mayo\/#primaryimage"},"image":{"@id":"https:\/\/infopba247.com.ar\/index.php\/2025\/05\/26\/alak-y-kicillof-participaron-del-tedeum-por-el-25-de-mayo\/#primaryimage"},"thumbnailUrl":"https:\/\/infopba247.com.ar\/wp-content\/uploads\/2025\/05\/unnamed-2025-05-26T145103.420.jpg","datePublished":"2025-05-26T18:32:58+00:00","dateModified":"2025-05-26T18:33:00+00:00","breadcrumb":{"@id":"https:\/\/infopba247.com.ar\/index.php\/2025\/05\/26\/alak-y-kicillof-participaron-del-tedeum-por-el-25-de-mayo\/#breadcrumb"},"inLanguage":"es","potentialAction":[{"@type":"ReadAction","target":["https:\/\/infopba247.com.ar\/index.php\/2025\/05\/26\/alak-y-kicillof-participaron-del-tedeum-por-el-25-de-mayo\/"]}]},{"@type":"ImageObject","inLanguage":"es","@id":"https:\/\/infopba247.com.ar\/index.php\/2025\/05\/26\/alak-y-kicillof-participaron-del-tedeum-por-el-25-de-mayo\/#primaryimage","url":"https:\/\/infopba247.com.ar\/wp-content\/uploads\/2025\/05\/unnamed-2025-05-26T145103.420.jpg","contentUrl":"https:\/\/infopba247.com.ar\/wp-content\/uploads\/2025\/05\/unnamed-2025-05-26T145103.420.jpg","width":1476,"height":1024},{"@type":"BreadcrumbList","@id":"https:\/\/infopba247.com.ar\/index.php\/2025\/05\/26\/alak-y-kicillof-participaron-del-tedeum-por-el-25-de-mayo\/#breadcrumb","itemListElement":[{"@type":"ListItem","position":1,"name":"Portada","item":"https:\/\/infopba247.com.ar\/"},{"@type":"ListItem","position":2,"name":"Alak y Kicillof participaron del tedeum por el 25 de Mayo"}]},{"@type":"WebSite","@id":"https:\/\/infopba247.com.ar\/#website","url":"https:\/\/infopba247.com.ar\/","name":"InfoPBA247","description":"Toda la actualidad bonaerense","publisher":{"@id":"https:\/\/infopba247.com.ar\/#organization"},"potentialAction":[{"@type":"SearchAction","target":{"@type":"EntryPoint","urlTemplate":"https:\/\/infopba247.com.ar\/?s={search_term_string}"},"query-input":{"@type":"PropertyValueSpecification","valueRequired":true,"valueName":"search_term_string"}}],"inLanguage":"es"},{"@type":"Organization","@id":"https:\/\/infopba247.com.ar\/#organization","name":"InfoPBA247","url":"https:\/\/infopba247.com.ar\/","logo":{"@type":"ImageObject","inLanguage":"es","@id":"https:\/\/infopba247.com.ar\/#\/schema\/logo\/image\/","url":"https:\/\/infopba247.com.ar\/wp-content\/uploads\/2022\/03\/cropped-InfoPBA247-1.png","contentUrl":"https:\/\/infopba247.com.ar\/wp-content\/uploads\/2022\/03\/cropped-InfoPBA247-1.png","width":500,"height":122,"caption":"InfoPBA247"},"image":{"@id":"https:\/\/infopba247.com.ar\/#\/schema\/logo\/image\/"},"sameAs":["https:\/\/www.facebook.com\/InfoPBA"]},{"@type":"Person","@id":"https:\/\/infopba247.com.ar\/#\/schema\/person\/4975f1343a413e57bf839b3eed0099f2","name":"Editor","image":{"@type":"ImageObject","inLanguage":"es","@id":"https:\/\/secure.gravatar.com\/avatar\/d27fe9520667ca53441d36627a1d6b0fa4a813571ec4803687a7a3a7744685ac?s=96&d=mm&r=g","url":"https:\/\/secure.gravatar.com\/avatar\/d27fe9520667ca53441d36627a1d6b0fa4a813571ec4803687a7a3a7744685ac?s=96&d=mm&r=g","contentUrl":"https:\/\/secure.gravatar.com\/avatar\/d27fe9520667ca53441d36627a1d6b0fa4a813571ec4803687a7a3a7744685ac?s=96&d=mm&r=g","caption":"Editor"},"url":"https:\/\/infopba247.com.ar\/index.php\/author\/editor\/"}]}},"_links":{"self":[{"href":"https:\/\/infopba247.com.ar\/index.php\/wp-json\/wp\/v2\/posts\/7132","targetHints":{"allow":["GET"]}}],"collection":[{"href":"https:\/\/infopba247.com.ar\/index.php\/wp-json\/wp\/v2\/posts"}],"about":[{"href":"https:\/\/infopba247.com.ar\/index.php\/wp-json\/wp\/v2\/types\/post"}],"author":[{"embeddable":true,"href":"https:\/\/infopba247.com.ar\/index.php\/wp-json\/wp\/v2\/users\/3"}],"replies":[{"embeddable":true,"href":"https:\/\/infopba247.com.ar\/index.php\/wp-json\/wp\/v2\/comments?post=7132"}],"version-history":[{"count":1,"href":"https:\/\/infopba247.com.ar\/index.php\/wp-json\/wp\/v2\/posts\/7132\/revisions"}],"predecessor-version":[{"id":7133,"href":"https:\/\/infopba247.com.ar\/index.php\/wp-json\/wp\/v2\/posts\/7132\/revisions\/7133"}],"wp:featuredmedia":[{"embeddable":true,"href":"https:\/\/infopba247.com.ar\/index.php\/wp-json\/wp\/v2\/media\/7130"}],"wp:attachment":[{"href":"https:\/\/infopba247.com.ar\/index.php\/wp-json\/wp\/v2\/media?parent=7132"}],"wp:term":[{"taxonomy":"category","embeddable":true,"href":"https:\/\/infopba247.com.ar\/index.php\/wp-json\/wp\/v2\/categories?post=7132"},{"taxonomy":"post_tag","embeddable":true,"href":"https:\/\/infopba247.com.ar\/index.php\/wp-json\/wp\/v2\/tags?post=7132"}],"curies":[{"name":"wp","href":"https:\/\/api.w.org\/{rel}","templated":true}]}}