{"id":7117,"date":"2025-05-23T09:50:26","date_gmt":"2025-05-23T12:50:26","guid":{"rendered":"https:\/\/infopba247.com.ar\/?p=7117"},"modified":"2025-05-23T09:50:27","modified_gmt":"2025-05-23T12:50:27","slug":"larroque-visito-camapana-y-recorrio-barrios-afectados","status":"publish","type":"post","link":"https:\/\/infopba247.com.ar\/index.php\/2025\/05\/23\/larroque-visito-camapana-y-recorrio-barrios-afectados\/","title":{"rendered":"Larroque visit\u00f3 Camapana y recorri\u00f3 barrios afectados"},"content":{"rendered":"\n<p>El ministro fue recibido por el intendente Sebasti\u00e1n Abella. Supervis\u00f3 la jornada de asistencia y encabez\u00f3 el operativo del programa Bonaerenses Solidarios, que se lleva adelante en el distrito.<\/p>\n\n\n\n<p>Tras el temporal que afect\u00f3 a distintos distritos de la provincia de Buenos Aires, el ministro de Desarrollo de la Comunidad, Andr\u00e9s Larroque, visit\u00f3 el municipio de Campana para supervisar el despliegue del operativo de asistencia y acompa\u00f1ar las tareas que se llevan adelante en los barrios m\u00e1s afectados.<\/p>\n\n\n\n<p>Fue recibido por el intendente Sebasti\u00e1n Abella en el edificio municipal, donde evaluaron el estado de situaci\u00f3n y avanzaron en la coordinaci\u00f3n conjunta de las acciones de asistencia. Luego, acompa\u00f1ados por el subsecretario de Organizaci\u00f3n Comunitaria, Santiago Fidanza, recorrieron el Centro Log\u00edstico Municipal, uno de los puntos donde se reciben y distribuyen los insumos enviados por el Gobierno de la Provincia de Buenos Aires para asistir a las familias damnificadas.<\/p>\n\n\n\n<p>M\u00e1s tarde, visitaron el barrio San Cayetano, uno de los m\u00e1s afectados por el fen\u00f3meno clim\u00e1tico, donde tuvieron contacto con los vecinos y vecinas que fueron evacuados o que sufrieron p\u00e9rdidas materiales.<\/p>\n\n\n\n<p>\u201cEl Estado provincial, por instrucci\u00f3n de nuestro gobernador Axel Kicillof est\u00e1 presente desde el primer momento. Quiero agradecer al municipio, que pudimos coordinar de manera muy eficaz\u201d, sostuvo el ministro.<\/p>\n\n\n\n<p>En la misma l\u00ednea agradeci\u00f3 \u201ca todos los trabajadores que intervienen en las tareas de asistencia y a los sectores de la comunidad tambi\u00e9n, que est\u00e1n haciendo un esfuerzo muy grande para afrontar esta situaci\u00f3n tan dram\u00e1tica\u201d, y remarc\u00f3: \u201cVamos a acompa\u00f1ar todo lo que sea necesario y, por supuesto, a partir de las capacidades log\u00edsticas de nuestro ministerio, entregando los recursos para tratar de paliar esta situaci\u00f3n tan dif\u00edcil que vive buena parte de nuestra Provincia y tambi\u00e9n el distrito de Campana\u201d.<\/p>\n\n\n\n<p>En ese marco, el ministro remarc\u00f3 que el gobierno provincial lleva invertido un total de $2.651 millones en asistencia desplegada en todo el territorio bonaerense, lo que da cuenta del esfuerzo sostenido por parte del gobernador para dar respuesta inmediata a las comunidades afectadas.<\/p>\n\n\n\n<p>Por su parte, el intendente Sebasti\u00e1n Abella se\u00f1al\u00f3: \u201cEstamos trabajando en la zona afectada por la inundaci\u00f3n, en los barrios San Cayetano y barrios aleda\u00f1os\u201d, y agreg\u00f3 que junto a Larroque inspeccionaron \u201cel \u00e1rea de log\u00edstica, tanto de lo que es la limpieza de lo que las familias perdieron en el barrio, y tambi\u00e9n c\u00f3mo es la vuelta a casa con el servicio el\u00e9ctrico, el suministro de agua potable, y la entrega de colchones y elementos b\u00e1sicos para poder empezar de cero, despu\u00e9s de semejante magnitud de temporal.\u201d<\/p>\n\n\n\n<p>La recorrida del ministro incluy\u00f3 tambi\u00e9n una visita al centro recreativo de la UOM Z\u00e1rate-Campana, que oficia de base operativa para el despliegue territorial de los voluntarios del programa Bonaerenses Solidarios. All\u00ed, junto al concejal Alejo Sarna, monitorearon las tareas de asistencia, limpieza y acompa\u00f1amiento a las familias afectadas, junto a los equipos del Ministerio de Desarrollo de la Comunidad, rescatistas de la Mesa de Respuesta Comunitaria en la Emergencia y voluntarios y voluntarias que se sumaron al operativo.<\/p>\n\n\n\n<p>Adem\u00e1s, participaron del operativo el subsecretario de Deportes, Cristian Cardozo; la directora provincial de Juventudes, Ayel\u00e9n L\u00f3pez; y el director provincial de Atenci\u00f3n Inmediata, Gustavo Curra, quien est\u00e1 a cargo de la coordinaci\u00f3n en el territorio. Este viernes, las tareas se replicar\u00e1n en el municipio de Salto.<\/p>\n","protected":false},"excerpt":{"rendered":"<p>El ministro fue recibido por el intendente Sebasti\u00e1n Abella. Supervis\u00f3 la jornada de asistencia y encabez\u00f3 el operativo del programa<\/p>\n","protected":false},"author":3,"featured_media":7119,"comment_status":"open","ping_status":"open","sticky":false,"template":"","format":"standard","meta":{"colormag_page_container_layout":"default_layout","colormag_page_sidebar_layout":"default_layout","footnotes":""},"categories":[1,14],"tags":[],"class_list":["post-7117","post","type-post","status-publish","format-standard","has-post-thumbnail","hentry","category-destacadas","category-politica"],"yoast_head":"<!-- This site is optimized with the Yoast SEO plugin v27.4 - https:\/\/yoast.com\/product\/yoast-seo-wordpress\/ -->\n<title>Larroque visit\u00f3 Camapana y recorri\u00f3 barrios afectados - InfoPBA247<\/title>\n<meta name=\"robots\" content=\"index, follow, max-snippet:-1, max-image-preview:large, max-video-preview:-1\" \/>\n<link rel=\"canonical\" href=\"https:\/\/infopba247.com.ar\/index.php\/2025\/05\/23\/larroque-visito-camapana-y-recorrio-barrios-afectados\/\" \/>\n<meta property=\"og:locale\" content=\"es_ES\" \/>\n<meta property=\"og:type\" content=\"article\" \/>\n<meta property=\"og:title\" content=\"Larroque visit\u00f3 Camapana y recorri\u00f3 barrios afectados - InfoPBA247\" \/>\n<meta property=\"og:description\" content=\"El ministro fue recibido por el intendente Sebasti\u00e1n Abella. Supervis\u00f3 la jornada de asistencia y encabez\u00f3 el operativo del programa\" \/>\n<meta property=\"og:url\" content=\"https:\/\/infopba247.com.ar\/index.php\/2025\/05\/23\/larroque-visito-camapana-y-recorrio-barrios-afectados\/\" \/>\n<meta property=\"og:site_name\" content=\"InfoPBA247\" \/>\n<meta property=\"article:publisher\" content=\"https:\/\/www.facebook.com\/InfoPBA\" \/>\n<meta property=\"article:published_time\" content=\"2025-05-23T12:50:26+00:00\" \/>\n<meta property=\"article:modified_time\" content=\"2025-05-23T12:50:27+00:00\" \/>\n<meta property=\"og:image\" content=\"https:\/\/infopba247.com.ar\/wp-content\/uploads\/2025\/05\/unnamed-2025-05-23T093430.582.jpg\" \/>\n\t<meta property=\"og:image:width\" content=\"1280\" \/>\n\t<meta property=\"og:image:height\" content=\"854\" \/>\n\t<meta property=\"og:image:type\" content=\"image\/jpeg\" \/>\n<meta name=\"author\" content=\"Editor\" \/>\n<meta name=\"twitter:card\" content=\"summary_large_image\" \/>\n<meta name=\"twitter:label1\" content=\"Escrito por\" \/>\n\t<meta name=\"twitter:data1\" content=\"Editor\" \/>\n\t<meta name=\"twitter:label2\" content=\"Tiempo de lectura\" \/>\n\t<meta name=\"twitter:data2\" content=\"3 minutos\" \/>\n<script type=\"application\/ld+json\" class=\"yoast-schema-graph\">{\"@context\":\"https:\\\/\\\/schema.org\",\"@graph\":[{\"@type\":\"Article\",\"@id\":\"https:\\\/\\\/infopba247.com.ar\\\/index.php\\\/2025\\\/05\\\/23\\\/larroque-visito-camapana-y-recorrio-barrios-afectados\\\/#article\",\"isPartOf\":{\"@id\":\"https:\\\/\\\/infopba247.com.ar\\\/index.php\\\/2025\\\/05\\\/23\\\/larroque-visito-camapana-y-recorrio-barrios-afectados\\\/\"},\"author\":{\"name\":\"Editor\",\"@id\":\"https:\\\/\\\/infopba247.com.ar\\\/#\\\/schema\\\/person\\\/4975f1343a413e57bf839b3eed0099f2\"},\"headline\":\"Larroque visit\u00f3 Camapana y recorri\u00f3 barrios afectados\",\"datePublished\":\"2025-05-23T12:50:26+00:00\",\"dateModified\":\"2025-05-23T12:50:27+00:00\",\"mainEntityOfPage\":{\"@id\":\"https:\\\/\\\/infopba247.com.ar\\\/index.php\\\/2025\\\/05\\\/23\\\/larroque-visito-camapana-y-recorrio-barrios-afectados\\\/\"},\"wordCount\":602,\"commentCount\":0,\"publisher\":{\"@id\":\"https:\\\/\\\/infopba247.com.ar\\\/#organization\"},\"image\":{\"@id\":\"https:\\\/\\\/infopba247.com.ar\\\/index.php\\\/2025\\\/05\\\/23\\\/larroque-visito-camapana-y-recorrio-barrios-afectados\\\/#primaryimage\"},\"thumbnailUrl\":\"https:\\\/\\\/infopba247.com.ar\\\/wp-content\\\/uploads\\\/2025\\\/05\\\/unnamed-2025-05-23T093430.582.jpg\",\"articleSection\":[\"Destacadas\",\"Pol\u00edtica\"],\"inLanguage\":\"es\",\"potentialAction\":[{\"@type\":\"CommentAction\",\"name\":\"Comment\",\"target\":[\"https:\\\/\\\/infopba247.com.ar\\\/index.php\\\/2025\\\/05\\\/23\\\/larroque-visito-camapana-y-recorrio-barrios-afectados\\\/#respond\"]}]},{\"@type\":\"WebPage\",\"@id\":\"https:\\\/\\\/infopba247.com.ar\\\/index.php\\\/2025\\\/05\\\/23\\\/larroque-visito-camapana-y-recorrio-barrios-afectados\\\/\",\"url\":\"https:\\\/\\\/infopba247.com.ar\\\/index.php\\\/2025\\\/05\\\/23\\\/larroque-visito-camapana-y-recorrio-barrios-afectados\\\/\",\"name\":\"Larroque visit\u00f3 Camapana y recorri\u00f3 barrios afectados - InfoPBA247\",\"isPartOf\":{\"@id\":\"https:\\\/\\\/infopba247.com.ar\\\/#website\"},\"primaryImageOfPage\":{\"@id\":\"https:\\\/\\\/infopba247.com.ar\\\/index.php\\\/2025\\\/05\\\/23\\\/larroque-visito-camapana-y-recorrio-barrios-afectados\\\/#primaryimage\"},\"image\":{\"@id\":\"https:\\\/\\\/infopba247.com.ar\\\/index.php\\\/2025\\\/05\\\/23\\\/larroque-visito-camapana-y-recorrio-barrios-afectados\\\/#primaryimage\"},\"thumbnailUrl\":\"https:\\\/\\\/infopba247.com.ar\\\/wp-content\\\/uploads\\\/2025\\\/05\\\/unnamed-2025-05-23T093430.582.jpg\",\"datePublished\":\"2025-05-23T12:50:26+00:00\",\"dateModified\":\"2025-05-23T12:50:27+00:00\",\"breadcrumb\":{\"@id\":\"https:\\\/\\\/infopba247.com.ar\\\/index.php\\\/2025\\\/05\\\/23\\\/larroque-visito-camapana-y-recorrio-barrios-afectados\\\/#breadcrumb\"},\"inLanguage\":\"es\",\"potentialAction\":[{\"@type\":\"ReadAction\",\"target\":[\"https:\\\/\\\/infopba247.com.ar\\\/index.php\\\/2025\\\/05\\\/23\\\/larroque-visito-camapana-y-recorrio-barrios-afectados\\\/\"]}]},{\"@type\":\"ImageObject\",\"inLanguage\":\"es\",\"@id\":\"https:\\\/\\\/infopba247.com.ar\\\/index.php\\\/2025\\\/05\\\/23\\\/larroque-visito-camapana-y-recorrio-barrios-afectados\\\/#primaryimage\",\"url\":\"https:\\\/\\\/infopba247.com.ar\\\/wp-content\\\/uploads\\\/2025\\\/05\\\/unnamed-2025-05-23T093430.582.jpg\",\"contentUrl\":\"https:\\\/\\\/infopba247.com.ar\\\/wp-content\\\/uploads\\\/2025\\\/05\\\/unnamed-2025-05-23T093430.582.jpg\",\"width\":1280,\"height\":854},{\"@type\":\"BreadcrumbList\",\"@id\":\"https:\\\/\\\/infopba247.com.ar\\\/index.php\\\/2025\\\/05\\\/23\\\/larroque-visito-camapana-y-recorrio-barrios-afectados\\\/#breadcrumb\",\"itemListElement\":[{\"@type\":\"ListItem\",\"position\":1,\"name\":\"Portada\",\"item\":\"https:\\\/\\\/infopba247.com.ar\\\/\"},{\"@type\":\"ListItem\",\"position\":2,\"name\":\"Larroque visit\u00f3 Camapana y recorri\u00f3 barrios afectados\"}]},{\"@type\":\"WebSite\",\"@id\":\"https:\\\/\\\/infopba247.com.ar\\\/#website\",\"url\":\"https:\\\/\\\/infopba247.com.ar\\\/\",\"name\":\"InfoPBA247\",\"description\":\"Toda la actualidad bonaerense\",\"publisher\":{\"@id\":\"https:\\\/\\\/infopba247.com.ar\\\/#organization\"},\"potentialAction\":[{\"@type\":\"SearchAction\",\"target\":{\"@type\":\"EntryPoint\",\"urlTemplate\":\"https:\\\/\\\/infopba247.com.ar\\\/?s={search_term_string}\"},\"query-input\":{\"@type\":\"PropertyValueSpecification\",\"valueRequired\":true,\"valueName\":\"search_term_string\"}}],\"inLanguage\":\"es\"},{\"@type\":\"Organization\",\"@id\":\"https:\\\/\\\/infopba247.com.ar\\\/#organization\",\"name\":\"InfoPBA247\",\"url\":\"https:\\\/\\\/infopba247.com.ar\\\/\",\"logo\":{\"@type\":\"ImageObject\",\"inLanguage\":\"es\",\"@id\":\"https:\\\/\\\/infopba247.com.ar\\\/#\\\/schema\\\/logo\\\/image\\\/\",\"url\":\"https:\\\/\\\/infopba247.com.ar\\\/wp-content\\\/uploads\\\/2022\\\/03\\\/cropped-InfoPBA247-1.png\",\"contentUrl\":\"https:\\\/\\\/infopba247.com.ar\\\/wp-content\\\/uploads\\\/2022\\\/03\\\/cropped-InfoPBA247-1.png\",\"width\":500,\"height\":122,\"caption\":\"InfoPBA247\"},\"image\":{\"@id\":\"https:\\\/\\\/infopba247.com.ar\\\/#\\\/schema\\\/logo\\\/image\\\/\"},\"sameAs\":[\"https:\\\/\\\/www.facebook.com\\\/InfoPBA\"]},{\"@type\":\"Person\",\"@id\":\"https:\\\/\\\/infopba247.com.ar\\\/#\\\/schema\\\/person\\\/4975f1343a413e57bf839b3eed0099f2\",\"name\":\"Editor\",\"image\":{\"@type\":\"ImageObject\",\"inLanguage\":\"es\",\"@id\":\"https:\\\/\\\/secure.gravatar.com\\\/avatar\\\/d27fe9520667ca53441d36627a1d6b0fa4a813571ec4803687a7a3a7744685ac?s=96&d=mm&r=g\",\"url\":\"https:\\\/\\\/secure.gravatar.com\\\/avatar\\\/d27fe9520667ca53441d36627a1d6b0fa4a813571ec4803687a7a3a7744685ac?s=96&d=mm&r=g\",\"contentUrl\":\"https:\\\/\\\/secure.gravatar.com\\\/avatar\\\/d27fe9520667ca53441d36627a1d6b0fa4a813571ec4803687a7a3a7744685ac?s=96&d=mm&r=g\",\"caption\":\"Editor\"},\"url\":\"https:\\\/\\\/infopba247.com.ar\\\/index.php\\\/author\\\/editor\\\/\"}]}<\/script>\n<!-- \/ Yoast SEO plugin. -->","yoast_head_json":{"title":"Larroque visit\u00f3 Camapana y recorri\u00f3 barrios afectados - InfoPBA247","robots":{"index":"index","follow":"follow","max-snippet":"max-snippet:-1","max-image-preview":"max-image-preview:large","max-video-preview":"max-video-preview:-1"},"canonical":"https:\/\/infopba247.com.ar\/index.php\/2025\/05\/23\/larroque-visito-camapana-y-recorrio-barrios-afectados\/","og_locale":"es_ES","og_type":"article","og_title":"Larroque visit\u00f3 Camapana y recorri\u00f3 barrios afectados - InfoPBA247","og_description":"El ministro fue recibido por el intendente Sebasti\u00e1n Abella. Supervis\u00f3 la jornada de asistencia y encabez\u00f3 el operativo del programa","og_url":"https:\/\/infopba247.com.ar\/index.php\/2025\/05\/23\/larroque-visito-camapana-y-recorrio-barrios-afectados\/","og_site_name":"InfoPBA247","article_publisher":"https:\/\/www.facebook.com\/InfoPBA","article_published_time":"2025-05-23T12:50:26+00:00","article_modified_time":"2025-05-23T12:50:27+00:00","og_image":[{"width":1280,"height":854,"url":"https:\/\/infopba247.com.ar\/wp-content\/uploads\/2025\/05\/unnamed-2025-05-23T093430.582.jpg","type":"image\/jpeg"}],"author":"Editor","twitter_card":"summary_large_image","twitter_misc":{"Escrito por":"Editor","Tiempo de lectura":"3 minutos"},"schema":{"@context":"https:\/\/schema.org","@graph":[{"@type":"Article","@id":"https:\/\/infopba247.com.ar\/index.php\/2025\/05\/23\/larroque-visito-camapana-y-recorrio-barrios-afectados\/#article","isPartOf":{"@id":"https:\/\/infopba247.com.ar\/index.php\/2025\/05\/23\/larroque-visito-camapana-y-recorrio-barrios-afectados\/"},"author":{"name":"Editor","@id":"https:\/\/infopba247.com.ar\/#\/schema\/person\/4975f1343a413e57bf839b3eed0099f2"},"headline":"Larroque visit\u00f3 Camapana y recorri\u00f3 barrios afectados","datePublished":"2025-05-23T12:50:26+00:00","dateModified":"2025-05-23T12:50:27+00:00","mainEntityOfPage":{"@id":"https:\/\/infopba247.com.ar\/index.php\/2025\/05\/23\/larroque-visito-camapana-y-recorrio-barrios-afectados\/"},"wordCount":602,"commentCount":0,"publisher":{"@id":"https:\/\/infopba247.com.ar\/#organization"},"image":{"@id":"https:\/\/infopba247.com.ar\/index.php\/2025\/05\/23\/larroque-visito-camapana-y-recorrio-barrios-afectados\/#primaryimage"},"thumbnailUrl":"https:\/\/infopba247.com.ar\/wp-content\/uploads\/2025\/05\/unnamed-2025-05-23T093430.582.jpg","articleSection":["Destacadas","Pol\u00edtica"],"inLanguage":"es","potentialAction":[{"@type":"CommentAction","name":"Comment","target":["https:\/\/infopba247.com.ar\/index.php\/2025\/05\/23\/larroque-visito-camapana-y-recorrio-barrios-afectados\/#respond"]}]},{"@type":"WebPage","@id":"https:\/\/infopba247.com.ar\/index.php\/2025\/05\/23\/larroque-visito-camapana-y-recorrio-barrios-afectados\/","url":"https:\/\/infopba247.com.ar\/index.php\/2025\/05\/23\/larroque-visito-camapana-y-recorrio-barrios-afectados\/","name":"Larroque visit\u00f3 Camapana y recorri\u00f3 barrios afectados - InfoPBA247","isPartOf":{"@id":"https:\/\/infopba247.com.ar\/#website"},"primaryImageOfPage":{"@id":"https:\/\/infopba247.com.ar\/index.php\/2025\/05\/23\/larroque-visito-camapana-y-recorrio-barrios-afectados\/#primaryimage"},"image":{"@id":"https:\/\/infopba247.com.ar\/index.php\/2025\/05\/23\/larroque-visito-camapana-y-recorrio-barrios-afectados\/#primaryimage"},"thumbnailUrl":"https:\/\/infopba247.com.ar\/wp-content\/uploads\/2025\/05\/unnamed-2025-05-23T093430.582.jpg","datePublished":"2025-05-23T12:50:26+00:00","dateModified":"2025-05-23T12:50:27+00:00","breadcrumb":{"@id":"https:\/\/infopba247.com.ar\/index.php\/2025\/05\/23\/larroque-visito-camapana-y-recorrio-barrios-afectados\/#breadcrumb"},"inLanguage":"es","potentialAction":[{"@type":"ReadAction","target":["https:\/\/infopba247.com.ar\/index.php\/2025\/05\/23\/larroque-visito-camapana-y-recorrio-barrios-afectados\/"]}]},{"@type":"ImageObject","inLanguage":"es","@id":"https:\/\/infopba247.com.ar\/index.php\/2025\/05\/23\/larroque-visito-camapana-y-recorrio-barrios-afectados\/#primaryimage","url":"https:\/\/infopba247.com.ar\/wp-content\/uploads\/2025\/05\/unnamed-2025-05-23T093430.582.jpg","contentUrl":"https:\/\/infopba247.com.ar\/wp-content\/uploads\/2025\/05\/unnamed-2025-05-23T093430.582.jpg","width":1280,"height":854},{"@type":"BreadcrumbList","@id":"https:\/\/infopba247.com.ar\/index.php\/2025\/05\/23\/larroque-visito-camapana-y-recorrio-barrios-afectados\/#breadcrumb","itemListElement":[{"@type":"ListItem","position":1,"name":"Portada","item":"https:\/\/infopba247.com.ar\/"},{"@type":"ListItem","position":2,"name":"Larroque visit\u00f3 Camapana y recorri\u00f3 barrios afectados"}]},{"@type":"WebSite","@id":"https:\/\/infopba247.com.ar\/#website","url":"https:\/\/infopba247.com.ar\/","name":"InfoPBA247","description":"Toda la actualidad bonaerense","publisher":{"@id":"https:\/\/infopba247.com.ar\/#organization"},"potentialAction":[{"@type":"SearchAction","target":{"@type":"EntryPoint","urlTemplate":"https:\/\/infopba247.com.ar\/?s={search_term_string}"},"query-input":{"@type":"PropertyValueSpecification","valueRequired":true,"valueName":"search_term_string"}}],"inLanguage":"es"},{"@type":"Organization","@id":"https:\/\/infopba247.com.ar\/#organization","name":"InfoPBA247","url":"https:\/\/infopba247.com.ar\/","logo":{"@type":"ImageObject","inLanguage":"es","@id":"https:\/\/infopba247.com.ar\/#\/schema\/logo\/image\/","url":"https:\/\/infopba247.com.ar\/wp-content\/uploads\/2022\/03\/cropped-InfoPBA247-1.png","contentUrl":"https:\/\/infopba247.com.ar\/wp-content\/uploads\/2022\/03\/cropped-InfoPBA247-1.png","width":500,"height":122,"caption":"InfoPBA247"},"image":{"@id":"https:\/\/infopba247.com.ar\/#\/schema\/logo\/image\/"},"sameAs":["https:\/\/www.facebook.com\/InfoPBA"]},{"@type":"Person","@id":"https:\/\/infopba247.com.ar\/#\/schema\/person\/4975f1343a413e57bf839b3eed0099f2","name":"Editor","image":{"@type":"ImageObject","inLanguage":"es","@id":"https:\/\/secure.gravatar.com\/avatar\/d27fe9520667ca53441d36627a1d6b0fa4a813571ec4803687a7a3a7744685ac?s=96&d=mm&r=g","url":"https:\/\/secure.gravatar.com\/avatar\/d27fe9520667ca53441d36627a1d6b0fa4a813571ec4803687a7a3a7744685ac?s=96&d=mm&r=g","contentUrl":"https:\/\/secure.gravatar.com\/avatar\/d27fe9520667ca53441d36627a1d6b0fa4a813571ec4803687a7a3a7744685ac?s=96&d=mm&r=g","caption":"Editor"},"url":"https:\/\/infopba247.com.ar\/index.php\/author\/editor\/"}]}},"_links":{"self":[{"href":"https:\/\/infopba247.com.ar\/index.php\/wp-json\/wp\/v2\/posts\/7117","targetHints":{"allow":["GET"]}}],"collection":[{"href":"https:\/\/infopba247.com.ar\/index.php\/wp-json\/wp\/v2\/posts"}],"about":[{"href":"https:\/\/infopba247.com.ar\/index.php\/wp-json\/wp\/v2\/types\/post"}],"author":[{"embeddable":true,"href":"https:\/\/infopba247.com.ar\/index.php\/wp-json\/wp\/v2\/users\/3"}],"replies":[{"embeddable":true,"href":"https:\/\/infopba247.com.ar\/index.php\/wp-json\/wp\/v2\/comments?post=7117"}],"version-history":[{"count":1,"href":"https:\/\/infopba247.com.ar\/index.php\/wp-json\/wp\/v2\/posts\/7117\/revisions"}],"predecessor-version":[{"id":7121,"href":"https:\/\/infopba247.com.ar\/index.php\/wp-json\/wp\/v2\/posts\/7117\/revisions\/7121"}],"wp:featuredmedia":[{"embeddable":true,"href":"https:\/\/infopba247.com.ar\/index.php\/wp-json\/wp\/v2\/media\/7119"}],"wp:attachment":[{"href":"https:\/\/infopba247.com.ar\/index.php\/wp-json\/wp\/v2\/media?parent=7117"}],"wp:term":[{"taxonomy":"category","embeddable":true,"href":"https:\/\/infopba247.com.ar\/index.php\/wp-json\/wp\/v2\/categories?post=7117"},{"taxonomy":"post_tag","embeddable":true,"href":"https:\/\/infopba247.com.ar\/index.php\/wp-json\/wp\/v2\/tags?post=7117"}],"curies":[{"name":"wp","href":"https:\/\/api.w.org\/{rel}","templated":true}]}}