{"id":7115,"date":"2025-05-22T09:36:58","date_gmt":"2025-05-22T12:36:58","guid":{"rendered":"https:\/\/infopba247.com.ar\/?p=7115"},"modified":"2025-05-26T15:34:29","modified_gmt":"2025-05-26T18:34:29","slug":"moreno-cuenta-con-una-sede-de-la-universidad-nacional-de-las-artes","status":"publish","type":"post","link":"https:\/\/infopba247.com.ar\/index.php\/2025\/05\/22\/moreno-cuenta-con-una-sede-de-la-universidad-nacional-de-las-artes\/","title":{"rendered":"Moreno cuenta con una sede de la Universidad Nacional de las Artes"},"content":{"rendered":"\n<p>El Municipio inaugur\u00f3 la sede local de la Universidad Nacional de las Artes (UNA), un nuevo espacio destinado a la formaci\u00f3n art\u00edstica y cultural que funcionar\u00e1 en el edificio donde antes estaba el Club Mariano Moreno, ubicado en Alcorta 2854, Moreno Centro.<\/p>\n\n\n\n<p>Las obras de refacci\u00f3n para poner en valor el inmueble fueron realizadas a trav\u00e9s del Fondo de Financiamiento Educativo. Actualmente se dictan clases del primer ciclo lectivo, con una duraci\u00f3n de un a\u00f1o, destinadas a las y los primeros estudiantes.<\/p>\n\n\n\n<p>Esta iniciativa se concreta gracias al convenio firmado por la intendenta, Mariel Fern\u00e1ndez, con el decano del Departamento de Folklore de la UNA, V\u00edctor Giusto, para la implementaci\u00f3n de cuatro Diplomaturas de Extensi\u00f3n Universitaria: Luther\u00eda, Muralismo y Arte Ancestral, Puesta Esc\u00e9nica de las Danzas Folkl\u00f3ricas y Populares Argentinas y Tango en 360.<\/p>\n\n\n\n<p>En el marco del mismo acuerdo, el Departamento de Folklore de la UNA entreg\u00f3 al Municipio cinco violines, que ser\u00e1n utilizados como herramientas pedag\u00f3gicas en la ense\u00f1anza musical.<\/p>\n\n\n\n<p>Durante la jornada tambi\u00e9n se celebr\u00f3 la reapertura de la Biblioteca Mariano Moreno, ubicada dentro del mismo complejo, la cual fue completamente refaccionada y ahora est\u00e1 bajo la administraci\u00f3n del Municipio. El espacio permanece abierto al p\u00fablico de lunes a viernes, en el horario de 11 a 16.<\/p>\n\n\n\n<p>Con estas acciones, el Gobierno municipal reafirma su compromiso con el acceso a la educaci\u00f3n superior, la cultura y la formaci\u00f3n art\u00edstica de calidad, generando nuevas oportunidades para las y los vecinos.<\/p>\n","protected":false},"excerpt":{"rendered":"<p>El Municipio inaugur\u00f3 la sede local de la Universidad Nacional de las Artes (UNA), un nuevo espacio destinado a la<\/p>\n","protected":false},"author":3,"featured_media":7109,"comment_status":"open","ping_status":"open","sticky":false,"template":"","format":"standard","meta":{"colormag_page_container_layout":"default_layout","colormag_page_sidebar_layout":"default_layout","footnotes":""},"categories":[5,1,14],"tags":[],"class_list":["post-7115","post","type-post","status-publish","format-standard","has-post-thumbnail","hentry","category-1ra-seccion","category-destacadas","category-politica"],"yoast_head":"<!-- This site is optimized with the Yoast SEO plugin v27.5 - https:\/\/yoast.com\/product\/yoast-seo-wordpress\/ -->\n<title>Moreno cuenta con una sede de la Universidad Nacional de las Artes - InfoPBA247<\/title>\n<meta name=\"robots\" content=\"index, follow, max-snippet:-1, max-image-preview:large, max-video-preview:-1\" \/>\n<link rel=\"canonical\" href=\"https:\/\/infopba247.com.ar\/index.php\/2025\/05\/22\/moreno-cuenta-con-una-sede-de-la-universidad-nacional-de-las-artes\/\" \/>\n<meta property=\"og:locale\" content=\"es_ES\" \/>\n<meta property=\"og:type\" content=\"article\" \/>\n<meta property=\"og:title\" content=\"Moreno cuenta con una sede de la Universidad Nacional de las Artes - InfoPBA247\" \/>\n<meta property=\"og:description\" content=\"El Municipio inaugur\u00f3 la sede local de la Universidad Nacional de las Artes (UNA), un nuevo espacio destinado a la\" \/>\n<meta property=\"og:url\" content=\"https:\/\/infopba247.com.ar\/index.php\/2025\/05\/22\/moreno-cuenta-con-una-sede-de-la-universidad-nacional-de-las-artes\/\" \/>\n<meta property=\"og:site_name\" content=\"InfoPBA247\" \/>\n<meta property=\"article:publisher\" content=\"https:\/\/www.facebook.com\/InfoPBA\" \/>\n<meta property=\"article:published_time\" content=\"2025-05-22T12:36:58+00:00\" \/>\n<meta property=\"article:modified_time\" content=\"2025-05-26T18:34:29+00:00\" \/>\n<meta property=\"og:image\" content=\"https:\/\/infopba247.com.ar\/wp-content\/uploads\/2025\/05\/INAUGURACION-AULAS-UNA4-scaled.jpg\" \/>\n\t<meta property=\"og:image:width\" content=\"2560\" \/>\n\t<meta property=\"og:image:height\" content=\"1440\" \/>\n\t<meta property=\"og:image:type\" content=\"image\/jpeg\" \/>\n<meta name=\"author\" content=\"Editor\" \/>\n<meta name=\"twitter:card\" content=\"summary_large_image\" \/>\n<meta name=\"twitter:label1\" content=\"Escrito por\" \/>\n\t<meta name=\"twitter:data1\" content=\"Editor\" \/>\n\t<meta name=\"twitter:label2\" content=\"Tiempo de lectura\" \/>\n\t<meta name=\"twitter:data2\" content=\"2 minutos\" \/>\n<script type=\"application\/ld+json\" class=\"yoast-schema-graph\">{\"@context\":\"https:\\\/\\\/schema.org\",\"@graph\":[{\"@type\":\"Article\",\"@id\":\"https:\\\/\\\/infopba247.com.ar\\\/index.php\\\/2025\\\/05\\\/22\\\/moreno-cuenta-con-una-sede-de-la-universidad-nacional-de-las-artes\\\/#article\",\"isPartOf\":{\"@id\":\"https:\\\/\\\/infopba247.com.ar\\\/index.php\\\/2025\\\/05\\\/22\\\/moreno-cuenta-con-una-sede-de-la-universidad-nacional-de-las-artes\\\/\"},\"author\":{\"name\":\"Editor\",\"@id\":\"https:\\\/\\\/infopba247.com.ar\\\/#\\\/schema\\\/person\\\/4975f1343a413e57bf839b3eed0099f2\"},\"headline\":\"Moreno cuenta con una sede de la Universidad Nacional de las Artes\",\"datePublished\":\"2025-05-22T12:36:58+00:00\",\"dateModified\":\"2025-05-26T18:34:29+00:00\",\"mainEntityOfPage\":{\"@id\":\"https:\\\/\\\/infopba247.com.ar\\\/index.php\\\/2025\\\/05\\\/22\\\/moreno-cuenta-con-una-sede-de-la-universidad-nacional-de-las-artes\\\/\"},\"wordCount\":272,\"commentCount\":0,\"publisher\":{\"@id\":\"https:\\\/\\\/infopba247.com.ar\\\/#organization\"},\"image\":{\"@id\":\"https:\\\/\\\/infopba247.com.ar\\\/index.php\\\/2025\\\/05\\\/22\\\/moreno-cuenta-con-una-sede-de-la-universidad-nacional-de-las-artes\\\/#primaryimage\"},\"thumbnailUrl\":\"https:\\\/\\\/infopba247.com.ar\\\/wp-content\\\/uploads\\\/2025\\\/05\\\/INAUGURACION-AULAS-UNA4-scaled.jpg\",\"articleSection\":[\"1ra Secci\u00f3n\",\"Destacadas\",\"Pol\u00edtica\"],\"inLanguage\":\"es\",\"potentialAction\":[{\"@type\":\"CommentAction\",\"name\":\"Comment\",\"target\":[\"https:\\\/\\\/infopba247.com.ar\\\/index.php\\\/2025\\\/05\\\/22\\\/moreno-cuenta-con-una-sede-de-la-universidad-nacional-de-las-artes\\\/#respond\"]}]},{\"@type\":\"WebPage\",\"@id\":\"https:\\\/\\\/infopba247.com.ar\\\/index.php\\\/2025\\\/05\\\/22\\\/moreno-cuenta-con-una-sede-de-la-universidad-nacional-de-las-artes\\\/\",\"url\":\"https:\\\/\\\/infopba247.com.ar\\\/index.php\\\/2025\\\/05\\\/22\\\/moreno-cuenta-con-una-sede-de-la-universidad-nacional-de-las-artes\\\/\",\"name\":\"Moreno cuenta con una sede de la Universidad Nacional de las Artes - InfoPBA247\",\"isPartOf\":{\"@id\":\"https:\\\/\\\/infopba247.com.ar\\\/#website\"},\"primaryImageOfPage\":{\"@id\":\"https:\\\/\\\/infopba247.com.ar\\\/index.php\\\/2025\\\/05\\\/22\\\/moreno-cuenta-con-una-sede-de-la-universidad-nacional-de-las-artes\\\/#primaryimage\"},\"image\":{\"@id\":\"https:\\\/\\\/infopba247.com.ar\\\/index.php\\\/2025\\\/05\\\/22\\\/moreno-cuenta-con-una-sede-de-la-universidad-nacional-de-las-artes\\\/#primaryimage\"},\"thumbnailUrl\":\"https:\\\/\\\/infopba247.com.ar\\\/wp-content\\\/uploads\\\/2025\\\/05\\\/INAUGURACION-AULAS-UNA4-scaled.jpg\",\"datePublished\":\"2025-05-22T12:36:58+00:00\",\"dateModified\":\"2025-05-26T18:34:29+00:00\",\"breadcrumb\":{\"@id\":\"https:\\\/\\\/infopba247.com.ar\\\/index.php\\\/2025\\\/05\\\/22\\\/moreno-cuenta-con-una-sede-de-la-universidad-nacional-de-las-artes\\\/#breadcrumb\"},\"inLanguage\":\"es\",\"potentialAction\":[{\"@type\":\"ReadAction\",\"target\":[\"https:\\\/\\\/infopba247.com.ar\\\/index.php\\\/2025\\\/05\\\/22\\\/moreno-cuenta-con-una-sede-de-la-universidad-nacional-de-las-artes\\\/\"]}]},{\"@type\":\"ImageObject\",\"inLanguage\":\"es\",\"@id\":\"https:\\\/\\\/infopba247.com.ar\\\/index.php\\\/2025\\\/05\\\/22\\\/moreno-cuenta-con-una-sede-de-la-universidad-nacional-de-las-artes\\\/#primaryimage\",\"url\":\"https:\\\/\\\/infopba247.com.ar\\\/wp-content\\\/uploads\\\/2025\\\/05\\\/INAUGURACION-AULAS-UNA4-scaled.jpg\",\"contentUrl\":\"https:\\\/\\\/infopba247.com.ar\\\/wp-content\\\/uploads\\\/2025\\\/05\\\/INAUGURACION-AULAS-UNA4-scaled.jpg\",\"width\":2560,\"height\":1440},{\"@type\":\"BreadcrumbList\",\"@id\":\"https:\\\/\\\/infopba247.com.ar\\\/index.php\\\/2025\\\/05\\\/22\\\/moreno-cuenta-con-una-sede-de-la-universidad-nacional-de-las-artes\\\/#breadcrumb\",\"itemListElement\":[{\"@type\":\"ListItem\",\"position\":1,\"name\":\"Portada\",\"item\":\"https:\\\/\\\/infopba247.com.ar\\\/\"},{\"@type\":\"ListItem\",\"position\":2,\"name\":\"Moreno cuenta con una sede de la Universidad Nacional de las Artes\"}]},{\"@type\":\"WebSite\",\"@id\":\"https:\\\/\\\/infopba247.com.ar\\\/#website\",\"url\":\"https:\\\/\\\/infopba247.com.ar\\\/\",\"name\":\"InfoPBA247\",\"description\":\"Toda la actualidad bonaerense\",\"publisher\":{\"@id\":\"https:\\\/\\\/infopba247.com.ar\\\/#organization\"},\"potentialAction\":[{\"@type\":\"SearchAction\",\"target\":{\"@type\":\"EntryPoint\",\"urlTemplate\":\"https:\\\/\\\/infopba247.com.ar\\\/?s={search_term_string}\"},\"query-input\":{\"@type\":\"PropertyValueSpecification\",\"valueRequired\":true,\"valueName\":\"search_term_string\"}}],\"inLanguage\":\"es\"},{\"@type\":\"Organization\",\"@id\":\"https:\\\/\\\/infopba247.com.ar\\\/#organization\",\"name\":\"InfoPBA247\",\"url\":\"https:\\\/\\\/infopba247.com.ar\\\/\",\"logo\":{\"@type\":\"ImageObject\",\"inLanguage\":\"es\",\"@id\":\"https:\\\/\\\/infopba247.com.ar\\\/#\\\/schema\\\/logo\\\/image\\\/\",\"url\":\"https:\\\/\\\/infopba247.com.ar\\\/wp-content\\\/uploads\\\/2022\\\/03\\\/cropped-InfoPBA247-1.png\",\"contentUrl\":\"https:\\\/\\\/infopba247.com.ar\\\/wp-content\\\/uploads\\\/2022\\\/03\\\/cropped-InfoPBA247-1.png\",\"width\":500,\"height\":122,\"caption\":\"InfoPBA247\"},\"image\":{\"@id\":\"https:\\\/\\\/infopba247.com.ar\\\/#\\\/schema\\\/logo\\\/image\\\/\"},\"sameAs\":[\"https:\\\/\\\/www.facebook.com\\\/InfoPBA\"]},{\"@type\":\"Person\",\"@id\":\"https:\\\/\\\/infopba247.com.ar\\\/#\\\/schema\\\/person\\\/4975f1343a413e57bf839b3eed0099f2\",\"name\":\"Editor\",\"image\":{\"@type\":\"ImageObject\",\"inLanguage\":\"es\",\"@id\":\"https:\\\/\\\/secure.gravatar.com\\\/avatar\\\/d27fe9520667ca53441d36627a1d6b0fa4a813571ec4803687a7a3a7744685ac?s=96&d=mm&r=g\",\"url\":\"https:\\\/\\\/secure.gravatar.com\\\/avatar\\\/d27fe9520667ca53441d36627a1d6b0fa4a813571ec4803687a7a3a7744685ac?s=96&d=mm&r=g\",\"contentUrl\":\"https:\\\/\\\/secure.gravatar.com\\\/avatar\\\/d27fe9520667ca53441d36627a1d6b0fa4a813571ec4803687a7a3a7744685ac?s=96&d=mm&r=g\",\"caption\":\"Editor\"},\"url\":\"https:\\\/\\\/infopba247.com.ar\\\/index.php\\\/author\\\/editor\\\/\"}]}<\/script>\n<!-- \/ Yoast SEO plugin. -->","yoast_head_json":{"title":"Moreno cuenta con una sede de la Universidad Nacional de las Artes - InfoPBA247","robots":{"index":"index","follow":"follow","max-snippet":"max-snippet:-1","max-image-preview":"max-image-preview:large","max-video-preview":"max-video-preview:-1"},"canonical":"https:\/\/infopba247.com.ar\/index.php\/2025\/05\/22\/moreno-cuenta-con-una-sede-de-la-universidad-nacional-de-las-artes\/","og_locale":"es_ES","og_type":"article","og_title":"Moreno cuenta con una sede de la Universidad Nacional de las Artes - InfoPBA247","og_description":"El Municipio inaugur\u00f3 la sede local de la Universidad Nacional de las Artes (UNA), un nuevo espacio destinado a la","og_url":"https:\/\/infopba247.com.ar\/index.php\/2025\/05\/22\/moreno-cuenta-con-una-sede-de-la-universidad-nacional-de-las-artes\/","og_site_name":"InfoPBA247","article_publisher":"https:\/\/www.facebook.com\/InfoPBA","article_published_time":"2025-05-22T12:36:58+00:00","article_modified_time":"2025-05-26T18:34:29+00:00","og_image":[{"width":2560,"height":1440,"url":"https:\/\/infopba247.com.ar\/wp-content\/uploads\/2025\/05\/INAUGURACION-AULAS-UNA4-scaled.jpg","type":"image\/jpeg"}],"author":"Editor","twitter_card":"summary_large_image","twitter_misc":{"Escrito por":"Editor","Tiempo de lectura":"2 minutos"},"schema":{"@context":"https:\/\/schema.org","@graph":[{"@type":"Article","@id":"https:\/\/infopba247.com.ar\/index.php\/2025\/05\/22\/moreno-cuenta-con-una-sede-de-la-universidad-nacional-de-las-artes\/#article","isPartOf":{"@id":"https:\/\/infopba247.com.ar\/index.php\/2025\/05\/22\/moreno-cuenta-con-una-sede-de-la-universidad-nacional-de-las-artes\/"},"author":{"name":"Editor","@id":"https:\/\/infopba247.com.ar\/#\/schema\/person\/4975f1343a413e57bf839b3eed0099f2"},"headline":"Moreno cuenta con una sede de la Universidad Nacional de las Artes","datePublished":"2025-05-22T12:36:58+00:00","dateModified":"2025-05-26T18:34:29+00:00","mainEntityOfPage":{"@id":"https:\/\/infopba247.com.ar\/index.php\/2025\/05\/22\/moreno-cuenta-con-una-sede-de-la-universidad-nacional-de-las-artes\/"},"wordCount":272,"commentCount":0,"publisher":{"@id":"https:\/\/infopba247.com.ar\/#organization"},"image":{"@id":"https:\/\/infopba247.com.ar\/index.php\/2025\/05\/22\/moreno-cuenta-con-una-sede-de-la-universidad-nacional-de-las-artes\/#primaryimage"},"thumbnailUrl":"https:\/\/infopba247.com.ar\/wp-content\/uploads\/2025\/05\/INAUGURACION-AULAS-UNA4-scaled.jpg","articleSection":["1ra Secci\u00f3n","Destacadas","Pol\u00edtica"],"inLanguage":"es","potentialAction":[{"@type":"CommentAction","name":"Comment","target":["https:\/\/infopba247.com.ar\/index.php\/2025\/05\/22\/moreno-cuenta-con-una-sede-de-la-universidad-nacional-de-las-artes\/#respond"]}]},{"@type":"WebPage","@id":"https:\/\/infopba247.com.ar\/index.php\/2025\/05\/22\/moreno-cuenta-con-una-sede-de-la-universidad-nacional-de-las-artes\/","url":"https:\/\/infopba247.com.ar\/index.php\/2025\/05\/22\/moreno-cuenta-con-una-sede-de-la-universidad-nacional-de-las-artes\/","name":"Moreno cuenta con una sede de la Universidad Nacional de las Artes - InfoPBA247","isPartOf":{"@id":"https:\/\/infopba247.com.ar\/#website"},"primaryImageOfPage":{"@id":"https:\/\/infopba247.com.ar\/index.php\/2025\/05\/22\/moreno-cuenta-con-una-sede-de-la-universidad-nacional-de-las-artes\/#primaryimage"},"image":{"@id":"https:\/\/infopba247.com.ar\/index.php\/2025\/05\/22\/moreno-cuenta-con-una-sede-de-la-universidad-nacional-de-las-artes\/#primaryimage"},"thumbnailUrl":"https:\/\/infopba247.com.ar\/wp-content\/uploads\/2025\/05\/INAUGURACION-AULAS-UNA4-scaled.jpg","datePublished":"2025-05-22T12:36:58+00:00","dateModified":"2025-05-26T18:34:29+00:00","breadcrumb":{"@id":"https:\/\/infopba247.com.ar\/index.php\/2025\/05\/22\/moreno-cuenta-con-una-sede-de-la-universidad-nacional-de-las-artes\/#breadcrumb"},"inLanguage":"es","potentialAction":[{"@type":"ReadAction","target":["https:\/\/infopba247.com.ar\/index.php\/2025\/05\/22\/moreno-cuenta-con-una-sede-de-la-universidad-nacional-de-las-artes\/"]}]},{"@type":"ImageObject","inLanguage":"es","@id":"https:\/\/infopba247.com.ar\/index.php\/2025\/05\/22\/moreno-cuenta-con-una-sede-de-la-universidad-nacional-de-las-artes\/#primaryimage","url":"https:\/\/infopba247.com.ar\/wp-content\/uploads\/2025\/05\/INAUGURACION-AULAS-UNA4-scaled.jpg","contentUrl":"https:\/\/infopba247.com.ar\/wp-content\/uploads\/2025\/05\/INAUGURACION-AULAS-UNA4-scaled.jpg","width":2560,"height":1440},{"@type":"BreadcrumbList","@id":"https:\/\/infopba247.com.ar\/index.php\/2025\/05\/22\/moreno-cuenta-con-una-sede-de-la-universidad-nacional-de-las-artes\/#breadcrumb","itemListElement":[{"@type":"ListItem","position":1,"name":"Portada","item":"https:\/\/infopba247.com.ar\/"},{"@type":"ListItem","position":2,"name":"Moreno cuenta con una sede de la Universidad Nacional de las Artes"}]},{"@type":"WebSite","@id":"https:\/\/infopba247.com.ar\/#website","url":"https:\/\/infopba247.com.ar\/","name":"InfoPBA247","description":"Toda la actualidad bonaerense","publisher":{"@id":"https:\/\/infopba247.com.ar\/#organization"},"potentialAction":[{"@type":"SearchAction","target":{"@type":"EntryPoint","urlTemplate":"https:\/\/infopba247.com.ar\/?s={search_term_string}"},"query-input":{"@type":"PropertyValueSpecification","valueRequired":true,"valueName":"search_term_string"}}],"inLanguage":"es"},{"@type":"Organization","@id":"https:\/\/infopba247.com.ar\/#organization","name":"InfoPBA247","url":"https:\/\/infopba247.com.ar\/","logo":{"@type":"ImageObject","inLanguage":"es","@id":"https:\/\/infopba247.com.ar\/#\/schema\/logo\/image\/","url":"https:\/\/infopba247.com.ar\/wp-content\/uploads\/2022\/03\/cropped-InfoPBA247-1.png","contentUrl":"https:\/\/infopba247.com.ar\/wp-content\/uploads\/2022\/03\/cropped-InfoPBA247-1.png","width":500,"height":122,"caption":"InfoPBA247"},"image":{"@id":"https:\/\/infopba247.com.ar\/#\/schema\/logo\/image\/"},"sameAs":["https:\/\/www.facebook.com\/InfoPBA"]},{"@type":"Person","@id":"https:\/\/infopba247.com.ar\/#\/schema\/person\/4975f1343a413e57bf839b3eed0099f2","name":"Editor","image":{"@type":"ImageObject","inLanguage":"es","@id":"https:\/\/secure.gravatar.com\/avatar\/d27fe9520667ca53441d36627a1d6b0fa4a813571ec4803687a7a3a7744685ac?s=96&d=mm&r=g","url":"https:\/\/secure.gravatar.com\/avatar\/d27fe9520667ca53441d36627a1d6b0fa4a813571ec4803687a7a3a7744685ac?s=96&d=mm&r=g","contentUrl":"https:\/\/secure.gravatar.com\/avatar\/d27fe9520667ca53441d36627a1d6b0fa4a813571ec4803687a7a3a7744685ac?s=96&d=mm&r=g","caption":"Editor"},"url":"https:\/\/infopba247.com.ar\/index.php\/author\/editor\/"}]}},"_links":{"self":[{"href":"https:\/\/infopba247.com.ar\/index.php\/wp-json\/wp\/v2\/posts\/7115","targetHints":{"allow":["GET"]}}],"collection":[{"href":"https:\/\/infopba247.com.ar\/index.php\/wp-json\/wp\/v2\/posts"}],"about":[{"href":"https:\/\/infopba247.com.ar\/index.php\/wp-json\/wp\/v2\/types\/post"}],"author":[{"embeddable":true,"href":"https:\/\/infopba247.com.ar\/index.php\/wp-json\/wp\/v2\/users\/3"}],"replies":[{"embeddable":true,"href":"https:\/\/infopba247.com.ar\/index.php\/wp-json\/wp\/v2\/comments?post=7115"}],"version-history":[{"count":1,"href":"https:\/\/infopba247.com.ar\/index.php\/wp-json\/wp\/v2\/posts\/7115\/revisions"}],"predecessor-version":[{"id":7116,"href":"https:\/\/infopba247.com.ar\/index.php\/wp-json\/wp\/v2\/posts\/7115\/revisions\/7116"}],"wp:featuredmedia":[{"embeddable":true,"href":"https:\/\/infopba247.com.ar\/index.php\/wp-json\/wp\/v2\/media\/7109"}],"wp:attachment":[{"href":"https:\/\/infopba247.com.ar\/index.php\/wp-json\/wp\/v2\/media?parent=7115"}],"wp:term":[{"taxonomy":"category","embeddable":true,"href":"https:\/\/infopba247.com.ar\/index.php\/wp-json\/wp\/v2\/categories?post=7115"},{"taxonomy":"post_tag","embeddable":true,"href":"https:\/\/infopba247.com.ar\/index.php\/wp-json\/wp\/v2\/tags?post=7115"}],"curies":[{"name":"wp","href":"https:\/\/api.w.org\/{rel}","templated":true}]}}