{"id":7041,"date":"2025-05-14T10:05:47","date_gmt":"2025-05-14T13:05:47","guid":{"rendered":"https:\/\/infopba247.com.ar\/?p=7041"},"modified":"2025-05-14T10:05:48","modified_gmt":"2025-05-14T13:05:48","slug":"se-viene-el-congreso-provincial-sobre-ecologia-y-justicia-social","status":"publish","type":"post","link":"https:\/\/infopba247.com.ar\/index.php\/2025\/05\/14\/se-viene-el-congreso-provincial-sobre-ecologia-y-justicia-social\/","title":{"rendered":"Se viene el Congreso provincial sobre Ecolog\u00eda y Justicia Social\u00a0"},"content":{"rendered":"\n<p>El Municipio, con el acompa\u00f1amiento del Ministerio de Ambiente de la Provincia de Buenos Aires, llevar\u00e1 adelante el Congreso sobre Ecolog\u00eda y Justicia Social bajo el lema \u201cCuidar la Casa Com\u00fan\u201d. Una jornada abierta para reflexionar colectivamente sobre el cuidado del ambiente y construir propuestas hacia una transici\u00f3n ecol\u00f3gica justa y soberana.&nbsp;<\/p>\n\n\n\n<p>El encuentro tendr\u00e1 lugar el s\u00e1bado 17 de mayo, desde las 9:30 horas, en el Distrito Ecol\u00f3gico Roggero (DER), ubicado en Benito Ju\u00e1rez y Juan B. Bustos, una zona protegida que se extiende desde el Dique Roggero hasta la Reserva Natural Los Robles.&nbsp;<\/p>\n\n\n\n<p>Durante la jornada se podr\u00e1 participar de paneles expositivos, comisiones de debate, talleres participativos. Tambi\u00e9n habr\u00e1 una EcoFeria, espacios de comida y dem\u00e1s actividades.&nbsp;<\/p>\n\n\n\n<p>El Congreso, organizado por la Secretar\u00eda de Ambiente y Desarrollo Sostenible, el Instituto Municipal de Desarrollo Econ\u00f3mico Local (IMDEL) y el Instituto de Desarrollo Urbano Ambiental y Regional (IDUAR) en articulaci\u00f3n al gobierno bonaerense representa una nueva oportunidad para fortalecer el compromiso ambiental en el territorio y construir colectivamente un presente m\u00e1s justo y sustentable para todas y todos.&nbsp;<\/p>\n\n\n\n<p>Quienes deseen formar parte del evento pueden enviar un correo electr\u00f3nico a:&nbsp;<a href=\"mailto:congreso.ambiental.2025@gmail.com\" target=\"_blank\" rel=\"noreferrer noopener\">congreso.ambiental.2025@gmail.com<\/a>, o completar el siguiente formulario:&nbsp;<a href=\"https:\/\/docs.google.com\/forms\/d\/e\/1FAIpQLSfZDab5o7c_Zx4LmiNgnus15_aEGgNOo2KrmYumDVTOFJReNw\/viewform\" target=\"_blank\" rel=\"noreferrer noopener\">https:\/\/docs.google.com\/forms\/d\/e\/1FAIpQLSfZDab5o7c_Zx4LmiNgnus15_aEGgNOo2KrmYumDVTOFJReNw\/viewform<\/a>&nbsp;<\/p>\n\n\n\n<p>M\u00e1s informaci\u00f3n en las redes oficiales @ambiente.moreno\ufeff&nbsp;<\/p>\n","protected":false},"excerpt":{"rendered":"<p>El Municipio, con el acompa\u00f1amiento del Ministerio de Ambiente de la Provincia de Buenos Aires, llevar\u00e1 adelante el Congreso sobre<\/p>\n","protected":false},"author":3,"featured_media":7033,"comment_status":"open","ping_status":"open","sticky":false,"template":"","format":"standard","meta":{"colormag_page_container_layout":"default_layout","colormag_page_sidebar_layout":"default_layout","footnotes":""},"categories":[5,1,14],"tags":[],"class_list":["post-7041","post","type-post","status-publish","format-standard","has-post-thumbnail","hentry","category-1ra-seccion","category-destacadas","category-politica"],"yoast_head":"<!-- This site is optimized with the Yoast SEO plugin v27.4 - https:\/\/yoast.com\/product\/yoast-seo-wordpress\/ -->\n<title>Se viene el Congreso provincial sobre Ecolog\u00eda y Justicia Social\u00a0 - InfoPBA247<\/title>\n<meta name=\"robots\" content=\"index, follow, max-snippet:-1, max-image-preview:large, max-video-preview:-1\" \/>\n<link rel=\"canonical\" href=\"https:\/\/infopba247.com.ar\/index.php\/2025\/05\/14\/se-viene-el-congreso-provincial-sobre-ecologia-y-justicia-social\/\" \/>\n<meta property=\"og:locale\" content=\"es_ES\" \/>\n<meta property=\"og:type\" content=\"article\" \/>\n<meta property=\"og:title\" content=\"Se viene el Congreso provincial sobre Ecolog\u00eda y Justicia Social\u00a0 - InfoPBA247\" \/>\n<meta property=\"og:description\" content=\"El Municipio, con el acompa\u00f1amiento del Ministerio de Ambiente de la Provincia de Buenos Aires, llevar\u00e1 adelante el Congreso sobre\" \/>\n<meta property=\"og:url\" content=\"https:\/\/infopba247.com.ar\/index.php\/2025\/05\/14\/se-viene-el-congreso-provincial-sobre-ecologia-y-justicia-social\/\" \/>\n<meta property=\"og:site_name\" content=\"InfoPBA247\" \/>\n<meta property=\"article:publisher\" content=\"https:\/\/www.facebook.com\/InfoPBA\" \/>\n<meta property=\"article:published_time\" content=\"2025-05-14T13:05:47+00:00\" \/>\n<meta property=\"article:modified_time\" content=\"2025-05-14T13:05:48+00:00\" \/>\n<meta property=\"og:image\" content=\"https:\/\/infopba247.com.ar\/wp-content\/uploads\/2025\/05\/feed-04-05.png\" \/>\n\t<meta property=\"og:image:width\" content=\"692\" \/>\n\t<meta property=\"og:image:height\" content=\"736\" \/>\n\t<meta property=\"og:image:type\" content=\"image\/png\" \/>\n<meta name=\"author\" content=\"Editor\" \/>\n<meta name=\"twitter:card\" content=\"summary_large_image\" \/>\n<meta name=\"twitter:label1\" content=\"Escrito por\" \/>\n\t<meta name=\"twitter:data1\" content=\"Editor\" \/>\n\t<meta name=\"twitter:label2\" content=\"Tiempo de lectura\" \/>\n\t<meta name=\"twitter:data2\" content=\"2 minutos\" \/>\n<script type=\"application\/ld+json\" class=\"yoast-schema-graph\">{\"@context\":\"https:\\\/\\\/schema.org\",\"@graph\":[{\"@type\":\"Article\",\"@id\":\"https:\\\/\\\/infopba247.com.ar\\\/index.php\\\/2025\\\/05\\\/14\\\/se-viene-el-congreso-provincial-sobre-ecologia-y-justicia-social\\\/#article\",\"isPartOf\":{\"@id\":\"https:\\\/\\\/infopba247.com.ar\\\/index.php\\\/2025\\\/05\\\/14\\\/se-viene-el-congreso-provincial-sobre-ecologia-y-justicia-social\\\/\"},\"author\":{\"name\":\"Editor\",\"@id\":\"https:\\\/\\\/infopba247.com.ar\\\/#\\\/schema\\\/person\\\/4975f1343a413e57bf839b3eed0099f2\"},\"headline\":\"Se viene el Congreso provincial sobre Ecolog\u00eda y Justicia Social\u00a0\",\"datePublished\":\"2025-05-14T13:05:47+00:00\",\"dateModified\":\"2025-05-14T13:05:48+00:00\",\"mainEntityOfPage\":{\"@id\":\"https:\\\/\\\/infopba247.com.ar\\\/index.php\\\/2025\\\/05\\\/14\\\/se-viene-el-congreso-provincial-sobre-ecologia-y-justicia-social\\\/\"},\"wordCount\":256,\"commentCount\":0,\"publisher\":{\"@id\":\"https:\\\/\\\/infopba247.com.ar\\\/#organization\"},\"image\":{\"@id\":\"https:\\\/\\\/infopba247.com.ar\\\/index.php\\\/2025\\\/05\\\/14\\\/se-viene-el-congreso-provincial-sobre-ecologia-y-justicia-social\\\/#primaryimage\"},\"thumbnailUrl\":\"https:\\\/\\\/infopba247.com.ar\\\/wp-content\\\/uploads\\\/2025\\\/05\\\/feed-04-05.png\",\"articleSection\":[\"1ra Secci\u00f3n\",\"Destacadas\",\"Pol\u00edtica\"],\"inLanguage\":\"es\",\"potentialAction\":[{\"@type\":\"CommentAction\",\"name\":\"Comment\",\"target\":[\"https:\\\/\\\/infopba247.com.ar\\\/index.php\\\/2025\\\/05\\\/14\\\/se-viene-el-congreso-provincial-sobre-ecologia-y-justicia-social\\\/#respond\"]}]},{\"@type\":\"WebPage\",\"@id\":\"https:\\\/\\\/infopba247.com.ar\\\/index.php\\\/2025\\\/05\\\/14\\\/se-viene-el-congreso-provincial-sobre-ecologia-y-justicia-social\\\/\",\"url\":\"https:\\\/\\\/infopba247.com.ar\\\/index.php\\\/2025\\\/05\\\/14\\\/se-viene-el-congreso-provincial-sobre-ecologia-y-justicia-social\\\/\",\"name\":\"Se viene el Congreso provincial sobre Ecolog\u00eda y Justicia Social\u00a0 - InfoPBA247\",\"isPartOf\":{\"@id\":\"https:\\\/\\\/infopba247.com.ar\\\/#website\"},\"primaryImageOfPage\":{\"@id\":\"https:\\\/\\\/infopba247.com.ar\\\/index.php\\\/2025\\\/05\\\/14\\\/se-viene-el-congreso-provincial-sobre-ecologia-y-justicia-social\\\/#primaryimage\"},\"image\":{\"@id\":\"https:\\\/\\\/infopba247.com.ar\\\/index.php\\\/2025\\\/05\\\/14\\\/se-viene-el-congreso-provincial-sobre-ecologia-y-justicia-social\\\/#primaryimage\"},\"thumbnailUrl\":\"https:\\\/\\\/infopba247.com.ar\\\/wp-content\\\/uploads\\\/2025\\\/05\\\/feed-04-05.png\",\"datePublished\":\"2025-05-14T13:05:47+00:00\",\"dateModified\":\"2025-05-14T13:05:48+00:00\",\"breadcrumb\":{\"@id\":\"https:\\\/\\\/infopba247.com.ar\\\/index.php\\\/2025\\\/05\\\/14\\\/se-viene-el-congreso-provincial-sobre-ecologia-y-justicia-social\\\/#breadcrumb\"},\"inLanguage\":\"es\",\"potentialAction\":[{\"@type\":\"ReadAction\",\"target\":[\"https:\\\/\\\/infopba247.com.ar\\\/index.php\\\/2025\\\/05\\\/14\\\/se-viene-el-congreso-provincial-sobre-ecologia-y-justicia-social\\\/\"]}]},{\"@type\":\"ImageObject\",\"inLanguage\":\"es\",\"@id\":\"https:\\\/\\\/infopba247.com.ar\\\/index.php\\\/2025\\\/05\\\/14\\\/se-viene-el-congreso-provincial-sobre-ecologia-y-justicia-social\\\/#primaryimage\",\"url\":\"https:\\\/\\\/infopba247.com.ar\\\/wp-content\\\/uploads\\\/2025\\\/05\\\/feed-04-05.png\",\"contentUrl\":\"https:\\\/\\\/infopba247.com.ar\\\/wp-content\\\/uploads\\\/2025\\\/05\\\/feed-04-05.png\",\"width\":692,\"height\":736},{\"@type\":\"BreadcrumbList\",\"@id\":\"https:\\\/\\\/infopba247.com.ar\\\/index.php\\\/2025\\\/05\\\/14\\\/se-viene-el-congreso-provincial-sobre-ecologia-y-justicia-social\\\/#breadcrumb\",\"itemListElement\":[{\"@type\":\"ListItem\",\"position\":1,\"name\":\"Portada\",\"item\":\"https:\\\/\\\/infopba247.com.ar\\\/\"},{\"@type\":\"ListItem\",\"position\":2,\"name\":\"Se viene el Congreso provincial sobre Ecolog\u00eda y Justicia Social\u00a0\"}]},{\"@type\":\"WebSite\",\"@id\":\"https:\\\/\\\/infopba247.com.ar\\\/#website\",\"url\":\"https:\\\/\\\/infopba247.com.ar\\\/\",\"name\":\"InfoPBA247\",\"description\":\"Toda la actualidad bonaerense\",\"publisher\":{\"@id\":\"https:\\\/\\\/infopba247.com.ar\\\/#organization\"},\"potentialAction\":[{\"@type\":\"SearchAction\",\"target\":{\"@type\":\"EntryPoint\",\"urlTemplate\":\"https:\\\/\\\/infopba247.com.ar\\\/?s={search_term_string}\"},\"query-input\":{\"@type\":\"PropertyValueSpecification\",\"valueRequired\":true,\"valueName\":\"search_term_string\"}}],\"inLanguage\":\"es\"},{\"@type\":\"Organization\",\"@id\":\"https:\\\/\\\/infopba247.com.ar\\\/#organization\",\"name\":\"InfoPBA247\",\"url\":\"https:\\\/\\\/infopba247.com.ar\\\/\",\"logo\":{\"@type\":\"ImageObject\",\"inLanguage\":\"es\",\"@id\":\"https:\\\/\\\/infopba247.com.ar\\\/#\\\/schema\\\/logo\\\/image\\\/\",\"url\":\"https:\\\/\\\/infopba247.com.ar\\\/wp-content\\\/uploads\\\/2022\\\/03\\\/cropped-InfoPBA247-1.png\",\"contentUrl\":\"https:\\\/\\\/infopba247.com.ar\\\/wp-content\\\/uploads\\\/2022\\\/03\\\/cropped-InfoPBA247-1.png\",\"width\":500,\"height\":122,\"caption\":\"InfoPBA247\"},\"image\":{\"@id\":\"https:\\\/\\\/infopba247.com.ar\\\/#\\\/schema\\\/logo\\\/image\\\/\"},\"sameAs\":[\"https:\\\/\\\/www.facebook.com\\\/InfoPBA\"]},{\"@type\":\"Person\",\"@id\":\"https:\\\/\\\/infopba247.com.ar\\\/#\\\/schema\\\/person\\\/4975f1343a413e57bf839b3eed0099f2\",\"name\":\"Editor\",\"image\":{\"@type\":\"ImageObject\",\"inLanguage\":\"es\",\"@id\":\"https:\\\/\\\/secure.gravatar.com\\\/avatar\\\/d27fe9520667ca53441d36627a1d6b0fa4a813571ec4803687a7a3a7744685ac?s=96&d=mm&r=g\",\"url\":\"https:\\\/\\\/secure.gravatar.com\\\/avatar\\\/d27fe9520667ca53441d36627a1d6b0fa4a813571ec4803687a7a3a7744685ac?s=96&d=mm&r=g\",\"contentUrl\":\"https:\\\/\\\/secure.gravatar.com\\\/avatar\\\/d27fe9520667ca53441d36627a1d6b0fa4a813571ec4803687a7a3a7744685ac?s=96&d=mm&r=g\",\"caption\":\"Editor\"},\"url\":\"https:\\\/\\\/infopba247.com.ar\\\/index.php\\\/author\\\/editor\\\/\"}]}<\/script>\n<!-- \/ Yoast SEO plugin. -->","yoast_head_json":{"title":"Se viene el Congreso provincial sobre Ecolog\u00eda y Justicia Social\u00a0 - InfoPBA247","robots":{"index":"index","follow":"follow","max-snippet":"max-snippet:-1","max-image-preview":"max-image-preview:large","max-video-preview":"max-video-preview:-1"},"canonical":"https:\/\/infopba247.com.ar\/index.php\/2025\/05\/14\/se-viene-el-congreso-provincial-sobre-ecologia-y-justicia-social\/","og_locale":"es_ES","og_type":"article","og_title":"Se viene el Congreso provincial sobre Ecolog\u00eda y Justicia Social\u00a0 - InfoPBA247","og_description":"El Municipio, con el acompa\u00f1amiento del Ministerio de Ambiente de la Provincia de Buenos Aires, llevar\u00e1 adelante el Congreso sobre","og_url":"https:\/\/infopba247.com.ar\/index.php\/2025\/05\/14\/se-viene-el-congreso-provincial-sobre-ecologia-y-justicia-social\/","og_site_name":"InfoPBA247","article_publisher":"https:\/\/www.facebook.com\/InfoPBA","article_published_time":"2025-05-14T13:05:47+00:00","article_modified_time":"2025-05-14T13:05:48+00:00","og_image":[{"width":692,"height":736,"url":"https:\/\/infopba247.com.ar\/wp-content\/uploads\/2025\/05\/feed-04-05.png","type":"image\/png"}],"author":"Editor","twitter_card":"summary_large_image","twitter_misc":{"Escrito por":"Editor","Tiempo de lectura":"2 minutos"},"schema":{"@context":"https:\/\/schema.org","@graph":[{"@type":"Article","@id":"https:\/\/infopba247.com.ar\/index.php\/2025\/05\/14\/se-viene-el-congreso-provincial-sobre-ecologia-y-justicia-social\/#article","isPartOf":{"@id":"https:\/\/infopba247.com.ar\/index.php\/2025\/05\/14\/se-viene-el-congreso-provincial-sobre-ecologia-y-justicia-social\/"},"author":{"name":"Editor","@id":"https:\/\/infopba247.com.ar\/#\/schema\/person\/4975f1343a413e57bf839b3eed0099f2"},"headline":"Se viene el Congreso provincial sobre Ecolog\u00eda y Justicia Social\u00a0","datePublished":"2025-05-14T13:05:47+00:00","dateModified":"2025-05-14T13:05:48+00:00","mainEntityOfPage":{"@id":"https:\/\/infopba247.com.ar\/index.php\/2025\/05\/14\/se-viene-el-congreso-provincial-sobre-ecologia-y-justicia-social\/"},"wordCount":256,"commentCount":0,"publisher":{"@id":"https:\/\/infopba247.com.ar\/#organization"},"image":{"@id":"https:\/\/infopba247.com.ar\/index.php\/2025\/05\/14\/se-viene-el-congreso-provincial-sobre-ecologia-y-justicia-social\/#primaryimage"},"thumbnailUrl":"https:\/\/infopba247.com.ar\/wp-content\/uploads\/2025\/05\/feed-04-05.png","articleSection":["1ra Secci\u00f3n","Destacadas","Pol\u00edtica"],"inLanguage":"es","potentialAction":[{"@type":"CommentAction","name":"Comment","target":["https:\/\/infopba247.com.ar\/index.php\/2025\/05\/14\/se-viene-el-congreso-provincial-sobre-ecologia-y-justicia-social\/#respond"]}]},{"@type":"WebPage","@id":"https:\/\/infopba247.com.ar\/index.php\/2025\/05\/14\/se-viene-el-congreso-provincial-sobre-ecologia-y-justicia-social\/","url":"https:\/\/infopba247.com.ar\/index.php\/2025\/05\/14\/se-viene-el-congreso-provincial-sobre-ecologia-y-justicia-social\/","name":"Se viene el Congreso provincial sobre Ecolog\u00eda y Justicia Social\u00a0 - InfoPBA247","isPartOf":{"@id":"https:\/\/infopba247.com.ar\/#website"},"primaryImageOfPage":{"@id":"https:\/\/infopba247.com.ar\/index.php\/2025\/05\/14\/se-viene-el-congreso-provincial-sobre-ecologia-y-justicia-social\/#primaryimage"},"image":{"@id":"https:\/\/infopba247.com.ar\/index.php\/2025\/05\/14\/se-viene-el-congreso-provincial-sobre-ecologia-y-justicia-social\/#primaryimage"},"thumbnailUrl":"https:\/\/infopba247.com.ar\/wp-content\/uploads\/2025\/05\/feed-04-05.png","datePublished":"2025-05-14T13:05:47+00:00","dateModified":"2025-05-14T13:05:48+00:00","breadcrumb":{"@id":"https:\/\/infopba247.com.ar\/index.php\/2025\/05\/14\/se-viene-el-congreso-provincial-sobre-ecologia-y-justicia-social\/#breadcrumb"},"inLanguage":"es","potentialAction":[{"@type":"ReadAction","target":["https:\/\/infopba247.com.ar\/index.php\/2025\/05\/14\/se-viene-el-congreso-provincial-sobre-ecologia-y-justicia-social\/"]}]},{"@type":"ImageObject","inLanguage":"es","@id":"https:\/\/infopba247.com.ar\/index.php\/2025\/05\/14\/se-viene-el-congreso-provincial-sobre-ecologia-y-justicia-social\/#primaryimage","url":"https:\/\/infopba247.com.ar\/wp-content\/uploads\/2025\/05\/feed-04-05.png","contentUrl":"https:\/\/infopba247.com.ar\/wp-content\/uploads\/2025\/05\/feed-04-05.png","width":692,"height":736},{"@type":"BreadcrumbList","@id":"https:\/\/infopba247.com.ar\/index.php\/2025\/05\/14\/se-viene-el-congreso-provincial-sobre-ecologia-y-justicia-social\/#breadcrumb","itemListElement":[{"@type":"ListItem","position":1,"name":"Portada","item":"https:\/\/infopba247.com.ar\/"},{"@type":"ListItem","position":2,"name":"Se viene el Congreso provincial sobre Ecolog\u00eda y Justicia Social\u00a0"}]},{"@type":"WebSite","@id":"https:\/\/infopba247.com.ar\/#website","url":"https:\/\/infopba247.com.ar\/","name":"InfoPBA247","description":"Toda la actualidad bonaerense","publisher":{"@id":"https:\/\/infopba247.com.ar\/#organization"},"potentialAction":[{"@type":"SearchAction","target":{"@type":"EntryPoint","urlTemplate":"https:\/\/infopba247.com.ar\/?s={search_term_string}"},"query-input":{"@type":"PropertyValueSpecification","valueRequired":true,"valueName":"search_term_string"}}],"inLanguage":"es"},{"@type":"Organization","@id":"https:\/\/infopba247.com.ar\/#organization","name":"InfoPBA247","url":"https:\/\/infopba247.com.ar\/","logo":{"@type":"ImageObject","inLanguage":"es","@id":"https:\/\/infopba247.com.ar\/#\/schema\/logo\/image\/","url":"https:\/\/infopba247.com.ar\/wp-content\/uploads\/2022\/03\/cropped-InfoPBA247-1.png","contentUrl":"https:\/\/infopba247.com.ar\/wp-content\/uploads\/2022\/03\/cropped-InfoPBA247-1.png","width":500,"height":122,"caption":"InfoPBA247"},"image":{"@id":"https:\/\/infopba247.com.ar\/#\/schema\/logo\/image\/"},"sameAs":["https:\/\/www.facebook.com\/InfoPBA"]},{"@type":"Person","@id":"https:\/\/infopba247.com.ar\/#\/schema\/person\/4975f1343a413e57bf839b3eed0099f2","name":"Editor","image":{"@type":"ImageObject","inLanguage":"es","@id":"https:\/\/secure.gravatar.com\/avatar\/d27fe9520667ca53441d36627a1d6b0fa4a813571ec4803687a7a3a7744685ac?s=96&d=mm&r=g","url":"https:\/\/secure.gravatar.com\/avatar\/d27fe9520667ca53441d36627a1d6b0fa4a813571ec4803687a7a3a7744685ac?s=96&d=mm&r=g","contentUrl":"https:\/\/secure.gravatar.com\/avatar\/d27fe9520667ca53441d36627a1d6b0fa4a813571ec4803687a7a3a7744685ac?s=96&d=mm&r=g","caption":"Editor"},"url":"https:\/\/infopba247.com.ar\/index.php\/author\/editor\/"}]}},"_links":{"self":[{"href":"https:\/\/infopba247.com.ar\/index.php\/wp-json\/wp\/v2\/posts\/7041","targetHints":{"allow":["GET"]}}],"collection":[{"href":"https:\/\/infopba247.com.ar\/index.php\/wp-json\/wp\/v2\/posts"}],"about":[{"href":"https:\/\/infopba247.com.ar\/index.php\/wp-json\/wp\/v2\/types\/post"}],"author":[{"embeddable":true,"href":"https:\/\/infopba247.com.ar\/index.php\/wp-json\/wp\/v2\/users\/3"}],"replies":[{"embeddable":true,"href":"https:\/\/infopba247.com.ar\/index.php\/wp-json\/wp\/v2\/comments?post=7041"}],"version-history":[{"count":1,"href":"https:\/\/infopba247.com.ar\/index.php\/wp-json\/wp\/v2\/posts\/7041\/revisions"}],"predecessor-version":[{"id":7042,"href":"https:\/\/infopba247.com.ar\/index.php\/wp-json\/wp\/v2\/posts\/7041\/revisions\/7042"}],"wp:featuredmedia":[{"embeddable":true,"href":"https:\/\/infopba247.com.ar\/index.php\/wp-json\/wp\/v2\/media\/7033"}],"wp:attachment":[{"href":"https:\/\/infopba247.com.ar\/index.php\/wp-json\/wp\/v2\/media?parent=7041"}],"wp:term":[{"taxonomy":"category","embeddable":true,"href":"https:\/\/infopba247.com.ar\/index.php\/wp-json\/wp\/v2\/categories?post=7041"},{"taxonomy":"post_tag","embeddable":true,"href":"https:\/\/infopba247.com.ar\/index.php\/wp-json\/wp\/v2\/tags?post=7041"}],"curies":[{"name":"wp","href":"https:\/\/api.w.org\/{rel}","templated":true}]}}