{"id":7029,"date":"2025-05-13T14:38:16","date_gmt":"2025-05-13T17:38:16","guid":{"rendered":"https:\/\/infopba247.com.ar\/?p=7029"},"modified":"2025-05-13T14:38:17","modified_gmt":"2025-05-13T17:38:17","slug":"mariel-fernandez-inauguro-la-escuela-popular-de-genero","status":"publish","type":"post","link":"https:\/\/infopba247.com.ar\/index.php\/2025\/05\/13\/mariel-fernandez-inauguro-la-escuela-popular-de-genero\/","title":{"rendered":"Mariel Fern\u00e1ndez inaugur\u00f3 la Escuela Popular de G\u00e9nero\u00a0"},"content":{"rendered":"\n<p>En el Polideportivo de Paso del Rey, la intendenta Mariel Fern\u00e1ndez inaugur\u00f3 la Escuela Popular de G\u00e9nero (EPG) \u201cFortalecimiento de la organizaci\u00f3n y la memoria colectiva\u201d. La propuesta, con formaci\u00f3n en perspectiva de g\u00e9nero, busca ampliar derechos, democratizar el conocimiento y aportar herramientas para la construcci\u00f3n de igualdad. As\u00ed, recorrer\u00e1 distintos barrios del distrito, con el eje en la participaci\u00f3n comunitaria de las mujeres organizadas.&nbsp; &nbsp;<\/p>\n\n\n\n<p>Durante la apertura, la jefa comunal expres\u00f3: \u201cMe pone muy feliz que esta pol\u00edtica p\u00fablica que naci\u00f3 de los barrios siga siendo efectiva y que se siga concientizando sobre el derecho de las mujeres\u201d y agreg\u00f3 \u201cEs importante que esta escuela se desarrolle porque si nuestra voz no est\u00e1 en la mesa de las discusiones, no est\u00e1 la voz del barrio, de nuestras comunidades, de nuestras familias y por eso es tan importante que nos formemos, que sigamos participando que seamos protagonistas en la pol\u00edtica, m\u00e1s all\u00e1 de todo el trabajo que tenemos de organizaci\u00f3n en el barrio, de seguir acompa\u00f1ando a otras mujeres y a nuestras comunidades, que seamos la expresi\u00f3n pol\u00edtica de nuestro trabajo\u201d. &nbsp;<\/p>\n\n\n\n<p>Por \u00faltimo, la intendenta Mariel Fern\u00e1ndez destac\u00f3 el trabajo territorial de las promotoras y les dijo: \u201cUstedes son unas guerreras, les pido que no bajemos los brazos, que la pol\u00edtica tiene mucho para aprender de esta experiencia y de ustedes\u201d.&nbsp;<\/p>\n\n\n\n<p>La formaci\u00f3n se desarrollar\u00e1 en todas las localidades y alcanzar\u00e1 a 250 mujeres morenenses. En cada localidad se realizar\u00e1n cuatro encuentros, entre talleres territoriales y espacios generales de apertura y cierre. Las actividades, que se desarrollar\u00e1n los d\u00edas viernes en distintos turnos, est\u00e1n orientadas a promover el pensamiento cr\u00edtico, fortalecer liderazgos, visibilizar experiencias de organizaci\u00f3n y profundizar el trabajo colectivo en clave de justicia de g\u00e9nero.&nbsp;<\/p>\n\n\n\n<p>Las Escuelas Populares de G\u00e9nero tienen su origen como pol\u00edtica p\u00fablica en 2013, durante el Gobierno de Cristina Fern\u00e1ndez de Kirchner. Su metodolog\u00eda, basada en la educaci\u00f3n popular, reconoce y pone en valor la voz y trayectoria de las participantes, promoviendo un aprendizaje colectivo anclado en la historia de lucha de nuestro pueblo. &nbsp;<\/p>\n\n\n\n<p>Tambi\u00e9n estuvieron presentes la secretaria de Mujeres, G\u00e9neros y Diversidades, Gisele Coronel; Flavia Delmas, coordinadora de la Escuela Popular de G\u00e9nero, referenta acad\u00e9mica y ex subsecretaria de Pol\u00edticas contra las Violencias por Razones de G\u00e9nero de la provincia de Buenos Aires; promotoras territoriales \u201cMicaela Garc\u00eda\u201d, referentas y militantes barriales.&nbsp;<\/p>\n","protected":false},"excerpt":{"rendered":"<p>En el Polideportivo de Paso del Rey, la intendenta Mariel Fern\u00e1ndez inaugur\u00f3 la Escuela Popular de G\u00e9nero (EPG) \u201cFortalecimiento de<\/p>\n","protected":false},"author":3,"featured_media":7020,"comment_status":"open","ping_status":"open","sticky":false,"template":"","format":"standard","meta":{"colormag_page_container_layout":"default_layout","colormag_page_sidebar_layout":"default_layout","footnotes":""},"categories":[5,1,14],"tags":[],"class_list":["post-7029","post","type-post","status-publish","format-standard","has-post-thumbnail","hentry","category-1ra-seccion","category-destacadas","category-politica"],"yoast_head":"<!-- This site is optimized with the Yoast SEO plugin v27.4 - https:\/\/yoast.com\/product\/yoast-seo-wordpress\/ -->\n<title>Mariel Fern\u00e1ndez inaugur\u00f3 la Escuela Popular de G\u00e9nero\u00a0 - InfoPBA247<\/title>\n<meta name=\"robots\" content=\"index, follow, max-snippet:-1, max-image-preview:large, max-video-preview:-1\" \/>\n<link rel=\"canonical\" href=\"https:\/\/infopba247.com.ar\/index.php\/2025\/05\/13\/mariel-fernandez-inauguro-la-escuela-popular-de-genero\/\" \/>\n<meta property=\"og:locale\" content=\"es_ES\" \/>\n<meta property=\"og:type\" content=\"article\" \/>\n<meta property=\"og:title\" content=\"Mariel Fern\u00e1ndez inaugur\u00f3 la Escuela Popular de G\u00e9nero\u00a0 - InfoPBA247\" \/>\n<meta property=\"og:description\" content=\"En el Polideportivo de Paso del Rey, la intendenta Mariel Fern\u00e1ndez inaugur\u00f3 la Escuela Popular de G\u00e9nero (EPG) \u201cFortalecimiento de\" \/>\n<meta property=\"og:url\" content=\"https:\/\/infopba247.com.ar\/index.php\/2025\/05\/13\/mariel-fernandez-inauguro-la-escuela-popular-de-genero\/\" \/>\n<meta property=\"og:site_name\" content=\"InfoPBA247\" \/>\n<meta property=\"article:publisher\" content=\"https:\/\/www.facebook.com\/InfoPBA\" \/>\n<meta property=\"article:published_time\" content=\"2025-05-13T17:38:16+00:00\" \/>\n<meta property=\"article:modified_time\" content=\"2025-05-13T17:38:17+00:00\" \/>\n<meta property=\"og:image\" content=\"https:\/\/infopba247.com.ar\/wp-content\/uploads\/2025\/05\/escuela-popular-de-genero-web5-scaled.jpg\" \/>\n\t<meta property=\"og:image:width\" content=\"2560\" \/>\n\t<meta property=\"og:image:height\" content=\"1440\" \/>\n\t<meta property=\"og:image:type\" content=\"image\/jpeg\" \/>\n<meta name=\"author\" content=\"Editor\" \/>\n<meta name=\"twitter:card\" content=\"summary_large_image\" \/>\n<meta name=\"twitter:label1\" content=\"Escrito por\" \/>\n\t<meta name=\"twitter:data1\" content=\"Editor\" \/>\n\t<meta name=\"twitter:label2\" content=\"Tiempo de lectura\" \/>\n\t<meta name=\"twitter:data2\" content=\"2 minutos\" \/>\n<script type=\"application\/ld+json\" class=\"yoast-schema-graph\">{\"@context\":\"https:\\\/\\\/schema.org\",\"@graph\":[{\"@type\":\"Article\",\"@id\":\"https:\\\/\\\/infopba247.com.ar\\\/index.php\\\/2025\\\/05\\\/13\\\/mariel-fernandez-inauguro-la-escuela-popular-de-genero\\\/#article\",\"isPartOf\":{\"@id\":\"https:\\\/\\\/infopba247.com.ar\\\/index.php\\\/2025\\\/05\\\/13\\\/mariel-fernandez-inauguro-la-escuela-popular-de-genero\\\/\"},\"author\":{\"name\":\"Editor\",\"@id\":\"https:\\\/\\\/infopba247.com.ar\\\/#\\\/schema\\\/person\\\/4975f1343a413e57bf839b3eed0099f2\"},\"headline\":\"Mariel Fern\u00e1ndez inaugur\u00f3 la Escuela Popular de G\u00e9nero\u00a0\",\"datePublished\":\"2025-05-13T17:38:16+00:00\",\"dateModified\":\"2025-05-13T17:38:17+00:00\",\"mainEntityOfPage\":{\"@id\":\"https:\\\/\\\/infopba247.com.ar\\\/index.php\\\/2025\\\/05\\\/13\\\/mariel-fernandez-inauguro-la-escuela-popular-de-genero\\\/\"},\"wordCount\":442,\"commentCount\":0,\"publisher\":{\"@id\":\"https:\\\/\\\/infopba247.com.ar\\\/#organization\"},\"image\":{\"@id\":\"https:\\\/\\\/infopba247.com.ar\\\/index.php\\\/2025\\\/05\\\/13\\\/mariel-fernandez-inauguro-la-escuela-popular-de-genero\\\/#primaryimage\"},\"thumbnailUrl\":\"https:\\\/\\\/infopba247.com.ar\\\/wp-content\\\/uploads\\\/2025\\\/05\\\/escuela-popular-de-genero-web5-scaled.jpg\",\"articleSection\":[\"1ra Secci\u00f3n\",\"Destacadas\",\"Pol\u00edtica\"],\"inLanguage\":\"es\",\"potentialAction\":[{\"@type\":\"CommentAction\",\"name\":\"Comment\",\"target\":[\"https:\\\/\\\/infopba247.com.ar\\\/index.php\\\/2025\\\/05\\\/13\\\/mariel-fernandez-inauguro-la-escuela-popular-de-genero\\\/#respond\"]}]},{\"@type\":\"WebPage\",\"@id\":\"https:\\\/\\\/infopba247.com.ar\\\/index.php\\\/2025\\\/05\\\/13\\\/mariel-fernandez-inauguro-la-escuela-popular-de-genero\\\/\",\"url\":\"https:\\\/\\\/infopba247.com.ar\\\/index.php\\\/2025\\\/05\\\/13\\\/mariel-fernandez-inauguro-la-escuela-popular-de-genero\\\/\",\"name\":\"Mariel Fern\u00e1ndez inaugur\u00f3 la Escuela Popular de G\u00e9nero\u00a0 - InfoPBA247\",\"isPartOf\":{\"@id\":\"https:\\\/\\\/infopba247.com.ar\\\/#website\"},\"primaryImageOfPage\":{\"@id\":\"https:\\\/\\\/infopba247.com.ar\\\/index.php\\\/2025\\\/05\\\/13\\\/mariel-fernandez-inauguro-la-escuela-popular-de-genero\\\/#primaryimage\"},\"image\":{\"@id\":\"https:\\\/\\\/infopba247.com.ar\\\/index.php\\\/2025\\\/05\\\/13\\\/mariel-fernandez-inauguro-la-escuela-popular-de-genero\\\/#primaryimage\"},\"thumbnailUrl\":\"https:\\\/\\\/infopba247.com.ar\\\/wp-content\\\/uploads\\\/2025\\\/05\\\/escuela-popular-de-genero-web5-scaled.jpg\",\"datePublished\":\"2025-05-13T17:38:16+00:00\",\"dateModified\":\"2025-05-13T17:38:17+00:00\",\"breadcrumb\":{\"@id\":\"https:\\\/\\\/infopba247.com.ar\\\/index.php\\\/2025\\\/05\\\/13\\\/mariel-fernandez-inauguro-la-escuela-popular-de-genero\\\/#breadcrumb\"},\"inLanguage\":\"es\",\"potentialAction\":[{\"@type\":\"ReadAction\",\"target\":[\"https:\\\/\\\/infopba247.com.ar\\\/index.php\\\/2025\\\/05\\\/13\\\/mariel-fernandez-inauguro-la-escuela-popular-de-genero\\\/\"]}]},{\"@type\":\"ImageObject\",\"inLanguage\":\"es\",\"@id\":\"https:\\\/\\\/infopba247.com.ar\\\/index.php\\\/2025\\\/05\\\/13\\\/mariel-fernandez-inauguro-la-escuela-popular-de-genero\\\/#primaryimage\",\"url\":\"https:\\\/\\\/infopba247.com.ar\\\/wp-content\\\/uploads\\\/2025\\\/05\\\/escuela-popular-de-genero-web5-scaled.jpg\",\"contentUrl\":\"https:\\\/\\\/infopba247.com.ar\\\/wp-content\\\/uploads\\\/2025\\\/05\\\/escuela-popular-de-genero-web5-scaled.jpg\",\"width\":2560,\"height\":1440},{\"@type\":\"BreadcrumbList\",\"@id\":\"https:\\\/\\\/infopba247.com.ar\\\/index.php\\\/2025\\\/05\\\/13\\\/mariel-fernandez-inauguro-la-escuela-popular-de-genero\\\/#breadcrumb\",\"itemListElement\":[{\"@type\":\"ListItem\",\"position\":1,\"name\":\"Portada\",\"item\":\"https:\\\/\\\/infopba247.com.ar\\\/\"},{\"@type\":\"ListItem\",\"position\":2,\"name\":\"Mariel Fern\u00e1ndez inaugur\u00f3 la Escuela Popular de G\u00e9nero\u00a0\"}]},{\"@type\":\"WebSite\",\"@id\":\"https:\\\/\\\/infopba247.com.ar\\\/#website\",\"url\":\"https:\\\/\\\/infopba247.com.ar\\\/\",\"name\":\"InfoPBA247\",\"description\":\"Toda la actualidad bonaerense\",\"publisher\":{\"@id\":\"https:\\\/\\\/infopba247.com.ar\\\/#organization\"},\"potentialAction\":[{\"@type\":\"SearchAction\",\"target\":{\"@type\":\"EntryPoint\",\"urlTemplate\":\"https:\\\/\\\/infopba247.com.ar\\\/?s={search_term_string}\"},\"query-input\":{\"@type\":\"PropertyValueSpecification\",\"valueRequired\":true,\"valueName\":\"search_term_string\"}}],\"inLanguage\":\"es\"},{\"@type\":\"Organization\",\"@id\":\"https:\\\/\\\/infopba247.com.ar\\\/#organization\",\"name\":\"InfoPBA247\",\"url\":\"https:\\\/\\\/infopba247.com.ar\\\/\",\"logo\":{\"@type\":\"ImageObject\",\"inLanguage\":\"es\",\"@id\":\"https:\\\/\\\/infopba247.com.ar\\\/#\\\/schema\\\/logo\\\/image\\\/\",\"url\":\"https:\\\/\\\/infopba247.com.ar\\\/wp-content\\\/uploads\\\/2022\\\/03\\\/cropped-InfoPBA247-1.png\",\"contentUrl\":\"https:\\\/\\\/infopba247.com.ar\\\/wp-content\\\/uploads\\\/2022\\\/03\\\/cropped-InfoPBA247-1.png\",\"width\":500,\"height\":122,\"caption\":\"InfoPBA247\"},\"image\":{\"@id\":\"https:\\\/\\\/infopba247.com.ar\\\/#\\\/schema\\\/logo\\\/image\\\/\"},\"sameAs\":[\"https:\\\/\\\/www.facebook.com\\\/InfoPBA\"]},{\"@type\":\"Person\",\"@id\":\"https:\\\/\\\/infopba247.com.ar\\\/#\\\/schema\\\/person\\\/4975f1343a413e57bf839b3eed0099f2\",\"name\":\"Editor\",\"image\":{\"@type\":\"ImageObject\",\"inLanguage\":\"es\",\"@id\":\"https:\\\/\\\/secure.gravatar.com\\\/avatar\\\/d27fe9520667ca53441d36627a1d6b0fa4a813571ec4803687a7a3a7744685ac?s=96&d=mm&r=g\",\"url\":\"https:\\\/\\\/secure.gravatar.com\\\/avatar\\\/d27fe9520667ca53441d36627a1d6b0fa4a813571ec4803687a7a3a7744685ac?s=96&d=mm&r=g\",\"contentUrl\":\"https:\\\/\\\/secure.gravatar.com\\\/avatar\\\/d27fe9520667ca53441d36627a1d6b0fa4a813571ec4803687a7a3a7744685ac?s=96&d=mm&r=g\",\"caption\":\"Editor\"},\"url\":\"https:\\\/\\\/infopba247.com.ar\\\/index.php\\\/author\\\/editor\\\/\"}]}<\/script>\n<!-- \/ Yoast SEO plugin. -->","yoast_head_json":{"title":"Mariel Fern\u00e1ndez inaugur\u00f3 la Escuela Popular de G\u00e9nero\u00a0 - InfoPBA247","robots":{"index":"index","follow":"follow","max-snippet":"max-snippet:-1","max-image-preview":"max-image-preview:large","max-video-preview":"max-video-preview:-1"},"canonical":"https:\/\/infopba247.com.ar\/index.php\/2025\/05\/13\/mariel-fernandez-inauguro-la-escuela-popular-de-genero\/","og_locale":"es_ES","og_type":"article","og_title":"Mariel Fern\u00e1ndez inaugur\u00f3 la Escuela Popular de G\u00e9nero\u00a0 - InfoPBA247","og_description":"En el Polideportivo de Paso del Rey, la intendenta Mariel Fern\u00e1ndez inaugur\u00f3 la Escuela Popular de G\u00e9nero (EPG) \u201cFortalecimiento de","og_url":"https:\/\/infopba247.com.ar\/index.php\/2025\/05\/13\/mariel-fernandez-inauguro-la-escuela-popular-de-genero\/","og_site_name":"InfoPBA247","article_publisher":"https:\/\/www.facebook.com\/InfoPBA","article_published_time":"2025-05-13T17:38:16+00:00","article_modified_time":"2025-05-13T17:38:17+00:00","og_image":[{"width":2560,"height":1440,"url":"https:\/\/infopba247.com.ar\/wp-content\/uploads\/2025\/05\/escuela-popular-de-genero-web5-scaled.jpg","type":"image\/jpeg"}],"author":"Editor","twitter_card":"summary_large_image","twitter_misc":{"Escrito por":"Editor","Tiempo de lectura":"2 minutos"},"schema":{"@context":"https:\/\/schema.org","@graph":[{"@type":"Article","@id":"https:\/\/infopba247.com.ar\/index.php\/2025\/05\/13\/mariel-fernandez-inauguro-la-escuela-popular-de-genero\/#article","isPartOf":{"@id":"https:\/\/infopba247.com.ar\/index.php\/2025\/05\/13\/mariel-fernandez-inauguro-la-escuela-popular-de-genero\/"},"author":{"name":"Editor","@id":"https:\/\/infopba247.com.ar\/#\/schema\/person\/4975f1343a413e57bf839b3eed0099f2"},"headline":"Mariel Fern\u00e1ndez inaugur\u00f3 la Escuela Popular de G\u00e9nero\u00a0","datePublished":"2025-05-13T17:38:16+00:00","dateModified":"2025-05-13T17:38:17+00:00","mainEntityOfPage":{"@id":"https:\/\/infopba247.com.ar\/index.php\/2025\/05\/13\/mariel-fernandez-inauguro-la-escuela-popular-de-genero\/"},"wordCount":442,"commentCount":0,"publisher":{"@id":"https:\/\/infopba247.com.ar\/#organization"},"image":{"@id":"https:\/\/infopba247.com.ar\/index.php\/2025\/05\/13\/mariel-fernandez-inauguro-la-escuela-popular-de-genero\/#primaryimage"},"thumbnailUrl":"https:\/\/infopba247.com.ar\/wp-content\/uploads\/2025\/05\/escuela-popular-de-genero-web5-scaled.jpg","articleSection":["1ra Secci\u00f3n","Destacadas","Pol\u00edtica"],"inLanguage":"es","potentialAction":[{"@type":"CommentAction","name":"Comment","target":["https:\/\/infopba247.com.ar\/index.php\/2025\/05\/13\/mariel-fernandez-inauguro-la-escuela-popular-de-genero\/#respond"]}]},{"@type":"WebPage","@id":"https:\/\/infopba247.com.ar\/index.php\/2025\/05\/13\/mariel-fernandez-inauguro-la-escuela-popular-de-genero\/","url":"https:\/\/infopba247.com.ar\/index.php\/2025\/05\/13\/mariel-fernandez-inauguro-la-escuela-popular-de-genero\/","name":"Mariel Fern\u00e1ndez inaugur\u00f3 la Escuela Popular de G\u00e9nero\u00a0 - InfoPBA247","isPartOf":{"@id":"https:\/\/infopba247.com.ar\/#website"},"primaryImageOfPage":{"@id":"https:\/\/infopba247.com.ar\/index.php\/2025\/05\/13\/mariel-fernandez-inauguro-la-escuela-popular-de-genero\/#primaryimage"},"image":{"@id":"https:\/\/infopba247.com.ar\/index.php\/2025\/05\/13\/mariel-fernandez-inauguro-la-escuela-popular-de-genero\/#primaryimage"},"thumbnailUrl":"https:\/\/infopba247.com.ar\/wp-content\/uploads\/2025\/05\/escuela-popular-de-genero-web5-scaled.jpg","datePublished":"2025-05-13T17:38:16+00:00","dateModified":"2025-05-13T17:38:17+00:00","breadcrumb":{"@id":"https:\/\/infopba247.com.ar\/index.php\/2025\/05\/13\/mariel-fernandez-inauguro-la-escuela-popular-de-genero\/#breadcrumb"},"inLanguage":"es","potentialAction":[{"@type":"ReadAction","target":["https:\/\/infopba247.com.ar\/index.php\/2025\/05\/13\/mariel-fernandez-inauguro-la-escuela-popular-de-genero\/"]}]},{"@type":"ImageObject","inLanguage":"es","@id":"https:\/\/infopba247.com.ar\/index.php\/2025\/05\/13\/mariel-fernandez-inauguro-la-escuela-popular-de-genero\/#primaryimage","url":"https:\/\/infopba247.com.ar\/wp-content\/uploads\/2025\/05\/escuela-popular-de-genero-web5-scaled.jpg","contentUrl":"https:\/\/infopba247.com.ar\/wp-content\/uploads\/2025\/05\/escuela-popular-de-genero-web5-scaled.jpg","width":2560,"height":1440},{"@type":"BreadcrumbList","@id":"https:\/\/infopba247.com.ar\/index.php\/2025\/05\/13\/mariel-fernandez-inauguro-la-escuela-popular-de-genero\/#breadcrumb","itemListElement":[{"@type":"ListItem","position":1,"name":"Portada","item":"https:\/\/infopba247.com.ar\/"},{"@type":"ListItem","position":2,"name":"Mariel Fern\u00e1ndez inaugur\u00f3 la Escuela Popular de G\u00e9nero\u00a0"}]},{"@type":"WebSite","@id":"https:\/\/infopba247.com.ar\/#website","url":"https:\/\/infopba247.com.ar\/","name":"InfoPBA247","description":"Toda la actualidad bonaerense","publisher":{"@id":"https:\/\/infopba247.com.ar\/#organization"},"potentialAction":[{"@type":"SearchAction","target":{"@type":"EntryPoint","urlTemplate":"https:\/\/infopba247.com.ar\/?s={search_term_string}"},"query-input":{"@type":"PropertyValueSpecification","valueRequired":true,"valueName":"search_term_string"}}],"inLanguage":"es"},{"@type":"Organization","@id":"https:\/\/infopba247.com.ar\/#organization","name":"InfoPBA247","url":"https:\/\/infopba247.com.ar\/","logo":{"@type":"ImageObject","inLanguage":"es","@id":"https:\/\/infopba247.com.ar\/#\/schema\/logo\/image\/","url":"https:\/\/infopba247.com.ar\/wp-content\/uploads\/2022\/03\/cropped-InfoPBA247-1.png","contentUrl":"https:\/\/infopba247.com.ar\/wp-content\/uploads\/2022\/03\/cropped-InfoPBA247-1.png","width":500,"height":122,"caption":"InfoPBA247"},"image":{"@id":"https:\/\/infopba247.com.ar\/#\/schema\/logo\/image\/"},"sameAs":["https:\/\/www.facebook.com\/InfoPBA"]},{"@type":"Person","@id":"https:\/\/infopba247.com.ar\/#\/schema\/person\/4975f1343a413e57bf839b3eed0099f2","name":"Editor","image":{"@type":"ImageObject","inLanguage":"es","@id":"https:\/\/secure.gravatar.com\/avatar\/d27fe9520667ca53441d36627a1d6b0fa4a813571ec4803687a7a3a7744685ac?s=96&d=mm&r=g","url":"https:\/\/secure.gravatar.com\/avatar\/d27fe9520667ca53441d36627a1d6b0fa4a813571ec4803687a7a3a7744685ac?s=96&d=mm&r=g","contentUrl":"https:\/\/secure.gravatar.com\/avatar\/d27fe9520667ca53441d36627a1d6b0fa4a813571ec4803687a7a3a7744685ac?s=96&d=mm&r=g","caption":"Editor"},"url":"https:\/\/infopba247.com.ar\/index.php\/author\/editor\/"}]}},"_links":{"self":[{"href":"https:\/\/infopba247.com.ar\/index.php\/wp-json\/wp\/v2\/posts\/7029","targetHints":{"allow":["GET"]}}],"collection":[{"href":"https:\/\/infopba247.com.ar\/index.php\/wp-json\/wp\/v2\/posts"}],"about":[{"href":"https:\/\/infopba247.com.ar\/index.php\/wp-json\/wp\/v2\/types\/post"}],"author":[{"embeddable":true,"href":"https:\/\/infopba247.com.ar\/index.php\/wp-json\/wp\/v2\/users\/3"}],"replies":[{"embeddable":true,"href":"https:\/\/infopba247.com.ar\/index.php\/wp-json\/wp\/v2\/comments?post=7029"}],"version-history":[{"count":1,"href":"https:\/\/infopba247.com.ar\/index.php\/wp-json\/wp\/v2\/posts\/7029\/revisions"}],"predecessor-version":[{"id":7030,"href":"https:\/\/infopba247.com.ar\/index.php\/wp-json\/wp\/v2\/posts\/7029\/revisions\/7030"}],"wp:featuredmedia":[{"embeddable":true,"href":"https:\/\/infopba247.com.ar\/index.php\/wp-json\/wp\/v2\/media\/7020"}],"wp:attachment":[{"href":"https:\/\/infopba247.com.ar\/index.php\/wp-json\/wp\/v2\/media?parent=7029"}],"wp:term":[{"taxonomy":"category","embeddable":true,"href":"https:\/\/infopba247.com.ar\/index.php\/wp-json\/wp\/v2\/categories?post=7029"},{"taxonomy":"post_tag","embeddable":true,"href":"https:\/\/infopba247.com.ar\/index.php\/wp-json\/wp\/v2\/tags?post=7029"}],"curies":[{"name":"wp","href":"https:\/\/api.w.org\/{rel}","templated":true}]}}