{"id":7027,"date":"2025-05-13T14:37:29","date_gmt":"2025-05-13T17:37:29","guid":{"rendered":"https:\/\/infopba247.com.ar\/?p=7027"},"modified":"2025-05-13T14:37:30","modified_gmt":"2025-05-13T17:37:30","slug":"tras-las-obras-de-puesta-en-valor-el-aguila-de-plaza-italia-volvio-a-su-sitio-original","status":"publish","type":"post","link":"https:\/\/infopba247.com.ar\/index.php\/2025\/05\/13\/tras-las-obras-de-puesta-en-valor-el-aguila-de-plaza-italia-volvio-a-su-sitio-original\/","title":{"rendered":"Tras las obras de puesta en valor, el \u00e1guila de Plaza Italia volvi\u00f3 a su sitio original\u00a0"},"content":{"rendered":"\n<p>Tras la restauraci\u00f3n integral del \u00e1guila de bronce que contiene las banderas argentina e italiana, el monumento Alla Fratellanza que homenajea la confraternidad de ambos pa\u00edses ya se encuentra instalado en su posici\u00f3n original, el centro geogr\u00e1fico de Plaza Italia.&nbsp; &nbsp;<\/p>\n\n\n\n<p>\u201cEste es un d\u00eda hist\u00f3rico para nuestra ciudad\u201d, dijo el intendente municipal Julio Alak al supervisar los trabajos, que contaron con la participaci\u00f3n de medio centenar de operarios.&nbsp;<\/p>\n\n\n\n<p>En ese sentido, asegur\u00f3 que \u201cdevolver la centralidad a este monumento es devolver tambi\u00e9n la centralidad al homenaje a los italianos que construyeron nuestra ciudad\u201d.&nbsp;<\/p>\n\n\n\n<p>El Monumento Alla Fratellanza, compuesto por 475 piezas y coronado por este gran \u00e1guila, que lleva entrelazadas las banderas argentina e italiana, originalmente se encontraba en el centro de Plaza Italia, pero a mediados del siglo pasado se traslad\u00f3 para abrir una calle.&nbsp;<\/p>\n\n\n\n<p>La reubicaci\u00f3n de la obra forma parte de la reconstrucci\u00f3n del espacio p\u00fablico que lleva adelante la Municipalidad de La Plata en la plaza de avenida 7 y 44 y es la etapa final de un minucioso trabajo de puesta en valor que comenz\u00f3 con el desmonte de sus partes: el \u00e1guila, los tres cilindros de granito que formaban el fuste y cada una de las piezas que revest\u00edan el basamento de mamposter\u00eda. &nbsp;<\/p>\n\n\n\n<p>A continuaci\u00f3n, los especialistas retiraron por completo el recubrimiento de piedras, demolieron la mamposter\u00eda y excavaron el centro de la plaza hasta encontrar los cimientos de ladrillo del monumento original, sobre los que realizaron un refuerzo de hormig\u00f3n y ejecutaron un nuevo soporte, para colocar las piezas de granito retiradas inicialmente en su nueva posici\u00f3n. &nbsp;<\/p>\n\n\n\n<p>Las tareas siguieron con la nivelaci\u00f3n del terreno, la colocaci\u00f3n de los tres cilindros del fuste, el capitel que lo remata y las tres columnas que sostienen el \u00e1guila, el hormigonado de todo el sector y el montaje del \u00e1guila por encima, luego de ser limpiada y protegida, con la participaci\u00f3n de decenas de operarios y el empleo de una gr\u00faa de gran porte.&nbsp;<\/p>\n\n\n\n<p>Vale recordar que la reubicaci\u00f3n del monumento Alla Fratellanza se enmarca en la reconstrucci\u00f3n de Plaza Italia, que forma parte del Plan de Recuperaci\u00f3n del Espacio P\u00fablico concretado por la Municipalidad y contempla la restauraci\u00f3n de las columnas ornamentales, la construcci\u00f3n de contrapisos de hormig\u00f3n, la colocaci\u00f3n de mosaicos en senderos, el reacondicionamiento de los espacios de estar y de juegos y el emplazamiento de nuevo mobiliario.&nbsp;<\/p>\n\n\n\n<p>La obra tambi\u00e9n incluye forestaci\u00f3n, la construcci\u00f3n de canteros, el replanteo de la iluminaci\u00f3n, la reubicaci\u00f3n de las farolas patrimoniales, la colocaci\u00f3n de nuevos artefactos LED, la construcci\u00f3n de rampas para personas con movilidad reducida, la instalaci\u00f3n de un sistema de riego y la generaci\u00f3n de un paseo peatonal en la zona destinada hasta ahora a estacionamiento, que se complementar\u00e1 con el asfalto del per\u00edmetro que comenz\u00f3 el \u00faltimo s\u00e1bado.&nbsp;<\/p>\n","protected":false},"excerpt":{"rendered":"<p>Tras la restauraci\u00f3n integral del \u00e1guila de bronce que contiene las banderas argentina e italiana, el monumento Alla Fratellanza que<\/p>\n","protected":false},"author":3,"featured_media":7024,"comment_status":"open","ping_status":"open","sticky":false,"template":"","format":"standard","meta":{"colormag_page_container_layout":"default_layout","colormag_page_sidebar_layout":"default_layout","footnotes":""},"categories":[12,1,14],"tags":[],"class_list":["post-7027","post","type-post","status-publish","format-standard","has-post-thumbnail","hentry","category-8va-seccion","category-destacadas","category-politica"],"yoast_head":"<!-- This site is optimized with the Yoast SEO plugin v27.5 - https:\/\/yoast.com\/product\/yoast-seo-wordpress\/ -->\n<title>Tras las obras de puesta en valor, el \u00e1guila de Plaza Italia volvi\u00f3 a su sitio original\u00a0 - InfoPBA247<\/title>\n<meta name=\"robots\" content=\"index, follow, max-snippet:-1, max-image-preview:large, max-video-preview:-1\" \/>\n<link rel=\"canonical\" href=\"https:\/\/infopba247.com.ar\/index.php\/2025\/05\/13\/tras-las-obras-de-puesta-en-valor-el-aguila-de-plaza-italia-volvio-a-su-sitio-original\/\" \/>\n<meta property=\"og:locale\" content=\"es_ES\" \/>\n<meta property=\"og:type\" content=\"article\" \/>\n<meta property=\"og:title\" content=\"Tras las obras de puesta en valor, el \u00e1guila de Plaza Italia volvi\u00f3 a su sitio original\u00a0 - InfoPBA247\" \/>\n<meta property=\"og:description\" content=\"Tras la restauraci\u00f3n integral del \u00e1guila de bronce que contiene las banderas argentina e italiana, el monumento Alla Fratellanza que\" \/>\n<meta property=\"og:url\" content=\"https:\/\/infopba247.com.ar\/index.php\/2025\/05\/13\/tras-las-obras-de-puesta-en-valor-el-aguila-de-plaza-italia-volvio-a-su-sitio-original\/\" \/>\n<meta property=\"og:site_name\" content=\"InfoPBA247\" \/>\n<meta property=\"article:publisher\" content=\"https:\/\/www.facebook.com\/InfoPBA\" \/>\n<meta property=\"article:published_time\" content=\"2025-05-13T17:37:29+00:00\" \/>\n<meta property=\"article:modified_time\" content=\"2025-05-13T17:37:30+00:00\" \/>\n<meta property=\"og:image\" content=\"https:\/\/infopba247.com.ar\/wp-content\/uploads\/2025\/05\/unnamed-2025-05-13T093507.276-scaled.jpg\" \/>\n\t<meta property=\"og:image:width\" content=\"2560\" \/>\n\t<meta property=\"og:image:height\" content=\"1713\" \/>\n\t<meta property=\"og:image:type\" content=\"image\/jpeg\" \/>\n<meta name=\"author\" content=\"Editor\" \/>\n<meta name=\"twitter:card\" content=\"summary_large_image\" \/>\n<meta name=\"twitter:label1\" content=\"Escrito por\" \/>\n\t<meta name=\"twitter:data1\" content=\"Editor\" \/>\n\t<meta name=\"twitter:label2\" content=\"Tiempo de lectura\" \/>\n\t<meta name=\"twitter:data2\" content=\"3 minutos\" \/>\n<script type=\"application\/ld+json\" class=\"yoast-schema-graph\">{\"@context\":\"https:\\\/\\\/schema.org\",\"@graph\":[{\"@type\":\"Article\",\"@id\":\"https:\\\/\\\/infopba247.com.ar\\\/index.php\\\/2025\\\/05\\\/13\\\/tras-las-obras-de-puesta-en-valor-el-aguila-de-plaza-italia-volvio-a-su-sitio-original\\\/#article\",\"isPartOf\":{\"@id\":\"https:\\\/\\\/infopba247.com.ar\\\/index.php\\\/2025\\\/05\\\/13\\\/tras-las-obras-de-puesta-en-valor-el-aguila-de-plaza-italia-volvio-a-su-sitio-original\\\/\"},\"author\":{\"name\":\"Editor\",\"@id\":\"https:\\\/\\\/infopba247.com.ar\\\/#\\\/schema\\\/person\\\/4975f1343a413e57bf839b3eed0099f2\"},\"headline\":\"Tras las obras de puesta en valor, el \u00e1guila de Plaza Italia volvi\u00f3 a su sitio original\u00a0\",\"datePublished\":\"2025-05-13T17:37:29+00:00\",\"dateModified\":\"2025-05-13T17:37:30+00:00\",\"mainEntityOfPage\":{\"@id\":\"https:\\\/\\\/infopba247.com.ar\\\/index.php\\\/2025\\\/05\\\/13\\\/tras-las-obras-de-puesta-en-valor-el-aguila-de-plaza-italia-volvio-a-su-sitio-original\\\/\"},\"wordCount\":529,\"commentCount\":0,\"publisher\":{\"@id\":\"https:\\\/\\\/infopba247.com.ar\\\/#organization\"},\"image\":{\"@id\":\"https:\\\/\\\/infopba247.com.ar\\\/index.php\\\/2025\\\/05\\\/13\\\/tras-las-obras-de-puesta-en-valor-el-aguila-de-plaza-italia-volvio-a-su-sitio-original\\\/#primaryimage\"},\"thumbnailUrl\":\"https:\\\/\\\/infopba247.com.ar\\\/wp-content\\\/uploads\\\/2025\\\/05\\\/unnamed-2025-05-13T093507.276-scaled.jpg\",\"articleSection\":[\"8va Secci\u00f3n\",\"Destacadas\",\"Pol\u00edtica\"],\"inLanguage\":\"es\",\"potentialAction\":[{\"@type\":\"CommentAction\",\"name\":\"Comment\",\"target\":[\"https:\\\/\\\/infopba247.com.ar\\\/index.php\\\/2025\\\/05\\\/13\\\/tras-las-obras-de-puesta-en-valor-el-aguila-de-plaza-italia-volvio-a-su-sitio-original\\\/#respond\"]}]},{\"@type\":\"WebPage\",\"@id\":\"https:\\\/\\\/infopba247.com.ar\\\/index.php\\\/2025\\\/05\\\/13\\\/tras-las-obras-de-puesta-en-valor-el-aguila-de-plaza-italia-volvio-a-su-sitio-original\\\/\",\"url\":\"https:\\\/\\\/infopba247.com.ar\\\/index.php\\\/2025\\\/05\\\/13\\\/tras-las-obras-de-puesta-en-valor-el-aguila-de-plaza-italia-volvio-a-su-sitio-original\\\/\",\"name\":\"Tras las obras de puesta en valor, el \u00e1guila de Plaza Italia volvi\u00f3 a su sitio original\u00a0 - InfoPBA247\",\"isPartOf\":{\"@id\":\"https:\\\/\\\/infopba247.com.ar\\\/#website\"},\"primaryImageOfPage\":{\"@id\":\"https:\\\/\\\/infopba247.com.ar\\\/index.php\\\/2025\\\/05\\\/13\\\/tras-las-obras-de-puesta-en-valor-el-aguila-de-plaza-italia-volvio-a-su-sitio-original\\\/#primaryimage\"},\"image\":{\"@id\":\"https:\\\/\\\/infopba247.com.ar\\\/index.php\\\/2025\\\/05\\\/13\\\/tras-las-obras-de-puesta-en-valor-el-aguila-de-plaza-italia-volvio-a-su-sitio-original\\\/#primaryimage\"},\"thumbnailUrl\":\"https:\\\/\\\/infopba247.com.ar\\\/wp-content\\\/uploads\\\/2025\\\/05\\\/unnamed-2025-05-13T093507.276-scaled.jpg\",\"datePublished\":\"2025-05-13T17:37:29+00:00\",\"dateModified\":\"2025-05-13T17:37:30+00:00\",\"breadcrumb\":{\"@id\":\"https:\\\/\\\/infopba247.com.ar\\\/index.php\\\/2025\\\/05\\\/13\\\/tras-las-obras-de-puesta-en-valor-el-aguila-de-plaza-italia-volvio-a-su-sitio-original\\\/#breadcrumb\"},\"inLanguage\":\"es\",\"potentialAction\":[{\"@type\":\"ReadAction\",\"target\":[\"https:\\\/\\\/infopba247.com.ar\\\/index.php\\\/2025\\\/05\\\/13\\\/tras-las-obras-de-puesta-en-valor-el-aguila-de-plaza-italia-volvio-a-su-sitio-original\\\/\"]}]},{\"@type\":\"ImageObject\",\"inLanguage\":\"es\",\"@id\":\"https:\\\/\\\/infopba247.com.ar\\\/index.php\\\/2025\\\/05\\\/13\\\/tras-las-obras-de-puesta-en-valor-el-aguila-de-plaza-italia-volvio-a-su-sitio-original\\\/#primaryimage\",\"url\":\"https:\\\/\\\/infopba247.com.ar\\\/wp-content\\\/uploads\\\/2025\\\/05\\\/unnamed-2025-05-13T093507.276-scaled.jpg\",\"contentUrl\":\"https:\\\/\\\/infopba247.com.ar\\\/wp-content\\\/uploads\\\/2025\\\/05\\\/unnamed-2025-05-13T093507.276-scaled.jpg\",\"width\":2560,\"height\":1713},{\"@type\":\"BreadcrumbList\",\"@id\":\"https:\\\/\\\/infopba247.com.ar\\\/index.php\\\/2025\\\/05\\\/13\\\/tras-las-obras-de-puesta-en-valor-el-aguila-de-plaza-italia-volvio-a-su-sitio-original\\\/#breadcrumb\",\"itemListElement\":[{\"@type\":\"ListItem\",\"position\":1,\"name\":\"Portada\",\"item\":\"https:\\\/\\\/infopba247.com.ar\\\/\"},{\"@type\":\"ListItem\",\"position\":2,\"name\":\"Tras las obras de puesta en valor, el \u00e1guila de Plaza Italia volvi\u00f3 a su sitio original\u00a0\"}]},{\"@type\":\"WebSite\",\"@id\":\"https:\\\/\\\/infopba247.com.ar\\\/#website\",\"url\":\"https:\\\/\\\/infopba247.com.ar\\\/\",\"name\":\"InfoPBA247\",\"description\":\"Toda la actualidad bonaerense\",\"publisher\":{\"@id\":\"https:\\\/\\\/infopba247.com.ar\\\/#organization\"},\"potentialAction\":[{\"@type\":\"SearchAction\",\"target\":{\"@type\":\"EntryPoint\",\"urlTemplate\":\"https:\\\/\\\/infopba247.com.ar\\\/?s={search_term_string}\"},\"query-input\":{\"@type\":\"PropertyValueSpecification\",\"valueRequired\":true,\"valueName\":\"search_term_string\"}}],\"inLanguage\":\"es\"},{\"@type\":\"Organization\",\"@id\":\"https:\\\/\\\/infopba247.com.ar\\\/#organization\",\"name\":\"InfoPBA247\",\"url\":\"https:\\\/\\\/infopba247.com.ar\\\/\",\"logo\":{\"@type\":\"ImageObject\",\"inLanguage\":\"es\",\"@id\":\"https:\\\/\\\/infopba247.com.ar\\\/#\\\/schema\\\/logo\\\/image\\\/\",\"url\":\"https:\\\/\\\/infopba247.com.ar\\\/wp-content\\\/uploads\\\/2022\\\/03\\\/cropped-InfoPBA247-1.png\",\"contentUrl\":\"https:\\\/\\\/infopba247.com.ar\\\/wp-content\\\/uploads\\\/2022\\\/03\\\/cropped-InfoPBA247-1.png\",\"width\":500,\"height\":122,\"caption\":\"InfoPBA247\"},\"image\":{\"@id\":\"https:\\\/\\\/infopba247.com.ar\\\/#\\\/schema\\\/logo\\\/image\\\/\"},\"sameAs\":[\"https:\\\/\\\/www.facebook.com\\\/InfoPBA\"]},{\"@type\":\"Person\",\"@id\":\"https:\\\/\\\/infopba247.com.ar\\\/#\\\/schema\\\/person\\\/4975f1343a413e57bf839b3eed0099f2\",\"name\":\"Editor\",\"image\":{\"@type\":\"ImageObject\",\"inLanguage\":\"es\",\"@id\":\"https:\\\/\\\/secure.gravatar.com\\\/avatar\\\/d27fe9520667ca53441d36627a1d6b0fa4a813571ec4803687a7a3a7744685ac?s=96&d=mm&r=g\",\"url\":\"https:\\\/\\\/secure.gravatar.com\\\/avatar\\\/d27fe9520667ca53441d36627a1d6b0fa4a813571ec4803687a7a3a7744685ac?s=96&d=mm&r=g\",\"contentUrl\":\"https:\\\/\\\/secure.gravatar.com\\\/avatar\\\/d27fe9520667ca53441d36627a1d6b0fa4a813571ec4803687a7a3a7744685ac?s=96&d=mm&r=g\",\"caption\":\"Editor\"},\"url\":\"https:\\\/\\\/infopba247.com.ar\\\/index.php\\\/author\\\/editor\\\/\"}]}<\/script>\n<!-- \/ Yoast SEO plugin. -->","yoast_head_json":{"title":"Tras las obras de puesta en valor, el \u00e1guila de Plaza Italia volvi\u00f3 a su sitio original\u00a0 - InfoPBA247","robots":{"index":"index","follow":"follow","max-snippet":"max-snippet:-1","max-image-preview":"max-image-preview:large","max-video-preview":"max-video-preview:-1"},"canonical":"https:\/\/infopba247.com.ar\/index.php\/2025\/05\/13\/tras-las-obras-de-puesta-en-valor-el-aguila-de-plaza-italia-volvio-a-su-sitio-original\/","og_locale":"es_ES","og_type":"article","og_title":"Tras las obras de puesta en valor, el \u00e1guila de Plaza Italia volvi\u00f3 a su sitio original\u00a0 - InfoPBA247","og_description":"Tras la restauraci\u00f3n integral del \u00e1guila de bronce que contiene las banderas argentina e italiana, el monumento Alla Fratellanza que","og_url":"https:\/\/infopba247.com.ar\/index.php\/2025\/05\/13\/tras-las-obras-de-puesta-en-valor-el-aguila-de-plaza-italia-volvio-a-su-sitio-original\/","og_site_name":"InfoPBA247","article_publisher":"https:\/\/www.facebook.com\/InfoPBA","article_published_time":"2025-05-13T17:37:29+00:00","article_modified_time":"2025-05-13T17:37:30+00:00","og_image":[{"width":2560,"height":1713,"url":"https:\/\/infopba247.com.ar\/wp-content\/uploads\/2025\/05\/unnamed-2025-05-13T093507.276-scaled.jpg","type":"image\/jpeg"}],"author":"Editor","twitter_card":"summary_large_image","twitter_misc":{"Escrito por":"Editor","Tiempo de lectura":"3 minutos"},"schema":{"@context":"https:\/\/schema.org","@graph":[{"@type":"Article","@id":"https:\/\/infopba247.com.ar\/index.php\/2025\/05\/13\/tras-las-obras-de-puesta-en-valor-el-aguila-de-plaza-italia-volvio-a-su-sitio-original\/#article","isPartOf":{"@id":"https:\/\/infopba247.com.ar\/index.php\/2025\/05\/13\/tras-las-obras-de-puesta-en-valor-el-aguila-de-plaza-italia-volvio-a-su-sitio-original\/"},"author":{"name":"Editor","@id":"https:\/\/infopba247.com.ar\/#\/schema\/person\/4975f1343a413e57bf839b3eed0099f2"},"headline":"Tras las obras de puesta en valor, el \u00e1guila de Plaza Italia volvi\u00f3 a su sitio original\u00a0","datePublished":"2025-05-13T17:37:29+00:00","dateModified":"2025-05-13T17:37:30+00:00","mainEntityOfPage":{"@id":"https:\/\/infopba247.com.ar\/index.php\/2025\/05\/13\/tras-las-obras-de-puesta-en-valor-el-aguila-de-plaza-italia-volvio-a-su-sitio-original\/"},"wordCount":529,"commentCount":0,"publisher":{"@id":"https:\/\/infopba247.com.ar\/#organization"},"image":{"@id":"https:\/\/infopba247.com.ar\/index.php\/2025\/05\/13\/tras-las-obras-de-puesta-en-valor-el-aguila-de-plaza-italia-volvio-a-su-sitio-original\/#primaryimage"},"thumbnailUrl":"https:\/\/infopba247.com.ar\/wp-content\/uploads\/2025\/05\/unnamed-2025-05-13T093507.276-scaled.jpg","articleSection":["8va Secci\u00f3n","Destacadas","Pol\u00edtica"],"inLanguage":"es","potentialAction":[{"@type":"CommentAction","name":"Comment","target":["https:\/\/infopba247.com.ar\/index.php\/2025\/05\/13\/tras-las-obras-de-puesta-en-valor-el-aguila-de-plaza-italia-volvio-a-su-sitio-original\/#respond"]}]},{"@type":"WebPage","@id":"https:\/\/infopba247.com.ar\/index.php\/2025\/05\/13\/tras-las-obras-de-puesta-en-valor-el-aguila-de-plaza-italia-volvio-a-su-sitio-original\/","url":"https:\/\/infopba247.com.ar\/index.php\/2025\/05\/13\/tras-las-obras-de-puesta-en-valor-el-aguila-de-plaza-italia-volvio-a-su-sitio-original\/","name":"Tras las obras de puesta en valor, el \u00e1guila de Plaza Italia volvi\u00f3 a su sitio original\u00a0 - InfoPBA247","isPartOf":{"@id":"https:\/\/infopba247.com.ar\/#website"},"primaryImageOfPage":{"@id":"https:\/\/infopba247.com.ar\/index.php\/2025\/05\/13\/tras-las-obras-de-puesta-en-valor-el-aguila-de-plaza-italia-volvio-a-su-sitio-original\/#primaryimage"},"image":{"@id":"https:\/\/infopba247.com.ar\/index.php\/2025\/05\/13\/tras-las-obras-de-puesta-en-valor-el-aguila-de-plaza-italia-volvio-a-su-sitio-original\/#primaryimage"},"thumbnailUrl":"https:\/\/infopba247.com.ar\/wp-content\/uploads\/2025\/05\/unnamed-2025-05-13T093507.276-scaled.jpg","datePublished":"2025-05-13T17:37:29+00:00","dateModified":"2025-05-13T17:37:30+00:00","breadcrumb":{"@id":"https:\/\/infopba247.com.ar\/index.php\/2025\/05\/13\/tras-las-obras-de-puesta-en-valor-el-aguila-de-plaza-italia-volvio-a-su-sitio-original\/#breadcrumb"},"inLanguage":"es","potentialAction":[{"@type":"ReadAction","target":["https:\/\/infopba247.com.ar\/index.php\/2025\/05\/13\/tras-las-obras-de-puesta-en-valor-el-aguila-de-plaza-italia-volvio-a-su-sitio-original\/"]}]},{"@type":"ImageObject","inLanguage":"es","@id":"https:\/\/infopba247.com.ar\/index.php\/2025\/05\/13\/tras-las-obras-de-puesta-en-valor-el-aguila-de-plaza-italia-volvio-a-su-sitio-original\/#primaryimage","url":"https:\/\/infopba247.com.ar\/wp-content\/uploads\/2025\/05\/unnamed-2025-05-13T093507.276-scaled.jpg","contentUrl":"https:\/\/infopba247.com.ar\/wp-content\/uploads\/2025\/05\/unnamed-2025-05-13T093507.276-scaled.jpg","width":2560,"height":1713},{"@type":"BreadcrumbList","@id":"https:\/\/infopba247.com.ar\/index.php\/2025\/05\/13\/tras-las-obras-de-puesta-en-valor-el-aguila-de-plaza-italia-volvio-a-su-sitio-original\/#breadcrumb","itemListElement":[{"@type":"ListItem","position":1,"name":"Portada","item":"https:\/\/infopba247.com.ar\/"},{"@type":"ListItem","position":2,"name":"Tras las obras de puesta en valor, el \u00e1guila de Plaza Italia volvi\u00f3 a su sitio original\u00a0"}]},{"@type":"WebSite","@id":"https:\/\/infopba247.com.ar\/#website","url":"https:\/\/infopba247.com.ar\/","name":"InfoPBA247","description":"Toda la actualidad bonaerense","publisher":{"@id":"https:\/\/infopba247.com.ar\/#organization"},"potentialAction":[{"@type":"SearchAction","target":{"@type":"EntryPoint","urlTemplate":"https:\/\/infopba247.com.ar\/?s={search_term_string}"},"query-input":{"@type":"PropertyValueSpecification","valueRequired":true,"valueName":"search_term_string"}}],"inLanguage":"es"},{"@type":"Organization","@id":"https:\/\/infopba247.com.ar\/#organization","name":"InfoPBA247","url":"https:\/\/infopba247.com.ar\/","logo":{"@type":"ImageObject","inLanguage":"es","@id":"https:\/\/infopba247.com.ar\/#\/schema\/logo\/image\/","url":"https:\/\/infopba247.com.ar\/wp-content\/uploads\/2022\/03\/cropped-InfoPBA247-1.png","contentUrl":"https:\/\/infopba247.com.ar\/wp-content\/uploads\/2022\/03\/cropped-InfoPBA247-1.png","width":500,"height":122,"caption":"InfoPBA247"},"image":{"@id":"https:\/\/infopba247.com.ar\/#\/schema\/logo\/image\/"},"sameAs":["https:\/\/www.facebook.com\/InfoPBA"]},{"@type":"Person","@id":"https:\/\/infopba247.com.ar\/#\/schema\/person\/4975f1343a413e57bf839b3eed0099f2","name":"Editor","image":{"@type":"ImageObject","inLanguage":"es","@id":"https:\/\/secure.gravatar.com\/avatar\/d27fe9520667ca53441d36627a1d6b0fa4a813571ec4803687a7a3a7744685ac?s=96&d=mm&r=g","url":"https:\/\/secure.gravatar.com\/avatar\/d27fe9520667ca53441d36627a1d6b0fa4a813571ec4803687a7a3a7744685ac?s=96&d=mm&r=g","contentUrl":"https:\/\/secure.gravatar.com\/avatar\/d27fe9520667ca53441d36627a1d6b0fa4a813571ec4803687a7a3a7744685ac?s=96&d=mm&r=g","caption":"Editor"},"url":"https:\/\/infopba247.com.ar\/index.php\/author\/editor\/"}]}},"_links":{"self":[{"href":"https:\/\/infopba247.com.ar\/index.php\/wp-json\/wp\/v2\/posts\/7027","targetHints":{"allow":["GET"]}}],"collection":[{"href":"https:\/\/infopba247.com.ar\/index.php\/wp-json\/wp\/v2\/posts"}],"about":[{"href":"https:\/\/infopba247.com.ar\/index.php\/wp-json\/wp\/v2\/types\/post"}],"author":[{"embeddable":true,"href":"https:\/\/infopba247.com.ar\/index.php\/wp-json\/wp\/v2\/users\/3"}],"replies":[{"embeddable":true,"href":"https:\/\/infopba247.com.ar\/index.php\/wp-json\/wp\/v2\/comments?post=7027"}],"version-history":[{"count":1,"href":"https:\/\/infopba247.com.ar\/index.php\/wp-json\/wp\/v2\/posts\/7027\/revisions"}],"predecessor-version":[{"id":7028,"href":"https:\/\/infopba247.com.ar\/index.php\/wp-json\/wp\/v2\/posts\/7027\/revisions\/7028"}],"wp:featuredmedia":[{"embeddable":true,"href":"https:\/\/infopba247.com.ar\/index.php\/wp-json\/wp\/v2\/media\/7024"}],"wp:attachment":[{"href":"https:\/\/infopba247.com.ar\/index.php\/wp-json\/wp\/v2\/media?parent=7027"}],"wp:term":[{"taxonomy":"category","embeddable":true,"href":"https:\/\/infopba247.com.ar\/index.php\/wp-json\/wp\/v2\/categories?post=7027"},{"taxonomy":"post_tag","embeddable":true,"href":"https:\/\/infopba247.com.ar\/index.php\/wp-json\/wp\/v2\/tags?post=7027"}],"curies":[{"name":"wp","href":"https:\/\/api.w.org\/{rel}","templated":true}]}}