{"id":7025,"date":"2025-05-13T14:36:58","date_gmt":"2025-05-13T17:36:58","guid":{"rendered":"https:\/\/infopba247.com.ar\/?p=7025"},"modified":"2025-05-13T14:36:59","modified_gmt":"2025-05-13T17:36:59","slug":"exponentes-del-pj-se-reuinieron-con-referentes-de-la-cuarta-seccion-electoral-bonaerense","status":"publish","type":"post","link":"https:\/\/infopba247.com.ar\/index.php\/2025\/05\/13\/exponentes-del-pj-se-reuinieron-con-referentes-de-la-cuarta-seccion-electoral-bonaerense\/","title":{"rendered":"Exponentes del PJ se reuinieron con referentes de la cuarta secci\u00f3n electoral bonaerense\u00a0"},"content":{"rendered":"\n<p>El intendente de Esteban Echeverr\u00eda y presidente del Partido Justicialista de ese municipio, Fernando Gray, visit\u00f3 la ciudad bonaerense de Chivilcoy. All\u00ed mantuvo una reuni\u00f3n con el jefe comunal local, Guillermo Britos, el intendente de Tigre, Julio Zamora, el dirigente bonaerense Juan Zabaleta, el senador provincial, Joaqu\u00edn de la Torre y referentes pol\u00edticos de 15 distritos que integran la cuarta secci\u00f3n electoral bonaerense.&nbsp;<\/p>\n\n\n\n<p>\u201cNecesitamos una profunda renovaci\u00f3n. Estamos construyendo un espacio amplio, plural, sin enfrentamientos y enfocado en los temas que les preocupan a millones de bonaerenses. Tenemos que poner una mirada en el interior y la comunidad rural de nuestra provincia que tiene un enorme potencial econ\u00f3mico y social\u201d, expres\u00f3 Fernando Gray.&nbsp;<\/p>\n","protected":false},"excerpt":{"rendered":"<p>El intendente de Esteban Echeverr\u00eda y presidente del Partido Justicialista de ese municipio, Fernando Gray, visit\u00f3 la ciudad bonaerense de<\/p>\n","protected":false},"author":3,"featured_media":7021,"comment_status":"open","ping_status":"open","sticky":false,"template":"","format":"standard","meta":{"colormag_page_container_layout":"default_layout","colormag_page_sidebar_layout":"default_layout","footnotes":""},"categories":[8,1,14],"tags":[],"class_list":["post-7025","post","type-post","status-publish","format-standard","has-post-thumbnail","hentry","category-4ta-seccion","category-destacadas","category-politica"],"yoast_head":"<!-- This site is optimized with the Yoast SEO plugin v27.4 - https:\/\/yoast.com\/product\/yoast-seo-wordpress\/ -->\n<title>Exponentes del PJ se reuinieron con referentes de la cuarta secci\u00f3n electoral bonaerense\u00a0 - InfoPBA247<\/title>\n<meta name=\"robots\" content=\"index, follow, max-snippet:-1, max-image-preview:large, max-video-preview:-1\" \/>\n<link rel=\"canonical\" href=\"https:\/\/infopba247.com.ar\/index.php\/2025\/05\/13\/exponentes-del-pj-se-reuinieron-con-referentes-de-la-cuarta-seccion-electoral-bonaerense\/\" \/>\n<meta property=\"og:locale\" content=\"es_ES\" \/>\n<meta property=\"og:type\" content=\"article\" \/>\n<meta property=\"og:title\" content=\"Exponentes del PJ se reuinieron con referentes de la cuarta secci\u00f3n electoral bonaerense\u00a0 - InfoPBA247\" \/>\n<meta property=\"og:description\" content=\"El intendente de Esteban Echeverr\u00eda y presidente del Partido Justicialista de ese municipio, Fernando Gray, visit\u00f3 la ciudad bonaerense de\" \/>\n<meta property=\"og:url\" content=\"https:\/\/infopba247.com.ar\/index.php\/2025\/05\/13\/exponentes-del-pj-se-reuinieron-con-referentes-de-la-cuarta-seccion-electoral-bonaerense\/\" \/>\n<meta property=\"og:site_name\" content=\"InfoPBA247\" \/>\n<meta property=\"article:publisher\" content=\"https:\/\/www.facebook.com\/InfoPBA\" \/>\n<meta property=\"article:published_time\" content=\"2025-05-13T17:36:58+00:00\" \/>\n<meta property=\"article:modified_time\" content=\"2025-05-13T17:36:59+00:00\" \/>\n<meta property=\"og:image\" content=\"https:\/\/infopba247.com.ar\/wp-content\/uploads\/2025\/05\/FOTO.jpeg\" \/>\n\t<meta property=\"og:image:width\" content=\"944\" \/>\n\t<meta property=\"og:image:height\" content=\"944\" \/>\n\t<meta property=\"og:image:type\" content=\"image\/jpeg\" \/>\n<meta name=\"author\" content=\"Editor\" \/>\n<meta name=\"twitter:card\" content=\"summary_large_image\" \/>\n<meta name=\"twitter:label1\" content=\"Escrito por\" \/>\n\t<meta name=\"twitter:data1\" content=\"Editor\" \/>\n\t<meta name=\"twitter:label2\" content=\"Tiempo de lectura\" \/>\n\t<meta name=\"twitter:data2\" content=\"1 minuto\" \/>\n<script type=\"application\/ld+json\" class=\"yoast-schema-graph\">{\"@context\":\"https:\\\/\\\/schema.org\",\"@graph\":[{\"@type\":\"Article\",\"@id\":\"https:\\\/\\\/infopba247.com.ar\\\/index.php\\\/2025\\\/05\\\/13\\\/exponentes-del-pj-se-reuinieron-con-referentes-de-la-cuarta-seccion-electoral-bonaerense\\\/#article\",\"isPartOf\":{\"@id\":\"https:\\\/\\\/infopba247.com.ar\\\/index.php\\\/2025\\\/05\\\/13\\\/exponentes-del-pj-se-reuinieron-con-referentes-de-la-cuarta-seccion-electoral-bonaerense\\\/\"},\"author\":{\"name\":\"Editor\",\"@id\":\"https:\\\/\\\/infopba247.com.ar\\\/#\\\/schema\\\/person\\\/4975f1343a413e57bf839b3eed0099f2\"},\"headline\":\"Exponentes del PJ se reuinieron con referentes de la cuarta secci\u00f3n electoral bonaerense\u00a0\",\"datePublished\":\"2025-05-13T17:36:58+00:00\",\"dateModified\":\"2025-05-13T17:36:59+00:00\",\"mainEntityOfPage\":{\"@id\":\"https:\\\/\\\/infopba247.com.ar\\\/index.php\\\/2025\\\/05\\\/13\\\/exponentes-del-pj-se-reuinieron-con-referentes-de-la-cuarta-seccion-electoral-bonaerense\\\/\"},\"wordCount\":135,\"commentCount\":0,\"publisher\":{\"@id\":\"https:\\\/\\\/infopba247.com.ar\\\/#organization\"},\"image\":{\"@id\":\"https:\\\/\\\/infopba247.com.ar\\\/index.php\\\/2025\\\/05\\\/13\\\/exponentes-del-pj-se-reuinieron-con-referentes-de-la-cuarta-seccion-electoral-bonaerense\\\/#primaryimage\"},\"thumbnailUrl\":\"https:\\\/\\\/infopba247.com.ar\\\/wp-content\\\/uploads\\\/2025\\\/05\\\/FOTO.jpeg\",\"articleSection\":[\"4ta Secci\u00f3n\",\"Destacadas\",\"Pol\u00edtica\"],\"inLanguage\":\"es\",\"potentialAction\":[{\"@type\":\"CommentAction\",\"name\":\"Comment\",\"target\":[\"https:\\\/\\\/infopba247.com.ar\\\/index.php\\\/2025\\\/05\\\/13\\\/exponentes-del-pj-se-reuinieron-con-referentes-de-la-cuarta-seccion-electoral-bonaerense\\\/#respond\"]}]},{\"@type\":\"WebPage\",\"@id\":\"https:\\\/\\\/infopba247.com.ar\\\/index.php\\\/2025\\\/05\\\/13\\\/exponentes-del-pj-se-reuinieron-con-referentes-de-la-cuarta-seccion-electoral-bonaerense\\\/\",\"url\":\"https:\\\/\\\/infopba247.com.ar\\\/index.php\\\/2025\\\/05\\\/13\\\/exponentes-del-pj-se-reuinieron-con-referentes-de-la-cuarta-seccion-electoral-bonaerense\\\/\",\"name\":\"Exponentes del PJ se reuinieron con referentes de la cuarta secci\u00f3n electoral bonaerense\u00a0 - InfoPBA247\",\"isPartOf\":{\"@id\":\"https:\\\/\\\/infopba247.com.ar\\\/#website\"},\"primaryImageOfPage\":{\"@id\":\"https:\\\/\\\/infopba247.com.ar\\\/index.php\\\/2025\\\/05\\\/13\\\/exponentes-del-pj-se-reuinieron-con-referentes-de-la-cuarta-seccion-electoral-bonaerense\\\/#primaryimage\"},\"image\":{\"@id\":\"https:\\\/\\\/infopba247.com.ar\\\/index.php\\\/2025\\\/05\\\/13\\\/exponentes-del-pj-se-reuinieron-con-referentes-de-la-cuarta-seccion-electoral-bonaerense\\\/#primaryimage\"},\"thumbnailUrl\":\"https:\\\/\\\/infopba247.com.ar\\\/wp-content\\\/uploads\\\/2025\\\/05\\\/FOTO.jpeg\",\"datePublished\":\"2025-05-13T17:36:58+00:00\",\"dateModified\":\"2025-05-13T17:36:59+00:00\",\"breadcrumb\":{\"@id\":\"https:\\\/\\\/infopba247.com.ar\\\/index.php\\\/2025\\\/05\\\/13\\\/exponentes-del-pj-se-reuinieron-con-referentes-de-la-cuarta-seccion-electoral-bonaerense\\\/#breadcrumb\"},\"inLanguage\":\"es\",\"potentialAction\":[{\"@type\":\"ReadAction\",\"target\":[\"https:\\\/\\\/infopba247.com.ar\\\/index.php\\\/2025\\\/05\\\/13\\\/exponentes-del-pj-se-reuinieron-con-referentes-de-la-cuarta-seccion-electoral-bonaerense\\\/\"]}]},{\"@type\":\"ImageObject\",\"inLanguage\":\"es\",\"@id\":\"https:\\\/\\\/infopba247.com.ar\\\/index.php\\\/2025\\\/05\\\/13\\\/exponentes-del-pj-se-reuinieron-con-referentes-de-la-cuarta-seccion-electoral-bonaerense\\\/#primaryimage\",\"url\":\"https:\\\/\\\/infopba247.com.ar\\\/wp-content\\\/uploads\\\/2025\\\/05\\\/FOTO.jpeg\",\"contentUrl\":\"https:\\\/\\\/infopba247.com.ar\\\/wp-content\\\/uploads\\\/2025\\\/05\\\/FOTO.jpeg\",\"width\":944,\"height\":944},{\"@type\":\"BreadcrumbList\",\"@id\":\"https:\\\/\\\/infopba247.com.ar\\\/index.php\\\/2025\\\/05\\\/13\\\/exponentes-del-pj-se-reuinieron-con-referentes-de-la-cuarta-seccion-electoral-bonaerense\\\/#breadcrumb\",\"itemListElement\":[{\"@type\":\"ListItem\",\"position\":1,\"name\":\"Portada\",\"item\":\"https:\\\/\\\/infopba247.com.ar\\\/\"},{\"@type\":\"ListItem\",\"position\":2,\"name\":\"Exponentes del PJ se reuinieron con referentes de la cuarta secci\u00f3n electoral bonaerense\u00a0\"}]},{\"@type\":\"WebSite\",\"@id\":\"https:\\\/\\\/infopba247.com.ar\\\/#website\",\"url\":\"https:\\\/\\\/infopba247.com.ar\\\/\",\"name\":\"InfoPBA247\",\"description\":\"Toda la actualidad bonaerense\",\"publisher\":{\"@id\":\"https:\\\/\\\/infopba247.com.ar\\\/#organization\"},\"potentialAction\":[{\"@type\":\"SearchAction\",\"target\":{\"@type\":\"EntryPoint\",\"urlTemplate\":\"https:\\\/\\\/infopba247.com.ar\\\/?s={search_term_string}\"},\"query-input\":{\"@type\":\"PropertyValueSpecification\",\"valueRequired\":true,\"valueName\":\"search_term_string\"}}],\"inLanguage\":\"es\"},{\"@type\":\"Organization\",\"@id\":\"https:\\\/\\\/infopba247.com.ar\\\/#organization\",\"name\":\"InfoPBA247\",\"url\":\"https:\\\/\\\/infopba247.com.ar\\\/\",\"logo\":{\"@type\":\"ImageObject\",\"inLanguage\":\"es\",\"@id\":\"https:\\\/\\\/infopba247.com.ar\\\/#\\\/schema\\\/logo\\\/image\\\/\",\"url\":\"https:\\\/\\\/infopba247.com.ar\\\/wp-content\\\/uploads\\\/2022\\\/03\\\/cropped-InfoPBA247-1.png\",\"contentUrl\":\"https:\\\/\\\/infopba247.com.ar\\\/wp-content\\\/uploads\\\/2022\\\/03\\\/cropped-InfoPBA247-1.png\",\"width\":500,\"height\":122,\"caption\":\"InfoPBA247\"},\"image\":{\"@id\":\"https:\\\/\\\/infopba247.com.ar\\\/#\\\/schema\\\/logo\\\/image\\\/\"},\"sameAs\":[\"https:\\\/\\\/www.facebook.com\\\/InfoPBA\"]},{\"@type\":\"Person\",\"@id\":\"https:\\\/\\\/infopba247.com.ar\\\/#\\\/schema\\\/person\\\/4975f1343a413e57bf839b3eed0099f2\",\"name\":\"Editor\",\"image\":{\"@type\":\"ImageObject\",\"inLanguage\":\"es\",\"@id\":\"https:\\\/\\\/secure.gravatar.com\\\/avatar\\\/d27fe9520667ca53441d36627a1d6b0fa4a813571ec4803687a7a3a7744685ac?s=96&d=mm&r=g\",\"url\":\"https:\\\/\\\/secure.gravatar.com\\\/avatar\\\/d27fe9520667ca53441d36627a1d6b0fa4a813571ec4803687a7a3a7744685ac?s=96&d=mm&r=g\",\"contentUrl\":\"https:\\\/\\\/secure.gravatar.com\\\/avatar\\\/d27fe9520667ca53441d36627a1d6b0fa4a813571ec4803687a7a3a7744685ac?s=96&d=mm&r=g\",\"caption\":\"Editor\"},\"url\":\"https:\\\/\\\/infopba247.com.ar\\\/index.php\\\/author\\\/editor\\\/\"}]}<\/script>\n<!-- \/ Yoast SEO plugin. -->","yoast_head_json":{"title":"Exponentes del PJ se reuinieron con referentes de la cuarta secci\u00f3n electoral bonaerense\u00a0 - InfoPBA247","robots":{"index":"index","follow":"follow","max-snippet":"max-snippet:-1","max-image-preview":"max-image-preview:large","max-video-preview":"max-video-preview:-1"},"canonical":"https:\/\/infopba247.com.ar\/index.php\/2025\/05\/13\/exponentes-del-pj-se-reuinieron-con-referentes-de-la-cuarta-seccion-electoral-bonaerense\/","og_locale":"es_ES","og_type":"article","og_title":"Exponentes del PJ se reuinieron con referentes de la cuarta secci\u00f3n electoral bonaerense\u00a0 - InfoPBA247","og_description":"El intendente de Esteban Echeverr\u00eda y presidente del Partido Justicialista de ese municipio, Fernando Gray, visit\u00f3 la ciudad bonaerense de","og_url":"https:\/\/infopba247.com.ar\/index.php\/2025\/05\/13\/exponentes-del-pj-se-reuinieron-con-referentes-de-la-cuarta-seccion-electoral-bonaerense\/","og_site_name":"InfoPBA247","article_publisher":"https:\/\/www.facebook.com\/InfoPBA","article_published_time":"2025-05-13T17:36:58+00:00","article_modified_time":"2025-05-13T17:36:59+00:00","og_image":[{"width":944,"height":944,"url":"https:\/\/infopba247.com.ar\/wp-content\/uploads\/2025\/05\/FOTO.jpeg","type":"image\/jpeg"}],"author":"Editor","twitter_card":"summary_large_image","twitter_misc":{"Escrito por":"Editor","Tiempo de lectura":"1 minuto"},"schema":{"@context":"https:\/\/schema.org","@graph":[{"@type":"Article","@id":"https:\/\/infopba247.com.ar\/index.php\/2025\/05\/13\/exponentes-del-pj-se-reuinieron-con-referentes-de-la-cuarta-seccion-electoral-bonaerense\/#article","isPartOf":{"@id":"https:\/\/infopba247.com.ar\/index.php\/2025\/05\/13\/exponentes-del-pj-se-reuinieron-con-referentes-de-la-cuarta-seccion-electoral-bonaerense\/"},"author":{"name":"Editor","@id":"https:\/\/infopba247.com.ar\/#\/schema\/person\/4975f1343a413e57bf839b3eed0099f2"},"headline":"Exponentes del PJ se reuinieron con referentes de la cuarta secci\u00f3n electoral bonaerense\u00a0","datePublished":"2025-05-13T17:36:58+00:00","dateModified":"2025-05-13T17:36:59+00:00","mainEntityOfPage":{"@id":"https:\/\/infopba247.com.ar\/index.php\/2025\/05\/13\/exponentes-del-pj-se-reuinieron-con-referentes-de-la-cuarta-seccion-electoral-bonaerense\/"},"wordCount":135,"commentCount":0,"publisher":{"@id":"https:\/\/infopba247.com.ar\/#organization"},"image":{"@id":"https:\/\/infopba247.com.ar\/index.php\/2025\/05\/13\/exponentes-del-pj-se-reuinieron-con-referentes-de-la-cuarta-seccion-electoral-bonaerense\/#primaryimage"},"thumbnailUrl":"https:\/\/infopba247.com.ar\/wp-content\/uploads\/2025\/05\/FOTO.jpeg","articleSection":["4ta Secci\u00f3n","Destacadas","Pol\u00edtica"],"inLanguage":"es","potentialAction":[{"@type":"CommentAction","name":"Comment","target":["https:\/\/infopba247.com.ar\/index.php\/2025\/05\/13\/exponentes-del-pj-se-reuinieron-con-referentes-de-la-cuarta-seccion-electoral-bonaerense\/#respond"]}]},{"@type":"WebPage","@id":"https:\/\/infopba247.com.ar\/index.php\/2025\/05\/13\/exponentes-del-pj-se-reuinieron-con-referentes-de-la-cuarta-seccion-electoral-bonaerense\/","url":"https:\/\/infopba247.com.ar\/index.php\/2025\/05\/13\/exponentes-del-pj-se-reuinieron-con-referentes-de-la-cuarta-seccion-electoral-bonaerense\/","name":"Exponentes del PJ se reuinieron con referentes de la cuarta secci\u00f3n electoral bonaerense\u00a0 - InfoPBA247","isPartOf":{"@id":"https:\/\/infopba247.com.ar\/#website"},"primaryImageOfPage":{"@id":"https:\/\/infopba247.com.ar\/index.php\/2025\/05\/13\/exponentes-del-pj-se-reuinieron-con-referentes-de-la-cuarta-seccion-electoral-bonaerense\/#primaryimage"},"image":{"@id":"https:\/\/infopba247.com.ar\/index.php\/2025\/05\/13\/exponentes-del-pj-se-reuinieron-con-referentes-de-la-cuarta-seccion-electoral-bonaerense\/#primaryimage"},"thumbnailUrl":"https:\/\/infopba247.com.ar\/wp-content\/uploads\/2025\/05\/FOTO.jpeg","datePublished":"2025-05-13T17:36:58+00:00","dateModified":"2025-05-13T17:36:59+00:00","breadcrumb":{"@id":"https:\/\/infopba247.com.ar\/index.php\/2025\/05\/13\/exponentes-del-pj-se-reuinieron-con-referentes-de-la-cuarta-seccion-electoral-bonaerense\/#breadcrumb"},"inLanguage":"es","potentialAction":[{"@type":"ReadAction","target":["https:\/\/infopba247.com.ar\/index.php\/2025\/05\/13\/exponentes-del-pj-se-reuinieron-con-referentes-de-la-cuarta-seccion-electoral-bonaerense\/"]}]},{"@type":"ImageObject","inLanguage":"es","@id":"https:\/\/infopba247.com.ar\/index.php\/2025\/05\/13\/exponentes-del-pj-se-reuinieron-con-referentes-de-la-cuarta-seccion-electoral-bonaerense\/#primaryimage","url":"https:\/\/infopba247.com.ar\/wp-content\/uploads\/2025\/05\/FOTO.jpeg","contentUrl":"https:\/\/infopba247.com.ar\/wp-content\/uploads\/2025\/05\/FOTO.jpeg","width":944,"height":944},{"@type":"BreadcrumbList","@id":"https:\/\/infopba247.com.ar\/index.php\/2025\/05\/13\/exponentes-del-pj-se-reuinieron-con-referentes-de-la-cuarta-seccion-electoral-bonaerense\/#breadcrumb","itemListElement":[{"@type":"ListItem","position":1,"name":"Portada","item":"https:\/\/infopba247.com.ar\/"},{"@type":"ListItem","position":2,"name":"Exponentes del PJ se reuinieron con referentes de la cuarta secci\u00f3n electoral bonaerense\u00a0"}]},{"@type":"WebSite","@id":"https:\/\/infopba247.com.ar\/#website","url":"https:\/\/infopba247.com.ar\/","name":"InfoPBA247","description":"Toda la actualidad bonaerense","publisher":{"@id":"https:\/\/infopba247.com.ar\/#organization"},"potentialAction":[{"@type":"SearchAction","target":{"@type":"EntryPoint","urlTemplate":"https:\/\/infopba247.com.ar\/?s={search_term_string}"},"query-input":{"@type":"PropertyValueSpecification","valueRequired":true,"valueName":"search_term_string"}}],"inLanguage":"es"},{"@type":"Organization","@id":"https:\/\/infopba247.com.ar\/#organization","name":"InfoPBA247","url":"https:\/\/infopba247.com.ar\/","logo":{"@type":"ImageObject","inLanguage":"es","@id":"https:\/\/infopba247.com.ar\/#\/schema\/logo\/image\/","url":"https:\/\/infopba247.com.ar\/wp-content\/uploads\/2022\/03\/cropped-InfoPBA247-1.png","contentUrl":"https:\/\/infopba247.com.ar\/wp-content\/uploads\/2022\/03\/cropped-InfoPBA247-1.png","width":500,"height":122,"caption":"InfoPBA247"},"image":{"@id":"https:\/\/infopba247.com.ar\/#\/schema\/logo\/image\/"},"sameAs":["https:\/\/www.facebook.com\/InfoPBA"]},{"@type":"Person","@id":"https:\/\/infopba247.com.ar\/#\/schema\/person\/4975f1343a413e57bf839b3eed0099f2","name":"Editor","image":{"@type":"ImageObject","inLanguage":"es","@id":"https:\/\/secure.gravatar.com\/avatar\/d27fe9520667ca53441d36627a1d6b0fa4a813571ec4803687a7a3a7744685ac?s=96&d=mm&r=g","url":"https:\/\/secure.gravatar.com\/avatar\/d27fe9520667ca53441d36627a1d6b0fa4a813571ec4803687a7a3a7744685ac?s=96&d=mm&r=g","contentUrl":"https:\/\/secure.gravatar.com\/avatar\/d27fe9520667ca53441d36627a1d6b0fa4a813571ec4803687a7a3a7744685ac?s=96&d=mm&r=g","caption":"Editor"},"url":"https:\/\/infopba247.com.ar\/index.php\/author\/editor\/"}]}},"_links":{"self":[{"href":"https:\/\/infopba247.com.ar\/index.php\/wp-json\/wp\/v2\/posts\/7025","targetHints":{"allow":["GET"]}}],"collection":[{"href":"https:\/\/infopba247.com.ar\/index.php\/wp-json\/wp\/v2\/posts"}],"about":[{"href":"https:\/\/infopba247.com.ar\/index.php\/wp-json\/wp\/v2\/types\/post"}],"author":[{"embeddable":true,"href":"https:\/\/infopba247.com.ar\/index.php\/wp-json\/wp\/v2\/users\/3"}],"replies":[{"embeddable":true,"href":"https:\/\/infopba247.com.ar\/index.php\/wp-json\/wp\/v2\/comments?post=7025"}],"version-history":[{"count":1,"href":"https:\/\/infopba247.com.ar\/index.php\/wp-json\/wp\/v2\/posts\/7025\/revisions"}],"predecessor-version":[{"id":7026,"href":"https:\/\/infopba247.com.ar\/index.php\/wp-json\/wp\/v2\/posts\/7025\/revisions\/7026"}],"wp:featuredmedia":[{"embeddable":true,"href":"https:\/\/infopba247.com.ar\/index.php\/wp-json\/wp\/v2\/media\/7021"}],"wp:attachment":[{"href":"https:\/\/infopba247.com.ar\/index.php\/wp-json\/wp\/v2\/media?parent=7025"}],"wp:term":[{"taxonomy":"category","embeddable":true,"href":"https:\/\/infopba247.com.ar\/index.php\/wp-json\/wp\/v2\/categories?post=7025"},{"taxonomy":"post_tag","embeddable":true,"href":"https:\/\/infopba247.com.ar\/index.php\/wp-json\/wp\/v2\/tags?post=7025"}],"curies":[{"name":"wp","href":"https:\/\/api.w.org\/{rel}","templated":true}]}}